{"id":5541,"date":"2019-04-03T15:30:54","date_gmt":"2019-04-03T15:30:54","guid":{"rendered":"https:\/\/laprensacristiana.com\/?p=5541"},"modified":"2019-04-03T15:30:56","modified_gmt":"2019-04-03T15:30:56","slug":"iglesia-cristiana-home-celebro-su-noveno-aniversario","status":"publish","type":"post","link":"https:\/\/laprensacristiana.com\/?p=5541","title":{"rendered":"Iglesia Cristiana Home celebr\u00f3 su noveno aniversario"},"content":{"rendered":"\n<p>El pasado 29 de marzo la Iglesia\nCristiana Home, ubicada en Santa Lucia, Ilopango, celebr\u00f3 9 a\u00f1os de estar\nllevando el evangelio a los habitantes que se encuentran alrededor de su\nubicaci\u00f3n, dicha celebraci\u00f3n la realizaron todo un fin de semana de eventos que\ndieron inicio con una media vigilia (viernes 29 de marzo) y 2 cultos el domingo\n(31 de marzo). <\/p>\n\n\n\n<p>&nbsp;\u201cAhora en estos 9 a\u00f1os de aniversario en\nrealidad estamos cumpliendo 3 a\u00f1os con la visi\u00f3n propia que el Se\u00f1or nos ha\ndado porque pasamos 6 a\u00f1os m\u00e1s en otra misi\u00f3n u organizaci\u00f3n, no obstante desde\nque el Se\u00f1or me dijo estas palabras \u00abte sientes demasiado limpio para\nusarte\u00bb estamos cumplimos tres a\u00f1os de romper paradigmas, ver como ateos\nfil\u00f3sofos terminan creyendo en un Jes\u00fas que la religi\u00f3n no les puede dar, ver\ncomo llegan a los pies de Cristo personas que est\u00e1n ya cansadas de lo mismo,\npor eso agradecemos a Dios \u201c Expresa el pastor general de Iglesia Home Pedro\nMart\u00ednez. <\/p>\n\n\n\n<p>En el evento de aniversario\ncontaron con la participaci\u00f3n de diferentes pastores y cantantes entre los que\ndestacan: el pastor Oscar Lainez, pastor Nelson Alvarado, evangelista Balmore\nMoran, pastor Nahum Arce y el salmista Mauricio Rodr\u00edguez.<\/p>\n\n\n\n<p>\u201cNo nos queda m\u00e1s que decir que DIOS ES BUENO con nosotros y citar una frase ya convertida en clich\u00e9 pero alterada al estilo de Home \u00abLo mejor de Dios est\u00e1 por venir\u00bb pero lo mejor de Dios vendr\u00e1 hasta que entreguemos lo mejor que est\u00e1 en nosotros&#8230; creemos que vienen tiempos frescos de la presencia de Dios, no nos preocupa la misma critica de siempre, creemos en la multiplicaci\u00f3n pero no a costa de otras iglesias, el reino no es re ubicaci\u00f3n de miembros, por eso Dios ha creado en Home un ej\u00e9rcito un tanto peque\u00f1o aun en n\u00famero, pero grande en identidad en convicci\u00f3n y firmeza que sabemos para donde vamos y podemos decir, hasta aqu\u00ed nos ha ayudado el Se\u00f1or y lo seguir\u00e1 haciendo, bendigo a todo mi staff y colaboradores que saben que es ser un hijo de Dios llamado en Home Church nuestro hogar, Dios es fiel\u201d concluy\u00f3 el pastor Mart\u00ednez. <\/p>\n\n\n\n<figure class=\"wp-block-image\"><img decoding=\"async\" loading=\"lazy\" width=\"1024\" height=\"518\" src=\"https:\/\/laprensacristiana.com\/wp-content\/uploads\/2019\/04\/WhatsApp-Image-2019-04-03-at-7.40.13-AM-1024x518.jpeg\" alt=\"\" class=\"wp-image-5544\" srcset=\"https:\/\/laprensacristiana.com\/wp-content\/uploads\/2019\/04\/WhatsApp-Image-2019-04-03-at-7.40.13-AM-1024x518.jpeg 1024w, https:\/\/laprensacristiana.com\/wp-content\/uploads\/2019\/04\/WhatsApp-Image-2019-04-03-at-7.40.13-AM-600x303.jpeg 600w, https:\/\/laprensacristiana.com\/wp-content\/uploads\/2019\/04\/WhatsApp-Image-2019-04-03-at-7.40.13-AM-300x152.jpeg 300w, https:\/\/laprensacristiana.com\/wp-content\/uploads\/2019\/04\/WhatsApp-Image-2019-04-03-at-7.40.13-AM-768x388.jpeg 768w, https:\/\/laprensacristiana.com\/wp-content\/uploads\/2019\/04\/WhatsApp-Image-2019-04-03-at-7.40.13-AM-696x352.jpeg 696w, https:\/\/laprensacristiana.com\/wp-content\/uploads\/2019\/04\/WhatsApp-Image-2019-04-03-at-7.40.13-AM-1068x540.jpeg 1068w, https:\/\/laprensacristiana.com\/wp-content\/uploads\/2019\/04\/WhatsApp-Image-2019-04-03-at-7.40.13-AM-831x420.jpeg 831w, https:\/\/laprensacristiana.com\/wp-content\/uploads\/2019\/04\/WhatsApp-Image-2019-04-03-at-7.40.13-AM.jpeg 1280w\" sizes=\"(max-width: 1024px) 100vw, 1024px\" \/><\/figure>\n\n\n\n<p><strong>Historia y opini\u00f3n\nPastoral <\/strong><\/p>\n\n\n\n<p>Nac\u00ed y crec\u00ed en el evangelio, mi\npadre es pastor y vengo de una familia donde hay muchos ministros del\nevangelio, me entregue a Cristo a los 5 a\u00f1os de edad y me bautice a los 7, me\ncri\u00e9 entre campa\u00f1as evangelisticas que con frecuencia \u00edbamos con mi padre y\ncultos en los cuales \u00edbamos con mi madre, crec\u00ed escuchando a muchos hombres de\nDios construyendo bases doctrinales s\u00f3lidas y cimentadas.<\/p>\n\n\n\n<p>Bajo la misma sed de encontrar a\nDios estudie en algunas universidades tanto nacionales como internacionales\ntratando de entender cosas que de alguna manera para m\u00ed no ten\u00edan sentido, como\nno poder servirle al Se\u00f1or con barba, o como un velo en la cabeza de mujeres\npuede distinguirnos de los dem\u00e1s, o ver como impureza que alguien porte una\npulsera en la mano o un collar etc. <\/p>\n\n\n\n<p>Eso nos hac\u00eda ver santos pero discriminando a otras iglesias, viendo a los hermanos en Cristo como que fueran lo peor por no ser de nuestra denominaci\u00f3n, sin misericordia ver como pastores no quer\u00edan casar a j\u00f3venes que hab\u00edan incurrido en pecado de fornicaci\u00f3n solo porque estaban esperando un bebe aunque ya hubieran tenido un sincero y notable arrepentimiento aun as\u00ed ver que el hombre de Dios no se pod\u00eda ensuciar sus manos de esa forma pero ten\u00edamos ra\u00edces de amargura cauterizada en la conciencia y me preguntaba \u00bfESTO ES DIOS? o simplemente nos hemos convertido en una burda imitaci\u00f3n de la iglesia cat\u00f3lica y dec\u00eda debe de haber algo m\u00e1s, debe haber algo m\u00e1s que una buena ex\u00e9gesis y una buena hermen\u00e9utica, debe haber algo m\u00e1s que una buena apreciaci\u00f3n teol\u00f3gica b\u00edblica y sistem\u00e1tica y entonces Dios me habl\u00f3 y me dijo: \u201cEres demasiado limpio para que te use\u201d pregunt\u00e9 \u00bfQu\u00e9 quieres decir Se\u00f1or? y me llevo al pasaje b\u00edblico donde Jes\u00fas sana al ciego y le pone lodo en los ojos, entonces el Se\u00f1or me dijo: \u201cTe crees demasiado limpio para usarte\u201d yo le dije: Se\u00f1or ponme barro en los ojos quiero verte y Dios me dio la visi\u00f3n de Home, me dijo que me dar\u00eda un ministerio de liberaci\u00f3n y yo le dije al Se\u00f1or \u00bfLiberaci\u00f3n de qu\u00e9? Nuestro pa\u00eds est\u00e1 lleno de el evangelio y me dijo pero mi pueblo est\u00e1 atado con esquemas, con religi\u00f3n, con m\u00e9todos que no pueden verme, estamos en un pa\u00eds lleno de evangelio pero sigue siendo uno de los pa\u00edses m\u00e1s violentos del mundo, con buenos evang\u00e9licos en las iglesias, siguiendo un buen patr\u00f3n de cultos y dogmas pero nuestros hijos se pierden, esta generaci\u00f3n se est\u00e1 perdiendo por falta de mentores en una era farisaica, colando el mosquito y trag\u00e1ndonos el camello&#8230; <\/p>\n\n\n\n<figure class=\"wp-block-image\"><img decoding=\"async\" loading=\"lazy\" width=\"1024\" height=\"140\" src=\"https:\/\/laprensacristiana.com\/wp-content\/uploads\/2019\/04\/para-opinion-web-1024x140.jpg\" alt=\"\" class=\"wp-image-5545\" srcset=\"https:\/\/laprensacristiana.com\/wp-content\/uploads\/2019\/04\/para-opinion-web-1024x140.jpg 1024w, https:\/\/laprensacristiana.com\/wp-content\/uploads\/2019\/04\/para-opinion-web-600x82.jpg 600w, https:\/\/laprensacristiana.com\/wp-content\/uploads\/2019\/04\/para-opinion-web-300x41.jpg 300w, https:\/\/laprensacristiana.com\/wp-content\/uploads\/2019\/04\/para-opinion-web-768x105.jpg 768w, https:\/\/laprensacristiana.com\/wp-content\/uploads\/2019\/04\/para-opinion-web-696x95.jpg 696w, https:\/\/laprensacristiana.com\/wp-content\/uploads\/2019\/04\/para-opinion-web-1068x146.jpg 1068w\" sizes=\"(max-width: 1024px) 100vw, 1024px\" \/><\/figure>\n","protected":false},"excerpt":{"rendered":"<p>El pasado 29 de marzo la Iglesia Cristiana Home, ubicada en Santa Lucia, Ilopango, celebr\u00f3 9 a\u00f1os de estar llevando el evangelio a los habitantes que se encuentran alrededor de su ubicaci\u00f3n, dicha celebraci\u00f3n la realizaron todo un fin de semana de eventos que dieron inicio con una media vigilia (viernes 29 de marzo) y [&hellip;]<\/p>\n","protected":false},"author":3,"featured_media":5543,"comment_status":"open","ping_status":"open","sticky":false,"template":"","format":"standard","meta":[],"categories":[56],"tags":[],"yoast_head":"<!-- This site is optimized with the Yoast SEO plugin v20.8 - https:\/\/yoast.com\/wordpress\/plugins\/seo\/ -->\n<title>Iglesia Cristiana Home celebr\u00f3 su noveno aniversario - La Prensa Cristiana<\/title>\n<meta name=\"robots\" content=\"index, follow, max-snippet:-1, max-image-preview:large, max-video-preview:-1\" \/>\n<link rel=\"canonical\" href=\"https:\/\/laprensacristiana.com\/?p=5541\" \/>\n<meta property=\"og:locale\" content=\"es_ES\" \/>\n<meta property=\"og:type\" content=\"article\" \/>\n<meta property=\"og:title\" content=\"Iglesia Cristiana Home celebr\u00f3 su noveno aniversario - La Prensa Cristiana\" \/>\n<meta property=\"og:description\" content=\"El pasado 29 de marzo la Iglesia Cristiana Home, ubicada en Santa Lucia, Ilopango, celebr\u00f3 9 a\u00f1os de estar llevando el evangelio a los habitantes que se encuentran alrededor de su ubicaci\u00f3n, dicha celebraci\u00f3n la realizaron todo un fin de semana de eventos que dieron inicio con una media vigilia (viernes 29 de marzo) y [&hellip;]\" \/>\n<meta property=\"og:url\" content=\"https:\/\/laprensacristiana.com\/?p=5541\" \/>\n<meta property=\"og:site_name\" content=\"La Prensa Cristiana\" \/>\n<meta property=\"article:published_time\" content=\"2019-04-03T15:30:54+00:00\" \/>\n<meta property=\"article:modified_time\" content=\"2019-04-03T15:30:56+00:00\" \/>\n<meta property=\"og:image\" content=\"https:\/\/laprensacristiana.com\/wp-content\/uploads\/2019\/04\/WhatsApp-Image-2019-04-03-at-8.18.45-AM-1.jpeg\" \/>\n\t<meta property=\"og:image:width\" content=\"640\" \/>\n\t<meta property=\"og:image:height\" content=\"360\" \/>\n\t<meta property=\"og:image:type\" content=\"image\/jpeg\" \/>\n<meta name=\"author\" content=\"EDITOR\" \/>\n<meta name=\"twitter:card\" content=\"summary_large_image\" \/>\n<meta name=\"twitter:label1\" content=\"Escrito por\" \/>\n\t<meta name=\"twitter:data1\" content=\"EDITOR\" \/>\n\t<meta name=\"twitter:label2\" content=\"Tiempo de lectura\" \/>\n\t<meta name=\"twitter:data2\" content=\"4 minutos\" \/>\n<script type=\"application\/ld+json\" class=\"yoast-schema-graph\">{\"@context\":\"https:\/\/schema.org\",\"@graph\":[{\"@type\":\"WebPage\",\"@id\":\"https:\/\/laprensacristiana.com\/?p=5541\",\"url\":\"https:\/\/laprensacristiana.com\/?p=5541\",\"name\":\"Iglesia Cristiana Home celebr\u00f3 su noveno aniversario - La Prensa Cristiana\",\"isPartOf\":{\"@id\":\"https:\/\/laprensacristiana.com\/#website\"},\"datePublished\":\"2019-04-03T15:30:54+00:00\",\"dateModified\":\"2019-04-03T15:30:56+00:00\",\"author\":{\"@id\":\"https:\/\/laprensacristiana.com\/#\/schema\/person\/3e7d82c6bfd6b1fa67010f8f7cd5256e\"},\"breadcrumb\":{\"@id\":\"https:\/\/laprensacristiana.com\/?p=5541#breadcrumb\"},\"inLanguage\":\"es\",\"potentialAction\":[{\"@type\":\"ReadAction\",\"target\":[\"https:\/\/laprensacristiana.com\/?p=5541\"]}]},{\"@type\":\"BreadcrumbList\",\"@id\":\"https:\/\/laprensacristiana.com\/?p=5541#breadcrumb\",\"itemListElement\":[{\"@type\":\"ListItem\",\"position\":1,\"name\":\"Portada\",\"item\":\"https:\/\/laprensacristiana.com\/\"},{\"@type\":\"ListItem\",\"position\":2,\"name\":\"Iglesia Cristiana Home celebr\u00f3 su noveno aniversario\"}]},{\"@type\":\"WebSite\",\"@id\":\"https:\/\/laprensacristiana.com\/#website\",\"url\":\"https:\/\/laprensacristiana.com\/\",\"name\":\"La Prensa Cristiana\",\"description\":\"Anunciando Las Buenas Nuevas\",\"potentialAction\":[{\"@type\":\"SearchAction\",\"target\":{\"@type\":\"EntryPoint\",\"urlTemplate\":\"https:\/\/laprensacristiana.com\/?s={search_term_string}\"},\"query-input\":\"required name=search_term_string\"}],\"inLanguage\":\"es\"},{\"@type\":\"Person\",\"@id\":\"https:\/\/laprensacristiana.com\/#\/schema\/person\/3e7d82c6bfd6b1fa67010f8f7cd5256e\",\"name\":\"EDITOR\",\"image\":{\"@type\":\"ImageObject\",\"inLanguage\":\"es\",\"@id\":\"https:\/\/laprensacristiana.com\/#\/schema\/person\/image\/\",\"url\":\"https:\/\/secure.gravatar.com\/avatar\/72069dfb6c13772d9e8381e3638666d2?s=96&d=mm&r=g\",\"contentUrl\":\"https:\/\/secure.gravatar.com\/avatar\/72069dfb6c13772d9e8381e3638666d2?s=96&d=mm&r=g\",\"caption\":\"EDITOR\"},\"url\":\"https:\/\/laprensacristiana.com\/?author=3\"}]}<\/script>\n<!-- \/ Yoast SEO plugin. -->","yoast_head_json":{"title":"Iglesia Cristiana Home celebr\u00f3 su noveno aniversario - La Prensa Cristiana","robots":{"index":"index","follow":"follow","max-snippet":"max-snippet:-1","max-image-preview":"max-image-preview:large","max-video-preview":"max-video-preview:-1"},"canonical":"https:\/\/laprensacristiana.com\/?p=5541","og_locale":"es_ES","og_type":"article","og_title":"Iglesia Cristiana Home celebr\u00f3 su noveno aniversario - La Prensa Cristiana","og_description":"El pasado 29 de marzo la Iglesia Cristiana Home, ubicada en Santa Lucia, Ilopango, celebr\u00f3 9 a\u00f1os de estar llevando el evangelio a los habitantes que se encuentran alrededor de su ubicaci\u00f3n, dicha celebraci\u00f3n la realizaron todo un fin de semana de eventos que dieron inicio con una media vigilia (viernes 29 de marzo) y [&hellip;]","og_url":"https:\/\/laprensacristiana.com\/?p=5541","og_site_name":"La Prensa Cristiana","article_published_time":"2019-04-03T15:30:54+00:00","article_modified_time":"2019-04-03T15:30:56+00:00","og_image":[{"width":640,"height":360,"url":"https:\/\/laprensacristiana.com\/wp-content\/uploads\/2019\/04\/WhatsApp-Image-2019-04-03-at-8.18.45-AM-1.jpeg","type":"image\/jpeg"}],"author":"EDITOR","twitter_card":"summary_large_image","twitter_misc":{"Escrito por":"EDITOR","Tiempo de lectura":"4 minutos"},"schema":{"@context":"https:\/\/schema.org","@graph":[{"@type":"WebPage","@id":"https:\/\/laprensacristiana.com\/?p=5541","url":"https:\/\/laprensacristiana.com\/?p=5541","name":"Iglesia Cristiana Home celebr\u00f3 su noveno aniversario - La Prensa Cristiana","isPartOf":{"@id":"https:\/\/laprensacristiana.com\/#website"},"datePublished":"2019-04-03T15:30:54+00:00","dateModified":"2019-04-03T15:30:56+00:00","author":{"@id":"https:\/\/laprensacristiana.com\/#\/schema\/person\/3e7d82c6bfd6b1fa67010f8f7cd5256e"},"breadcrumb":{"@id":"https:\/\/laprensacristiana.com\/?p=5541#breadcrumb"},"inLanguage":"es","potentialAction":[{"@type":"ReadAction","target":["https:\/\/laprensacristiana.com\/?p=5541"]}]},{"@type":"BreadcrumbList","@id":"https:\/\/laprensacristiana.com\/?p=5541#breadcrumb","itemListElement":[{"@type":"ListItem","position":1,"name":"Portada","item":"https:\/\/laprensacristiana.com\/"},{"@type":"ListItem","position":2,"name":"Iglesia Cristiana Home celebr\u00f3 su noveno aniversario"}]},{"@type":"WebSite","@id":"https:\/\/laprensacristiana.com\/#website","url":"https:\/\/laprensacristiana.com\/","name":"La Prensa Cristiana","description":"Anunciando Las Buenas Nuevas","potentialAction":[{"@type":"SearchAction","target":{"@type":"EntryPoint","urlTemplate":"https:\/\/laprensacristiana.com\/?s={search_term_string}"},"query-input":"required name=search_term_string"}],"inLanguage":"es"},{"@type":"Person","@id":"https:\/\/laprensacristiana.com\/#\/schema\/person\/3e7d82c6bfd6b1fa67010f8f7cd5256e","name":"EDITOR","image":{"@type":"ImageObject","inLanguage":"es","@id":"https:\/\/laprensacristiana.com\/#\/schema\/person\/image\/","url":"https:\/\/secure.gravatar.com\/avatar\/72069dfb6c13772d9e8381e3638666d2?s=96&d=mm&r=g","contentUrl":"https:\/\/secure.gravatar.com\/avatar\/72069dfb6c13772d9e8381e3638666d2?s=96&d=mm&r=g","caption":"EDITOR"},"url":"https:\/\/laprensacristiana.com\/?author=3"}]}},"_links":{"self":[{"href":"https:\/\/laprensacristiana.com\/index.php?rest_route=\/wp\/v2\/posts\/5541"}],"collection":[{"href":"https:\/\/laprensacristiana.com\/index.php?rest_route=\/wp\/v2\/posts"}],"about":[{"href":"https:\/\/laprensacristiana.com\/index.php?rest_route=\/wp\/v2\/types\/post"}],"author":[{"embeddable":true,"href":"https:\/\/laprensacristiana.com\/index.php?rest_route=\/wp\/v2\/users\/3"}],"replies":[{"embeddable":true,"href":"https:\/\/laprensacristiana.com\/index.php?rest_route=%2Fwp%2Fv2%2Fcomments&post=5541"}],"version-history":[{"count":1,"href":"https:\/\/laprensacristiana.com\/index.php?rest_route=\/wp\/v2\/posts\/5541\/revisions"}],"predecessor-version":[{"id":5546,"href":"https:\/\/laprensacristiana.com\/index.php?rest_route=\/wp\/v2\/posts\/5541\/revisions\/5546"}],"wp:featuredmedia":[{"embeddable":true,"href":"https:\/\/laprensacristiana.com\/index.php?rest_route=\/wp\/v2\/media\/5543"}],"wp:attachment":[{"href":"https:\/\/laprensacristiana.com\/index.php?rest_route=%2Fwp%2Fv2%2Fmedia&parent=5541"}],"wp:term":[{"taxonomy":"category","embeddable":true,"href":"https:\/\/laprensacristiana.com\/index.php?rest_route=%2Fwp%2Fv2%2Fcategories&post=5541"},{"taxonomy":"post_tag","embeddable":true,"href":"https:\/\/laprensacristiana.com\/index.php?rest_route=%2Fwp%2Fv2%2Ftags&post=5541"}],"curies":[{"name":"wp","href":"https:\/\/api.w.org\/{rel}","templated":true}]}}