{"id":5583,"date":"2019-04-11T02:36:37","date_gmt":"2019-04-11T02:36:37","guid":{"rendered":"https:\/\/laprensacristiana.com\/?p=5583"},"modified":"2019-04-11T02:36:41","modified_gmt":"2019-04-11T02:36:41","slug":"dante-gebel-anuncia-super-clasico-en-el-salvador","status":"publish","type":"post","link":"https:\/\/laprensacristiana.com\/?p=5583","title":{"rendered":"Dante Gebel anuncia \u201cS\u00faper Cl\u00e1sico\u201d en El Salvador"},"content":{"rendered":"\n<p>El reconocido pastor y\nconferencista de j\u00f3venes Dante Gebel anunci\u00f3 hoy a trav\u00e9s de un Facebook live\nla realizaci\u00f3n de un \u201cS\u00faper Cl\u00e1sico\u201d en El Salvador, ser\u00eda la primera vez en un\npa\u00eds de Centro Am\u00e9rica.<\/p>\n\n\n\n<p>Est\u00e1 programado para el 14 de\ndiciembre a las 8:00 pm, en el Estadio Cuscatl\u00e1n, con una entrada libre de\ncosto.<\/p>\n\n\n\n<p>Pretenden aglutinar m\u00e1s de 50,000\npersonas en el estadio m\u00e1s grande del pulgarcito de Am\u00e9rica. \u201cNo es un\nconcierto, no es un servicio regular, va a estar ah\u00ed el presidente y algunos invitados\nespeciales, siempre quise que el Super Clasico no fuera solo patrimonio de la\nrepublica Argentina, es el primero en El Salvador, por el calor de la gente,\nporque tanto lo han pedido, va a ser una noche extraordinaria, una puesta pocas\nveces vista en El Salvador, estamos trayendo equipamiento de otros pa\u00edses,\npantallas de Brasil, Estados Unidos, no es solo para j\u00f3venes, es para toda la\nfamilia\u201d expres\u00f3 Dante Gebel. <\/p>\n\n\n\n<p>Seg\u00fan comenta el pastor Gebel\nmuchas personas van a viajar desde Guatemala y otros pa\u00edses de Centroamerica, seg\u00fan\npasa en Argentina muchas personas acampan para poder tener un acceso al evento\ny es la expectativa que se tiene para este nuevo evento. <\/p>\n\n\n\n<p>\u201cNuestro equipo quiere sembrar en\nlos pa\u00edses de America Latina y queremos empezar por El Salvador, &nbsp;esto va a ser una fiesta, esto es algo\nsorprendente, noches como estas se dan pocas veces, vamos a golear a la mala\nonda, al enemigo, vamos a llenar de goles todas esas cosas tristes que nos\npasaron durante el a\u00f1o y vamos a poner en alto el nombre de Jesucristo\u201d\nconcluy\u00f3 Gebel. <\/p>\n","protected":false},"excerpt":{"rendered":"<p>El reconocido pastor y conferencista de j\u00f3venes Dante Gebel anunci\u00f3 hoy a trav\u00e9s de un Facebook live la realizaci\u00f3n de un \u201cS\u00faper Cl\u00e1sico\u201d en El Salvador, ser\u00eda la primera vez en un pa\u00eds de Centro Am\u00e9rica. Est\u00e1 programado para el 14 de diciembre a las 8:00 pm, en el Estadio Cuscatl\u00e1n, con una entrada libre [&hellip;]<\/p>\n","protected":false},"author":3,"featured_media":5584,"comment_status":"open","ping_status":"open","sticky":false,"template":"","format":"standard","meta":[],"categories":[56],"tags":[],"yoast_head":"<!-- This site is optimized with the Yoast SEO plugin v20.8 - https:\/\/yoast.com\/wordpress\/plugins\/seo\/ -->\n<title>Dante Gebel anuncia \u201cS\u00faper Cl\u00e1sico\u201d en El Salvador - La Prensa Cristiana<\/title>\n<meta name=\"robots\" content=\"index, follow, max-snippet:-1, max-image-preview:large, max-video-preview:-1\" \/>\n<link rel=\"canonical\" href=\"https:\/\/laprensacristiana.com\/?p=5583\" \/>\n<meta property=\"og:locale\" content=\"es_ES\" \/>\n<meta property=\"og:type\" content=\"article\" \/>\n<meta property=\"og:title\" content=\"Dante Gebel anuncia \u201cS\u00faper Cl\u00e1sico\u201d en El Salvador - La Prensa Cristiana\" \/>\n<meta property=\"og:description\" content=\"El reconocido pastor y conferencista de j\u00f3venes Dante Gebel anunci\u00f3 hoy a trav\u00e9s de un Facebook live la realizaci\u00f3n de un \u201cS\u00faper Cl\u00e1sico\u201d en El Salvador, ser\u00eda la primera vez en un pa\u00eds de Centro Am\u00e9rica. Est\u00e1 programado para el 14 de diciembre a las 8:00 pm, en el Estadio Cuscatl\u00e1n, con una entrada libre [&hellip;]\" \/>\n<meta property=\"og:url\" content=\"https:\/\/laprensacristiana.com\/?p=5583\" \/>\n<meta property=\"og:site_name\" content=\"La Prensa Cristiana\" \/>\n<meta property=\"article:published_time\" content=\"2019-04-11T02:36:37+00:00\" \/>\n<meta property=\"article:modified_time\" content=\"2019-04-11T02:36:41+00:00\" \/>\n<meta property=\"og:image\" content=\"https:\/\/laprensacristiana.com\/wp-content\/uploads\/2019\/04\/WhatsApp-Image-2019-04-10-at-8.15.18-PM.jpeg\" \/>\n\t<meta property=\"og:image:width\" content=\"720\" \/>\n\t<meta property=\"og:image:height\" content=\"398\" \/>\n\t<meta property=\"og:image:type\" content=\"image\/jpeg\" \/>\n<meta name=\"author\" content=\"EDITOR\" \/>\n<meta name=\"twitter:card\" content=\"summary_large_image\" \/>\n<meta name=\"twitter:label1\" content=\"Escrito por\" \/>\n\t<meta name=\"twitter:data1\" content=\"EDITOR\" \/>\n\t<meta name=\"twitter:label2\" content=\"Tiempo de lectura\" \/>\n\t<meta name=\"twitter:data2\" content=\"1 minuto\" \/>\n<script type=\"application\/ld+json\" class=\"yoast-schema-graph\">{\"@context\":\"https:\/\/schema.org\",\"@graph\":[{\"@type\":\"WebPage\",\"@id\":\"https:\/\/laprensacristiana.com\/?p=5583\",\"url\":\"https:\/\/laprensacristiana.com\/?p=5583\",\"name\":\"Dante Gebel anuncia \u201cS\u00faper Cl\u00e1sico\u201d en El Salvador - La Prensa Cristiana\",\"isPartOf\":{\"@id\":\"https:\/\/laprensacristiana.com\/#website\"},\"datePublished\":\"2019-04-11T02:36:37+00:00\",\"dateModified\":\"2019-04-11T02:36:41+00:00\",\"author\":{\"@id\":\"https:\/\/laprensacristiana.com\/#\/schema\/person\/3e7d82c6bfd6b1fa67010f8f7cd5256e\"},\"breadcrumb\":{\"@id\":\"https:\/\/laprensacristiana.com\/?p=5583#breadcrumb\"},\"inLanguage\":\"es\",\"potentialAction\":[{\"@type\":\"ReadAction\",\"target\":[\"https:\/\/laprensacristiana.com\/?p=5583\"]}]},{\"@type\":\"BreadcrumbList\",\"@id\":\"https:\/\/laprensacristiana.com\/?p=5583#breadcrumb\",\"itemListElement\":[{\"@type\":\"ListItem\",\"position\":1,\"name\":\"Portada\",\"item\":\"https:\/\/laprensacristiana.com\/\"},{\"@type\":\"ListItem\",\"position\":2,\"name\":\"Dante Gebel anuncia \u201cS\u00faper Cl\u00e1sico\u201d en El Salvador\"}]},{\"@type\":\"WebSite\",\"@id\":\"https:\/\/laprensacristiana.com\/#website\",\"url\":\"https:\/\/laprensacristiana.com\/\",\"name\":\"La Prensa Cristiana\",\"description\":\"Anunciando Las Buenas Nuevas\",\"potentialAction\":[{\"@type\":\"SearchAction\",\"target\":{\"@type\":\"EntryPoint\",\"urlTemplate\":\"https:\/\/laprensacristiana.com\/?s={search_term_string}\"},\"query-input\":\"required name=search_term_string\"}],\"inLanguage\":\"es\"},{\"@type\":\"Person\",\"@id\":\"https:\/\/laprensacristiana.com\/#\/schema\/person\/3e7d82c6bfd6b1fa67010f8f7cd5256e\",\"name\":\"EDITOR\",\"image\":{\"@type\":\"ImageObject\",\"inLanguage\":\"es\",\"@id\":\"https:\/\/laprensacristiana.com\/#\/schema\/person\/image\/\",\"url\":\"https:\/\/secure.gravatar.com\/avatar\/72069dfb6c13772d9e8381e3638666d2?s=96&d=mm&r=g\",\"contentUrl\":\"https:\/\/secure.gravatar.com\/avatar\/72069dfb6c13772d9e8381e3638666d2?s=96&d=mm&r=g\",\"caption\":\"EDITOR\"},\"url\":\"https:\/\/laprensacristiana.com\/?author=3\"}]}<\/script>\n<!-- \/ Yoast SEO plugin. -->","yoast_head_json":{"title":"Dante Gebel anuncia \u201cS\u00faper Cl\u00e1sico\u201d en El Salvador - La Prensa Cristiana","robots":{"index":"index","follow":"follow","max-snippet":"max-snippet:-1","max-image-preview":"max-image-preview:large","max-video-preview":"max-video-preview:-1"},"canonical":"https:\/\/laprensacristiana.com\/?p=5583","og_locale":"es_ES","og_type":"article","og_title":"Dante Gebel anuncia \u201cS\u00faper Cl\u00e1sico\u201d en El Salvador - La Prensa Cristiana","og_description":"El reconocido pastor y conferencista de j\u00f3venes Dante Gebel anunci\u00f3 hoy a trav\u00e9s de un Facebook live la realizaci\u00f3n de un \u201cS\u00faper Cl\u00e1sico\u201d en El Salvador, ser\u00eda la primera vez en un pa\u00eds de Centro Am\u00e9rica. Est\u00e1 programado para el 14 de diciembre a las 8:00 pm, en el Estadio Cuscatl\u00e1n, con una entrada libre [&hellip;]","og_url":"https:\/\/laprensacristiana.com\/?p=5583","og_site_name":"La Prensa Cristiana","article_published_time":"2019-04-11T02:36:37+00:00","article_modified_time":"2019-04-11T02:36:41+00:00","og_image":[{"width":720,"height":398,"url":"https:\/\/laprensacristiana.com\/wp-content\/uploads\/2019\/04\/WhatsApp-Image-2019-04-10-at-8.15.18-PM.jpeg","type":"image\/jpeg"}],"author":"EDITOR","twitter_card":"summary_large_image","twitter_misc":{"Escrito por":"EDITOR","Tiempo de lectura":"1 minuto"},"schema":{"@context":"https:\/\/schema.org","@graph":[{"@type":"WebPage","@id":"https:\/\/laprensacristiana.com\/?p=5583","url":"https:\/\/laprensacristiana.com\/?p=5583","name":"Dante Gebel anuncia \u201cS\u00faper Cl\u00e1sico\u201d en El Salvador - La Prensa Cristiana","isPartOf":{"@id":"https:\/\/laprensacristiana.com\/#website"},"datePublished":"2019-04-11T02:36:37+00:00","dateModified":"2019-04-11T02:36:41+00:00","author":{"@id":"https:\/\/laprensacristiana.com\/#\/schema\/person\/3e7d82c6bfd6b1fa67010f8f7cd5256e"},"breadcrumb":{"@id":"https:\/\/laprensacristiana.com\/?p=5583#breadcrumb"},"inLanguage":"es","potentialAction":[{"@type":"ReadAction","target":["https:\/\/laprensacristiana.com\/?p=5583"]}]},{"@type":"BreadcrumbList","@id":"https:\/\/laprensacristiana.com\/?p=5583#breadcrumb","itemListElement":[{"@type":"ListItem","position":1,"name":"Portada","item":"https:\/\/laprensacristiana.com\/"},{"@type":"ListItem","position":2,"name":"Dante Gebel anuncia \u201cS\u00faper Cl\u00e1sico\u201d en El Salvador"}]},{"@type":"WebSite","@id":"https:\/\/laprensacristiana.com\/#website","url":"https:\/\/laprensacristiana.com\/","name":"La Prensa Cristiana","description":"Anunciando Las Buenas Nuevas","potentialAction":[{"@type":"SearchAction","target":{"@type":"EntryPoint","urlTemplate":"https:\/\/laprensacristiana.com\/?s={search_term_string}"},"query-input":"required name=search_term_string"}],"inLanguage":"es"},{"@type":"Person","@id":"https:\/\/laprensacristiana.com\/#\/schema\/person\/3e7d82c6bfd6b1fa67010f8f7cd5256e","name":"EDITOR","image":{"@type":"ImageObject","inLanguage":"es","@id":"https:\/\/laprensacristiana.com\/#\/schema\/person\/image\/","url":"https:\/\/secure.gravatar.com\/avatar\/72069dfb6c13772d9e8381e3638666d2?s=96&d=mm&r=g","contentUrl":"https:\/\/secure.gravatar.com\/avatar\/72069dfb6c13772d9e8381e3638666d2?s=96&d=mm&r=g","caption":"EDITOR"},"url":"https:\/\/laprensacristiana.com\/?author=3"}]}},"_links":{"self":[{"href":"https:\/\/laprensacristiana.com\/index.php?rest_route=\/wp\/v2\/posts\/5583"}],"collection":[{"href":"https:\/\/laprensacristiana.com\/index.php?rest_route=\/wp\/v2\/posts"}],"about":[{"href":"https:\/\/laprensacristiana.com\/index.php?rest_route=\/wp\/v2\/types\/post"}],"author":[{"embeddable":true,"href":"https:\/\/laprensacristiana.com\/index.php?rest_route=\/wp\/v2\/users\/3"}],"replies":[{"embeddable":true,"href":"https:\/\/laprensacristiana.com\/index.php?rest_route=%2Fwp%2Fv2%2Fcomments&post=5583"}],"version-history":[{"count":1,"href":"https:\/\/laprensacristiana.com\/index.php?rest_route=\/wp\/v2\/posts\/5583\/revisions"}],"predecessor-version":[{"id":5585,"href":"https:\/\/laprensacristiana.com\/index.php?rest_route=\/wp\/v2\/posts\/5583\/revisions\/5585"}],"wp:featuredmedia":[{"embeddable":true,"href":"https:\/\/laprensacristiana.com\/index.php?rest_route=\/wp\/v2\/media\/5584"}],"wp:attachment":[{"href":"https:\/\/laprensacristiana.com\/index.php?rest_route=%2Fwp%2Fv2%2Fmedia&parent=5583"}],"wp:term":[{"taxonomy":"category","embeddable":true,"href":"https:\/\/laprensacristiana.com\/index.php?rest_route=%2Fwp%2Fv2%2Fcategories&post=5583"},{"taxonomy":"post_tag","embeddable":true,"href":"https:\/\/laprensacristiana.com\/index.php?rest_route=%2Fwp%2Fv2%2Ftags&post=5583"}],"curies":[{"name":"wp","href":"https:\/\/api.w.org\/{rel}","templated":true}]}}