{"id":5602,"date":"2019-04-12T17:14:49","date_gmt":"2019-04-12T17:14:49","guid":{"rendered":"https:\/\/laprensacristiana.com\/?p=5602"},"modified":"2020-07-01T22:38:36","modified_gmt":"2020-07-01T22:38:36","slug":"ucad-se-une-al-basurachallenge","status":"publish","type":"post","link":"https:\/\/laprensacristiana.com\/?p=5602","title":{"rendered":"UCAD: Se une al #BasuraChallenge"},"content":{"rendered":"\n<p>Por: Samuel Barrios<\/p>\n\n\n\n<p>Facultad de Humanidades y\nJurisprudencia, junto al departamento de proyecci\u00f3n social de la Universidad\nCristiana de las Asambleas de Dios, dijeron presente en la Laguna Chanmico, en\nSan Juan Opico, La libertad; el objetivo de la actividad era limpiar los\nalrededores de la laguna, concientizando a las personas al cuido de mantos\nacu\u00edferos protegidos.<\/p>\n\n\n\n<p>El pasado 30 de abril, por ser el mes de\nmedio ambiente, la comunidad estudiantil de la UCAD extendi\u00f3 una mano amiga al\nmedio ambiente, quienes junto con los guarda bosques de Ministerio de Medio\nAmbiente y Recursos Naturales, realizaron una ardua tarea en limpiar los\nalrededores de la laguna de Chanmico, debido a que por la mala conciencia de\ndichos habitantes, el lugar es utilizado como un basurero.<\/p>\n\n\n\n<p>La principal causa de dicha actividad es\nhacer conciencia a que la poblaci\u00f3n Salvadore\u00f1a, se preocupe por mantener\nlimpios nuestros lugares tur\u00edsticos, ya que es una forma de colaborar con la no\ncontaminaci\u00f3n del medio ambiente; lo que mas que resalt\u00f3 fue el pl\u00e1stico y\ndesechos de higiene personal, la Coordinadora de guarda bosques Angela de\nEspinoza, dijo que esta actividad es muy importante, porque de esa manera se le\nhace conciencia a los habitantes de la zona, que incluso llegan diferentes\nveh\u00edculos ha dejar basura, y esto produce contaminaci\u00f3n al agua, algo que es de\nmucha importancia para los salvadore\u00f1os.<\/p>\n\n\n\n<p>La decana de la Facultad de Ciencias y\nHumanidades dijo: <em>\u201cEl objetivo de\ndesarrollar esta actividad de limpieza es sensibilizar a los estudiantes de\nnuestra casa de estudio, para que se preocupen un poquito mas por el medio\nambiente. Que mensaje le podemos trasladar a la poblaci\u00f3n, bueno, el planeta a\ngritos nos esta pidiendo ayuda, vemos los r\u00edos, el oc\u00e9ano cargado de basura, pl\u00e1stico,\nvemos como muere nuestra fauna, entonces procuremos no contaminar tanto,\nseparando la basura, yo lo hago\u201d<\/em><\/p>\n\n\n\n<p>Al final todo quedo diferente, se ve\u00eda mas limpio y mas llamativo, una experiencia que se debe de seguir realizando e incentivando a otros al cuido de nuestras reservas naturales.<\/p>\n\n\n\n<p><\/p>\n\n\n\n<ul class=\"wp-block-gallery columns-2 is-cropped wp-block-gallery-1 is-layout-flex\"><li class=\"blocks-gallery-item\"><figure><img decoding=\"async\" loading=\"lazy\" width=\"1024\" height=\"768\" src=\"https:\/\/laprensacristiana.com\/wp-content\/uploads\/2019\/04\/IMG-20190330-WA0010-1-1024x768.png\" alt=\"\" data-id=\"5603\" data-link=\"https:\/\/laprensacristiana.com\/?attachment_id=5603\" class=\"wp-image-5603\" srcset=\"https:\/\/laprensacristiana.com\/wp-content\/uploads\/2019\/04\/IMG-20190330-WA0010-1-1024x768.png 1024w, https:\/\/laprensacristiana.com\/wp-content\/uploads\/2019\/04\/IMG-20190330-WA0010-1-600x450.png 600w, https:\/\/laprensacristiana.com\/wp-content\/uploads\/2019\/04\/IMG-20190330-WA0010-1-300x225.png 300w, https:\/\/laprensacristiana.com\/wp-content\/uploads\/2019\/04\/IMG-20190330-WA0010-1-768x576.png 768w, https:\/\/laprensacristiana.com\/wp-content\/uploads\/2019\/04\/IMG-20190330-WA0010-1-80x60.png 80w, https:\/\/laprensacristiana.com\/wp-content\/uploads\/2019\/04\/IMG-20190330-WA0010-1-265x198.png 265w, https:\/\/laprensacristiana.com\/wp-content\/uploads\/2019\/04\/IMG-20190330-WA0010-1-696x522.png 696w, https:\/\/laprensacristiana.com\/wp-content\/uploads\/2019\/04\/IMG-20190330-WA0010-1-560x420.png 560w, https:\/\/laprensacristiana.com\/wp-content\/uploads\/2019\/04\/IMG-20190330-WA0010-1.png 1040w\" sizes=\"(max-width: 1024px) 100vw, 1024px\" \/><\/figure><\/li><li class=\"blocks-gallery-item\"><figure><img decoding=\"async\" loading=\"lazy\" width=\"1024\" height=\"682\" src=\"https:\/\/laprensacristiana.com\/wp-content\/uploads\/2019\/04\/IMG-20190331-WA0034-1024x682.png\" alt=\"\" data-id=\"5604\" data-link=\"https:\/\/laprensacristiana.com\/?attachment_id=5604\" class=\"wp-image-5604\" srcset=\"https:\/\/laprensacristiana.com\/wp-content\/uploads\/2019\/04\/IMG-20190331-WA0034-1024x682.png 1024w, https:\/\/laprensacristiana.com\/wp-content\/uploads\/2019\/04\/IMG-20190331-WA0034-600x400.png 600w, https:\/\/laprensacristiana.com\/wp-content\/uploads\/2019\/04\/IMG-20190331-WA0034-300x200.png 300w, https:\/\/laprensacristiana.com\/wp-content\/uploads\/2019\/04\/IMG-20190331-WA0034-768x512.png 768w, https:\/\/laprensacristiana.com\/wp-content\/uploads\/2019\/04\/IMG-20190331-WA0034-696x464.png 696w, https:\/\/laprensacristiana.com\/wp-content\/uploads\/2019\/04\/IMG-20190331-WA0034-1068x712.png 1068w, https:\/\/laprensacristiana.com\/wp-content\/uploads\/2019\/04\/IMG-20190331-WA0034-630x420.png 630w, https:\/\/laprensacristiana.com\/wp-content\/uploads\/2019\/04\/IMG-20190331-WA0034.png 1280w\" sizes=\"(max-width: 1024px) 100vw, 1024px\" \/><\/figure><\/li><\/ul>\n","protected":false},"excerpt":{"rendered":"<p>Por: Samuel Barrios Facultad de Humanidades y Jurisprudencia, junto al departamento de proyecci\u00f3n social de la Universidad Cristiana de las Asambleas de Dios, dijeron presente en la Laguna Chanmico, en San Juan Opico, La libertad; el objetivo de la actividad era limpiar los alrededores de la laguna, concientizando a las personas al cuido de mantos [&hellip;]<\/p>\n","protected":false},"author":3,"featured_media":5596,"comment_status":"open","ping_status":"open","sticky":false,"template":"","format":"standard","meta":[],"categories":[56],"tags":[],"yoast_head":"<!-- This site is optimized with the Yoast SEO plugin v20.8 - https:\/\/yoast.com\/wordpress\/plugins\/seo\/ -->\n<title>UCAD: Se une al #BasuraChallenge - La Prensa Cristiana<\/title>\n<meta name=\"robots\" content=\"index, follow, max-snippet:-1, max-image-preview:large, max-video-preview:-1\" \/>\n<link rel=\"canonical\" href=\"https:\/\/laprensacristiana.com\/?p=5602\" \/>\n<meta property=\"og:locale\" content=\"es_ES\" \/>\n<meta property=\"og:type\" content=\"article\" \/>\n<meta property=\"og:title\" content=\"UCAD: Se une al #BasuraChallenge - La Prensa Cristiana\" \/>\n<meta property=\"og:description\" content=\"Por: Samuel Barrios Facultad de Humanidades y Jurisprudencia, junto al departamento de proyecci\u00f3n social de la Universidad Cristiana de las Asambleas de Dios, dijeron presente en la Laguna Chanmico, en San Juan Opico, La libertad; el objetivo de la actividad era limpiar los alrededores de la laguna, concientizando a las personas al cuido de mantos [&hellip;]\" \/>\n<meta property=\"og:url\" content=\"https:\/\/laprensacristiana.com\/?p=5602\" \/>\n<meta property=\"og:site_name\" content=\"La Prensa Cristiana\" \/>\n<meta property=\"article:published_time\" content=\"2019-04-12T17:14:49+00:00\" \/>\n<meta property=\"article:modified_time\" content=\"2020-07-01T22:38:36+00:00\" \/>\n<meta property=\"og:image\" content=\"https:\/\/laprensacristiana.com\/wp-content\/uploads\/2019\/04\/IMG-20190330-WA0029-1-1024x768.png\" \/>\n\t<meta property=\"og:image:width\" content=\"1024\" \/>\n\t<meta property=\"og:image:height\" content=\"768\" \/>\n\t<meta property=\"og:image:type\" content=\"image\/png\" \/>\n<meta name=\"author\" content=\"EDITOR\" \/>\n<meta name=\"twitter:card\" content=\"summary_large_image\" \/>\n<meta name=\"twitter:label1\" content=\"Escrito por\" \/>\n\t<meta name=\"twitter:data1\" content=\"EDITOR\" \/>\n\t<meta name=\"twitter:label2\" content=\"Tiempo de lectura\" \/>\n\t<meta name=\"twitter:data2\" content=\"2 minutos\" \/>\n<script type=\"application\/ld+json\" class=\"yoast-schema-graph\">{\"@context\":\"https:\/\/schema.org\",\"@graph\":[{\"@type\":\"WebPage\",\"@id\":\"https:\/\/laprensacristiana.com\/?p=5602\",\"url\":\"https:\/\/laprensacristiana.com\/?p=5602\",\"name\":\"UCAD: Se une al #BasuraChallenge - La Prensa Cristiana\",\"isPartOf\":{\"@id\":\"https:\/\/laprensacristiana.com\/#website\"},\"datePublished\":\"2019-04-12T17:14:49+00:00\",\"dateModified\":\"2020-07-01T22:38:36+00:00\",\"author\":{\"@id\":\"https:\/\/laprensacristiana.com\/#\/schema\/person\/3e7d82c6bfd6b1fa67010f8f7cd5256e\"},\"breadcrumb\":{\"@id\":\"https:\/\/laprensacristiana.com\/?p=5602#breadcrumb\"},\"inLanguage\":\"es\",\"potentialAction\":[{\"@type\":\"ReadAction\",\"target\":[\"https:\/\/laprensacristiana.com\/?p=5602\"]}]},{\"@type\":\"BreadcrumbList\",\"@id\":\"https:\/\/laprensacristiana.com\/?p=5602#breadcrumb\",\"itemListElement\":[{\"@type\":\"ListItem\",\"position\":1,\"name\":\"Portada\",\"item\":\"https:\/\/laprensacristiana.com\/\"},{\"@type\":\"ListItem\",\"position\":2,\"name\":\"UCAD: Se une al #BasuraChallenge\"}]},{\"@type\":\"WebSite\",\"@id\":\"https:\/\/laprensacristiana.com\/#website\",\"url\":\"https:\/\/laprensacristiana.com\/\",\"name\":\"La Prensa Cristiana\",\"description\":\"Anunciando Las Buenas Nuevas\",\"potentialAction\":[{\"@type\":\"SearchAction\",\"target\":{\"@type\":\"EntryPoint\",\"urlTemplate\":\"https:\/\/laprensacristiana.com\/?s={search_term_string}\"},\"query-input\":\"required name=search_term_string\"}],\"inLanguage\":\"es\"},{\"@type\":\"Person\",\"@id\":\"https:\/\/laprensacristiana.com\/#\/schema\/person\/3e7d82c6bfd6b1fa67010f8f7cd5256e\",\"name\":\"EDITOR\",\"image\":{\"@type\":\"ImageObject\",\"inLanguage\":\"es\",\"@id\":\"https:\/\/laprensacristiana.com\/#\/schema\/person\/image\/\",\"url\":\"https:\/\/secure.gravatar.com\/avatar\/72069dfb6c13772d9e8381e3638666d2?s=96&d=mm&r=g\",\"contentUrl\":\"https:\/\/secure.gravatar.com\/avatar\/72069dfb6c13772d9e8381e3638666d2?s=96&d=mm&r=g\",\"caption\":\"EDITOR\"},\"url\":\"https:\/\/laprensacristiana.com\/?author=3\"}]}<\/script>\n<!-- \/ Yoast SEO plugin. -->","yoast_head_json":{"title":"UCAD: Se une al #BasuraChallenge - La Prensa Cristiana","robots":{"index":"index","follow":"follow","max-snippet":"max-snippet:-1","max-image-preview":"max-image-preview:large","max-video-preview":"max-video-preview:-1"},"canonical":"https:\/\/laprensacristiana.com\/?p=5602","og_locale":"es_ES","og_type":"article","og_title":"UCAD: Se une al #BasuraChallenge - La Prensa Cristiana","og_description":"Por: Samuel Barrios Facultad de Humanidades y Jurisprudencia, junto al departamento de proyecci\u00f3n social de la Universidad Cristiana de las Asambleas de Dios, dijeron presente en la Laguna Chanmico, en San Juan Opico, La libertad; el objetivo de la actividad era limpiar los alrededores de la laguna, concientizando a las personas al cuido de mantos [&hellip;]","og_url":"https:\/\/laprensacristiana.com\/?p=5602","og_site_name":"La Prensa Cristiana","article_published_time":"2019-04-12T17:14:49+00:00","article_modified_time":"2020-07-01T22:38:36+00:00","og_image":[{"width":1024,"height":768,"url":"https:\/\/laprensacristiana.com\/wp-content\/uploads\/2019\/04\/IMG-20190330-WA0029-1-1024x768.png","type":"image\/png"}],"author":"EDITOR","twitter_card":"summary_large_image","twitter_misc":{"Escrito por":"EDITOR","Tiempo de lectura":"2 minutos"},"schema":{"@context":"https:\/\/schema.org","@graph":[{"@type":"WebPage","@id":"https:\/\/laprensacristiana.com\/?p=5602","url":"https:\/\/laprensacristiana.com\/?p=5602","name":"UCAD: Se une al #BasuraChallenge - La Prensa Cristiana","isPartOf":{"@id":"https:\/\/laprensacristiana.com\/#website"},"datePublished":"2019-04-12T17:14:49+00:00","dateModified":"2020-07-01T22:38:36+00:00","author":{"@id":"https:\/\/laprensacristiana.com\/#\/schema\/person\/3e7d82c6bfd6b1fa67010f8f7cd5256e"},"breadcrumb":{"@id":"https:\/\/laprensacristiana.com\/?p=5602#breadcrumb"},"inLanguage":"es","potentialAction":[{"@type":"ReadAction","target":["https:\/\/laprensacristiana.com\/?p=5602"]}]},{"@type":"BreadcrumbList","@id":"https:\/\/laprensacristiana.com\/?p=5602#breadcrumb","itemListElement":[{"@type":"ListItem","position":1,"name":"Portada","item":"https:\/\/laprensacristiana.com\/"},{"@type":"ListItem","position":2,"name":"UCAD: Se une al #BasuraChallenge"}]},{"@type":"WebSite","@id":"https:\/\/laprensacristiana.com\/#website","url":"https:\/\/laprensacristiana.com\/","name":"La Prensa Cristiana","description":"Anunciando Las Buenas Nuevas","potentialAction":[{"@type":"SearchAction","target":{"@type":"EntryPoint","urlTemplate":"https:\/\/laprensacristiana.com\/?s={search_term_string}"},"query-input":"required name=search_term_string"}],"inLanguage":"es"},{"@type":"Person","@id":"https:\/\/laprensacristiana.com\/#\/schema\/person\/3e7d82c6bfd6b1fa67010f8f7cd5256e","name":"EDITOR","image":{"@type":"ImageObject","inLanguage":"es","@id":"https:\/\/laprensacristiana.com\/#\/schema\/person\/image\/","url":"https:\/\/secure.gravatar.com\/avatar\/72069dfb6c13772d9e8381e3638666d2?s=96&d=mm&r=g","contentUrl":"https:\/\/secure.gravatar.com\/avatar\/72069dfb6c13772d9e8381e3638666d2?s=96&d=mm&r=g","caption":"EDITOR"},"url":"https:\/\/laprensacristiana.com\/?author=3"}]}},"_links":{"self":[{"href":"https:\/\/laprensacristiana.com\/index.php?rest_route=\/wp\/v2\/posts\/5602"}],"collection":[{"href":"https:\/\/laprensacristiana.com\/index.php?rest_route=\/wp\/v2\/posts"}],"about":[{"href":"https:\/\/laprensacristiana.com\/index.php?rest_route=\/wp\/v2\/types\/post"}],"author":[{"embeddable":true,"href":"https:\/\/laprensacristiana.com\/index.php?rest_route=\/wp\/v2\/users\/3"}],"replies":[{"embeddable":true,"href":"https:\/\/laprensacristiana.com\/index.php?rest_route=%2Fwp%2Fv2%2Fcomments&post=5602"}],"version-history":[{"count":1,"href":"https:\/\/laprensacristiana.com\/index.php?rest_route=\/wp\/v2\/posts\/5602\/revisions"}],"predecessor-version":[{"id":5605,"href":"https:\/\/laprensacristiana.com\/index.php?rest_route=\/wp\/v2\/posts\/5602\/revisions\/5605"}],"wp:featuredmedia":[{"embeddable":true,"href":"https:\/\/laprensacristiana.com\/index.php?rest_route=\/wp\/v2\/media\/5596"}],"wp:attachment":[{"href":"https:\/\/laprensacristiana.com\/index.php?rest_route=%2Fwp%2Fv2%2Fmedia&parent=5602"}],"wp:term":[{"taxonomy":"category","embeddable":true,"href":"https:\/\/laprensacristiana.com\/index.php?rest_route=%2Fwp%2Fv2%2Fcategories&post=5602"},{"taxonomy":"post_tag","embeddable":true,"href":"https:\/\/laprensacristiana.com\/index.php?rest_route=%2Fwp%2Fv2%2Ftags&post=5602"}],"curies":[{"name":"wp","href":"https:\/\/api.w.org\/{rel}","templated":true}]}}