{"id":5618,"date":"2019-04-15T17:31:36","date_gmt":"2019-04-15T17:31:36","guid":{"rendered":"https:\/\/laprensacristiana.com\/?p=5618"},"modified":"2019-04-15T17:31:39","modified_gmt":"2019-04-15T17:31:39","slug":"rojo-en-christian-fest-live-el-salvador-2019","status":"publish","type":"post","link":"https:\/\/laprensacristiana.com\/?p=5618","title":{"rendered":"Rojo en Christian Fest Live El Salvador 2019"},"content":{"rendered":"\n<p>CHRISTIAN FEST LIVE es un evento que se realiza una vez al\na\u00f1o y re\u00fane a miles de j\u00f3venes de diferentes culturas y religiones,\nespecialmente j\u00f3venes que no conocen la palabra de Dios. <\/p>\n\n\n\n<p>Este proyecto nace en el coraz\u00f3n de empresarios\nsalvadore\u00f1os&nbsp; cristianos que saben la\nimportancia de llevar el evangelio a todas aquellas personas que a\u00fan no le\nconocen, el evento es apoyado por diferentes iglesias que se unen a esta visi\u00f3n.\n<\/p>\n\n\n\n<p>La visi\u00f3n principal de Christian Fest Live es&nbsp; predicar el evangelio de Dios bas\u00e1ndose en un\nsolo principio, Mateo 28:19-20. Manteniendo principalmente dos misiones\nprimordiales; la primera&nbsp; reforzar la\nconexi\u00f3n entre Dios y los j\u00f3venes, la segunda es atraer nuevas personas hacia\nel reino de Dios.<\/p>\n\n\n\n<p>La programaci\u00f3n de este magno evento incluye la palabra de\nDios, testimonios y discursos motivacionales, tambi\u00e9n hay ministraci\u00f3n y\nalabanza para ello son invitados diferentes artistas.<\/p>\n\n\n\n<p>Una de las bandas m\u00e1s influyentes de Pop Rock durante los\na\u00f1os 2000, acaba de confirmar su participaci\u00f3n en el Christian Fest Live de\neste a\u00f1o a trav\u00e9s de cuenta oficial de Facebook. El Grupo \u201cRojo\u201d&nbsp; escribi\u00f3: <\/p>\n\n\n\n<p>\u201cFamilia de El Salvador, estaremos con ustedes en unos\nmeses, el 6 de Julio 2019 en CIFCO, Entrada Gratis\u201d<\/p>\n\n\n\n<p>Los salvadore\u00f1os podr\u00e1n disfrutar nuevamente los \u00e9xitos de\nesta banda tan querida y recordada.<\/p>\n","protected":false},"excerpt":{"rendered":"<p>CHRISTIAN FEST LIVE es un evento que se realiza una vez al a\u00f1o y re\u00fane a miles de j\u00f3venes de diferentes culturas y religiones, especialmente j\u00f3venes que no conocen la palabra de Dios. Este proyecto nace en el coraz\u00f3n de empresarios salvadore\u00f1os&nbsp; cristianos que saben la importancia de llevar el evangelio a todas aquellas personas [&hellip;]<\/p>\n","protected":false},"author":3,"featured_media":5619,"comment_status":"open","ping_status":"open","sticky":false,"template":"","format":"standard","meta":[],"categories":[56],"tags":[],"yoast_head":"<!-- This site is optimized with the Yoast SEO plugin v20.8 - https:\/\/yoast.com\/wordpress\/plugins\/seo\/ -->\n<title>Rojo en Christian Fest Live El Salvador 2019 - La Prensa Cristiana<\/title>\n<meta name=\"robots\" content=\"index, follow, max-snippet:-1, max-image-preview:large, max-video-preview:-1\" \/>\n<link rel=\"canonical\" href=\"https:\/\/laprensacristiana.com\/?p=5618\" \/>\n<meta property=\"og:locale\" content=\"es_ES\" \/>\n<meta property=\"og:type\" content=\"article\" \/>\n<meta property=\"og:title\" content=\"Rojo en Christian Fest Live El Salvador 2019 - La Prensa Cristiana\" \/>\n<meta property=\"og:description\" content=\"CHRISTIAN FEST LIVE es un evento que se realiza una vez al a\u00f1o y re\u00fane a miles de j\u00f3venes de diferentes culturas y religiones, especialmente j\u00f3venes que no conocen la palabra de Dios. Este proyecto nace en el coraz\u00f3n de empresarios salvadore\u00f1os&nbsp; cristianos que saben la importancia de llevar el evangelio a todas aquellas personas [&hellip;]\" \/>\n<meta property=\"og:url\" content=\"https:\/\/laprensacristiana.com\/?p=5618\" \/>\n<meta property=\"og:site_name\" content=\"La Prensa Cristiana\" \/>\n<meta property=\"article:published_time\" content=\"2019-04-15T17:31:36+00:00\" \/>\n<meta property=\"article:modified_time\" content=\"2019-04-15T17:31:39+00:00\" \/>\n<meta property=\"og:image\" content=\"https:\/\/laprensacristiana.com\/wp-content\/uploads\/2019\/04\/20768189_10154884434958946_7734732604817501839_n.jpg\" \/>\n\t<meta property=\"og:image:width\" content=\"960\" \/>\n\t<meta property=\"og:image:height\" content=\"720\" \/>\n\t<meta property=\"og:image:type\" content=\"image\/jpeg\" \/>\n<meta name=\"author\" content=\"EDITOR\" \/>\n<meta name=\"twitter:card\" content=\"summary_large_image\" \/>\n<meta name=\"twitter:label1\" content=\"Escrito por\" \/>\n\t<meta name=\"twitter:data1\" content=\"EDITOR\" \/>\n\t<meta name=\"twitter:label2\" content=\"Tiempo de lectura\" \/>\n\t<meta name=\"twitter:data2\" content=\"1 minuto\" \/>\n<script type=\"application\/ld+json\" class=\"yoast-schema-graph\">{\"@context\":\"https:\/\/schema.org\",\"@graph\":[{\"@type\":\"WebPage\",\"@id\":\"https:\/\/laprensacristiana.com\/?p=5618\",\"url\":\"https:\/\/laprensacristiana.com\/?p=5618\",\"name\":\"Rojo en Christian Fest Live El Salvador 2019 - La Prensa Cristiana\",\"isPartOf\":{\"@id\":\"https:\/\/laprensacristiana.com\/#website\"},\"datePublished\":\"2019-04-15T17:31:36+00:00\",\"dateModified\":\"2019-04-15T17:31:39+00:00\",\"author\":{\"@id\":\"https:\/\/laprensacristiana.com\/#\/schema\/person\/3e7d82c6bfd6b1fa67010f8f7cd5256e\"},\"breadcrumb\":{\"@id\":\"https:\/\/laprensacristiana.com\/?p=5618#breadcrumb\"},\"inLanguage\":\"es\",\"potentialAction\":[{\"@type\":\"ReadAction\",\"target\":[\"https:\/\/laprensacristiana.com\/?p=5618\"]}]},{\"@type\":\"BreadcrumbList\",\"@id\":\"https:\/\/laprensacristiana.com\/?p=5618#breadcrumb\",\"itemListElement\":[{\"@type\":\"ListItem\",\"position\":1,\"name\":\"Portada\",\"item\":\"https:\/\/laprensacristiana.com\/\"},{\"@type\":\"ListItem\",\"position\":2,\"name\":\"Rojo en Christian Fest Live El Salvador 2019\"}]},{\"@type\":\"WebSite\",\"@id\":\"https:\/\/laprensacristiana.com\/#website\",\"url\":\"https:\/\/laprensacristiana.com\/\",\"name\":\"La Prensa Cristiana\",\"description\":\"Anunciando Las Buenas Nuevas\",\"potentialAction\":[{\"@type\":\"SearchAction\",\"target\":{\"@type\":\"EntryPoint\",\"urlTemplate\":\"https:\/\/laprensacristiana.com\/?s={search_term_string}\"},\"query-input\":\"required name=search_term_string\"}],\"inLanguage\":\"es\"},{\"@type\":\"Person\",\"@id\":\"https:\/\/laprensacristiana.com\/#\/schema\/person\/3e7d82c6bfd6b1fa67010f8f7cd5256e\",\"name\":\"EDITOR\",\"image\":{\"@type\":\"ImageObject\",\"inLanguage\":\"es\",\"@id\":\"https:\/\/laprensacristiana.com\/#\/schema\/person\/image\/\",\"url\":\"https:\/\/secure.gravatar.com\/avatar\/72069dfb6c13772d9e8381e3638666d2?s=96&d=mm&r=g\",\"contentUrl\":\"https:\/\/secure.gravatar.com\/avatar\/72069dfb6c13772d9e8381e3638666d2?s=96&d=mm&r=g\",\"caption\":\"EDITOR\"},\"url\":\"https:\/\/laprensacristiana.com\/?author=3\"}]}<\/script>\n<!-- \/ Yoast SEO plugin. -->","yoast_head_json":{"title":"Rojo en Christian Fest Live El Salvador 2019 - La Prensa Cristiana","robots":{"index":"index","follow":"follow","max-snippet":"max-snippet:-1","max-image-preview":"max-image-preview:large","max-video-preview":"max-video-preview:-1"},"canonical":"https:\/\/laprensacristiana.com\/?p=5618","og_locale":"es_ES","og_type":"article","og_title":"Rojo en Christian Fest Live El Salvador 2019 - La Prensa Cristiana","og_description":"CHRISTIAN FEST LIVE es un evento que se realiza una vez al a\u00f1o y re\u00fane a miles de j\u00f3venes de diferentes culturas y religiones, especialmente j\u00f3venes que no conocen la palabra de Dios. Este proyecto nace en el coraz\u00f3n de empresarios salvadore\u00f1os&nbsp; cristianos que saben la importancia de llevar el evangelio a todas aquellas personas [&hellip;]","og_url":"https:\/\/laprensacristiana.com\/?p=5618","og_site_name":"La Prensa Cristiana","article_published_time":"2019-04-15T17:31:36+00:00","article_modified_time":"2019-04-15T17:31:39+00:00","og_image":[{"width":960,"height":720,"url":"https:\/\/laprensacristiana.com\/wp-content\/uploads\/2019\/04\/20768189_10154884434958946_7734732604817501839_n.jpg","type":"image\/jpeg"}],"author":"EDITOR","twitter_card":"summary_large_image","twitter_misc":{"Escrito por":"EDITOR","Tiempo de lectura":"1 minuto"},"schema":{"@context":"https:\/\/schema.org","@graph":[{"@type":"WebPage","@id":"https:\/\/laprensacristiana.com\/?p=5618","url":"https:\/\/laprensacristiana.com\/?p=5618","name":"Rojo en Christian Fest Live El Salvador 2019 - La Prensa Cristiana","isPartOf":{"@id":"https:\/\/laprensacristiana.com\/#website"},"datePublished":"2019-04-15T17:31:36+00:00","dateModified":"2019-04-15T17:31:39+00:00","author":{"@id":"https:\/\/laprensacristiana.com\/#\/schema\/person\/3e7d82c6bfd6b1fa67010f8f7cd5256e"},"breadcrumb":{"@id":"https:\/\/laprensacristiana.com\/?p=5618#breadcrumb"},"inLanguage":"es","potentialAction":[{"@type":"ReadAction","target":["https:\/\/laprensacristiana.com\/?p=5618"]}]},{"@type":"BreadcrumbList","@id":"https:\/\/laprensacristiana.com\/?p=5618#breadcrumb","itemListElement":[{"@type":"ListItem","position":1,"name":"Portada","item":"https:\/\/laprensacristiana.com\/"},{"@type":"ListItem","position":2,"name":"Rojo en Christian Fest Live El Salvador 2019"}]},{"@type":"WebSite","@id":"https:\/\/laprensacristiana.com\/#website","url":"https:\/\/laprensacristiana.com\/","name":"La Prensa Cristiana","description":"Anunciando Las Buenas Nuevas","potentialAction":[{"@type":"SearchAction","target":{"@type":"EntryPoint","urlTemplate":"https:\/\/laprensacristiana.com\/?s={search_term_string}"},"query-input":"required name=search_term_string"}],"inLanguage":"es"},{"@type":"Person","@id":"https:\/\/laprensacristiana.com\/#\/schema\/person\/3e7d82c6bfd6b1fa67010f8f7cd5256e","name":"EDITOR","image":{"@type":"ImageObject","inLanguage":"es","@id":"https:\/\/laprensacristiana.com\/#\/schema\/person\/image\/","url":"https:\/\/secure.gravatar.com\/avatar\/72069dfb6c13772d9e8381e3638666d2?s=96&d=mm&r=g","contentUrl":"https:\/\/secure.gravatar.com\/avatar\/72069dfb6c13772d9e8381e3638666d2?s=96&d=mm&r=g","caption":"EDITOR"},"url":"https:\/\/laprensacristiana.com\/?author=3"}]}},"_links":{"self":[{"href":"https:\/\/laprensacristiana.com\/index.php?rest_route=\/wp\/v2\/posts\/5618"}],"collection":[{"href":"https:\/\/laprensacristiana.com\/index.php?rest_route=\/wp\/v2\/posts"}],"about":[{"href":"https:\/\/laprensacristiana.com\/index.php?rest_route=\/wp\/v2\/types\/post"}],"author":[{"embeddable":true,"href":"https:\/\/laprensacristiana.com\/index.php?rest_route=\/wp\/v2\/users\/3"}],"replies":[{"embeddable":true,"href":"https:\/\/laprensacristiana.com\/index.php?rest_route=%2Fwp%2Fv2%2Fcomments&post=5618"}],"version-history":[{"count":1,"href":"https:\/\/laprensacristiana.com\/index.php?rest_route=\/wp\/v2\/posts\/5618\/revisions"}],"predecessor-version":[{"id":5620,"href":"https:\/\/laprensacristiana.com\/index.php?rest_route=\/wp\/v2\/posts\/5618\/revisions\/5620"}],"wp:featuredmedia":[{"embeddable":true,"href":"https:\/\/laprensacristiana.com\/index.php?rest_route=\/wp\/v2\/media\/5619"}],"wp:attachment":[{"href":"https:\/\/laprensacristiana.com\/index.php?rest_route=%2Fwp%2Fv2%2Fmedia&parent=5618"}],"wp:term":[{"taxonomy":"category","embeddable":true,"href":"https:\/\/laprensacristiana.com\/index.php?rest_route=%2Fwp%2Fv2%2Fcategories&post=5618"},{"taxonomy":"post_tag","embeddable":true,"href":"https:\/\/laprensacristiana.com\/index.php?rest_route=%2Fwp%2Fv2%2Ftags&post=5618"}],"curies":[{"name":"wp","href":"https:\/\/api.w.org\/{rel}","templated":true}]}}