{"id":5626,"date":"2019-04-15T18:46:40","date_gmt":"2019-04-15T18:46:40","guid":{"rendered":"https:\/\/laprensacristiana.com\/?p=5626"},"modified":"2020-07-01T22:33:56","modified_gmt":"2020-07-01T22:33:56","slug":"que-sabes-de-los-hechos-ocurridos-en-semana-santa","status":"publish","type":"post","link":"https:\/\/laprensacristiana.com\/?p=5626","title":{"rendered":"\u00bfQu\u00e9 sabes de los hechos ocurridos en  semana santa?"},"content":{"rendered":"\n<p><strong>POR JULY DE SOSA<br><\/strong><\/p>\n\n\n\n<p><strong> En el marco de la celebraci\u00f3n de la presente semana santa o semana mayor, considero importante conocer o recordar detalles de la semana m\u00e1s negra que vivi\u00f3 Jes\u00fas, el hijo de Dios, antes de exclamar\u2026<br>  \u00a1consumado es!<br> Las santas escrituras muestran claramente por medio de profec\u00eda, los hechos que acontecer\u00edan al enviado de Dios para salvaci\u00f3n de la humanidad; y luego de su sacrificio en la cruz seria, prosperado, engrandecido y exaltado (Isa\u00edas 52:13). Adem\u00e1s de describir su sufrimiento en medio de dos malhechores Lucas 23:32. como cumplimiento de la profec\u00eda en Isa\u00edas 53:12 fue contado con los pecadores.<br> Antes de ser crucificado seg\u00fan el evangelio de Mateo los soldados romanos, lo desnudaron echaron encima un manto de escarlata, y pusieron sobre su cabeza una corona de espinas y una ca\u00f1a en su mano derecha, e hincando la rodilla delante de \u00e9l, le escarnec\u00edan, diciendo: \u00a1Salve Rey de los jud\u00edos! Y escupi\u00e9ndole tomaban la ca\u00f1a y golpeaban su cabeza.  Marcos dice que algunos le cubrieron el rostro y le dieron pu\u00f1etazos. Lucas afirma que los hombres que le custodiaban lo vendaron y golpeaban en el rostro. Juan declara que Pilatos azoto a Jes\u00fas, luego de cumplir la petici\u00f3n de aquellos que le gritaban \u00a1Crucif\u00edcale!  \u00bfPuede imaginarse como todo ese maltrato trasformo radicalmente la fisonom\u00eda de Jes\u00fas? A tal grado que Isa\u00edas 52:14. Dice: Como se asombraron de ti muchos, de tal manera fue desfigurado de los hombres su parecer, y su hermosura.<br>   La pregunta de muchos, en ese tiempo como hoy, es \u00bfPorque Jes\u00fas padeci\u00f3 todo eso? Su respuesta, por amor a la humanidad y obediencia para con su padre, definitivamente eso fue lo que le permiti\u00f3 resistir hasta declarar \u201cConsumado es\u201d y habiendo inclinado su cabeza entrego su esp\u00edritu. Juan 19: 30. <br>  A pesar de que para este tiempo en alguna medida la mayor\u00eda estamos informados del sacrificio de Jes\u00fas hecho sin precedente. Todav\u00eda algunos, dudan que, por medio de \u00e9l, hay salvaci\u00f3n para su alma. Tal y como dudaron de lo escrito por los profetas los dos que iban en el camino a Ema\u00fas, y Jes\u00fas resucitado les reprende diciendo: Insensatos y tardos de coraz\u00f3n para creer todo lo que los profetas han dicho, \u00bfNo era necesario que el cristo padeciera estas cosas, y que entrara en su gloria? (Lucas 24:25) <br> En el libro de Isa\u00edas 53:1. Encontramos dos interrogantes que invitan a reflexionar. \u00bfQui\u00e9n ha cre\u00eddo a nuestro anuncio? La pregunta se refiere a la palabra de Dios, en la que muchos no creen. <br> Y \u00bfSobre qui\u00e9n se ha manifestado el brazo de Jehov\u00e1? Esta, pregunta tienen que ver con la obra de Dios en acci\u00f3n. Lamentablemente por la incredulidad de muchos, acerca de la salvaci\u00f3n de Dios por medio de su hijo, su obra de salvaci\u00f3n no ha sido manifestada en ellos.<br> \u00a1Aprovechemos esta semana! En aprender y reflexionar acerca del amor de Dios para nosotros manifestado en el sacrificio de su hijo, nuestro salvador Jes\u00fas quien herido fue por nuestras rebeliones, molido por nuestros pecados; el castigo de nuestra paz fue sobre \u00e9l, y por su llaga fuimos nosotros curados. Todos nosotros nos descarriamos como ovejas, cada cual se apart\u00f3 por su camino; m\u00e1s Jehov\u00e1 cargo en \u00e9l, el pecado de todos nosotros. Isa\u00edas 53:5-6.<br> \u00a1Feliz y bendecida semana santa!<\/strong><\/p>\n","protected":false},"excerpt":{"rendered":"<p>POR JULY DE SOSA En el marco de la celebraci\u00f3n de la presente semana santa o semana mayor, considero importante conocer o recordar detalles de la semana m\u00e1s negra que vivi\u00f3 Jes\u00fas, el hijo de Dios, antes de exclamar\u2026 \u00a1consumado es! Las santas escrituras muestran claramente por medio de profec\u00eda, los hechos que acontecer\u00edan al [&hellip;]<\/p>\n","protected":false},"author":3,"featured_media":5527,"comment_status":"open","ping_status":"open","sticky":false,"template":"","format":"standard","meta":[],"categories":[36],"tags":[],"yoast_head":"<!-- This site is optimized with the Yoast SEO plugin v20.8 - https:\/\/yoast.com\/wordpress\/plugins\/seo\/ -->\n<title>\u00bfQu\u00e9 sabes de los hechos ocurridos en semana santa? - La Prensa Cristiana<\/title>\n<meta name=\"robots\" content=\"index, follow, max-snippet:-1, max-image-preview:large, max-video-preview:-1\" \/>\n<link rel=\"canonical\" href=\"https:\/\/laprensacristiana.com\/?p=5626\" \/>\n<meta property=\"og:locale\" content=\"es_ES\" \/>\n<meta property=\"og:type\" content=\"article\" \/>\n<meta property=\"og:title\" content=\"\u00bfQu\u00e9 sabes de los hechos ocurridos en semana santa? - La Prensa Cristiana\" \/>\n<meta property=\"og:description\" content=\"POR JULY DE SOSA En el marco de la celebraci\u00f3n de la presente semana santa o semana mayor, considero importante conocer o recordar detalles de la semana m\u00e1s negra que vivi\u00f3 Jes\u00fas, el hijo de Dios, antes de exclamar\u2026 \u00a1consumado es! Las santas escrituras muestran claramente por medio de profec\u00eda, los hechos que acontecer\u00edan al [&hellip;]\" \/>\n<meta property=\"og:url\" content=\"https:\/\/laprensacristiana.com\/?p=5626\" \/>\n<meta property=\"og:site_name\" content=\"La Prensa Cristiana\" \/>\n<meta property=\"article:published_time\" content=\"2019-04-15T18:46:40+00:00\" \/>\n<meta property=\"article:modified_time\" content=\"2020-07-01T22:33:56+00:00\" \/>\n<meta property=\"og:image\" content=\"https:\/\/laprensacristiana.com\/wp-content\/uploads\/2019\/04\/JULY-LPG-2017.jpg\" \/>\n\t<meta property=\"og:image:width\" content=\"1240\" \/>\n\t<meta property=\"og:image:height\" content=\"692\" \/>\n\t<meta property=\"og:image:type\" content=\"image\/jpeg\" \/>\n<meta name=\"author\" content=\"EDITOR\" \/>\n<meta name=\"twitter:card\" content=\"summary_large_image\" \/>\n<meta name=\"twitter:label1\" content=\"Escrito por\" \/>\n\t<meta name=\"twitter:data1\" content=\"EDITOR\" \/>\n\t<meta name=\"twitter:label2\" content=\"Tiempo de lectura\" \/>\n\t<meta name=\"twitter:data2\" content=\"3 minutos\" \/>\n<script type=\"application\/ld+json\" class=\"yoast-schema-graph\">{\"@context\":\"https:\/\/schema.org\",\"@graph\":[{\"@type\":\"WebPage\",\"@id\":\"https:\/\/laprensacristiana.com\/?p=5626\",\"url\":\"https:\/\/laprensacristiana.com\/?p=5626\",\"name\":\"\u00bfQu\u00e9 sabes de los hechos ocurridos en semana santa? - La Prensa Cristiana\",\"isPartOf\":{\"@id\":\"https:\/\/laprensacristiana.com\/#website\"},\"datePublished\":\"2019-04-15T18:46:40+00:00\",\"dateModified\":\"2020-07-01T22:33:56+00:00\",\"author\":{\"@id\":\"https:\/\/laprensacristiana.com\/#\/schema\/person\/3e7d82c6bfd6b1fa67010f8f7cd5256e\"},\"breadcrumb\":{\"@id\":\"https:\/\/laprensacristiana.com\/?p=5626#breadcrumb\"},\"inLanguage\":\"es\",\"potentialAction\":[{\"@type\":\"ReadAction\",\"target\":[\"https:\/\/laprensacristiana.com\/?p=5626\"]}]},{\"@type\":\"BreadcrumbList\",\"@id\":\"https:\/\/laprensacristiana.com\/?p=5626#breadcrumb\",\"itemListElement\":[{\"@type\":\"ListItem\",\"position\":1,\"name\":\"Portada\",\"item\":\"https:\/\/laprensacristiana.com\/\"},{\"@type\":\"ListItem\",\"position\":2,\"name\":\"\u00bfQu\u00e9 sabes de los hechos ocurridos en semana santa?\"}]},{\"@type\":\"WebSite\",\"@id\":\"https:\/\/laprensacristiana.com\/#website\",\"url\":\"https:\/\/laprensacristiana.com\/\",\"name\":\"La Prensa Cristiana\",\"description\":\"Anunciando Las Buenas Nuevas\",\"potentialAction\":[{\"@type\":\"SearchAction\",\"target\":{\"@type\":\"EntryPoint\",\"urlTemplate\":\"https:\/\/laprensacristiana.com\/?s={search_term_string}\"},\"query-input\":\"required name=search_term_string\"}],\"inLanguage\":\"es\"},{\"@type\":\"Person\",\"@id\":\"https:\/\/laprensacristiana.com\/#\/schema\/person\/3e7d82c6bfd6b1fa67010f8f7cd5256e\",\"name\":\"EDITOR\",\"image\":{\"@type\":\"ImageObject\",\"inLanguage\":\"es\",\"@id\":\"https:\/\/laprensacristiana.com\/#\/schema\/person\/image\/\",\"url\":\"https:\/\/secure.gravatar.com\/avatar\/72069dfb6c13772d9e8381e3638666d2?s=96&d=mm&r=g\",\"contentUrl\":\"https:\/\/secure.gravatar.com\/avatar\/72069dfb6c13772d9e8381e3638666d2?s=96&d=mm&r=g\",\"caption\":\"EDITOR\"},\"url\":\"https:\/\/laprensacristiana.com\/?author=3\"}]}<\/script>\n<!-- \/ Yoast SEO plugin. -->","yoast_head_json":{"title":"\u00bfQu\u00e9 sabes de los hechos ocurridos en semana santa? - La Prensa Cristiana","robots":{"index":"index","follow":"follow","max-snippet":"max-snippet:-1","max-image-preview":"max-image-preview:large","max-video-preview":"max-video-preview:-1"},"canonical":"https:\/\/laprensacristiana.com\/?p=5626","og_locale":"es_ES","og_type":"article","og_title":"\u00bfQu\u00e9 sabes de los hechos ocurridos en semana santa? - La Prensa Cristiana","og_description":"POR JULY DE SOSA En el marco de la celebraci\u00f3n de la presente semana santa o semana mayor, considero importante conocer o recordar detalles de la semana m\u00e1s negra que vivi\u00f3 Jes\u00fas, el hijo de Dios, antes de exclamar\u2026 \u00a1consumado es! Las santas escrituras muestran claramente por medio de profec\u00eda, los hechos que acontecer\u00edan al [&hellip;]","og_url":"https:\/\/laprensacristiana.com\/?p=5626","og_site_name":"La Prensa Cristiana","article_published_time":"2019-04-15T18:46:40+00:00","article_modified_time":"2020-07-01T22:33:56+00:00","og_image":[{"width":1240,"height":692,"url":"https:\/\/laprensacristiana.com\/wp-content\/uploads\/2019\/04\/JULY-LPG-2017.jpg","type":"image\/jpeg"}],"author":"EDITOR","twitter_card":"summary_large_image","twitter_misc":{"Escrito por":"EDITOR","Tiempo de lectura":"3 minutos"},"schema":{"@context":"https:\/\/schema.org","@graph":[{"@type":"WebPage","@id":"https:\/\/laprensacristiana.com\/?p=5626","url":"https:\/\/laprensacristiana.com\/?p=5626","name":"\u00bfQu\u00e9 sabes de los hechos ocurridos en semana santa? - La Prensa Cristiana","isPartOf":{"@id":"https:\/\/laprensacristiana.com\/#website"},"datePublished":"2019-04-15T18:46:40+00:00","dateModified":"2020-07-01T22:33:56+00:00","author":{"@id":"https:\/\/laprensacristiana.com\/#\/schema\/person\/3e7d82c6bfd6b1fa67010f8f7cd5256e"},"breadcrumb":{"@id":"https:\/\/laprensacristiana.com\/?p=5626#breadcrumb"},"inLanguage":"es","potentialAction":[{"@type":"ReadAction","target":["https:\/\/laprensacristiana.com\/?p=5626"]}]},{"@type":"BreadcrumbList","@id":"https:\/\/laprensacristiana.com\/?p=5626#breadcrumb","itemListElement":[{"@type":"ListItem","position":1,"name":"Portada","item":"https:\/\/laprensacristiana.com\/"},{"@type":"ListItem","position":2,"name":"\u00bfQu\u00e9 sabes de los hechos ocurridos en semana santa?"}]},{"@type":"WebSite","@id":"https:\/\/laprensacristiana.com\/#website","url":"https:\/\/laprensacristiana.com\/","name":"La Prensa Cristiana","description":"Anunciando Las Buenas Nuevas","potentialAction":[{"@type":"SearchAction","target":{"@type":"EntryPoint","urlTemplate":"https:\/\/laprensacristiana.com\/?s={search_term_string}"},"query-input":"required name=search_term_string"}],"inLanguage":"es"},{"@type":"Person","@id":"https:\/\/laprensacristiana.com\/#\/schema\/person\/3e7d82c6bfd6b1fa67010f8f7cd5256e","name":"EDITOR","image":{"@type":"ImageObject","inLanguage":"es","@id":"https:\/\/laprensacristiana.com\/#\/schema\/person\/image\/","url":"https:\/\/secure.gravatar.com\/avatar\/72069dfb6c13772d9e8381e3638666d2?s=96&d=mm&r=g","contentUrl":"https:\/\/secure.gravatar.com\/avatar\/72069dfb6c13772d9e8381e3638666d2?s=96&d=mm&r=g","caption":"EDITOR"},"url":"https:\/\/laprensacristiana.com\/?author=3"}]}},"_links":{"self":[{"href":"https:\/\/laprensacristiana.com\/index.php?rest_route=\/wp\/v2\/posts\/5626"}],"collection":[{"href":"https:\/\/laprensacristiana.com\/index.php?rest_route=\/wp\/v2\/posts"}],"about":[{"href":"https:\/\/laprensacristiana.com\/index.php?rest_route=\/wp\/v2\/types\/post"}],"author":[{"embeddable":true,"href":"https:\/\/laprensacristiana.com\/index.php?rest_route=\/wp\/v2\/users\/3"}],"replies":[{"embeddable":true,"href":"https:\/\/laprensacristiana.com\/index.php?rest_route=%2Fwp%2Fv2%2Fcomments&post=5626"}],"version-history":[{"count":1,"href":"https:\/\/laprensacristiana.com\/index.php?rest_route=\/wp\/v2\/posts\/5626\/revisions"}],"predecessor-version":[{"id":5627,"href":"https:\/\/laprensacristiana.com\/index.php?rest_route=\/wp\/v2\/posts\/5626\/revisions\/5627"}],"wp:featuredmedia":[{"embeddable":true,"href":"https:\/\/laprensacristiana.com\/index.php?rest_route=\/wp\/v2\/media\/5527"}],"wp:attachment":[{"href":"https:\/\/laprensacristiana.com\/index.php?rest_route=%2Fwp%2Fv2%2Fmedia&parent=5626"}],"wp:term":[{"taxonomy":"category","embeddable":true,"href":"https:\/\/laprensacristiana.com\/index.php?rest_route=%2Fwp%2Fv2%2Fcategories&post=5626"},{"taxonomy":"post_tag","embeddable":true,"href":"https:\/\/laprensacristiana.com\/index.php?rest_route=%2Fwp%2Fv2%2Ftags&post=5626"}],"curies":[{"name":"wp","href":"https:\/\/api.w.org\/{rel}","templated":true}]}}