{"id":5628,"date":"2019-04-16T15:55:31","date_gmt":"2019-04-16T15:55:31","guid":{"rendered":"https:\/\/laprensacristiana.com\/?p=5628"},"modified":"2020-07-01T22:33:42","modified_gmt":"2020-07-01T22:33:42","slug":"concilio-misionero-femenil-nacional-celebro-su-70-aniversario","status":"publish","type":"post","link":"https:\/\/laprensacristiana.com\/?p=5628","title":{"rendered":"Concilio Misionero Femenil Nacional celebr\u00f3 su 70\u00b0 aniversario"},"content":{"rendered":"\n<p>Por: Samuel Barrios<\/p>\n\n\n\n<p>El pasado s\u00e1bado 13 abril <a href=\"https:\/\/bit.ly\/2UC3vlk\">el departamento Nacional del Concilio Misionero Femenil de las Asambleas de Dios, celebr\u00f3 su 70\u00b0 aniversario, dando gracias a Dios por los a\u00f1os de servicio en la obra a nivel nacional<\/a>.<br> \u201cMe siento muy contenta, muy agradecida con Dios, por habernos dado la oportunidad de servir en este ministerio tan precioso, porque servirle a Dios es precioso, es un gran privilegio\u201d. Expres\u00f3 la presidenta del Concilio Nacional Hna. Sara viuda de Maga\u00f1a.<br> A esta celebraci\u00f3n se hicieron presentes todos los departamentos del concilio existente a nivel nacional de diferentes iglesias de las Asambleas de Dios, donde como invitado estuvo el Reverendo Juan Bueno, impartiendo la palabra, quien es reconocido por la expansi\u00f3n del evangelio y aportar a la educaci\u00f3n salvadore\u00f1a.<br> \u201cTengo 35 a\u00f1os de ser la presidenta, pero empec\u00e9 desde que se form\u00f3 el concilio femenil nacional, cuando muri\u00f3 mi esposo pens\u00e9 que ah\u00ed terminaba todo, \u00e9l era pastor y serv\u00edamos a Dios y no imagin\u00e9 lo que Dios hab\u00eda destinado para m\u00ed, Dios me ha respaldado en este ministerio, he predicado por todo el pa\u00eds tengo 86 a\u00f1os y seguir\u00e9 hasta que \u00e9l me lleve\u201d. Acot\u00f3, Presidenta del Concilio Nacional.<br> Tambi\u00e9n, se les hizo entrega de un reconocimiento por el esfuerzo y labor a diferentes hermanas que han trabajado en dicho ministerio, donde humildemente sirven a Dios, por lo que la presidenta del Concilio Nacional agreg\u00f3: \u201cEl reconocimiento a las hermanas es por amor a la obra, yo amo a las hermanas ellas me aman a m\u00ed, les tengo mucho amor a la obra y a las hermanas\u201d. <br> Por otra parte, la presidenta del Concilio Nacional se mostr\u00f3 gratificante, por los reconocimientos que le fueron entregados, por su amplia trayectoria en el ministerio y dijo: \u201cDios es bueno, estos reconocimientos que recib\u00ed, las hermanas demuestran su amor y reconocen mi trabajo, yo no trabajo porque me reconozcan, sino que para m\u00ed es un deleite trabajarle a Dios, sin esperar reconocimiento, agradezco a Dios y a las hermanas. y como consejo, les dir\u00eda a las hermanas que se levanten, porque todav\u00eda es tiempo de descasar, la edad no nos puede quitar el deseo de servir voy a cumplir 86 a\u00f1os y esto para m\u00ed no es tristeza, sino una emoci\u00f3n ver que Dios me ha ayudado hasta aqu\u00ed mientras se puede, porque Dios nos va dar el descanso cuando \u00e9l quiera\u201d.<\/p>\n\n\n\n<p><\/p>\n\n\n\n<figure class=\"wp-block-image\"><img decoding=\"async\" src=\"blob:https:\/\/laprensacristiana.com\/5dbad471-e29c-4d01-8bae-68127b88f0e8\" alt=\"\"\/><\/figure>\n\n\n\n<ul class=\"wp-block-gallery columns-2 is-cropped wp-block-gallery-1 is-layout-flex\"><li class=\"blocks-gallery-item\"><figure><img decoding=\"async\" loading=\"lazy\" width=\"1024\" height=\"768\" src=\"https:\/\/laprensacristiana.com\/wp-content\/uploads\/2019\/04\/WhatsApp-Image-2019-04-13-at-6.18.39-PM-1-1-1024x768.jpeg\" alt=\"\" data-id=\"5630\" data-link=\"https:\/\/laprensacristiana.com\/?attachment_id=5630\" class=\"wp-image-5630\" srcset=\"https:\/\/laprensacristiana.com\/wp-content\/uploads\/2019\/04\/WhatsApp-Image-2019-04-13-at-6.18.39-PM-1-1-1024x768.jpeg 1024w, https:\/\/laprensacristiana.com\/wp-content\/uploads\/2019\/04\/WhatsApp-Image-2019-04-13-at-6.18.39-PM-1-1-600x450.jpeg 600w, https:\/\/laprensacristiana.com\/wp-content\/uploads\/2019\/04\/WhatsApp-Image-2019-04-13-at-6.18.39-PM-1-1-300x225.jpeg 300w, https:\/\/laprensacristiana.com\/wp-content\/uploads\/2019\/04\/WhatsApp-Image-2019-04-13-at-6.18.39-PM-1-1-768x576.jpeg 768w, https:\/\/laprensacristiana.com\/wp-content\/uploads\/2019\/04\/WhatsApp-Image-2019-04-13-at-6.18.39-PM-1-1-80x60.jpeg 80w, https:\/\/laprensacristiana.com\/wp-content\/uploads\/2019\/04\/WhatsApp-Image-2019-04-13-at-6.18.39-PM-1-1-265x198.jpeg 265w, https:\/\/laprensacristiana.com\/wp-content\/uploads\/2019\/04\/WhatsApp-Image-2019-04-13-at-6.18.39-PM-1-1-696x522.jpeg 696w, https:\/\/laprensacristiana.com\/wp-content\/uploads\/2019\/04\/WhatsApp-Image-2019-04-13-at-6.18.39-PM-1-1-560x420.jpeg 560w, https:\/\/laprensacristiana.com\/wp-content\/uploads\/2019\/04\/WhatsApp-Image-2019-04-13-at-6.18.39-PM-1-1.jpeg 1040w\" sizes=\"(max-width: 1024px) 100vw, 1024px\" \/><\/figure><\/li><li class=\"blocks-gallery-item\"><figure><img decoding=\"async\" loading=\"lazy\" width=\"768\" height=\"1024\" src=\"https:\/\/laprensacristiana.com\/wp-content\/uploads\/2019\/04\/WhatsApp-Image-2019-04-13-at-6.18.01-PM-768x1024.jpeg\" alt=\"\" data-id=\"5631\" data-link=\"https:\/\/laprensacristiana.com\/?attachment_id=5631\" class=\"wp-image-5631\" srcset=\"https:\/\/laprensacristiana.com\/wp-content\/uploads\/2019\/04\/WhatsApp-Image-2019-04-13-at-6.18.01-PM-768x1024.jpeg 768w, https:\/\/laprensacristiana.com\/wp-content\/uploads\/2019\/04\/WhatsApp-Image-2019-04-13-at-6.18.01-PM-600x800.jpeg 600w, https:\/\/laprensacristiana.com\/wp-content\/uploads\/2019\/04\/WhatsApp-Image-2019-04-13-at-6.18.01-PM-225x300.jpeg 225w, https:\/\/laprensacristiana.com\/wp-content\/uploads\/2019\/04\/WhatsApp-Image-2019-04-13-at-6.18.01-PM-696x928.jpeg 696w, https:\/\/laprensacristiana.com\/wp-content\/uploads\/2019\/04\/WhatsApp-Image-2019-04-13-at-6.18.01-PM-315x420.jpeg 315w, https:\/\/laprensacristiana.com\/wp-content\/uploads\/2019\/04\/WhatsApp-Image-2019-04-13-at-6.18.01-PM.jpeg 780w\" sizes=\"(max-width: 768px) 100vw, 768px\" \/><\/figure><\/li><\/ul>\n","protected":false},"excerpt":{"rendered":"<p>Por: Samuel Barrios El pasado s\u00e1bado 13 abril el departamento Nacional del Concilio Misionero Femenil de las Asambleas de Dios, celebr\u00f3 su 70\u00b0 aniversario, dando gracias a Dios por los a\u00f1os de servicio en la obra a nivel nacional. \u201cMe siento muy contenta, muy agradecida con Dios, por habernos dado la oportunidad de servir en [&hellip;]<\/p>\n","protected":false},"author":3,"featured_media":5629,"comment_status":"open","ping_status":"open","sticky":false,"template":"","format":"standard","meta":[],"categories":[56],"tags":[],"yoast_head":"<!-- This site is optimized with the Yoast SEO plugin v20.8 - https:\/\/yoast.com\/wordpress\/plugins\/seo\/ -->\n<title>Concilio Misionero Femenil Nacional celebr\u00f3 su 70\u00b0 aniversario - La Prensa Cristiana<\/title>\n<meta name=\"robots\" content=\"index, follow, max-snippet:-1, max-image-preview:large, max-video-preview:-1\" \/>\n<link rel=\"canonical\" href=\"https:\/\/laprensacristiana.com\/?p=5628\" \/>\n<meta property=\"og:locale\" content=\"es_ES\" \/>\n<meta property=\"og:type\" content=\"article\" \/>\n<meta property=\"og:title\" content=\"Concilio Misionero Femenil Nacional celebr\u00f3 su 70\u00b0 aniversario - La Prensa Cristiana\" \/>\n<meta property=\"og:description\" content=\"Por: Samuel Barrios El pasado s\u00e1bado 13 abril el departamento Nacional del Concilio Misionero Femenil de las Asambleas de Dios, celebr\u00f3 su 70\u00b0 aniversario, dando gracias a Dios por los a\u00f1os de servicio en la obra a nivel nacional. \u201cMe siento muy contenta, muy agradecida con Dios, por habernos dado la oportunidad de servir en [&hellip;]\" \/>\n<meta property=\"og:url\" content=\"https:\/\/laprensacristiana.com\/?p=5628\" \/>\n<meta property=\"og:site_name\" content=\"La Prensa Cristiana\" \/>\n<meta property=\"article:published_time\" content=\"2019-04-16T15:55:31+00:00\" \/>\n<meta property=\"article:modified_time\" content=\"2020-07-01T22:33:42+00:00\" \/>\n<meta property=\"og:image\" content=\"https:\/\/laprensacristiana.com\/wp-content\/uploads\/2019\/04\/WhatsApp-Image-2019-04-13-at-6.18.39-PM-1.jpeg\" \/>\n\t<meta property=\"og:image:width\" content=\"1040\" \/>\n\t<meta property=\"og:image:height\" content=\"780\" \/>\n\t<meta property=\"og:image:type\" content=\"image\/jpeg\" \/>\n<meta name=\"author\" content=\"EDITOR\" \/>\n<meta name=\"twitter:card\" content=\"summary_large_image\" \/>\n<meta name=\"twitter:label1\" content=\"Escrito por\" \/>\n\t<meta name=\"twitter:data1\" content=\"EDITOR\" \/>\n\t<meta name=\"twitter:label2\" content=\"Tiempo de lectura\" \/>\n\t<meta name=\"twitter:data2\" content=\"2 minutos\" \/>\n<script type=\"application\/ld+json\" class=\"yoast-schema-graph\">{\"@context\":\"https:\/\/schema.org\",\"@graph\":[{\"@type\":\"WebPage\",\"@id\":\"https:\/\/laprensacristiana.com\/?p=5628\",\"url\":\"https:\/\/laprensacristiana.com\/?p=5628\",\"name\":\"Concilio Misionero Femenil Nacional celebr\u00f3 su 70\u00b0 aniversario - La Prensa Cristiana\",\"isPartOf\":{\"@id\":\"https:\/\/laprensacristiana.com\/#website\"},\"datePublished\":\"2019-04-16T15:55:31+00:00\",\"dateModified\":\"2020-07-01T22:33:42+00:00\",\"author\":{\"@id\":\"https:\/\/laprensacristiana.com\/#\/schema\/person\/3e7d82c6bfd6b1fa67010f8f7cd5256e\"},\"breadcrumb\":{\"@id\":\"https:\/\/laprensacristiana.com\/?p=5628#breadcrumb\"},\"inLanguage\":\"es\",\"potentialAction\":[{\"@type\":\"ReadAction\",\"target\":[\"https:\/\/laprensacristiana.com\/?p=5628\"]}]},{\"@type\":\"BreadcrumbList\",\"@id\":\"https:\/\/laprensacristiana.com\/?p=5628#breadcrumb\",\"itemListElement\":[{\"@type\":\"ListItem\",\"position\":1,\"name\":\"Portada\",\"item\":\"https:\/\/laprensacristiana.com\/\"},{\"@type\":\"ListItem\",\"position\":2,\"name\":\"Concilio Misionero Femenil Nacional celebr\u00f3 su 70\u00b0 aniversario\"}]},{\"@type\":\"WebSite\",\"@id\":\"https:\/\/laprensacristiana.com\/#website\",\"url\":\"https:\/\/laprensacristiana.com\/\",\"name\":\"La Prensa Cristiana\",\"description\":\"Anunciando Las Buenas Nuevas\",\"potentialAction\":[{\"@type\":\"SearchAction\",\"target\":{\"@type\":\"EntryPoint\",\"urlTemplate\":\"https:\/\/laprensacristiana.com\/?s={search_term_string}\"},\"query-input\":\"required name=search_term_string\"}],\"inLanguage\":\"es\"},{\"@type\":\"Person\",\"@id\":\"https:\/\/laprensacristiana.com\/#\/schema\/person\/3e7d82c6bfd6b1fa67010f8f7cd5256e\",\"name\":\"EDITOR\",\"image\":{\"@type\":\"ImageObject\",\"inLanguage\":\"es\",\"@id\":\"https:\/\/laprensacristiana.com\/#\/schema\/person\/image\/\",\"url\":\"https:\/\/secure.gravatar.com\/avatar\/72069dfb6c13772d9e8381e3638666d2?s=96&d=mm&r=g\",\"contentUrl\":\"https:\/\/secure.gravatar.com\/avatar\/72069dfb6c13772d9e8381e3638666d2?s=96&d=mm&r=g\",\"caption\":\"EDITOR\"},\"url\":\"https:\/\/laprensacristiana.com\/?author=3\"}]}<\/script>\n<!-- \/ Yoast SEO plugin. -->","yoast_head_json":{"title":"Concilio Misionero Femenil Nacional celebr\u00f3 su 70\u00b0 aniversario - La Prensa Cristiana","robots":{"index":"index","follow":"follow","max-snippet":"max-snippet:-1","max-image-preview":"max-image-preview:large","max-video-preview":"max-video-preview:-1"},"canonical":"https:\/\/laprensacristiana.com\/?p=5628","og_locale":"es_ES","og_type":"article","og_title":"Concilio Misionero Femenil Nacional celebr\u00f3 su 70\u00b0 aniversario - La Prensa Cristiana","og_description":"Por: Samuel Barrios El pasado s\u00e1bado 13 abril el departamento Nacional del Concilio Misionero Femenil de las Asambleas de Dios, celebr\u00f3 su 70\u00b0 aniversario, dando gracias a Dios por los a\u00f1os de servicio en la obra a nivel nacional. \u201cMe siento muy contenta, muy agradecida con Dios, por habernos dado la oportunidad de servir en [&hellip;]","og_url":"https:\/\/laprensacristiana.com\/?p=5628","og_site_name":"La Prensa Cristiana","article_published_time":"2019-04-16T15:55:31+00:00","article_modified_time":"2020-07-01T22:33:42+00:00","og_image":[{"width":1040,"height":780,"url":"https:\/\/laprensacristiana.com\/wp-content\/uploads\/2019\/04\/WhatsApp-Image-2019-04-13-at-6.18.39-PM-1.jpeg","type":"image\/jpeg"}],"author":"EDITOR","twitter_card":"summary_large_image","twitter_misc":{"Escrito por":"EDITOR","Tiempo de lectura":"2 minutos"},"schema":{"@context":"https:\/\/schema.org","@graph":[{"@type":"WebPage","@id":"https:\/\/laprensacristiana.com\/?p=5628","url":"https:\/\/laprensacristiana.com\/?p=5628","name":"Concilio Misionero Femenil Nacional celebr\u00f3 su 70\u00b0 aniversario - La Prensa Cristiana","isPartOf":{"@id":"https:\/\/laprensacristiana.com\/#website"},"datePublished":"2019-04-16T15:55:31+00:00","dateModified":"2020-07-01T22:33:42+00:00","author":{"@id":"https:\/\/laprensacristiana.com\/#\/schema\/person\/3e7d82c6bfd6b1fa67010f8f7cd5256e"},"breadcrumb":{"@id":"https:\/\/laprensacristiana.com\/?p=5628#breadcrumb"},"inLanguage":"es","potentialAction":[{"@type":"ReadAction","target":["https:\/\/laprensacristiana.com\/?p=5628"]}]},{"@type":"BreadcrumbList","@id":"https:\/\/laprensacristiana.com\/?p=5628#breadcrumb","itemListElement":[{"@type":"ListItem","position":1,"name":"Portada","item":"https:\/\/laprensacristiana.com\/"},{"@type":"ListItem","position":2,"name":"Concilio Misionero Femenil Nacional celebr\u00f3 su 70\u00b0 aniversario"}]},{"@type":"WebSite","@id":"https:\/\/laprensacristiana.com\/#website","url":"https:\/\/laprensacristiana.com\/","name":"La Prensa Cristiana","description":"Anunciando Las Buenas Nuevas","potentialAction":[{"@type":"SearchAction","target":{"@type":"EntryPoint","urlTemplate":"https:\/\/laprensacristiana.com\/?s={search_term_string}"},"query-input":"required name=search_term_string"}],"inLanguage":"es"},{"@type":"Person","@id":"https:\/\/laprensacristiana.com\/#\/schema\/person\/3e7d82c6bfd6b1fa67010f8f7cd5256e","name":"EDITOR","image":{"@type":"ImageObject","inLanguage":"es","@id":"https:\/\/laprensacristiana.com\/#\/schema\/person\/image\/","url":"https:\/\/secure.gravatar.com\/avatar\/72069dfb6c13772d9e8381e3638666d2?s=96&d=mm&r=g","contentUrl":"https:\/\/secure.gravatar.com\/avatar\/72069dfb6c13772d9e8381e3638666d2?s=96&d=mm&r=g","caption":"EDITOR"},"url":"https:\/\/laprensacristiana.com\/?author=3"}]}},"_links":{"self":[{"href":"https:\/\/laprensacristiana.com\/index.php?rest_route=\/wp\/v2\/posts\/5628"}],"collection":[{"href":"https:\/\/laprensacristiana.com\/index.php?rest_route=\/wp\/v2\/posts"}],"about":[{"href":"https:\/\/laprensacristiana.com\/index.php?rest_route=\/wp\/v2\/types\/post"}],"author":[{"embeddable":true,"href":"https:\/\/laprensacristiana.com\/index.php?rest_route=\/wp\/v2\/users\/3"}],"replies":[{"embeddable":true,"href":"https:\/\/laprensacristiana.com\/index.php?rest_route=%2Fwp%2Fv2%2Fcomments&post=5628"}],"version-history":[{"count":3,"href":"https:\/\/laprensacristiana.com\/index.php?rest_route=\/wp\/v2\/posts\/5628\/revisions"}],"predecessor-version":[{"id":5634,"href":"https:\/\/laprensacristiana.com\/index.php?rest_route=\/wp\/v2\/posts\/5628\/revisions\/5634"}],"wp:featuredmedia":[{"embeddable":true,"href":"https:\/\/laprensacristiana.com\/index.php?rest_route=\/wp\/v2\/media\/5629"}],"wp:attachment":[{"href":"https:\/\/laprensacristiana.com\/index.php?rest_route=%2Fwp%2Fv2%2Fmedia&parent=5628"}],"wp:term":[{"taxonomy":"category","embeddable":true,"href":"https:\/\/laprensacristiana.com\/index.php?rest_route=%2Fwp%2Fv2%2Fcategories&post=5628"},{"taxonomy":"post_tag","embeddable":true,"href":"https:\/\/laprensacristiana.com\/index.php?rest_route=%2Fwp%2Fv2%2Ftags&post=5628"}],"curies":[{"name":"wp","href":"https:\/\/api.w.org\/{rel}","templated":true}]}}