{"id":5642,"date":"2019-04-17T18:11:25","date_gmt":"2019-04-17T18:11:25","guid":{"rendered":"https:\/\/laprensacristiana.com\/?p=5642"},"modified":"2020-07-01T22:33:19","modified_gmt":"2020-07-01T22:33:19","slug":"de-la-musica-al-evangelio-gerardo-nolasco-ex-guitarrista-de-la-chanchona","status":"publish","type":"post","link":"https:\/\/laprensacristiana.com\/?p=5642","title":{"rendered":"De la m\u00fasica al evangelio, Gerardo Nolasco Ex guitarrista de \u201cLa Chanchona\u201d"},"content":{"rendered":"\n<p>Gerardo Antonio Nolasco se incursion\u00f3 en el \u00e1mbito musical\ncomo guitarrista en el famoso grupo musical Salvadore\u00f1o \u201cLa Chanchona\u201d, luego\ncuando paso a la \u201cBanda Laser\u201d incursion\u00f3 como bajista.<\/p>\n\n\n\n<p>\u00bfA qu\u00e9 edad comenz\u00f3 a tocar guitarra en grupos musicales?<\/p>\n\n\n\n<p>Desde el a\u00f1o 96, debute en \u201cLa Chanchona\u201d. Antes trabajaba\nen una gasolinera, inicie a los 24 a\u00f1os en la m\u00fasica. Trabajando en la\ngasolinera conoc\u00ed a un muchacho que tocaba en el grupo \u201cCa\u00f1a\u201d \u00e9l fue mi\nprofesor, el me ayud\u00f3, me consigui\u00f3 la plaza en La Chanchona, &nbsp;en el 89 empec\u00e9 hacer pininos con el grupo, luego\ntoque en La Chanchona de Arcadio, &nbsp;La Chanchona\nde Tito Mira y luego en la banda Laser con Rene Alonso y termine en \u201cGuanaco\nSolido\u201d profesionalmente. <\/p>\n\n\n\n<p>El mundo de la m\u00fasica le permite conocer diferentes aspectos\nde la vida secular, \u00bfCu\u00e1l fue su mayor dificultad al venir a Cristo?<\/p>\n\n\n\n<p>Quiz\u00e1s lo econ\u00f3mico, las faldas que es lo que es lo que\nenvuelve al hombre en ese \u00e1mbito.<\/p>\n\n\n\n<p>\u00bfC\u00f3mo fue el llamado de Dios hacia su vida?<\/p>\n\n\n\n<p>Por rebelde, procreamos el segundo hijo con mi esposa y naci\u00f3\nmuerto, le falt\u00f3 ox\u00edgeno y yo hice un trato con Dios, los doctores me dec\u00edan que\niba a quedar cuadripl\u00e9jico, me lo dijeron m\u00e1s duro con otras palabras que iba a\nquedar \u201cLoco\u201d. Ah\u00ed sent\u00ed el llamado de Dios que estaba tratando conmigo, ya hab\u00eda\nun antecedente, hace seis meses yo hab\u00eda asistido a la iglesia, que aceptaba, &nbsp;pero siempre segu\u00eda tocando, tomaba, una novia\npor all\u00ed y le fallaba a Dios, no hacia valedero el trato que hab\u00eda hecho con\nEl, a ra\u00edz de eso mi hijo naci\u00f3 muerto y yo me sent\u00eda culpable, el d\u00eda que ella\nfue ingresada en el hospital yo andaba tocando y \u201cdisfrutando de la vida\u201d, fue all\u00ed\nque Dios trato conmigo y aprend\u00ed la lecci\u00f3n. \u00a1Con Dios NO se juega! Con \u00c9l se est\u00e1\ndentro o se est\u00e1 fuera, es un Dios de pactos y \u00c9l s\u00ed respeta los pactos y si no\nlo hace respetar a uno.<\/p>\n\n\n\n<p>\u00bfQu\u00e9 paso con su hijo?<\/p>\n\n\n\n<p>Para gloria y honra de Dios est\u00e1 en perfecto estado de\nsalud, los doctores se admiraban, cuando vino la tecnolog\u00eda de los celulares el\nprogramaba los celulares cuando sus posibilidades eran nulas, ten\u00eda apenas 9\na\u00f1os de edad, le hab\u00edan puesto un apodo porque \u00e9l ten\u00eda el pelo un poco largo\nle dec\u00edan \u201cPuyol \u201d : Puyol ay\u00fadame con el tel\u00e9fono, &nbsp;yo le dec\u00eda a mi esposa: mira y dec\u00edan que iba\na ser loquito, lo que Dios hace para el hombre es imposible para Dios es\nposible. Mi hijo est\u00e1 en Estados Unidos con una media beca apenas tiene cuatro\na\u00f1os all\u00e1. Dios ha sido&nbsp; fiel, aunque me doli\u00f3\nsep\u00e1rame de \u00e9l pero por un futuro mejor, un d\u00eda Dios nos permitir\u00e1 reunirnos\nnuevamente.<\/p>\n\n\n\n<p>Actualmente es miembro de Iglesia Elim Zacatecoluca, \u00bfParticipa\nen alguna \u00e1rea de servicio dentro de la iglesia?<\/p>\n\n\n\n<p>Por misericordia de Dios y apoyo del pastor soy ayuda de coordinador, hace 15 a\u00f1os soy cristiano.<\/p>\n\n\n\n<p>\u00bfQu\u00e9 les dir\u00eda a las personas que a\u00fan no est\u00e1n definidas en\nel evangelio?<\/p>\n\n\n\n<p>Hay un dicho popular que dice \u201cMal paga el diablo a quien bien le sirve\u201d y\u00a0 b\u00edblicamente es que el mundo pasa y sus deseos m\u00e1s la palabra del Se\u00f1or permanece para siempre, volvamos a Cristo, busquemos en \u00c9l nuestra redenci\u00f3n, tarde o temprano pasa, en mi caso espere tocar fondo, no hay que esperar eso si en realidad Dios tiene planes para nuestra vida entonces hay que escucharlos. <\/p>\n\n\n\n<figure class=\"wp-block-image\"><img decoding=\"async\" loading=\"lazy\" width=\"1024\" height=\"576\" src=\"https:\/\/laprensacristiana.com\/wp-content\/uploads\/2019\/04\/440405b6-2743-41ed-a403-bba9b4d34b64-1024x576.jpg\" alt=\"\" class=\"wp-image-5646\" srcset=\"https:\/\/laprensacristiana.com\/wp-content\/uploads\/2019\/04\/440405b6-2743-41ed-a403-bba9b4d34b64-1024x576.jpg 1024w, https:\/\/laprensacristiana.com\/wp-content\/uploads\/2019\/04\/440405b6-2743-41ed-a403-bba9b4d34b64-600x338.jpg 600w, https:\/\/laprensacristiana.com\/wp-content\/uploads\/2019\/04\/440405b6-2743-41ed-a403-bba9b4d34b64-300x169.jpg 300w, https:\/\/laprensacristiana.com\/wp-content\/uploads\/2019\/04\/440405b6-2743-41ed-a403-bba9b4d34b64-768x432.jpg 768w, https:\/\/laprensacristiana.com\/wp-content\/uploads\/2019\/04\/440405b6-2743-41ed-a403-bba9b4d34b64-696x392.jpg 696w, https:\/\/laprensacristiana.com\/wp-content\/uploads\/2019\/04\/440405b6-2743-41ed-a403-bba9b4d34b64-1068x601.jpg 1068w, https:\/\/laprensacristiana.com\/wp-content\/uploads\/2019\/04\/440405b6-2743-41ed-a403-bba9b4d34b64-747x420.jpg 747w, https:\/\/laprensacristiana.com\/wp-content\/uploads\/2019\/04\/440405b6-2743-41ed-a403-bba9b4d34b64.jpg 1280w\" sizes=\"(max-width: 1024px) 100vw, 1024px\" \/><figcaption>Gerardo Nolasco en su faceta de guitarrista secular <\/figcaption><\/figure>\n","protected":false},"excerpt":{"rendered":"<p>Gerardo Antonio Nolasco se incursion\u00f3 en el \u00e1mbito musical como guitarrista en el famoso grupo musical Salvadore\u00f1o \u201cLa Chanchona\u201d, luego cuando paso a la \u201cBanda Laser\u201d incursion\u00f3 como bajista. \u00bfA qu\u00e9 edad comenz\u00f3 a tocar guitarra en grupos musicales? Desde el a\u00f1o 96, debute en \u201cLa Chanchona\u201d. Antes trabajaba en una gasolinera, inicie a los [&hellip;]<\/p>\n","protected":false},"author":3,"featured_media":5645,"comment_status":"open","ping_status":"open","sticky":false,"template":"","format":"standard","meta":[],"categories":[103],"tags":[],"yoast_head":"<!-- This site is optimized with the Yoast SEO plugin v20.8 - https:\/\/yoast.com\/wordpress\/plugins\/seo\/ -->\n<title>De la m\u00fasica al evangelio, Gerardo Nolasco Ex guitarrista de \u201cLa Chanchona\u201d - La Prensa Cristiana<\/title>\n<meta name=\"robots\" content=\"index, follow, max-snippet:-1, max-image-preview:large, max-video-preview:-1\" \/>\n<link rel=\"canonical\" href=\"https:\/\/laprensacristiana.com\/?p=5642\" \/>\n<meta property=\"og:locale\" content=\"es_ES\" \/>\n<meta property=\"og:type\" content=\"article\" \/>\n<meta property=\"og:title\" content=\"De la m\u00fasica al evangelio, Gerardo Nolasco Ex guitarrista de \u201cLa Chanchona\u201d - La Prensa Cristiana\" \/>\n<meta property=\"og:description\" content=\"Gerardo Antonio Nolasco se incursion\u00f3 en el \u00e1mbito musical como guitarrista en el famoso grupo musical Salvadore\u00f1o \u201cLa Chanchona\u201d, luego cuando paso a la \u201cBanda Laser\u201d incursion\u00f3 como bajista. \u00bfA qu\u00e9 edad comenz\u00f3 a tocar guitarra en grupos musicales? Desde el a\u00f1o 96, debute en \u201cLa Chanchona\u201d. Antes trabajaba en una gasolinera, inicie a los [&hellip;]\" \/>\n<meta property=\"og:url\" content=\"https:\/\/laprensacristiana.com\/?p=5642\" \/>\n<meta property=\"og:site_name\" content=\"La Prensa Cristiana\" \/>\n<meta property=\"article:published_time\" content=\"2019-04-17T18:11:25+00:00\" \/>\n<meta property=\"article:modified_time\" content=\"2020-07-01T22:33:19+00:00\" \/>\n<meta property=\"og:image\" content=\"https:\/\/laprensacristiana.com\/wp-content\/uploads\/2019\/04\/WhatsApp-Image-2019-04-17-at-12.00.11-PM-1.jpeg\" \/>\n\t<meta property=\"og:image:width\" content=\"1280\" \/>\n\t<meta property=\"og:image:height\" content=\"685\" \/>\n\t<meta property=\"og:image:type\" content=\"image\/jpeg\" \/>\n<meta name=\"author\" content=\"EDITOR\" \/>\n<meta name=\"twitter:card\" content=\"summary_large_image\" \/>\n<meta name=\"twitter:label1\" content=\"Escrito por\" \/>\n\t<meta name=\"twitter:data1\" content=\"EDITOR\" \/>\n\t<meta name=\"twitter:label2\" content=\"Tiempo de lectura\" \/>\n\t<meta name=\"twitter:data2\" content=\"3 minutos\" \/>\n<script type=\"application\/ld+json\" class=\"yoast-schema-graph\">{\"@context\":\"https:\/\/schema.org\",\"@graph\":[{\"@type\":\"WebPage\",\"@id\":\"https:\/\/laprensacristiana.com\/?p=5642\",\"url\":\"https:\/\/laprensacristiana.com\/?p=5642\",\"name\":\"De la m\u00fasica al evangelio, Gerardo Nolasco Ex guitarrista de \u201cLa Chanchona\u201d - La Prensa Cristiana\",\"isPartOf\":{\"@id\":\"https:\/\/laprensacristiana.com\/#website\"},\"datePublished\":\"2019-04-17T18:11:25+00:00\",\"dateModified\":\"2020-07-01T22:33:19+00:00\",\"author\":{\"@id\":\"https:\/\/laprensacristiana.com\/#\/schema\/person\/3e7d82c6bfd6b1fa67010f8f7cd5256e\"},\"breadcrumb\":{\"@id\":\"https:\/\/laprensacristiana.com\/?p=5642#breadcrumb\"},\"inLanguage\":\"es\",\"potentialAction\":[{\"@type\":\"ReadAction\",\"target\":[\"https:\/\/laprensacristiana.com\/?p=5642\"]}]},{\"@type\":\"BreadcrumbList\",\"@id\":\"https:\/\/laprensacristiana.com\/?p=5642#breadcrumb\",\"itemListElement\":[{\"@type\":\"ListItem\",\"position\":1,\"name\":\"Portada\",\"item\":\"https:\/\/laprensacristiana.com\/\"},{\"@type\":\"ListItem\",\"position\":2,\"name\":\"De la m\u00fasica al evangelio, Gerardo Nolasco Ex guitarrista de \u201cLa Chanchona\u201d\"}]},{\"@type\":\"WebSite\",\"@id\":\"https:\/\/laprensacristiana.com\/#website\",\"url\":\"https:\/\/laprensacristiana.com\/\",\"name\":\"La Prensa Cristiana\",\"description\":\"Anunciando Las Buenas Nuevas\",\"potentialAction\":[{\"@type\":\"SearchAction\",\"target\":{\"@type\":\"EntryPoint\",\"urlTemplate\":\"https:\/\/laprensacristiana.com\/?s={search_term_string}\"},\"query-input\":\"required name=search_term_string\"}],\"inLanguage\":\"es\"},{\"@type\":\"Person\",\"@id\":\"https:\/\/laprensacristiana.com\/#\/schema\/person\/3e7d82c6bfd6b1fa67010f8f7cd5256e\",\"name\":\"EDITOR\",\"image\":{\"@type\":\"ImageObject\",\"inLanguage\":\"es\",\"@id\":\"https:\/\/laprensacristiana.com\/#\/schema\/person\/image\/\",\"url\":\"https:\/\/secure.gravatar.com\/avatar\/72069dfb6c13772d9e8381e3638666d2?s=96&d=mm&r=g\",\"contentUrl\":\"https:\/\/secure.gravatar.com\/avatar\/72069dfb6c13772d9e8381e3638666d2?s=96&d=mm&r=g\",\"caption\":\"EDITOR\"},\"url\":\"https:\/\/laprensacristiana.com\/?author=3\"}]}<\/script>\n<!-- \/ Yoast SEO plugin. -->","yoast_head_json":{"title":"De la m\u00fasica al evangelio, Gerardo Nolasco Ex guitarrista de \u201cLa Chanchona\u201d - La Prensa Cristiana","robots":{"index":"index","follow":"follow","max-snippet":"max-snippet:-1","max-image-preview":"max-image-preview:large","max-video-preview":"max-video-preview:-1"},"canonical":"https:\/\/laprensacristiana.com\/?p=5642","og_locale":"es_ES","og_type":"article","og_title":"De la m\u00fasica al evangelio, Gerardo Nolasco Ex guitarrista de \u201cLa Chanchona\u201d - La Prensa Cristiana","og_description":"Gerardo Antonio Nolasco se incursion\u00f3 en el \u00e1mbito musical como guitarrista en el famoso grupo musical Salvadore\u00f1o \u201cLa Chanchona\u201d, luego cuando paso a la \u201cBanda Laser\u201d incursion\u00f3 como bajista. \u00bfA qu\u00e9 edad comenz\u00f3 a tocar guitarra en grupos musicales? Desde el a\u00f1o 96, debute en \u201cLa Chanchona\u201d. Antes trabajaba en una gasolinera, inicie a los [&hellip;]","og_url":"https:\/\/laprensacristiana.com\/?p=5642","og_site_name":"La Prensa Cristiana","article_published_time":"2019-04-17T18:11:25+00:00","article_modified_time":"2020-07-01T22:33:19+00:00","og_image":[{"width":1280,"height":685,"url":"https:\/\/laprensacristiana.com\/wp-content\/uploads\/2019\/04\/WhatsApp-Image-2019-04-17-at-12.00.11-PM-1.jpeg","type":"image\/jpeg"}],"author":"EDITOR","twitter_card":"summary_large_image","twitter_misc":{"Escrito por":"EDITOR","Tiempo de lectura":"3 minutos"},"schema":{"@context":"https:\/\/schema.org","@graph":[{"@type":"WebPage","@id":"https:\/\/laprensacristiana.com\/?p=5642","url":"https:\/\/laprensacristiana.com\/?p=5642","name":"De la m\u00fasica al evangelio, Gerardo Nolasco Ex guitarrista de \u201cLa Chanchona\u201d - La Prensa Cristiana","isPartOf":{"@id":"https:\/\/laprensacristiana.com\/#website"},"datePublished":"2019-04-17T18:11:25+00:00","dateModified":"2020-07-01T22:33:19+00:00","author":{"@id":"https:\/\/laprensacristiana.com\/#\/schema\/person\/3e7d82c6bfd6b1fa67010f8f7cd5256e"},"breadcrumb":{"@id":"https:\/\/laprensacristiana.com\/?p=5642#breadcrumb"},"inLanguage":"es","potentialAction":[{"@type":"ReadAction","target":["https:\/\/laprensacristiana.com\/?p=5642"]}]},{"@type":"BreadcrumbList","@id":"https:\/\/laprensacristiana.com\/?p=5642#breadcrumb","itemListElement":[{"@type":"ListItem","position":1,"name":"Portada","item":"https:\/\/laprensacristiana.com\/"},{"@type":"ListItem","position":2,"name":"De la m\u00fasica al evangelio, Gerardo Nolasco Ex guitarrista de \u201cLa Chanchona\u201d"}]},{"@type":"WebSite","@id":"https:\/\/laprensacristiana.com\/#website","url":"https:\/\/laprensacristiana.com\/","name":"La Prensa Cristiana","description":"Anunciando Las Buenas Nuevas","potentialAction":[{"@type":"SearchAction","target":{"@type":"EntryPoint","urlTemplate":"https:\/\/laprensacristiana.com\/?s={search_term_string}"},"query-input":"required name=search_term_string"}],"inLanguage":"es"},{"@type":"Person","@id":"https:\/\/laprensacristiana.com\/#\/schema\/person\/3e7d82c6bfd6b1fa67010f8f7cd5256e","name":"EDITOR","image":{"@type":"ImageObject","inLanguage":"es","@id":"https:\/\/laprensacristiana.com\/#\/schema\/person\/image\/","url":"https:\/\/secure.gravatar.com\/avatar\/72069dfb6c13772d9e8381e3638666d2?s=96&d=mm&r=g","contentUrl":"https:\/\/secure.gravatar.com\/avatar\/72069dfb6c13772d9e8381e3638666d2?s=96&d=mm&r=g","caption":"EDITOR"},"url":"https:\/\/laprensacristiana.com\/?author=3"}]}},"_links":{"self":[{"href":"https:\/\/laprensacristiana.com\/index.php?rest_route=\/wp\/v2\/posts\/5642"}],"collection":[{"href":"https:\/\/laprensacristiana.com\/index.php?rest_route=\/wp\/v2\/posts"}],"about":[{"href":"https:\/\/laprensacristiana.com\/index.php?rest_route=\/wp\/v2\/types\/post"}],"author":[{"embeddable":true,"href":"https:\/\/laprensacristiana.com\/index.php?rest_route=\/wp\/v2\/users\/3"}],"replies":[{"embeddable":true,"href":"https:\/\/laprensacristiana.com\/index.php?rest_route=%2Fwp%2Fv2%2Fcomments&post=5642"}],"version-history":[{"count":2,"href":"https:\/\/laprensacristiana.com\/index.php?rest_route=\/wp\/v2\/posts\/5642\/revisions"}],"predecessor-version":[{"id":5647,"href":"https:\/\/laprensacristiana.com\/index.php?rest_route=\/wp\/v2\/posts\/5642\/revisions\/5647"}],"wp:featuredmedia":[{"embeddable":true,"href":"https:\/\/laprensacristiana.com\/index.php?rest_route=\/wp\/v2\/media\/5645"}],"wp:attachment":[{"href":"https:\/\/laprensacristiana.com\/index.php?rest_route=%2Fwp%2Fv2%2Fmedia&parent=5642"}],"wp:term":[{"taxonomy":"category","embeddable":true,"href":"https:\/\/laprensacristiana.com\/index.php?rest_route=%2Fwp%2Fv2%2Fcategories&post=5642"},{"taxonomy":"post_tag","embeddable":true,"href":"https:\/\/laprensacristiana.com\/index.php?rest_route=%2Fwp%2Fv2%2Ftags&post=5642"}],"curies":[{"name":"wp","href":"https:\/\/api.w.org\/{rel}","templated":true}]}}