{"id":5650,"date":"2019-04-19T22:17:54","date_gmt":"2019-04-19T22:17:54","guid":{"rendered":"https:\/\/laprensacristiana.com\/?p=5650"},"modified":"2019-04-19T22:55:47","modified_gmt":"2019-04-19T22:55:47","slug":"muere-el-cantante-julio-melgar","status":"publish","type":"post","link":"https:\/\/laprensacristiana.com\/?p=5650","title":{"rendered":"Muere el cantante Julio Melgar"},"content":{"rendered":"\n<p>El dia de hoy en horas de la tarde a trav\u00e9s de un comunicado\noficial la familia del cantante Julio expres\u00f3 su deceso.<\/p>\n\n\n\n<p>***<\/p>\n\n\n\n<p>COMUNICADO OFICIAL:<\/p>\n\n\n\n<p>Hoy 19 de abril de 2019 a las 2:00 p.m. nuestro valiente y\namado Julio Melgar termin\u00f3 victorioso la buena carrera en esta vida y parti\u00f3 a\nla&nbsp;presencia del Se\u00f1or. Durante todo este proceso vivimos en un constante\nmilagro donde Dios nos dibuj\u00f3 lo que es tener una fe inquebrantable a trav\u00e9s de\nsu vida. Sabemos que Dios obr\u00f3, \u00c9l siempre tuvo el control y confiamos en su\nsoberan\u00eda.<\/p>\n\n\n\n<p>Tenemos un Padre bueno que sabr\u00e1 sostener, sanar y\nfortalecernos como familia y ministerio. Agradecemos profundamente a todas las\npersonas que creyeron junto con nosotros; gracias por levantar nuestros brazos\ntantas veces. Definitivamente no seremos los mismos, ahora tenemos una fe m\u00e1s\ngrande para seguir adorando por siempre al \u00fanico digno, porque as\u00ed nos lo\nense\u00f1\u00f3 nuestro Julio, que ahora lleg\u00f3 al lugar que pertenece.<\/p>\n\n\n\n<p>\u201cNo se preocupen por nada; en cambio, oren por todo. D\u00edganle\na Dios lo que necesitan y denle gracias por todo lo que \u00e9l ha hecho. As\u00ed\nexperimentar\u00e1n la paz de Dios, que supera todo lo que podemos entender. La paz\nde Dios cuidar\u00e1 su coraz\u00f3n y su mente mientras vivan en Cristo Jes\u00fas.\u201d<br>\nFilipenses 4:6-7 NTV<\/p>\n\n\n\n<p>***<\/p>\n\n\n\n<p>Diversas personalidades se han expresado en sus redes\nsociales: \u201chasta luego camarada, gracias por tanta fortaleza, mi viejo\u201d\nescribi\u00f3 Dante Gebel.<\/p>\n\n\n\n<p>\u201cQEPD Hermano Julio Melgar. Nuestras condolencias para su familia\u201d Miguel Angel Guerra<\/p>\n\n\n\n<p>\u201cDejas un gran legado a esta generaci\u00f3n, Dios te lleva para que alabes y cantes junto a \u00c9l, aqui sufrimos tu partida pero ahora estas en regocijo eterno, descansa en Paz amigo Julio Melgar\u201d Juan de Montreal<\/p>\n\n\n\n<p>\u00abEjemplo de integridad, de fe y perseverancia!!!lo extra\u00f1aremos!Hasta pronto guerrero\u00bb Alex Zurdo <\/p>\n","protected":false},"excerpt":{"rendered":"<p>El dia de hoy en horas de la tarde a trav\u00e9s de un comunicado oficial la familia del cantante Julio expres\u00f3 su deceso. *** COMUNICADO OFICIAL: Hoy 19 de abril de 2019 a las 2:00 p.m. nuestro valiente y amado Julio Melgar termin\u00f3 victorioso la buena carrera en esta vida y parti\u00f3 a la&nbsp;presencia del [&hellip;]<\/p>\n","protected":false},"author":3,"featured_media":5651,"comment_status":"open","ping_status":"open","sticky":false,"template":"","format":"standard","meta":[],"categories":[56],"tags":[],"yoast_head":"<!-- This site is optimized with the Yoast SEO plugin v20.8 - https:\/\/yoast.com\/wordpress\/plugins\/seo\/ -->\n<title>Muere el cantante Julio Melgar - La Prensa Cristiana<\/title>\n<meta name=\"robots\" content=\"index, follow, max-snippet:-1, max-image-preview:large, max-video-preview:-1\" \/>\n<link rel=\"canonical\" href=\"https:\/\/laprensacristiana.com\/?p=5650\" \/>\n<meta property=\"og:locale\" content=\"es_ES\" \/>\n<meta property=\"og:type\" content=\"article\" \/>\n<meta property=\"og:title\" content=\"Muere el cantante Julio Melgar - La Prensa Cristiana\" \/>\n<meta property=\"og:description\" content=\"El dia de hoy en horas de la tarde a trav\u00e9s de un comunicado oficial la familia del cantante Julio expres\u00f3 su deceso. *** COMUNICADO OFICIAL: Hoy 19 de abril de 2019 a las 2:00 p.m. nuestro valiente y amado Julio Melgar termin\u00f3 victorioso la buena carrera en esta vida y parti\u00f3 a la&nbsp;presencia del [&hellip;]\" \/>\n<meta property=\"og:url\" content=\"https:\/\/laprensacristiana.com\/?p=5650\" \/>\n<meta property=\"og:site_name\" content=\"La Prensa Cristiana\" \/>\n<meta property=\"article:published_time\" content=\"2019-04-19T22:17:54+00:00\" \/>\n<meta property=\"article:modified_time\" content=\"2019-04-19T22:55:47+00:00\" \/>\n<meta property=\"og:image\" content=\"https:\/\/laprensacristiana.com\/wp-content\/uploads\/2019\/04\/melgar.jpg\" \/>\n\t<meta property=\"og:image:width\" content=\"960\" \/>\n\t<meta property=\"og:image:height\" content=\"540\" \/>\n\t<meta property=\"og:image:type\" content=\"image\/jpeg\" \/>\n<meta name=\"author\" content=\"EDITOR\" \/>\n<meta name=\"twitter:card\" content=\"summary_large_image\" \/>\n<meta name=\"twitter:label1\" content=\"Escrito por\" \/>\n\t<meta name=\"twitter:data1\" content=\"EDITOR\" \/>\n\t<meta name=\"twitter:label2\" content=\"Tiempo de lectura\" \/>\n\t<meta name=\"twitter:data2\" content=\"2 minutos\" \/>\n<script type=\"application\/ld+json\" class=\"yoast-schema-graph\">{\"@context\":\"https:\/\/schema.org\",\"@graph\":[{\"@type\":\"WebPage\",\"@id\":\"https:\/\/laprensacristiana.com\/?p=5650\",\"url\":\"https:\/\/laprensacristiana.com\/?p=5650\",\"name\":\"Muere el cantante Julio Melgar - La Prensa Cristiana\",\"isPartOf\":{\"@id\":\"https:\/\/laprensacristiana.com\/#website\"},\"datePublished\":\"2019-04-19T22:17:54+00:00\",\"dateModified\":\"2019-04-19T22:55:47+00:00\",\"author\":{\"@id\":\"https:\/\/laprensacristiana.com\/#\/schema\/person\/3e7d82c6bfd6b1fa67010f8f7cd5256e\"},\"breadcrumb\":{\"@id\":\"https:\/\/laprensacristiana.com\/?p=5650#breadcrumb\"},\"inLanguage\":\"es\",\"potentialAction\":[{\"@type\":\"ReadAction\",\"target\":[\"https:\/\/laprensacristiana.com\/?p=5650\"]}]},{\"@type\":\"BreadcrumbList\",\"@id\":\"https:\/\/laprensacristiana.com\/?p=5650#breadcrumb\",\"itemListElement\":[{\"@type\":\"ListItem\",\"position\":1,\"name\":\"Portada\",\"item\":\"https:\/\/laprensacristiana.com\/\"},{\"@type\":\"ListItem\",\"position\":2,\"name\":\"Muere el cantante Julio Melgar\"}]},{\"@type\":\"WebSite\",\"@id\":\"https:\/\/laprensacristiana.com\/#website\",\"url\":\"https:\/\/laprensacristiana.com\/\",\"name\":\"La Prensa Cristiana\",\"description\":\"Anunciando Las Buenas Nuevas\",\"potentialAction\":[{\"@type\":\"SearchAction\",\"target\":{\"@type\":\"EntryPoint\",\"urlTemplate\":\"https:\/\/laprensacristiana.com\/?s={search_term_string}\"},\"query-input\":\"required name=search_term_string\"}],\"inLanguage\":\"es\"},{\"@type\":\"Person\",\"@id\":\"https:\/\/laprensacristiana.com\/#\/schema\/person\/3e7d82c6bfd6b1fa67010f8f7cd5256e\",\"name\":\"EDITOR\",\"image\":{\"@type\":\"ImageObject\",\"inLanguage\":\"es\",\"@id\":\"https:\/\/laprensacristiana.com\/#\/schema\/person\/image\/\",\"url\":\"https:\/\/secure.gravatar.com\/avatar\/72069dfb6c13772d9e8381e3638666d2?s=96&d=mm&r=g\",\"contentUrl\":\"https:\/\/secure.gravatar.com\/avatar\/72069dfb6c13772d9e8381e3638666d2?s=96&d=mm&r=g\",\"caption\":\"EDITOR\"},\"url\":\"https:\/\/laprensacristiana.com\/?author=3\"}]}<\/script>\n<!-- \/ Yoast SEO plugin. -->","yoast_head_json":{"title":"Muere el cantante Julio Melgar - La Prensa Cristiana","robots":{"index":"index","follow":"follow","max-snippet":"max-snippet:-1","max-image-preview":"max-image-preview:large","max-video-preview":"max-video-preview:-1"},"canonical":"https:\/\/laprensacristiana.com\/?p=5650","og_locale":"es_ES","og_type":"article","og_title":"Muere el cantante Julio Melgar - La Prensa Cristiana","og_description":"El dia de hoy en horas de la tarde a trav\u00e9s de un comunicado oficial la familia del cantante Julio expres\u00f3 su deceso. *** COMUNICADO OFICIAL: Hoy 19 de abril de 2019 a las 2:00 p.m. nuestro valiente y amado Julio Melgar termin\u00f3 victorioso la buena carrera en esta vida y parti\u00f3 a la&nbsp;presencia del [&hellip;]","og_url":"https:\/\/laprensacristiana.com\/?p=5650","og_site_name":"La Prensa Cristiana","article_published_time":"2019-04-19T22:17:54+00:00","article_modified_time":"2019-04-19T22:55:47+00:00","og_image":[{"width":960,"height":540,"url":"https:\/\/laprensacristiana.com\/wp-content\/uploads\/2019\/04\/melgar.jpg","type":"image\/jpeg"}],"author":"EDITOR","twitter_card":"summary_large_image","twitter_misc":{"Escrito por":"EDITOR","Tiempo de lectura":"2 minutos"},"schema":{"@context":"https:\/\/schema.org","@graph":[{"@type":"WebPage","@id":"https:\/\/laprensacristiana.com\/?p=5650","url":"https:\/\/laprensacristiana.com\/?p=5650","name":"Muere el cantante Julio Melgar - La Prensa Cristiana","isPartOf":{"@id":"https:\/\/laprensacristiana.com\/#website"},"datePublished":"2019-04-19T22:17:54+00:00","dateModified":"2019-04-19T22:55:47+00:00","author":{"@id":"https:\/\/laprensacristiana.com\/#\/schema\/person\/3e7d82c6bfd6b1fa67010f8f7cd5256e"},"breadcrumb":{"@id":"https:\/\/laprensacristiana.com\/?p=5650#breadcrumb"},"inLanguage":"es","potentialAction":[{"@type":"ReadAction","target":["https:\/\/laprensacristiana.com\/?p=5650"]}]},{"@type":"BreadcrumbList","@id":"https:\/\/laprensacristiana.com\/?p=5650#breadcrumb","itemListElement":[{"@type":"ListItem","position":1,"name":"Portada","item":"https:\/\/laprensacristiana.com\/"},{"@type":"ListItem","position":2,"name":"Muere el cantante Julio Melgar"}]},{"@type":"WebSite","@id":"https:\/\/laprensacristiana.com\/#website","url":"https:\/\/laprensacristiana.com\/","name":"La Prensa Cristiana","description":"Anunciando Las Buenas Nuevas","potentialAction":[{"@type":"SearchAction","target":{"@type":"EntryPoint","urlTemplate":"https:\/\/laprensacristiana.com\/?s={search_term_string}"},"query-input":"required name=search_term_string"}],"inLanguage":"es"},{"@type":"Person","@id":"https:\/\/laprensacristiana.com\/#\/schema\/person\/3e7d82c6bfd6b1fa67010f8f7cd5256e","name":"EDITOR","image":{"@type":"ImageObject","inLanguage":"es","@id":"https:\/\/laprensacristiana.com\/#\/schema\/person\/image\/","url":"https:\/\/secure.gravatar.com\/avatar\/72069dfb6c13772d9e8381e3638666d2?s=96&d=mm&r=g","contentUrl":"https:\/\/secure.gravatar.com\/avatar\/72069dfb6c13772d9e8381e3638666d2?s=96&d=mm&r=g","caption":"EDITOR"},"url":"https:\/\/laprensacristiana.com\/?author=3"}]}},"_links":{"self":[{"href":"https:\/\/laprensacristiana.com\/index.php?rest_route=\/wp\/v2\/posts\/5650"}],"collection":[{"href":"https:\/\/laprensacristiana.com\/index.php?rest_route=\/wp\/v2\/posts"}],"about":[{"href":"https:\/\/laprensacristiana.com\/index.php?rest_route=\/wp\/v2\/types\/post"}],"author":[{"embeddable":true,"href":"https:\/\/laprensacristiana.com\/index.php?rest_route=\/wp\/v2\/users\/3"}],"replies":[{"embeddable":true,"href":"https:\/\/laprensacristiana.com\/index.php?rest_route=%2Fwp%2Fv2%2Fcomments&post=5650"}],"version-history":[{"count":3,"href":"https:\/\/laprensacristiana.com\/index.php?rest_route=\/wp\/v2\/posts\/5650\/revisions"}],"predecessor-version":[{"id":5657,"href":"https:\/\/laprensacristiana.com\/index.php?rest_route=\/wp\/v2\/posts\/5650\/revisions\/5657"}],"wp:featuredmedia":[{"embeddable":true,"href":"https:\/\/laprensacristiana.com\/index.php?rest_route=\/wp\/v2\/media\/5651"}],"wp:attachment":[{"href":"https:\/\/laprensacristiana.com\/index.php?rest_route=%2Fwp%2Fv2%2Fmedia&parent=5650"}],"wp:term":[{"taxonomy":"category","embeddable":true,"href":"https:\/\/laprensacristiana.com\/index.php?rest_route=%2Fwp%2Fv2%2Fcategories&post=5650"},{"taxonomy":"post_tag","embeddable":true,"href":"https:\/\/laprensacristiana.com\/index.php?rest_route=%2Fwp%2Fv2%2Ftags&post=5650"}],"curies":[{"name":"wp","href":"https:\/\/api.w.org\/{rel}","templated":true}]}}