{"id":5660,"date":"2019-04-22T16:37:23","date_gmt":"2019-04-22T16:37:23","guid":{"rendered":"https:\/\/laprensacristiana.com\/?p=5660"},"modified":"2019-04-22T16:47:28","modified_gmt":"2019-04-22T16:47:28","slug":"caravanas-de-migrantes-o-de-refugiados","status":"publish","type":"post","link":"https:\/\/laprensacristiana.com\/?p=5660","title":{"rendered":"\u00bfCaravanas de migrantes o de refugiados?"},"content":{"rendered":"\n<p> El deseo expreso del gobierno estadounidense es el que los pa\u00edses del Tri\u00e1ngulo Norte de Centroam\u00e9rica detengan las caravanas de migrantes. A juzgar por su manera de manejar las cosas en su frontera, aparentemente, se deber\u00eda entender que lo que espera es que se act\u00fae con barreras f\u00edsicas, fuerzas militares y gases lacrim\u00f3genos. Pero tales acciones violentar\u00edan los derechos constitucionales de los ciudadanos salvadore\u00f1os a quienes no se les puede negar el salir del territorio nacional cuando lo deseen (Art\u00edculo 5). En el caso de los pa\u00edses pertenecientes al Convenio Centroamericano de Libre Movilidad, o CA-4, los requisitos para el tr\u00e1nsito son m\u00ednimos y a quien los cumple no se le puede negar su derecho a salir, por ejemplo, hacia Guatemala. Por otra parte, aunque los medios de comunicaci\u00f3n y los pol\u00edticos emplean los t\u00e9rminos \u00abmigrante\u00bb y \u00abrefugiado\u00bb como si significaran lo mismo, lo cierto es que el derecho internacional establece diferencias importantes entre ellos. Confundir los conceptos puede tener graves consecuencias para la vida y seguridad de ambos grupos.  <\/p>\n\n\n\n<p> Las personas migrantes son aquellas que se desplazan principalmente para mejorar sus vidas trabajando o, en algunos casos, para formarse, hacer negocios o por otros motivos. Los migrantes no tienen impedimentos para regresar, aunque en sus pa\u00edses de origen haya falta de desarrollo econ\u00f3mico. Por el contrario, las personas refugiadas son aquellas que no pueden regresar a su pa\u00eds porque corren un peligro real de sufrir persecuci\u00f3n u otras violaciones graves a sus derechos humanos. Precisamente, su situaci\u00f3n all\u00ed es tan peligrosa e intolerable que han cruzado fronteras en busca de seguridad. El grave peligro que conlleva regresar a sus hogares es precisamente lo que hace que necesiten refugio y protecci\u00f3n en otro lugar. Los dos t\u00e9rminos tienen significados distintos y confundirlos causa problemas a estas dos poblaciones y hace m\u00e1s dif\u00edcil proteger los derechos de ambas. La Convenci\u00f3n de 1951 sobre el Estatuto de los Refugiados y su Protocolo de 1967 son la moderna representaci\u00f3n legal de la antigua tradici\u00f3n universal de conceder asilo a quienes se encontraban en peligro y riesgo. Existe un consenso global sobre ambos instrumentos que regulan espec\u00edficamente el trato que se debe a quienes se ven forzados a abandonar sus hogares. Un elemento esencial del Convenio es el principio de <em>non-refoulement<\/em>, no devoluci\u00f3n, que da a los refugiados la seguridad de no ser devueltos a los peligros de los que huyeron. Adem\u00e1s, les garantiza el acceso a procedimientos de asilo justos y eficaces. <\/p>\n\n\n\n<p>\n\nLas caravanas masivas incluyen tanto a personas refugiadas como a personas migrantes. Ambas necesitan que se salvaguarden sus derechos humanos y, en el caso de los refugiados, el concepto de no devoluci\u00f3n, proh\u00edbe a los estados devolverlos a un territorio donde existe riesgo de que sus vidas o libertades se vean amenazadas. La exigencia perentoria de parar las caravanas es violatoria de los derechos constitucionales y del derecho internacional que protegen a los seres humanos. Las caravanas se detendr\u00e1n solo cuando se garanticen condiciones consistentes de seguridad, libertad, alimentaci\u00f3n, salud, vivienda y trabajo para las mayor\u00edas. Es en esos aspectos en los que hay que enfocar todos los esfuerzos para que las personas tengan la oportunidad del desarrollo sin tener que abandonar su pa\u00eds. Lo contrario ser\u00eda a\u00f1adir m\u00e1s maltrato a una poblaci\u00f3n de hecho ya victimizada y violentada.\n\n<\/p>\n","protected":false},"excerpt":{"rendered":"<p>El deseo expreso del gobierno estadounidense es el que los pa\u00edses del Tri\u00e1ngulo Norte de Centroam\u00e9rica detengan las caravanas de migrantes. A juzgar por su manera de manejar las cosas en su frontera, aparentemente, se deber\u00eda entender que lo que espera es que se act\u00fae con barreras f\u00edsicas, fuerzas militares y gases lacrim\u00f3genos. Pero tales [&hellip;]<\/p>\n","protected":false},"author":3,"featured_media":4600,"comment_status":"open","ping_status":"open","sticky":false,"template":"","format":"standard","meta":[],"categories":[23],"tags":[],"yoast_head":"<!-- This site is optimized with the Yoast SEO plugin v20.8 - https:\/\/yoast.com\/wordpress\/plugins\/seo\/ -->\n<title>\u00bfCaravanas de migrantes o de refugiados? - La Prensa Cristiana<\/title>\n<meta name=\"robots\" content=\"index, follow, max-snippet:-1, max-image-preview:large, max-video-preview:-1\" \/>\n<link rel=\"canonical\" href=\"https:\/\/laprensacristiana.com\/?p=5660\" \/>\n<meta property=\"og:locale\" content=\"es_ES\" \/>\n<meta property=\"og:type\" content=\"article\" \/>\n<meta property=\"og:title\" content=\"\u00bfCaravanas de migrantes o de refugiados? - La Prensa Cristiana\" \/>\n<meta property=\"og:description\" content=\"El deseo expreso del gobierno estadounidense es el que los pa\u00edses del Tri\u00e1ngulo Norte de Centroam\u00e9rica detengan las caravanas de migrantes. A juzgar por su manera de manejar las cosas en su frontera, aparentemente, se deber\u00eda entender que lo que espera es que se act\u00fae con barreras f\u00edsicas, fuerzas militares y gases lacrim\u00f3genos. Pero tales [&hellip;]\" \/>\n<meta property=\"og:url\" content=\"https:\/\/laprensacristiana.com\/?p=5660\" \/>\n<meta property=\"og:site_name\" content=\"La Prensa Cristiana\" \/>\n<meta property=\"article:published_time\" content=\"2019-04-22T16:37:23+00:00\" \/>\n<meta property=\"article:modified_time\" content=\"2019-04-22T16:47:28+00:00\" \/>\n<meta property=\"og:image\" content=\"https:\/\/laprensacristiana.com\/wp-content\/uploads\/2018\/10\/OPINION-01-scaled.jpg\" \/>\n\t<meta property=\"og:image:width\" content=\"2560\" \/>\n\t<meta property=\"og:image:height\" content=\"1429\" \/>\n\t<meta property=\"og:image:type\" content=\"image\/jpeg\" \/>\n<meta name=\"author\" content=\"EDITOR\" \/>\n<meta name=\"twitter:card\" content=\"summary_large_image\" \/>\n<meta name=\"twitter:label1\" content=\"Escrito por\" \/>\n\t<meta name=\"twitter:data1\" content=\"EDITOR\" \/>\n\t<meta name=\"twitter:label2\" content=\"Tiempo de lectura\" \/>\n\t<meta name=\"twitter:data2\" content=\"3 minutos\" \/>\n<script type=\"application\/ld+json\" class=\"yoast-schema-graph\">{\"@context\":\"https:\/\/schema.org\",\"@graph\":[{\"@type\":\"WebPage\",\"@id\":\"https:\/\/laprensacristiana.com\/?p=5660\",\"url\":\"https:\/\/laprensacristiana.com\/?p=5660\",\"name\":\"\u00bfCaravanas de migrantes o de refugiados? - La Prensa Cristiana\",\"isPartOf\":{\"@id\":\"https:\/\/laprensacristiana.com\/#website\"},\"datePublished\":\"2019-04-22T16:37:23+00:00\",\"dateModified\":\"2019-04-22T16:47:28+00:00\",\"author\":{\"@id\":\"https:\/\/laprensacristiana.com\/#\/schema\/person\/3e7d82c6bfd6b1fa67010f8f7cd5256e\"},\"breadcrumb\":{\"@id\":\"https:\/\/laprensacristiana.com\/?p=5660#breadcrumb\"},\"inLanguage\":\"es\",\"potentialAction\":[{\"@type\":\"ReadAction\",\"target\":[\"https:\/\/laprensacristiana.com\/?p=5660\"]}]},{\"@type\":\"BreadcrumbList\",\"@id\":\"https:\/\/laprensacristiana.com\/?p=5660#breadcrumb\",\"itemListElement\":[{\"@type\":\"ListItem\",\"position\":1,\"name\":\"Portada\",\"item\":\"https:\/\/laprensacristiana.com\/\"},{\"@type\":\"ListItem\",\"position\":2,\"name\":\"\u00bfCaravanas de migrantes o de refugiados?\"}]},{\"@type\":\"WebSite\",\"@id\":\"https:\/\/laprensacristiana.com\/#website\",\"url\":\"https:\/\/laprensacristiana.com\/\",\"name\":\"La Prensa Cristiana\",\"description\":\"Anunciando Las Buenas Nuevas\",\"potentialAction\":[{\"@type\":\"SearchAction\",\"target\":{\"@type\":\"EntryPoint\",\"urlTemplate\":\"https:\/\/laprensacristiana.com\/?s={search_term_string}\"},\"query-input\":\"required name=search_term_string\"}],\"inLanguage\":\"es\"},{\"@type\":\"Person\",\"@id\":\"https:\/\/laprensacristiana.com\/#\/schema\/person\/3e7d82c6bfd6b1fa67010f8f7cd5256e\",\"name\":\"EDITOR\",\"image\":{\"@type\":\"ImageObject\",\"inLanguage\":\"es\",\"@id\":\"https:\/\/laprensacristiana.com\/#\/schema\/person\/image\/\",\"url\":\"https:\/\/secure.gravatar.com\/avatar\/72069dfb6c13772d9e8381e3638666d2?s=96&d=mm&r=g\",\"contentUrl\":\"https:\/\/secure.gravatar.com\/avatar\/72069dfb6c13772d9e8381e3638666d2?s=96&d=mm&r=g\",\"caption\":\"EDITOR\"},\"url\":\"https:\/\/laprensacristiana.com\/?author=3\"}]}<\/script>\n<!-- \/ Yoast SEO plugin. -->","yoast_head_json":{"title":"\u00bfCaravanas de migrantes o de refugiados? - La Prensa Cristiana","robots":{"index":"index","follow":"follow","max-snippet":"max-snippet:-1","max-image-preview":"max-image-preview:large","max-video-preview":"max-video-preview:-1"},"canonical":"https:\/\/laprensacristiana.com\/?p=5660","og_locale":"es_ES","og_type":"article","og_title":"\u00bfCaravanas de migrantes o de refugiados? - La Prensa Cristiana","og_description":"El deseo expreso del gobierno estadounidense es el que los pa\u00edses del Tri\u00e1ngulo Norte de Centroam\u00e9rica detengan las caravanas de migrantes. A juzgar por su manera de manejar las cosas en su frontera, aparentemente, se deber\u00eda entender que lo que espera es que se act\u00fae con barreras f\u00edsicas, fuerzas militares y gases lacrim\u00f3genos. Pero tales [&hellip;]","og_url":"https:\/\/laprensacristiana.com\/?p=5660","og_site_name":"La Prensa Cristiana","article_published_time":"2019-04-22T16:37:23+00:00","article_modified_time":"2019-04-22T16:47:28+00:00","og_image":[{"width":2560,"height":1429,"url":"https:\/\/laprensacristiana.com\/wp-content\/uploads\/2018\/10\/OPINION-01-scaled.jpg","type":"image\/jpeg"}],"author":"EDITOR","twitter_card":"summary_large_image","twitter_misc":{"Escrito por":"EDITOR","Tiempo de lectura":"3 minutos"},"schema":{"@context":"https:\/\/schema.org","@graph":[{"@type":"WebPage","@id":"https:\/\/laprensacristiana.com\/?p=5660","url":"https:\/\/laprensacristiana.com\/?p=5660","name":"\u00bfCaravanas de migrantes o de refugiados? - La Prensa Cristiana","isPartOf":{"@id":"https:\/\/laprensacristiana.com\/#website"},"datePublished":"2019-04-22T16:37:23+00:00","dateModified":"2019-04-22T16:47:28+00:00","author":{"@id":"https:\/\/laprensacristiana.com\/#\/schema\/person\/3e7d82c6bfd6b1fa67010f8f7cd5256e"},"breadcrumb":{"@id":"https:\/\/laprensacristiana.com\/?p=5660#breadcrumb"},"inLanguage":"es","potentialAction":[{"@type":"ReadAction","target":["https:\/\/laprensacristiana.com\/?p=5660"]}]},{"@type":"BreadcrumbList","@id":"https:\/\/laprensacristiana.com\/?p=5660#breadcrumb","itemListElement":[{"@type":"ListItem","position":1,"name":"Portada","item":"https:\/\/laprensacristiana.com\/"},{"@type":"ListItem","position":2,"name":"\u00bfCaravanas de migrantes o de refugiados?"}]},{"@type":"WebSite","@id":"https:\/\/laprensacristiana.com\/#website","url":"https:\/\/laprensacristiana.com\/","name":"La Prensa Cristiana","description":"Anunciando Las Buenas Nuevas","potentialAction":[{"@type":"SearchAction","target":{"@type":"EntryPoint","urlTemplate":"https:\/\/laprensacristiana.com\/?s={search_term_string}"},"query-input":"required name=search_term_string"}],"inLanguage":"es"},{"@type":"Person","@id":"https:\/\/laprensacristiana.com\/#\/schema\/person\/3e7d82c6bfd6b1fa67010f8f7cd5256e","name":"EDITOR","image":{"@type":"ImageObject","inLanguage":"es","@id":"https:\/\/laprensacristiana.com\/#\/schema\/person\/image\/","url":"https:\/\/secure.gravatar.com\/avatar\/72069dfb6c13772d9e8381e3638666d2?s=96&d=mm&r=g","contentUrl":"https:\/\/secure.gravatar.com\/avatar\/72069dfb6c13772d9e8381e3638666d2?s=96&d=mm&r=g","caption":"EDITOR"},"url":"https:\/\/laprensacristiana.com\/?author=3"}]}},"_links":{"self":[{"href":"https:\/\/laprensacristiana.com\/index.php?rest_route=\/wp\/v2\/posts\/5660"}],"collection":[{"href":"https:\/\/laprensacristiana.com\/index.php?rest_route=\/wp\/v2\/posts"}],"about":[{"href":"https:\/\/laprensacristiana.com\/index.php?rest_route=\/wp\/v2\/types\/post"}],"author":[{"embeddable":true,"href":"https:\/\/laprensacristiana.com\/index.php?rest_route=\/wp\/v2\/users\/3"}],"replies":[{"embeddable":true,"href":"https:\/\/laprensacristiana.com\/index.php?rest_route=%2Fwp%2Fv2%2Fcomments&post=5660"}],"version-history":[{"count":2,"href":"https:\/\/laprensacristiana.com\/index.php?rest_route=\/wp\/v2\/posts\/5660\/revisions"}],"predecessor-version":[{"id":5662,"href":"https:\/\/laprensacristiana.com\/index.php?rest_route=\/wp\/v2\/posts\/5660\/revisions\/5662"}],"wp:featuredmedia":[{"embeddable":true,"href":"https:\/\/laprensacristiana.com\/index.php?rest_route=\/wp\/v2\/media\/4600"}],"wp:attachment":[{"href":"https:\/\/laprensacristiana.com\/index.php?rest_route=%2Fwp%2Fv2%2Fmedia&parent=5660"}],"wp:term":[{"taxonomy":"category","embeddable":true,"href":"https:\/\/laprensacristiana.com\/index.php?rest_route=%2Fwp%2Fv2%2Fcategories&post=5660"},{"taxonomy":"post_tag","embeddable":true,"href":"https:\/\/laprensacristiana.com\/index.php?rest_route=%2Fwp%2Fv2%2Ftags&post=5660"}],"curies":[{"name":"wp","href":"https:\/\/api.w.org\/{rel}","templated":true}]}}