{"id":5664,"date":"2019-04-22T17:13:45","date_gmt":"2019-04-22T17:13:45","guid":{"rendered":"https:\/\/laprensacristiana.com\/?p=5664"},"modified":"2020-07-01T22:33:05","modified_gmt":"2020-07-01T22:33:05","slug":"el-castigo-de-nuestra-paz-cayo-sobre-el","status":"publish","type":"post","link":"https:\/\/laprensacristiana.com\/?p=5664","title":{"rendered":"El castigo de nuestra paz cay\u00f3 sobre \u00c9L."},"content":{"rendered":"\n<p><br><\/p>\n\n\n\n<p><strong>POR JULY DE SOSA <\/strong><\/p>\n\n\n\n<p>El profeta Isa\u00edas declara \u201cm\u00e1s \u00e9l herido fue por nuestras transgresiones, molido por nuestras iniquidades; el castigo de nuestra paz cay\u00f3 sobre \u00c9L\u201d. En la pasada semana los cristianos conmemoramos la muerte y la resurrecci\u00f3n de nuestro salvador; cada uno a su manera y creencia, pero el fin fue el mismo, reflexionar en el sacrificio de Jes\u00fas por la humanidad. De mi reflexi\u00f3n personal rescato \u201cla paz con Dios el padre\u201d que Jes\u00fas humill\u00e1ndose as\u00ed mismo con su obediencia, hasta la muerte y muerte de cruz, conquisto para nosotros. <\/p>\n\n\n\n<p><strong>La paz os dejo, m\u00ed paz os doy. (Juan 14: 27)<\/strong> crec\u00ed escuchando esta frase en la iglesia. Pero fue hasta que por voluntad propia decid\u00ed rendir mi vida a Cristo, y nutrirme de su palabra escrita, que entend\u00ed el significado de esto. A causa de nuestros pecados est\u00e1bamos enemistados con Dios el padre y nuestro destino era el castigo eterno lejos de su presencia. Pero Jes\u00fas cambio ese destino oscuro por la luz de su presencia en nosotros y con nosotros. Ciertamente vivimos en un tiempo que pareciera que la paz entre los unos con los otros, dejo de ser prioridad para muchos, y cada uno hace su parte para erradicarla cada d\u00eda, basta con salir de nuestras casas, para encontrarnos en el caos de todos los d\u00edas; gente arrebatando vidas por dinero, odio, envidia, o por el simple deseo de matar.\u00a0 Otros, luchando en el trafico por llegar primero ignorando las se\u00f1ales de cortes\u00eda en las calles como \u201cceda el paso\u201d \u201cconduzca con precauci\u00f3n\u201d \u201crespete las luces de los sem\u00e1foros\u201d entre otras. La cifra de fallecidos por conducci\u00f3n peligrosa cada d\u00eda supera al anterior, y que decir de los asesinatos frutos de la poca tolerancia de algunos que de forma irresponsable portan un arma de fuego en las calles y no dudan en usarla en contra de quien se atreva a sobrepasarles, o ganarles un estacionamiento. Lamentablemente, la violencia que se respira en cada rinc\u00f3n de nuestro pulgarcito de America ha logrado penetrar en las casas y destruir familias, al grado que las discusiones entre parejas han dejado ni\u00f1os hu\u00e9rfanos de madre en su mayor\u00eda. \u00a1La paz os dejo! Es igual a decir \u201cSi Dios es con nosotros, \u00bfQui\u00e9n contra nosotros? El que no escatim\u00f3 a su propio hijo, si no que lo entrego por todos nosotros, \u00bfC\u00f3mo no nos dar\u00e1 tambi\u00e9n con \u00e9l todas las cosas? <strong>Romanos 8:31.<\/strong> Conociendo esto, entendemos que la paz, a la que se refiere Jes\u00fas, no tiene que ver con los placeres que este mundo pueda darnos como dinero, posesiones, matrimonios exitosos, hijos sobresalientes, etc. La paz que debemos respirar a diario es aquella que nos da el sabernos pertenencia de Cristo. <\/p>\n\n\n\n<p>\u201cM\u00ed\npaz os doy\u201d la paz que nos reconcilio con Dios padre. <strong>2Corintios 5:17,18. De modo que si alguno est\u00e1 en Cristo, nueva\ncriatura es; las cosas viejas pasaron; he aqu\u00ed todas son hechas nuevas. Y todo\nesto proviene de Dios, quien nos reconcili\u00f3 consigo mismo por Cristo, y nos dio\nel ministerio de la reconciliaci\u00f3n<\/strong>\u2026 \u00a1Maravilloso!<\/p>\n\n\n\n<p>Grande\ny \u00fanico es el tesoro de la paz que tenemos con Dios y que como cristianos\ndebemos extender hacia nuestro pr\u00f3jimo. \u00bfQu\u00e9 le parece? Si tomamos nuestra\nresponsabilidad en cuanto a esto, y desde, hoy, hacemos lo que nos corresponde del\nverso que cita: <strong>Si es posible en cuanto\ndependa de vosotros, estad en paz con todos los hombres. No os vengu\u00e9is\nvosotros mismos, amados m\u00edos, sino dejad lugar a la ira de Dios: porque escrito\nest\u00e1: Mia es la venganza, yo pagar\u00e9, dice el Se\u00f1or. &nbsp;&nbsp;Romanos\n12:18,19.<\/strong><\/p>\n\n\n\n<p><strong>Bienaventurados los que procuran la\npaz, porque ellos ser\u00e1n llamados hijos de Dios. (Mateo 5:9) <\/strong><\/p>\n\n\n\n<p><strong>\u00a1Shalom!<\/strong><\/p>\n","protected":false},"excerpt":{"rendered":"<p>POR JULY DE SOSA El profeta Isa\u00edas declara \u201cm\u00e1s \u00e9l herido fue por nuestras transgresiones, molido por nuestras iniquidades; el castigo de nuestra paz cay\u00f3 sobre \u00c9L\u201d. En la pasada semana los cristianos conmemoramos la muerte y la resurrecci\u00f3n de nuestro salvador; cada uno a su manera y creencia, pero el fin fue el mismo, [&hellip;]<\/p>\n","protected":false},"author":3,"featured_media":5527,"comment_status":"open","ping_status":"open","sticky":false,"template":"","format":"standard","meta":[],"categories":[36],"tags":[],"yoast_head":"<!-- This site is optimized with the Yoast SEO plugin v20.8 - https:\/\/yoast.com\/wordpress\/plugins\/seo\/ -->\n<title>El castigo de nuestra paz cay\u00f3 sobre \u00c9L. - La Prensa Cristiana<\/title>\n<meta name=\"robots\" content=\"index, follow, max-snippet:-1, max-image-preview:large, max-video-preview:-1\" \/>\n<link rel=\"canonical\" href=\"https:\/\/laprensacristiana.com\/?p=5664\" \/>\n<meta property=\"og:locale\" content=\"es_ES\" \/>\n<meta property=\"og:type\" content=\"article\" \/>\n<meta property=\"og:title\" content=\"El castigo de nuestra paz cay\u00f3 sobre \u00c9L. - La Prensa Cristiana\" \/>\n<meta property=\"og:description\" content=\"POR JULY DE SOSA El profeta Isa\u00edas declara \u201cm\u00e1s \u00e9l herido fue por nuestras transgresiones, molido por nuestras iniquidades; el castigo de nuestra paz cay\u00f3 sobre \u00c9L\u201d. En la pasada semana los cristianos conmemoramos la muerte y la resurrecci\u00f3n de nuestro salvador; cada uno a su manera y creencia, pero el fin fue el mismo, [&hellip;]\" \/>\n<meta property=\"og:url\" content=\"https:\/\/laprensacristiana.com\/?p=5664\" \/>\n<meta property=\"og:site_name\" content=\"La Prensa Cristiana\" \/>\n<meta property=\"article:published_time\" content=\"2019-04-22T17:13:45+00:00\" \/>\n<meta property=\"article:modified_time\" content=\"2020-07-01T22:33:05+00:00\" \/>\n<meta property=\"og:image\" content=\"https:\/\/laprensacristiana.com\/wp-content\/uploads\/2019\/04\/JULY-LPG-2017.jpg\" \/>\n\t<meta property=\"og:image:width\" content=\"1240\" \/>\n\t<meta property=\"og:image:height\" content=\"692\" \/>\n\t<meta property=\"og:image:type\" content=\"image\/jpeg\" \/>\n<meta name=\"author\" content=\"EDITOR\" \/>\n<meta name=\"twitter:card\" content=\"summary_large_image\" \/>\n<meta name=\"twitter:label1\" content=\"Escrito por\" \/>\n\t<meta name=\"twitter:data1\" content=\"EDITOR\" \/>\n\t<meta name=\"twitter:label2\" content=\"Tiempo de lectura\" \/>\n\t<meta name=\"twitter:data2\" content=\"3 minutos\" \/>\n<script type=\"application\/ld+json\" class=\"yoast-schema-graph\">{\"@context\":\"https:\/\/schema.org\",\"@graph\":[{\"@type\":\"WebPage\",\"@id\":\"https:\/\/laprensacristiana.com\/?p=5664\",\"url\":\"https:\/\/laprensacristiana.com\/?p=5664\",\"name\":\"El castigo de nuestra paz cay\u00f3 sobre \u00c9L. - La Prensa Cristiana\",\"isPartOf\":{\"@id\":\"https:\/\/laprensacristiana.com\/#website\"},\"datePublished\":\"2019-04-22T17:13:45+00:00\",\"dateModified\":\"2020-07-01T22:33:05+00:00\",\"author\":{\"@id\":\"https:\/\/laprensacristiana.com\/#\/schema\/person\/3e7d82c6bfd6b1fa67010f8f7cd5256e\"},\"breadcrumb\":{\"@id\":\"https:\/\/laprensacristiana.com\/?p=5664#breadcrumb\"},\"inLanguage\":\"es\",\"potentialAction\":[{\"@type\":\"ReadAction\",\"target\":[\"https:\/\/laprensacristiana.com\/?p=5664\"]}]},{\"@type\":\"BreadcrumbList\",\"@id\":\"https:\/\/laprensacristiana.com\/?p=5664#breadcrumb\",\"itemListElement\":[{\"@type\":\"ListItem\",\"position\":1,\"name\":\"Portada\",\"item\":\"https:\/\/laprensacristiana.com\/\"},{\"@type\":\"ListItem\",\"position\":2,\"name\":\"El castigo de nuestra paz cay\u00f3 sobre \u00c9L.\"}]},{\"@type\":\"WebSite\",\"@id\":\"https:\/\/laprensacristiana.com\/#website\",\"url\":\"https:\/\/laprensacristiana.com\/\",\"name\":\"La Prensa Cristiana\",\"description\":\"Anunciando Las Buenas Nuevas\",\"potentialAction\":[{\"@type\":\"SearchAction\",\"target\":{\"@type\":\"EntryPoint\",\"urlTemplate\":\"https:\/\/laprensacristiana.com\/?s={search_term_string}\"},\"query-input\":\"required name=search_term_string\"}],\"inLanguage\":\"es\"},{\"@type\":\"Person\",\"@id\":\"https:\/\/laprensacristiana.com\/#\/schema\/person\/3e7d82c6bfd6b1fa67010f8f7cd5256e\",\"name\":\"EDITOR\",\"image\":{\"@type\":\"ImageObject\",\"inLanguage\":\"es\",\"@id\":\"https:\/\/laprensacristiana.com\/#\/schema\/person\/image\/\",\"url\":\"https:\/\/secure.gravatar.com\/avatar\/72069dfb6c13772d9e8381e3638666d2?s=96&d=mm&r=g\",\"contentUrl\":\"https:\/\/secure.gravatar.com\/avatar\/72069dfb6c13772d9e8381e3638666d2?s=96&d=mm&r=g\",\"caption\":\"EDITOR\"},\"url\":\"https:\/\/laprensacristiana.com\/?author=3\"}]}<\/script>\n<!-- \/ Yoast SEO plugin. -->","yoast_head_json":{"title":"El castigo de nuestra paz cay\u00f3 sobre \u00c9L. - La Prensa Cristiana","robots":{"index":"index","follow":"follow","max-snippet":"max-snippet:-1","max-image-preview":"max-image-preview:large","max-video-preview":"max-video-preview:-1"},"canonical":"https:\/\/laprensacristiana.com\/?p=5664","og_locale":"es_ES","og_type":"article","og_title":"El castigo de nuestra paz cay\u00f3 sobre \u00c9L. - La Prensa Cristiana","og_description":"POR JULY DE SOSA El profeta Isa\u00edas declara \u201cm\u00e1s \u00e9l herido fue por nuestras transgresiones, molido por nuestras iniquidades; el castigo de nuestra paz cay\u00f3 sobre \u00c9L\u201d. En la pasada semana los cristianos conmemoramos la muerte y la resurrecci\u00f3n de nuestro salvador; cada uno a su manera y creencia, pero el fin fue el mismo, [&hellip;]","og_url":"https:\/\/laprensacristiana.com\/?p=5664","og_site_name":"La Prensa Cristiana","article_published_time":"2019-04-22T17:13:45+00:00","article_modified_time":"2020-07-01T22:33:05+00:00","og_image":[{"width":1240,"height":692,"url":"https:\/\/laprensacristiana.com\/wp-content\/uploads\/2019\/04\/JULY-LPG-2017.jpg","type":"image\/jpeg"}],"author":"EDITOR","twitter_card":"summary_large_image","twitter_misc":{"Escrito por":"EDITOR","Tiempo de lectura":"3 minutos"},"schema":{"@context":"https:\/\/schema.org","@graph":[{"@type":"WebPage","@id":"https:\/\/laprensacristiana.com\/?p=5664","url":"https:\/\/laprensacristiana.com\/?p=5664","name":"El castigo de nuestra paz cay\u00f3 sobre \u00c9L. - La Prensa Cristiana","isPartOf":{"@id":"https:\/\/laprensacristiana.com\/#website"},"datePublished":"2019-04-22T17:13:45+00:00","dateModified":"2020-07-01T22:33:05+00:00","author":{"@id":"https:\/\/laprensacristiana.com\/#\/schema\/person\/3e7d82c6bfd6b1fa67010f8f7cd5256e"},"breadcrumb":{"@id":"https:\/\/laprensacristiana.com\/?p=5664#breadcrumb"},"inLanguage":"es","potentialAction":[{"@type":"ReadAction","target":["https:\/\/laprensacristiana.com\/?p=5664"]}]},{"@type":"BreadcrumbList","@id":"https:\/\/laprensacristiana.com\/?p=5664#breadcrumb","itemListElement":[{"@type":"ListItem","position":1,"name":"Portada","item":"https:\/\/laprensacristiana.com\/"},{"@type":"ListItem","position":2,"name":"El castigo de nuestra paz cay\u00f3 sobre \u00c9L."}]},{"@type":"WebSite","@id":"https:\/\/laprensacristiana.com\/#website","url":"https:\/\/laprensacristiana.com\/","name":"La Prensa Cristiana","description":"Anunciando Las Buenas Nuevas","potentialAction":[{"@type":"SearchAction","target":{"@type":"EntryPoint","urlTemplate":"https:\/\/laprensacristiana.com\/?s={search_term_string}"},"query-input":"required name=search_term_string"}],"inLanguage":"es"},{"@type":"Person","@id":"https:\/\/laprensacristiana.com\/#\/schema\/person\/3e7d82c6bfd6b1fa67010f8f7cd5256e","name":"EDITOR","image":{"@type":"ImageObject","inLanguage":"es","@id":"https:\/\/laprensacristiana.com\/#\/schema\/person\/image\/","url":"https:\/\/secure.gravatar.com\/avatar\/72069dfb6c13772d9e8381e3638666d2?s=96&d=mm&r=g","contentUrl":"https:\/\/secure.gravatar.com\/avatar\/72069dfb6c13772d9e8381e3638666d2?s=96&d=mm&r=g","caption":"EDITOR"},"url":"https:\/\/laprensacristiana.com\/?author=3"}]}},"_links":{"self":[{"href":"https:\/\/laprensacristiana.com\/index.php?rest_route=\/wp\/v2\/posts\/5664"}],"collection":[{"href":"https:\/\/laprensacristiana.com\/index.php?rest_route=\/wp\/v2\/posts"}],"about":[{"href":"https:\/\/laprensacristiana.com\/index.php?rest_route=\/wp\/v2\/types\/post"}],"author":[{"embeddable":true,"href":"https:\/\/laprensacristiana.com\/index.php?rest_route=\/wp\/v2\/users\/3"}],"replies":[{"embeddable":true,"href":"https:\/\/laprensacristiana.com\/index.php?rest_route=%2Fwp%2Fv2%2Fcomments&post=5664"}],"version-history":[{"count":1,"href":"https:\/\/laprensacristiana.com\/index.php?rest_route=\/wp\/v2\/posts\/5664\/revisions"}],"predecessor-version":[{"id":5665,"href":"https:\/\/laprensacristiana.com\/index.php?rest_route=\/wp\/v2\/posts\/5664\/revisions\/5665"}],"wp:featuredmedia":[{"embeddable":true,"href":"https:\/\/laprensacristiana.com\/index.php?rest_route=\/wp\/v2\/media\/5527"}],"wp:attachment":[{"href":"https:\/\/laprensacristiana.com\/index.php?rest_route=%2Fwp%2Fv2%2Fmedia&parent=5664"}],"wp:term":[{"taxonomy":"category","embeddable":true,"href":"https:\/\/laprensacristiana.com\/index.php?rest_route=%2Fwp%2Fv2%2Fcategories&post=5664"},{"taxonomy":"post_tag","embeddable":true,"href":"https:\/\/laprensacristiana.com\/index.php?rest_route=%2Fwp%2Fv2%2Ftags&post=5664"}],"curies":[{"name":"wp","href":"https:\/\/api.w.org\/{rel}","templated":true}]}}