{"id":5667,"date":"2019-04-22T21:19:49","date_gmt":"2019-04-22T21:19:49","guid":{"rendered":"https:\/\/laprensacristiana.com\/?p=5667"},"modified":"2019-04-22T21:19:52","modified_gmt":"2019-04-22T21:19:52","slug":"fundacion-valores-y-arte-presentara-el-concierto-el-salvador-pais-de-encanto","status":"publish","type":"post","link":"https:\/\/laprensacristiana.com\/?p=5667","title":{"rendered":"Fundaci\u00f3n Valores y arte presentar\u00e1 el concierto \u00abEl Salvador, Pa\u00eds de Encanto\u00bb"},"content":{"rendered":"\n<p>El Ensamble de Cuerdas de la Fundaci\u00f3n Valores y Arte\npresentara su concierto titulado \u00abEl Salvador, Pa\u00eds de Encanto\u00bb,\ndedicado a las madres.<\/p>\n\n\n\n<p>Al ritmo de valses y boleros de grandes compositores\nsalvadore\u00f1os, har\u00e1n un recorrido por&nbsp; El\nSalvador&nbsp; a trav\u00e9s de la m\u00fasica, evocando\nlos tiempos de anta\u00f1o, resaltando las riquezas naturales y su gente.<\/p>\n\n\n\n<p>Bajo la direcci\u00f3n general del Mtro. Mauricio Benjam\u00edn Sol\u00eds,\nse interpretar\u00e1n obras como \u201cChalchuapa\u00bb, \u00abReuter\u00bb, \u00abBajo\nel Almendro\u00bb, L\u00e1grimas de amor\u00bb, \u00abEl Salvador, Pa\u00eds de Encanto\u00bb,\netc. Con la participaci\u00f3n de C\u00e9lida Maga\u00f1a como presentadora y las voces de\nJonathan Rivera y Abraham Reyes como solistas invitados.<\/p>\n\n\n\n<p>La Fundaci\u00f3n Valores y Arte fomentan e impulsan las diferentes\ndisciplinas del arte basadas en valores morales, \u00e9ticos y cristianos que\nconduzcan a las personas a su desarrollo integral.<\/p>\n\n\n\n<p>La fundaci\u00f3n pretende reconocer a mujeres que han aportado\nal arte y a los valores en El Salvador: <\/p>\n\n\n\n<p>&nbsp;1) Elizabeth\nTrabanino de Amaroli, Directora del Sistema Radial El Mundo, Cl\u00e1sica y UPA<\/p>\n\n\n\n<p>&nbsp;2) Olga de Tamacas,\nFundadora del Ministerio Madres Unidas para Orar<\/p>\n\n\n\n<p>&nbsp;3) Gladys de\nMoctezuma, Fundadora de Opera de El Salvador<\/p>\n\n\n\n<p>&nbsp;4) Otilia de C\u00e1rcamo,\nFundadora de Mujer Integral<\/p>\n\n\n\n<p>&nbsp;5) Laura Del Valle,\nDirectora Nacional de World Vision<\/p>\n\n\n\n<p>&nbsp;6) Rhina de Sol\u00eds,\nMaestra y Poetisa<\/p>\n\n\n\n<p>&nbsp;7) Julia Regina de\nCardenal, Presidenta de Fundaci\u00f3n de S\u00ed A La Vida<\/p>\n\n\n\n<p>&nbsp;8) Pastora Leticia\nVda. de Portillo, Fundadora de Misi\u00f3n Pr\u00edncipe de Paz.<\/p>\n\n\n\n<p>Este concierto ser\u00e1 a beneficio de la Fundaci\u00f3n Valores y Arte,\ny se llevar\u00e1 a cabo en la Gran Sala del Teatro Nacional de San Salvador el d\u00eda\ns\u00e1bado 11 de mayo del 2019 a las 5:30 p.m. La donaci\u00f3n ser\u00e1 de $5.00, los boletos\nestar\u00e1n disponibles en Librer\u00edas Josu\u00e9 y en taquilla el d\u00eda del evento. <\/p>\n\n\n\n<p>M\u00e1s informaci\u00f3n en <a href=\"http:\/\/www.valoresyarte.org\">www.valoresyarte.org<\/a>\n&nbsp;&nbsp;<a href=\"mailto:info@valoresyarte.org\">info@valoresyarte.org<\/a> <\/p>\n","protected":false},"excerpt":{"rendered":"<p>El Ensamble de Cuerdas de la Fundaci\u00f3n Valores y Arte presentara su concierto titulado \u00abEl Salvador, Pa\u00eds de Encanto\u00bb, dedicado a las madres. Al ritmo de valses y boleros de grandes compositores salvadore\u00f1os, har\u00e1n un recorrido por&nbsp; El Salvador&nbsp; a trav\u00e9s de la m\u00fasica, evocando los tiempos de anta\u00f1o, resaltando las riquezas naturales y su [&hellip;]<\/p>\n","protected":false},"author":3,"featured_media":5668,"comment_status":"open","ping_status":"open","sticky":false,"template":"","format":"standard","meta":[],"categories":[56],"tags":[],"yoast_head":"<!-- This site is optimized with the Yoast SEO plugin v20.8 - https:\/\/yoast.com\/wordpress\/plugins\/seo\/ -->\n<title>Fundaci\u00f3n Valores y arte presentar\u00e1 el concierto &quot;El Salvador, Pa\u00eds de Encanto&quot; - La Prensa Cristiana<\/title>\n<meta name=\"robots\" content=\"index, follow, max-snippet:-1, max-image-preview:large, max-video-preview:-1\" \/>\n<link rel=\"canonical\" href=\"https:\/\/laprensacristiana.com\/?p=5667\" \/>\n<meta property=\"og:locale\" content=\"es_ES\" \/>\n<meta property=\"og:type\" content=\"article\" \/>\n<meta property=\"og:title\" content=\"Fundaci\u00f3n Valores y arte presentar\u00e1 el concierto &quot;El Salvador, Pa\u00eds de Encanto&quot; - La Prensa Cristiana\" \/>\n<meta property=\"og:description\" content=\"El Ensamble de Cuerdas de la Fundaci\u00f3n Valores y Arte presentara su concierto titulado \u00abEl Salvador, Pa\u00eds de Encanto\u00bb, dedicado a las madres. Al ritmo de valses y boleros de grandes compositores salvadore\u00f1os, har\u00e1n un recorrido por&nbsp; El Salvador&nbsp; a trav\u00e9s de la m\u00fasica, evocando los tiempos de anta\u00f1o, resaltando las riquezas naturales y su [&hellip;]\" \/>\n<meta property=\"og:url\" content=\"https:\/\/laprensacristiana.com\/?p=5667\" \/>\n<meta property=\"og:site_name\" content=\"La Prensa Cristiana\" \/>\n<meta property=\"article:published_time\" content=\"2019-04-22T21:19:49+00:00\" \/>\n<meta property=\"article:modified_time\" content=\"2019-04-22T21:19:52+00:00\" \/>\n<meta property=\"og:image\" content=\"https:\/\/laprensacristiana.com\/wp-content\/uploads\/2019\/04\/gal5.jpg\" \/>\n\t<meta property=\"og:image:width\" content=\"1299\" \/>\n\t<meta property=\"og:image:height\" content=\"866\" \/>\n\t<meta property=\"og:image:type\" content=\"image\/jpeg\" \/>\n<meta name=\"author\" content=\"EDITOR\" \/>\n<meta name=\"twitter:card\" content=\"summary_large_image\" \/>\n<meta name=\"twitter:label1\" content=\"Escrito por\" \/>\n\t<meta name=\"twitter:data1\" content=\"EDITOR\" \/>\n\t<meta name=\"twitter:label2\" content=\"Tiempo de lectura\" \/>\n\t<meta name=\"twitter:data2\" content=\"2 minutos\" \/>\n<script type=\"application\/ld+json\" class=\"yoast-schema-graph\">{\"@context\":\"https:\/\/schema.org\",\"@graph\":[{\"@type\":\"WebPage\",\"@id\":\"https:\/\/laprensacristiana.com\/?p=5667\",\"url\":\"https:\/\/laprensacristiana.com\/?p=5667\",\"name\":\"Fundaci\u00f3n Valores y arte presentar\u00e1 el concierto \\\"El Salvador, Pa\u00eds de Encanto\\\" - La Prensa Cristiana\",\"isPartOf\":{\"@id\":\"https:\/\/laprensacristiana.com\/#website\"},\"datePublished\":\"2019-04-22T21:19:49+00:00\",\"dateModified\":\"2019-04-22T21:19:52+00:00\",\"author\":{\"@id\":\"https:\/\/laprensacristiana.com\/#\/schema\/person\/3e7d82c6bfd6b1fa67010f8f7cd5256e\"},\"breadcrumb\":{\"@id\":\"https:\/\/laprensacristiana.com\/?p=5667#breadcrumb\"},\"inLanguage\":\"es\",\"potentialAction\":[{\"@type\":\"ReadAction\",\"target\":[\"https:\/\/laprensacristiana.com\/?p=5667\"]}]},{\"@type\":\"BreadcrumbList\",\"@id\":\"https:\/\/laprensacristiana.com\/?p=5667#breadcrumb\",\"itemListElement\":[{\"@type\":\"ListItem\",\"position\":1,\"name\":\"Portada\",\"item\":\"https:\/\/laprensacristiana.com\/\"},{\"@type\":\"ListItem\",\"position\":2,\"name\":\"Fundaci\u00f3n Valores y arte presentar\u00e1 el concierto \u00abEl Salvador, Pa\u00eds de Encanto\u00bb\"}]},{\"@type\":\"WebSite\",\"@id\":\"https:\/\/laprensacristiana.com\/#website\",\"url\":\"https:\/\/laprensacristiana.com\/\",\"name\":\"La Prensa Cristiana\",\"description\":\"Anunciando Las Buenas Nuevas\",\"potentialAction\":[{\"@type\":\"SearchAction\",\"target\":{\"@type\":\"EntryPoint\",\"urlTemplate\":\"https:\/\/laprensacristiana.com\/?s={search_term_string}\"},\"query-input\":\"required name=search_term_string\"}],\"inLanguage\":\"es\"},{\"@type\":\"Person\",\"@id\":\"https:\/\/laprensacristiana.com\/#\/schema\/person\/3e7d82c6bfd6b1fa67010f8f7cd5256e\",\"name\":\"EDITOR\",\"image\":{\"@type\":\"ImageObject\",\"inLanguage\":\"es\",\"@id\":\"https:\/\/laprensacristiana.com\/#\/schema\/person\/image\/\",\"url\":\"https:\/\/secure.gravatar.com\/avatar\/72069dfb6c13772d9e8381e3638666d2?s=96&d=mm&r=g\",\"contentUrl\":\"https:\/\/secure.gravatar.com\/avatar\/72069dfb6c13772d9e8381e3638666d2?s=96&d=mm&r=g\",\"caption\":\"EDITOR\"},\"url\":\"https:\/\/laprensacristiana.com\/?author=3\"}]}<\/script>\n<!-- \/ Yoast SEO plugin. -->","yoast_head_json":{"title":"Fundaci\u00f3n Valores y arte presentar\u00e1 el concierto \"El Salvador, Pa\u00eds de Encanto\" - La Prensa Cristiana","robots":{"index":"index","follow":"follow","max-snippet":"max-snippet:-1","max-image-preview":"max-image-preview:large","max-video-preview":"max-video-preview:-1"},"canonical":"https:\/\/laprensacristiana.com\/?p=5667","og_locale":"es_ES","og_type":"article","og_title":"Fundaci\u00f3n Valores y arte presentar\u00e1 el concierto \"El Salvador, Pa\u00eds de Encanto\" - La Prensa Cristiana","og_description":"El Ensamble de Cuerdas de la Fundaci\u00f3n Valores y Arte presentara su concierto titulado \u00abEl Salvador, Pa\u00eds de Encanto\u00bb, dedicado a las madres. Al ritmo de valses y boleros de grandes compositores salvadore\u00f1os, har\u00e1n un recorrido por&nbsp; El Salvador&nbsp; a trav\u00e9s de la m\u00fasica, evocando los tiempos de anta\u00f1o, resaltando las riquezas naturales y su [&hellip;]","og_url":"https:\/\/laprensacristiana.com\/?p=5667","og_site_name":"La Prensa Cristiana","article_published_time":"2019-04-22T21:19:49+00:00","article_modified_time":"2019-04-22T21:19:52+00:00","og_image":[{"width":1299,"height":866,"url":"https:\/\/laprensacristiana.com\/wp-content\/uploads\/2019\/04\/gal5.jpg","type":"image\/jpeg"}],"author":"EDITOR","twitter_card":"summary_large_image","twitter_misc":{"Escrito por":"EDITOR","Tiempo de lectura":"2 minutos"},"schema":{"@context":"https:\/\/schema.org","@graph":[{"@type":"WebPage","@id":"https:\/\/laprensacristiana.com\/?p=5667","url":"https:\/\/laprensacristiana.com\/?p=5667","name":"Fundaci\u00f3n Valores y arte presentar\u00e1 el concierto \"El Salvador, Pa\u00eds de Encanto\" - La Prensa Cristiana","isPartOf":{"@id":"https:\/\/laprensacristiana.com\/#website"},"datePublished":"2019-04-22T21:19:49+00:00","dateModified":"2019-04-22T21:19:52+00:00","author":{"@id":"https:\/\/laprensacristiana.com\/#\/schema\/person\/3e7d82c6bfd6b1fa67010f8f7cd5256e"},"breadcrumb":{"@id":"https:\/\/laprensacristiana.com\/?p=5667#breadcrumb"},"inLanguage":"es","potentialAction":[{"@type":"ReadAction","target":["https:\/\/laprensacristiana.com\/?p=5667"]}]},{"@type":"BreadcrumbList","@id":"https:\/\/laprensacristiana.com\/?p=5667#breadcrumb","itemListElement":[{"@type":"ListItem","position":1,"name":"Portada","item":"https:\/\/laprensacristiana.com\/"},{"@type":"ListItem","position":2,"name":"Fundaci\u00f3n Valores y arte presentar\u00e1 el concierto \u00abEl Salvador, Pa\u00eds de Encanto\u00bb"}]},{"@type":"WebSite","@id":"https:\/\/laprensacristiana.com\/#website","url":"https:\/\/laprensacristiana.com\/","name":"La Prensa Cristiana","description":"Anunciando Las Buenas Nuevas","potentialAction":[{"@type":"SearchAction","target":{"@type":"EntryPoint","urlTemplate":"https:\/\/laprensacristiana.com\/?s={search_term_string}"},"query-input":"required name=search_term_string"}],"inLanguage":"es"},{"@type":"Person","@id":"https:\/\/laprensacristiana.com\/#\/schema\/person\/3e7d82c6bfd6b1fa67010f8f7cd5256e","name":"EDITOR","image":{"@type":"ImageObject","inLanguage":"es","@id":"https:\/\/laprensacristiana.com\/#\/schema\/person\/image\/","url":"https:\/\/secure.gravatar.com\/avatar\/72069dfb6c13772d9e8381e3638666d2?s=96&d=mm&r=g","contentUrl":"https:\/\/secure.gravatar.com\/avatar\/72069dfb6c13772d9e8381e3638666d2?s=96&d=mm&r=g","caption":"EDITOR"},"url":"https:\/\/laprensacristiana.com\/?author=3"}]}},"_links":{"self":[{"href":"https:\/\/laprensacristiana.com\/index.php?rest_route=\/wp\/v2\/posts\/5667"}],"collection":[{"href":"https:\/\/laprensacristiana.com\/index.php?rest_route=\/wp\/v2\/posts"}],"about":[{"href":"https:\/\/laprensacristiana.com\/index.php?rest_route=\/wp\/v2\/types\/post"}],"author":[{"embeddable":true,"href":"https:\/\/laprensacristiana.com\/index.php?rest_route=\/wp\/v2\/users\/3"}],"replies":[{"embeddable":true,"href":"https:\/\/laprensacristiana.com\/index.php?rest_route=%2Fwp%2Fv2%2Fcomments&post=5667"}],"version-history":[{"count":1,"href":"https:\/\/laprensacristiana.com\/index.php?rest_route=\/wp\/v2\/posts\/5667\/revisions"}],"predecessor-version":[{"id":5669,"href":"https:\/\/laprensacristiana.com\/index.php?rest_route=\/wp\/v2\/posts\/5667\/revisions\/5669"}],"wp:featuredmedia":[{"embeddable":true,"href":"https:\/\/laprensacristiana.com\/index.php?rest_route=\/wp\/v2\/media\/5668"}],"wp:attachment":[{"href":"https:\/\/laprensacristiana.com\/index.php?rest_route=%2Fwp%2Fv2%2Fmedia&parent=5667"}],"wp:term":[{"taxonomy":"category","embeddable":true,"href":"https:\/\/laprensacristiana.com\/index.php?rest_route=%2Fwp%2Fv2%2Fcategories&post=5667"},{"taxonomy":"post_tag","embeddable":true,"href":"https:\/\/laprensacristiana.com\/index.php?rest_route=%2Fwp%2Fv2%2Ftags&post=5667"}],"curies":[{"name":"wp","href":"https:\/\/api.w.org\/{rel}","templated":true}]}}