{"id":5673,"date":"2019-04-23T17:11:31","date_gmt":"2019-04-23T17:11:31","guid":{"rendered":"https:\/\/laprensacristiana.com\/?p=5673"},"modified":"2019-04-23T17:15:27","modified_gmt":"2019-04-23T17:15:27","slug":"la-biblia-el-libro-mas-vendido-al-rededor-del-mundo","status":"publish","type":"post","link":"https:\/\/laprensacristiana.com\/?p=5673","title":{"rendered":"La Biblia el libro m\u00e1s vendido al rededor del mundo"},"content":{"rendered":"\n<p>Cada 23 de abril se celebra \u201cEl D\u00eda Internacional de Libro\u201d a nivel mundial, una iniciativa promovida por la UNESCO ( La Organizaci\u00f3n de las Naciones Unidas para la Educaci\u00f3n, la Ciencia y la Cultura ) desde 1996. <\/p>\n\n\n\n<p>Esta fecha es simb\u00f3lica para el gremio de la literatura, el\n23 de abril de 1616 fallecen Cervantes, Shakespeare e Inca Garcilaso de la Vega,\nigualmente en esa fecha nacen diferentes autores. Por lo que la UNESCO toma\nesta fecha para rendir homenaje a los libros y autores.<\/p>\n\n\n\n<p>En esta ocasi\u00f3n hablaremos sobre el libro m\u00e1s pol\u00e9mico,\nantiguo y vendido de la historia de la humanidad, La biblia: <\/p>\n\n\n\n<p>Es un libro inspirado por Dios y escrito por 40 autores\ndiferentes, a lo largo de veinti\u00fan siglos se han reproducido alrededor de 5\nmillones de copias y traducida aproximadamente a 2,454 idiomas alrededor del\nmundo. <\/p>\n\n\n\n<p>La biblia es una recopilaci\u00f3n de textos que al principio se\nencontraban separados y se les llamaba libros, escritos primero en hebreo,\narameo y griego. Cuenta con 66 libros, Actualmente divididos en Antiguo (39) y\nNuevo Testamento (27). <\/p>\n\n\n\n<p>El Pastor de la Zona 4, Distrito 7 de Misi\u00f3n Cristian Elim Roberto\nSantos &nbsp;nos coment\u00f3 el significado de la\nbiblia para un cristiano:<\/p>\n\n\n\n<p>\u201cLa biblia es la palabra de Dios, en ella encontramos lo que Dios quiere de sus hijos, la biblia es la revelaci\u00f3n de Dios para los seres humanos\u201d.<\/p>\n\n\n\n<p>Uno de los escritores de libros juveniles m\u00e1s reconocidos tambi\u00e9n\nconmemoro este d\u00eda: <\/p>\n\n\n\n<p>\u201cEn el d\u00eda internacional del #libro, el mejor de todos es,\nla palabra de Dios\u201d escribi\u00f3 Lucas Leys a trav\u00e9s de su cuenta de Twiiter. <\/p>\n\n\n\n<p>Recuerde que el h\u00e1bito de leer ayuda a prevenir la p\u00e9rdida\nde memoria, mejora la escritura y estimula la actividad cerebral. Leer la\nbiblia nutre el alma, inspira y da \u00e1nimos, es un manual para la vida, el\nmensaje escrito en cada uno de sus libros no cambia es eterno. <\/p>\n","protected":false},"excerpt":{"rendered":"<p>Cada 23 de abril se celebra \u201cEl D\u00eda Internacional de Libro\u201d a nivel mundial, una iniciativa promovida por la UNESCO ( La Organizaci\u00f3n de las Naciones Unidas para la Educaci\u00f3n, la Ciencia y la Cultura ) desde 1996. Esta fecha es simb\u00f3lica para el gremio de la literatura, el 23 de abril de 1616 fallecen [&hellip;]<\/p>\n","protected":false},"author":3,"featured_media":5674,"comment_status":"open","ping_status":"open","sticky":false,"template":"","format":"standard","meta":[],"categories":[56],"tags":[],"yoast_head":"<!-- This site is optimized with the Yoast SEO plugin v20.8 - https:\/\/yoast.com\/wordpress\/plugins\/seo\/ -->\n<title>La Biblia el libro m\u00e1s vendido al rededor del mundo - La Prensa Cristiana<\/title>\n<meta name=\"robots\" content=\"index, follow, max-snippet:-1, max-image-preview:large, max-video-preview:-1\" \/>\n<link rel=\"canonical\" href=\"https:\/\/laprensacristiana.com\/?p=5673\" \/>\n<meta property=\"og:locale\" content=\"es_ES\" \/>\n<meta property=\"og:type\" content=\"article\" \/>\n<meta property=\"og:title\" content=\"La Biblia el libro m\u00e1s vendido al rededor del mundo - La Prensa Cristiana\" \/>\n<meta property=\"og:description\" content=\"Cada 23 de abril se celebra \u201cEl D\u00eda Internacional de Libro\u201d a nivel mundial, una iniciativa promovida por la UNESCO ( La Organizaci\u00f3n de las Naciones Unidas para la Educaci\u00f3n, la Ciencia y la Cultura ) desde 1996. Esta fecha es simb\u00f3lica para el gremio de la literatura, el 23 de abril de 1616 fallecen [&hellip;]\" \/>\n<meta property=\"og:url\" content=\"https:\/\/laprensacristiana.com\/?p=5673\" \/>\n<meta property=\"og:site_name\" content=\"La Prensa Cristiana\" \/>\n<meta property=\"article:published_time\" content=\"2019-04-23T17:11:31+00:00\" \/>\n<meta property=\"article:modified_time\" content=\"2019-04-23T17:15:27+00:00\" \/>\n<meta property=\"og:image\" content=\"https:\/\/laprensacristiana.com\/wp-content\/uploads\/2019\/04\/DEL-LIBRO.jpg\" \/>\n\t<meta property=\"og:image:width\" content=\"1577\" \/>\n\t<meta property=\"og:image:height\" content=\"816\" \/>\n\t<meta property=\"og:image:type\" content=\"image\/jpeg\" \/>\n<meta name=\"author\" content=\"EDITOR\" \/>\n<meta name=\"twitter:card\" content=\"summary_large_image\" \/>\n<meta name=\"twitter:label1\" content=\"Escrito por\" \/>\n\t<meta name=\"twitter:data1\" content=\"EDITOR\" \/>\n\t<meta name=\"twitter:label2\" content=\"Tiempo de lectura\" \/>\n\t<meta name=\"twitter:data2\" content=\"2 minutos\" \/>\n<script type=\"application\/ld+json\" class=\"yoast-schema-graph\">{\"@context\":\"https:\/\/schema.org\",\"@graph\":[{\"@type\":\"WebPage\",\"@id\":\"https:\/\/laprensacristiana.com\/?p=5673\",\"url\":\"https:\/\/laprensacristiana.com\/?p=5673\",\"name\":\"La Biblia el libro m\u00e1s vendido al rededor del mundo - La Prensa Cristiana\",\"isPartOf\":{\"@id\":\"https:\/\/laprensacristiana.com\/#website\"},\"datePublished\":\"2019-04-23T17:11:31+00:00\",\"dateModified\":\"2019-04-23T17:15:27+00:00\",\"author\":{\"@id\":\"https:\/\/laprensacristiana.com\/#\/schema\/person\/3e7d82c6bfd6b1fa67010f8f7cd5256e\"},\"breadcrumb\":{\"@id\":\"https:\/\/laprensacristiana.com\/?p=5673#breadcrumb\"},\"inLanguage\":\"es\",\"potentialAction\":[{\"@type\":\"ReadAction\",\"target\":[\"https:\/\/laprensacristiana.com\/?p=5673\"]}]},{\"@type\":\"BreadcrumbList\",\"@id\":\"https:\/\/laprensacristiana.com\/?p=5673#breadcrumb\",\"itemListElement\":[{\"@type\":\"ListItem\",\"position\":1,\"name\":\"Portada\",\"item\":\"https:\/\/laprensacristiana.com\/\"},{\"@type\":\"ListItem\",\"position\":2,\"name\":\"La Biblia el libro m\u00e1s vendido al rededor del mundo\"}]},{\"@type\":\"WebSite\",\"@id\":\"https:\/\/laprensacristiana.com\/#website\",\"url\":\"https:\/\/laprensacristiana.com\/\",\"name\":\"La Prensa Cristiana\",\"description\":\"Anunciando Las Buenas Nuevas\",\"potentialAction\":[{\"@type\":\"SearchAction\",\"target\":{\"@type\":\"EntryPoint\",\"urlTemplate\":\"https:\/\/laprensacristiana.com\/?s={search_term_string}\"},\"query-input\":\"required name=search_term_string\"}],\"inLanguage\":\"es\"},{\"@type\":\"Person\",\"@id\":\"https:\/\/laprensacristiana.com\/#\/schema\/person\/3e7d82c6bfd6b1fa67010f8f7cd5256e\",\"name\":\"EDITOR\",\"image\":{\"@type\":\"ImageObject\",\"inLanguage\":\"es\",\"@id\":\"https:\/\/laprensacristiana.com\/#\/schema\/person\/image\/\",\"url\":\"https:\/\/secure.gravatar.com\/avatar\/72069dfb6c13772d9e8381e3638666d2?s=96&d=mm&r=g\",\"contentUrl\":\"https:\/\/secure.gravatar.com\/avatar\/72069dfb6c13772d9e8381e3638666d2?s=96&d=mm&r=g\",\"caption\":\"EDITOR\"},\"url\":\"https:\/\/laprensacristiana.com\/?author=3\"}]}<\/script>\n<!-- \/ Yoast SEO plugin. -->","yoast_head_json":{"title":"La Biblia el libro m\u00e1s vendido al rededor del mundo - La Prensa Cristiana","robots":{"index":"index","follow":"follow","max-snippet":"max-snippet:-1","max-image-preview":"max-image-preview:large","max-video-preview":"max-video-preview:-1"},"canonical":"https:\/\/laprensacristiana.com\/?p=5673","og_locale":"es_ES","og_type":"article","og_title":"La Biblia el libro m\u00e1s vendido al rededor del mundo - La Prensa Cristiana","og_description":"Cada 23 de abril se celebra \u201cEl D\u00eda Internacional de Libro\u201d a nivel mundial, una iniciativa promovida por la UNESCO ( La Organizaci\u00f3n de las Naciones Unidas para la Educaci\u00f3n, la Ciencia y la Cultura ) desde 1996. Esta fecha es simb\u00f3lica para el gremio de la literatura, el 23 de abril de 1616 fallecen [&hellip;]","og_url":"https:\/\/laprensacristiana.com\/?p=5673","og_site_name":"La Prensa Cristiana","article_published_time":"2019-04-23T17:11:31+00:00","article_modified_time":"2019-04-23T17:15:27+00:00","og_image":[{"width":1577,"height":816,"url":"https:\/\/laprensacristiana.com\/wp-content\/uploads\/2019\/04\/DEL-LIBRO.jpg","type":"image\/jpeg"}],"author":"EDITOR","twitter_card":"summary_large_image","twitter_misc":{"Escrito por":"EDITOR","Tiempo de lectura":"2 minutos"},"schema":{"@context":"https:\/\/schema.org","@graph":[{"@type":"WebPage","@id":"https:\/\/laprensacristiana.com\/?p=5673","url":"https:\/\/laprensacristiana.com\/?p=5673","name":"La Biblia el libro m\u00e1s vendido al rededor del mundo - La Prensa Cristiana","isPartOf":{"@id":"https:\/\/laprensacristiana.com\/#website"},"datePublished":"2019-04-23T17:11:31+00:00","dateModified":"2019-04-23T17:15:27+00:00","author":{"@id":"https:\/\/laprensacristiana.com\/#\/schema\/person\/3e7d82c6bfd6b1fa67010f8f7cd5256e"},"breadcrumb":{"@id":"https:\/\/laprensacristiana.com\/?p=5673#breadcrumb"},"inLanguage":"es","potentialAction":[{"@type":"ReadAction","target":["https:\/\/laprensacristiana.com\/?p=5673"]}]},{"@type":"BreadcrumbList","@id":"https:\/\/laprensacristiana.com\/?p=5673#breadcrumb","itemListElement":[{"@type":"ListItem","position":1,"name":"Portada","item":"https:\/\/laprensacristiana.com\/"},{"@type":"ListItem","position":2,"name":"La Biblia el libro m\u00e1s vendido al rededor del mundo"}]},{"@type":"WebSite","@id":"https:\/\/laprensacristiana.com\/#website","url":"https:\/\/laprensacristiana.com\/","name":"La Prensa Cristiana","description":"Anunciando Las Buenas Nuevas","potentialAction":[{"@type":"SearchAction","target":{"@type":"EntryPoint","urlTemplate":"https:\/\/laprensacristiana.com\/?s={search_term_string}"},"query-input":"required name=search_term_string"}],"inLanguage":"es"},{"@type":"Person","@id":"https:\/\/laprensacristiana.com\/#\/schema\/person\/3e7d82c6bfd6b1fa67010f8f7cd5256e","name":"EDITOR","image":{"@type":"ImageObject","inLanguage":"es","@id":"https:\/\/laprensacristiana.com\/#\/schema\/person\/image\/","url":"https:\/\/secure.gravatar.com\/avatar\/72069dfb6c13772d9e8381e3638666d2?s=96&d=mm&r=g","contentUrl":"https:\/\/secure.gravatar.com\/avatar\/72069dfb6c13772d9e8381e3638666d2?s=96&d=mm&r=g","caption":"EDITOR"},"url":"https:\/\/laprensacristiana.com\/?author=3"}]}},"_links":{"self":[{"href":"https:\/\/laprensacristiana.com\/index.php?rest_route=\/wp\/v2\/posts\/5673"}],"collection":[{"href":"https:\/\/laprensacristiana.com\/index.php?rest_route=\/wp\/v2\/posts"}],"about":[{"href":"https:\/\/laprensacristiana.com\/index.php?rest_route=\/wp\/v2\/types\/post"}],"author":[{"embeddable":true,"href":"https:\/\/laprensacristiana.com\/index.php?rest_route=\/wp\/v2\/users\/3"}],"replies":[{"embeddable":true,"href":"https:\/\/laprensacristiana.com\/index.php?rest_route=%2Fwp%2Fv2%2Fcomments&post=5673"}],"version-history":[{"count":4,"href":"https:\/\/laprensacristiana.com\/index.php?rest_route=\/wp\/v2\/posts\/5673\/revisions"}],"predecessor-version":[{"id":5678,"href":"https:\/\/laprensacristiana.com\/index.php?rest_route=\/wp\/v2\/posts\/5673\/revisions\/5678"}],"wp:featuredmedia":[{"embeddable":true,"href":"https:\/\/laprensacristiana.com\/index.php?rest_route=\/wp\/v2\/media\/5674"}],"wp:attachment":[{"href":"https:\/\/laprensacristiana.com\/index.php?rest_route=%2Fwp%2Fv2%2Fmedia&parent=5673"}],"wp:term":[{"taxonomy":"category","embeddable":true,"href":"https:\/\/laprensacristiana.com\/index.php?rest_route=%2Fwp%2Fv2%2Fcategories&post=5673"},{"taxonomy":"post_tag","embeddable":true,"href":"https:\/\/laprensacristiana.com\/index.php?rest_route=%2Fwp%2Fv2%2Ftags&post=5673"}],"curies":[{"name":"wp","href":"https:\/\/api.w.org\/{rel}","templated":true}]}}