{"id":5690,"date":"2019-04-29T16:58:37","date_gmt":"2019-04-29T16:58:37","guid":{"rendered":"https:\/\/laprensacristiana.com\/?p=5690"},"modified":"2019-04-29T16:58:41","modified_gmt":"2019-04-29T16:58:41","slug":"el-afan-y-la-ansiedad-en-la-vida-del-cristiano","status":"publish","type":"post","link":"https:\/\/laprensacristiana.com\/?p=5690","title":{"rendered":"EL af\u00e1n y la ansiedad en la vida del cristiano"},"content":{"rendered":"\n<p>Por:   Dr. Edgar L\u00f3pez Bertrand Jr.<\/p>\n\n\n\n<p>El que conoce la escritura vive confiado, es por ello por lo que quiero dejar una serie de textos del antiguo y Nuevo Testamento para entender que Dios cuida de ti.<\/p>\n\n\n\n<p>Salmos 33:18,19<\/p>\n\n\n\n<p>He aqu\u00ed, los ojos del SE\u00d1OR est\u00e1n sobre los que le temen, sobre los que esperan en su misericordia, \u2026<\/p>\n\n\n\n<p>Salmos 37:3,19<\/p>\n\n\n\n<p>Conf\u00eda en el SE\u00d1OR, y haz el bien; habita en la tierra, y cultiva la fidelidad.<\/p>\n\n\n\n<p>En la Segunda Guerra Mundial quedaron muchos ni\u00f1os hu\u00e9rfanos, por ello los colocaron dentro de muchos hogares sustitutos lo cual era un reto muy dif\u00edcil ya que los alimentos eran escasos por el conflicto armado; con esfuerzo lograban alimentar tres veces al d\u00eda a los chicos.<\/p>\n\n\n\n<p>Pero el problema surgi\u00f3 cuando ca\u00edda la noche, estos chicos en una psicosis colectiva no dorm\u00edan, todos un\u00e1nimes lloraban y gem\u00edan sin ninguna raz\u00f3n espec\u00edfica; una noche de esas notaron que uno de ellos ten\u00eda una porci\u00f3n de pan en su mano, y ese ni\u00f1o era el \u00fanico que conciliaba el sue\u00f1o y dorm\u00eda con tranquilidad lo cual capt\u00f3 la atenci\u00f3n de sus cuidadores.<\/p>\n\n\n\n<p>Con el pasar de los d\u00edas y por medio de la observaci\u00f3n, el cuidador principal coloc\u00f3 un pedazo de pan en la mano de todos los ni\u00f1os antes de dormir como un experimento y descubri\u00f3 que el problema de la falta de sue\u00f1o de la chicos era la ansiedad de creer que no tendr\u00edan pan para comer al d\u00eda siguiente.<\/p>\n\n\n\n<p>Desde el d\u00eda que colocaron una porci\u00f3n de pan en la mano de estos ni\u00f1os, los niveles de ansiedad bajaron, ya dorm\u00edan con tranquilidad, conciliaban el sue\u00f1o y dorm\u00edan tranquilos; entendieron que la ansiedad nos castiga a muchos hasta el d\u00eda de hoy en el mundo, pero tu puedes vivir confiado; Dios proveer\u00e1.<\/p>\n\n\n\n<p>Deuteronomio 14:29<\/p>\n\n\n\n<p>Y vendr\u00e1 el levita, que no tiene parte ni herencia contigo, y el forastero, el hu\u00e9rfano y la viuda que habitan en tus ciudades, y comer\u00e1n y se saciar\u00e1n, para que el SE\u00d1OR tu Dios te bendiga en toda obra que tu mano haga.<\/p>\n\n\n\n<p>Isa\u00edas 33:16<\/p>\n\n\n\n<p>\u00e9se morar\u00e1 en las alturas, en la pe\u00f1a inexpugnable estar\u00e1 su refugio; se le dar\u00e1 su pan, y tendr\u00e1 segura su agua.<\/p>\n\n\n\n<p>Deja hoy el af\u00e1n y la ansiedad, permite que Dios te alimente y gu\u00ede, permite que sea Dios quien infunda en tu coraz\u00f3n paz; tu en Dios puedes estar confiado, tu en \u00c9l puedes estar seguro, ser\u00e1 El quien te gu\u00ede te esfuerce y te bendiga.<\/p>\n\n\n\n<p>Jerem\u00edas 31:14<\/p>\n\n\n\n<p>Y llenar\u00e9 con abundancia el alma de los sacerdotes, y mi pueblo se saciar\u00e1 de mi bondad\u2013declara el SE\u00d1OR.<\/p>\n\n\n\n<p>Mateo 5:6<\/p>\n\n\n\n<p>Bienaventurados los que tienen hambre y sed de justicia, pues ellos ser\u00e1n saciados.<\/p>\n\n\n\n<p>Hoy es d\u00eda para retomar tu camino, hoy es d\u00eda para aceptar el reto, hoy es el d\u00eda para orar la palabra, hoy es el d\u00eda para abandonar el af\u00e1n y la ansiedad, hoy es el d\u00eda de conocer que Dios cuidar\u00e1 de ti aun en medio de la dificultad. Ten fe, pon en Jehov\u00e1 tu confianza, pon en Dios tu esperanza.<\/p>\n\n\n\n<p>Mateo 6:32,33<\/p>\n\n\n\n<p>Porque los gentiles buscan ansiosamente todas estas cosas; que vuestro Padre celestial sabe que necesit\u00e1is de todas estas cosas.\u2026<\/p>\n\n\n\n<p>Marcos 8:6-9<\/p>\n\n\n\n<p>Entonces mand\u00f3 a la multitud que se recostara en el suelo; y tomando los siete panes, despu\u00e9s de dar gracias, los parti\u00f3 y los iba dando a sus disc\u00edpulos para que los pusieran delante de la gente; y ellos los sirvieron a la multitud.<\/p>\n\n\n\n<p>\u00a1Dios har\u00e1!<\/p>\n","protected":false},"excerpt":{"rendered":"<p>Por: Dr. Edgar L\u00f3pez Bertrand Jr. El que conoce la escritura vive confiado, es por ello por lo que quiero dejar una serie de textos del antiguo y Nuevo Testamento para entender que Dios cuida de ti. Salmos 33:18,19 He aqu\u00ed, los ojos del SE\u00d1OR est\u00e1n sobre los que le temen, sobre los que esperan [&hellip;]<\/p>\n","protected":false},"author":3,"featured_media":5063,"comment_status":"open","ping_status":"open","sticky":false,"template":"","format":"standard","meta":[],"categories":[23],"tags":[],"yoast_head":"<!-- This site is optimized with the Yoast SEO plugin v20.8 - https:\/\/yoast.com\/wordpress\/plugins\/seo\/ -->\n<title>EL af\u00e1n y la ansiedad en la vida del cristiano - La Prensa Cristiana<\/title>\n<meta name=\"robots\" content=\"index, follow, max-snippet:-1, max-image-preview:large, max-video-preview:-1\" \/>\n<link rel=\"canonical\" href=\"https:\/\/laprensacristiana.com\/?p=5690\" \/>\n<meta property=\"og:locale\" content=\"es_ES\" \/>\n<meta property=\"og:type\" content=\"article\" \/>\n<meta property=\"og:title\" content=\"EL af\u00e1n y la ansiedad en la vida del cristiano - La Prensa Cristiana\" \/>\n<meta property=\"og:description\" content=\"Por: Dr. Edgar L\u00f3pez Bertrand Jr. El que conoce la escritura vive confiado, es por ello por lo que quiero dejar una serie de textos del antiguo y Nuevo Testamento para entender que Dios cuida de ti. Salmos 33:18,19 He aqu\u00ed, los ojos del SE\u00d1OR est\u00e1n sobre los que le temen, sobre los que esperan [&hellip;]\" \/>\n<meta property=\"og:url\" content=\"https:\/\/laprensacristiana.com\/?p=5690\" \/>\n<meta property=\"og:site_name\" content=\"La Prensa Cristiana\" \/>\n<meta property=\"article:published_time\" content=\"2019-04-29T16:58:37+00:00\" \/>\n<meta property=\"article:modified_time\" content=\"2019-04-29T16:58:41+00:00\" \/>\n<meta property=\"og:image\" content=\"https:\/\/laprensacristiana.com\/wp-content\/uploads\/2019\/02\/OPINION-PASTOR-TOBY-JR-01-696x389.jpg\" \/>\n\t<meta property=\"og:image:width\" content=\"696\" \/>\n\t<meta property=\"og:image:height\" content=\"389\" \/>\n\t<meta property=\"og:image:type\" content=\"image\/jpeg\" \/>\n<meta name=\"author\" content=\"EDITOR\" \/>\n<meta name=\"twitter:card\" content=\"summary_large_image\" \/>\n<meta name=\"twitter:label1\" content=\"Escrito por\" \/>\n\t<meta name=\"twitter:data1\" content=\"EDITOR\" \/>\n\t<meta name=\"twitter:label2\" content=\"Tiempo de lectura\" \/>\n\t<meta name=\"twitter:data2\" content=\"3 minutos\" \/>\n<script type=\"application\/ld+json\" class=\"yoast-schema-graph\">{\"@context\":\"https:\/\/schema.org\",\"@graph\":[{\"@type\":\"WebPage\",\"@id\":\"https:\/\/laprensacristiana.com\/?p=5690\",\"url\":\"https:\/\/laprensacristiana.com\/?p=5690\",\"name\":\"EL af\u00e1n y la ansiedad en la vida del cristiano - La Prensa Cristiana\",\"isPartOf\":{\"@id\":\"https:\/\/laprensacristiana.com\/#website\"},\"datePublished\":\"2019-04-29T16:58:37+00:00\",\"dateModified\":\"2019-04-29T16:58:41+00:00\",\"author\":{\"@id\":\"https:\/\/laprensacristiana.com\/#\/schema\/person\/3e7d82c6bfd6b1fa67010f8f7cd5256e\"},\"breadcrumb\":{\"@id\":\"https:\/\/laprensacristiana.com\/?p=5690#breadcrumb\"},\"inLanguage\":\"es\",\"potentialAction\":[{\"@type\":\"ReadAction\",\"target\":[\"https:\/\/laprensacristiana.com\/?p=5690\"]}]},{\"@type\":\"BreadcrumbList\",\"@id\":\"https:\/\/laprensacristiana.com\/?p=5690#breadcrumb\",\"itemListElement\":[{\"@type\":\"ListItem\",\"position\":1,\"name\":\"Portada\",\"item\":\"https:\/\/laprensacristiana.com\/\"},{\"@type\":\"ListItem\",\"position\":2,\"name\":\"EL af\u00e1n y la ansiedad en la vida del cristiano\"}]},{\"@type\":\"WebSite\",\"@id\":\"https:\/\/laprensacristiana.com\/#website\",\"url\":\"https:\/\/laprensacristiana.com\/\",\"name\":\"La Prensa Cristiana\",\"description\":\"Anunciando Las Buenas Nuevas\",\"potentialAction\":[{\"@type\":\"SearchAction\",\"target\":{\"@type\":\"EntryPoint\",\"urlTemplate\":\"https:\/\/laprensacristiana.com\/?s={search_term_string}\"},\"query-input\":\"required name=search_term_string\"}],\"inLanguage\":\"es\"},{\"@type\":\"Person\",\"@id\":\"https:\/\/laprensacristiana.com\/#\/schema\/person\/3e7d82c6bfd6b1fa67010f8f7cd5256e\",\"name\":\"EDITOR\",\"image\":{\"@type\":\"ImageObject\",\"inLanguage\":\"es\",\"@id\":\"https:\/\/laprensacristiana.com\/#\/schema\/person\/image\/\",\"url\":\"https:\/\/secure.gravatar.com\/avatar\/72069dfb6c13772d9e8381e3638666d2?s=96&d=mm&r=g\",\"contentUrl\":\"https:\/\/secure.gravatar.com\/avatar\/72069dfb6c13772d9e8381e3638666d2?s=96&d=mm&r=g\",\"caption\":\"EDITOR\"},\"url\":\"https:\/\/laprensacristiana.com\/?author=3\"}]}<\/script>\n<!-- \/ Yoast SEO plugin. -->","yoast_head_json":{"title":"EL af\u00e1n y la ansiedad en la vida del cristiano - La Prensa Cristiana","robots":{"index":"index","follow":"follow","max-snippet":"max-snippet:-1","max-image-preview":"max-image-preview:large","max-video-preview":"max-video-preview:-1"},"canonical":"https:\/\/laprensacristiana.com\/?p=5690","og_locale":"es_ES","og_type":"article","og_title":"EL af\u00e1n y la ansiedad en la vida del cristiano - La Prensa Cristiana","og_description":"Por: Dr. Edgar L\u00f3pez Bertrand Jr. El que conoce la escritura vive confiado, es por ello por lo que quiero dejar una serie de textos del antiguo y Nuevo Testamento para entender que Dios cuida de ti. Salmos 33:18,19 He aqu\u00ed, los ojos del SE\u00d1OR est\u00e1n sobre los que le temen, sobre los que esperan [&hellip;]","og_url":"https:\/\/laprensacristiana.com\/?p=5690","og_site_name":"La Prensa Cristiana","article_published_time":"2019-04-29T16:58:37+00:00","article_modified_time":"2019-04-29T16:58:41+00:00","og_image":[{"width":696,"height":389,"url":"https:\/\/laprensacristiana.com\/wp-content\/uploads\/2019\/02\/OPINION-PASTOR-TOBY-JR-01-696x389.jpg","type":"image\/jpeg"}],"author":"EDITOR","twitter_card":"summary_large_image","twitter_misc":{"Escrito por":"EDITOR","Tiempo de lectura":"3 minutos"},"schema":{"@context":"https:\/\/schema.org","@graph":[{"@type":"WebPage","@id":"https:\/\/laprensacristiana.com\/?p=5690","url":"https:\/\/laprensacristiana.com\/?p=5690","name":"EL af\u00e1n y la ansiedad en la vida del cristiano - La Prensa Cristiana","isPartOf":{"@id":"https:\/\/laprensacristiana.com\/#website"},"datePublished":"2019-04-29T16:58:37+00:00","dateModified":"2019-04-29T16:58:41+00:00","author":{"@id":"https:\/\/laprensacristiana.com\/#\/schema\/person\/3e7d82c6bfd6b1fa67010f8f7cd5256e"},"breadcrumb":{"@id":"https:\/\/laprensacristiana.com\/?p=5690#breadcrumb"},"inLanguage":"es","potentialAction":[{"@type":"ReadAction","target":["https:\/\/laprensacristiana.com\/?p=5690"]}]},{"@type":"BreadcrumbList","@id":"https:\/\/laprensacristiana.com\/?p=5690#breadcrumb","itemListElement":[{"@type":"ListItem","position":1,"name":"Portada","item":"https:\/\/laprensacristiana.com\/"},{"@type":"ListItem","position":2,"name":"EL af\u00e1n y la ansiedad en la vida del cristiano"}]},{"@type":"WebSite","@id":"https:\/\/laprensacristiana.com\/#website","url":"https:\/\/laprensacristiana.com\/","name":"La Prensa Cristiana","description":"Anunciando Las Buenas Nuevas","potentialAction":[{"@type":"SearchAction","target":{"@type":"EntryPoint","urlTemplate":"https:\/\/laprensacristiana.com\/?s={search_term_string}"},"query-input":"required name=search_term_string"}],"inLanguage":"es"},{"@type":"Person","@id":"https:\/\/laprensacristiana.com\/#\/schema\/person\/3e7d82c6bfd6b1fa67010f8f7cd5256e","name":"EDITOR","image":{"@type":"ImageObject","inLanguage":"es","@id":"https:\/\/laprensacristiana.com\/#\/schema\/person\/image\/","url":"https:\/\/secure.gravatar.com\/avatar\/72069dfb6c13772d9e8381e3638666d2?s=96&d=mm&r=g","contentUrl":"https:\/\/secure.gravatar.com\/avatar\/72069dfb6c13772d9e8381e3638666d2?s=96&d=mm&r=g","caption":"EDITOR"},"url":"https:\/\/laprensacristiana.com\/?author=3"}]}},"_links":{"self":[{"href":"https:\/\/laprensacristiana.com\/index.php?rest_route=\/wp\/v2\/posts\/5690"}],"collection":[{"href":"https:\/\/laprensacristiana.com\/index.php?rest_route=\/wp\/v2\/posts"}],"about":[{"href":"https:\/\/laprensacristiana.com\/index.php?rest_route=\/wp\/v2\/types\/post"}],"author":[{"embeddable":true,"href":"https:\/\/laprensacristiana.com\/index.php?rest_route=\/wp\/v2\/users\/3"}],"replies":[{"embeddable":true,"href":"https:\/\/laprensacristiana.com\/index.php?rest_route=%2Fwp%2Fv2%2Fcomments&post=5690"}],"version-history":[{"count":1,"href":"https:\/\/laprensacristiana.com\/index.php?rest_route=\/wp\/v2\/posts\/5690\/revisions"}],"predecessor-version":[{"id":5692,"href":"https:\/\/laprensacristiana.com\/index.php?rest_route=\/wp\/v2\/posts\/5690\/revisions\/5692"}],"wp:featuredmedia":[{"embeddable":true,"href":"https:\/\/laprensacristiana.com\/index.php?rest_route=\/wp\/v2\/media\/5063"}],"wp:attachment":[{"href":"https:\/\/laprensacristiana.com\/index.php?rest_route=%2Fwp%2Fv2%2Fmedia&parent=5690"}],"wp:term":[{"taxonomy":"category","embeddable":true,"href":"https:\/\/laprensacristiana.com\/index.php?rest_route=%2Fwp%2Fv2%2Fcategories&post=5690"},{"taxonomy":"post_tag","embeddable":true,"href":"https:\/\/laprensacristiana.com\/index.php?rest_route=%2Fwp%2Fv2%2Ftags&post=5690"}],"curies":[{"name":"wp","href":"https:\/\/api.w.org\/{rel}","templated":true}]}}