{"id":5726,"date":"2019-05-03T16:38:58","date_gmt":"2019-05-03T16:38:58","guid":{"rendered":"https:\/\/laprensacristiana.com\/?p=5726"},"modified":"2020-07-01T22:31:37","modified_gmt":"2020-07-01T22:31:37","slug":"gds-music-canta-solo-quiero-verte-a-ti-en-su-nuevo-sencillo","status":"publish","type":"post","link":"https:\/\/laprensacristiana.com\/?p=5726","title":{"rendered":"GDS Music canta \u00abS\u00f3lo Quiero Verte a Ti\u00bb en su nuevo sencillo"},"content":{"rendered":"\n<p>GDS Music lanza oficialmente el primer sencillo de su nuevo EP, \u00abJESHUA\u00bb, que viene acompa\u00f1ado de otras 5 canciones. El nombre del primer sencillo se titula \u00abSolo quiero verte a ti\u00bb una adaptaci\u00f3n al espa\u00f1ol de la canci\u00f3n \u00abS\u00f3 Quero Ver Voc\u00ea\u00bb del compositor brasile\u00f1o, Filipe Hitzschky. <\/p>\n\n\n\n<p>S\u00f3lo Quiero Verte a Ti sigue la l\u00ednea de sonido electr\u00f3nico con baladas rock caracter\u00edstico de los \u00faltimos lanzamientos de GDS Music. Desde Barcelona el virtuoso m\u00fasico y productor Roberto Prado aport\u00f3 sus guitarras intensas, con programaci\u00f3n y arreglos el productor salvadore\u00f1o Tito Mart\u00ednez y un toque contempor\u00e1neo anglo por el ingeniero de mezcla Luke Fredrickson desde Nashville. <\/p>\n\n\n\n<p>El video oficial de S\u00f3lo Quiero Verte a Ti fue producido por David Turcios, pionero de la producci\u00f3n visual y motion graphics (grafismo en movimiento) en el ecosistema cristiano de Am\u00e9rica Latina. En el video, el rodaje reuni\u00f3 a un grupo de adoradores y m\u00fasicos en San Salvador, plasmando gente joven adorando con devoci\u00f3n, con intensidad y pasi\u00f3n.<\/p>\n\n\n\n<p> \u00abLa canci\u00f3n tiene una esencia y atm\u00f3sfera espiritual, trayendo una invitaci\u00f3n a la b\u00fasqueda de Jes\u00fas y la devoci\u00f3n. Jes\u00fas es aqu\u00ed y ahora y est\u00e1 disponible para todos\u00bb, comenta el grupo. \u00abVer m\u00e1s a Jes\u00fas trae perspectiva y da sentido a lo confuso. La canci\u00f3n invita a la iglesia a tener esa b\u00fasqueda\u00bb. <\/p>\n\n\n\n<p>Desde el 2018, GDS Music tiene una fuerte conexi\u00f3n con la escena musical cristiana brasile\u00f1a, trabajando con artistas influyentes en la industria y siendo un puente conector entre la cultura hispana y brasile\u00f1a, expandiendo as\u00ed el mensaje que est\u00e1 transformando miles de vidas en Brasil de manera significativa. Es importante destacar que su visi\u00f3n ministerial es construir una plataforma de influencia en todo el continente en los 3 idiomas principales (ingl\u00e9s, espa\u00f1ol y portugu\u00e9s) para expandir el mensaje de Jes\u00fas e inspirar personas en la fe. <\/p>\n\n\n\n<p>Mucha gente de la presente generaci\u00f3n est\u00e1 viviendo en un caos emocional y espiritual, luchando con depresi\u00f3n, ansiedad y miedo pero el grupo declara que ver a Jes\u00fas lo cambia todo. \u00abAl final Jes\u00fas es lo que m\u00e1s impacta la vida de cualquier persona\u00bb.<\/p>\n\n\n\n<p>S\u00f3lo Quiero Verte a Ti esta disponible en todas las plataformas digitales y YouTube.  <\/p>\n\n\n\n<figure class=\"wp-block-embed-youtube wp-block-embed is-type-video is-provider-youtube wp-embed-aspect-16-9 wp-has-aspect-ratio\"><div class=\"wp-block-embed__wrapper\">\n<div class=\"youtube-embed\" data-video_id=\"nIIK8JHh23k\"><iframe loading=\"lazy\" title=\"GDS - Solo Quiero Verte a Ti (Videoclip Oficial)\" width=\"696\" height=\"392\" src=\"https:\/\/www.youtube.com\/embed\/nIIK8JHh23k?feature=oembed&#038;enablejsapi=1&#038;enablejsapi=1\" frameborder=\"0\" allow=\"accelerometer; autoplay; encrypted-media; gyroscope; picture-in-picture\" allowfullscreen><\/iframe><\/div>\n<\/div><\/figure>\n","protected":false},"excerpt":{"rendered":"<p>GDS Music lanza oficialmente el primer sencillo de su nuevo EP, \u00abJESHUA\u00bb, que viene acompa\u00f1ado de otras 5 canciones. El nombre del primer sencillo se titula \u00abSolo quiero verte a ti\u00bb una adaptaci\u00f3n al espa\u00f1ol de la canci\u00f3n \u00abS\u00f3 Quero Ver Voc\u00ea\u00bb del compositor brasile\u00f1o, Filipe Hitzschky. S\u00f3lo Quiero Verte a Ti sigue la l\u00ednea [&hellip;]<\/p>\n","protected":false},"author":3,"featured_media":5727,"comment_status":"open","ping_status":"open","sticky":false,"template":"","format":"standard","meta":[],"categories":[101],"tags":[],"yoast_head":"<!-- This site is optimized with the Yoast SEO plugin v20.8 - https:\/\/yoast.com\/wordpress\/plugins\/seo\/ -->\n<title>GDS Music canta \u00abS\u00f3lo Quiero Verte a Ti\u00bb en su nuevo sencillo - La Prensa Cristiana<\/title>\n<meta name=\"robots\" content=\"index, follow, max-snippet:-1, max-image-preview:large, max-video-preview:-1\" \/>\n<link rel=\"canonical\" href=\"https:\/\/laprensacristiana.com\/?p=5726\" \/>\n<meta property=\"og:locale\" content=\"es_ES\" \/>\n<meta property=\"og:type\" content=\"article\" \/>\n<meta property=\"og:title\" content=\"GDS Music canta \u00abS\u00f3lo Quiero Verte a Ti\u00bb en su nuevo sencillo - La Prensa Cristiana\" \/>\n<meta property=\"og:description\" content=\"GDS Music lanza oficialmente el primer sencillo de su nuevo EP, \u00abJESHUA\u00bb, que viene acompa\u00f1ado de otras 5 canciones. El nombre del primer sencillo se titula \u00abSolo quiero verte a ti\u00bb una adaptaci\u00f3n al espa\u00f1ol de la canci\u00f3n \u00abS\u00f3 Quero Ver Voc\u00ea\u00bb del compositor brasile\u00f1o, Filipe Hitzschky. S\u00f3lo Quiero Verte a Ti sigue la l\u00ednea [&hellip;]\" \/>\n<meta property=\"og:url\" content=\"https:\/\/laprensacristiana.com\/?p=5726\" \/>\n<meta property=\"og:site_name\" content=\"La Prensa Cristiana\" \/>\n<meta property=\"article:published_time\" content=\"2019-05-03T16:38:58+00:00\" \/>\n<meta property=\"article:modified_time\" content=\"2020-07-01T22:31:37+00:00\" \/>\n<meta property=\"og:image\" content=\"https:\/\/laprensacristiana.com\/wp-content\/uploads\/2019\/05\/Portada-Oficial-scaled.jpg\" \/>\n\t<meta property=\"og:image:width\" content=\"2560\" \/>\n\t<meta property=\"og:image:height\" content=\"2560\" \/>\n\t<meta property=\"og:image:type\" content=\"image\/jpeg\" \/>\n<meta name=\"author\" content=\"EDITOR\" \/>\n<meta name=\"twitter:card\" content=\"summary_large_image\" \/>\n<meta name=\"twitter:label1\" content=\"Escrito por\" \/>\n\t<meta name=\"twitter:data1\" content=\"EDITOR\" \/>\n\t<meta name=\"twitter:label2\" content=\"Tiempo de lectura\" \/>\n\t<meta name=\"twitter:data2\" content=\"2 minutos\" \/>\n<script type=\"application\/ld+json\" class=\"yoast-schema-graph\">{\"@context\":\"https:\/\/schema.org\",\"@graph\":[{\"@type\":\"WebPage\",\"@id\":\"https:\/\/laprensacristiana.com\/?p=5726\",\"url\":\"https:\/\/laprensacristiana.com\/?p=5726\",\"name\":\"GDS Music canta \u00abS\u00f3lo Quiero Verte a Ti\u00bb en su nuevo sencillo - La Prensa Cristiana\",\"isPartOf\":{\"@id\":\"https:\/\/laprensacristiana.com\/#website\"},\"datePublished\":\"2019-05-03T16:38:58+00:00\",\"dateModified\":\"2020-07-01T22:31:37+00:00\",\"author\":{\"@id\":\"https:\/\/laprensacristiana.com\/#\/schema\/person\/3e7d82c6bfd6b1fa67010f8f7cd5256e\"},\"breadcrumb\":{\"@id\":\"https:\/\/laprensacristiana.com\/?p=5726#breadcrumb\"},\"inLanguage\":\"es\",\"potentialAction\":[{\"@type\":\"ReadAction\",\"target\":[\"https:\/\/laprensacristiana.com\/?p=5726\"]}]},{\"@type\":\"BreadcrumbList\",\"@id\":\"https:\/\/laprensacristiana.com\/?p=5726#breadcrumb\",\"itemListElement\":[{\"@type\":\"ListItem\",\"position\":1,\"name\":\"Portada\",\"item\":\"https:\/\/laprensacristiana.com\/\"},{\"@type\":\"ListItem\",\"position\":2,\"name\":\"GDS Music canta \u00abS\u00f3lo Quiero Verte a Ti\u00bb en su nuevo sencillo\"}]},{\"@type\":\"WebSite\",\"@id\":\"https:\/\/laprensacristiana.com\/#website\",\"url\":\"https:\/\/laprensacristiana.com\/\",\"name\":\"La Prensa Cristiana\",\"description\":\"Anunciando Las Buenas Nuevas\",\"potentialAction\":[{\"@type\":\"SearchAction\",\"target\":{\"@type\":\"EntryPoint\",\"urlTemplate\":\"https:\/\/laprensacristiana.com\/?s={search_term_string}\"},\"query-input\":\"required name=search_term_string\"}],\"inLanguage\":\"es\"},{\"@type\":\"Person\",\"@id\":\"https:\/\/laprensacristiana.com\/#\/schema\/person\/3e7d82c6bfd6b1fa67010f8f7cd5256e\",\"name\":\"EDITOR\",\"image\":{\"@type\":\"ImageObject\",\"inLanguage\":\"es\",\"@id\":\"https:\/\/laprensacristiana.com\/#\/schema\/person\/image\/\",\"url\":\"https:\/\/secure.gravatar.com\/avatar\/72069dfb6c13772d9e8381e3638666d2?s=96&d=mm&r=g\",\"contentUrl\":\"https:\/\/secure.gravatar.com\/avatar\/72069dfb6c13772d9e8381e3638666d2?s=96&d=mm&r=g\",\"caption\":\"EDITOR\"},\"url\":\"https:\/\/laprensacristiana.com\/?author=3\"}]}<\/script>\n<!-- \/ Yoast SEO plugin. -->","yoast_head_json":{"title":"GDS Music canta \u00abS\u00f3lo Quiero Verte a Ti\u00bb en su nuevo sencillo - La Prensa Cristiana","robots":{"index":"index","follow":"follow","max-snippet":"max-snippet:-1","max-image-preview":"max-image-preview:large","max-video-preview":"max-video-preview:-1"},"canonical":"https:\/\/laprensacristiana.com\/?p=5726","og_locale":"es_ES","og_type":"article","og_title":"GDS Music canta \u00abS\u00f3lo Quiero Verte a Ti\u00bb en su nuevo sencillo - La Prensa Cristiana","og_description":"GDS Music lanza oficialmente el primer sencillo de su nuevo EP, \u00abJESHUA\u00bb, que viene acompa\u00f1ado de otras 5 canciones. El nombre del primer sencillo se titula \u00abSolo quiero verte a ti\u00bb una adaptaci\u00f3n al espa\u00f1ol de la canci\u00f3n \u00abS\u00f3 Quero Ver Voc\u00ea\u00bb del compositor brasile\u00f1o, Filipe Hitzschky. S\u00f3lo Quiero Verte a Ti sigue la l\u00ednea [&hellip;]","og_url":"https:\/\/laprensacristiana.com\/?p=5726","og_site_name":"La Prensa Cristiana","article_published_time":"2019-05-03T16:38:58+00:00","article_modified_time":"2020-07-01T22:31:37+00:00","og_image":[{"width":2560,"height":2560,"url":"https:\/\/laprensacristiana.com\/wp-content\/uploads\/2019\/05\/Portada-Oficial-scaled.jpg","type":"image\/jpeg"}],"author":"EDITOR","twitter_card":"summary_large_image","twitter_misc":{"Escrito por":"EDITOR","Tiempo de lectura":"2 minutos"},"schema":{"@context":"https:\/\/schema.org","@graph":[{"@type":"WebPage","@id":"https:\/\/laprensacristiana.com\/?p=5726","url":"https:\/\/laprensacristiana.com\/?p=5726","name":"GDS Music canta \u00abS\u00f3lo Quiero Verte a Ti\u00bb en su nuevo sencillo - La Prensa Cristiana","isPartOf":{"@id":"https:\/\/laprensacristiana.com\/#website"},"datePublished":"2019-05-03T16:38:58+00:00","dateModified":"2020-07-01T22:31:37+00:00","author":{"@id":"https:\/\/laprensacristiana.com\/#\/schema\/person\/3e7d82c6bfd6b1fa67010f8f7cd5256e"},"breadcrumb":{"@id":"https:\/\/laprensacristiana.com\/?p=5726#breadcrumb"},"inLanguage":"es","potentialAction":[{"@type":"ReadAction","target":["https:\/\/laprensacristiana.com\/?p=5726"]}]},{"@type":"BreadcrumbList","@id":"https:\/\/laprensacristiana.com\/?p=5726#breadcrumb","itemListElement":[{"@type":"ListItem","position":1,"name":"Portada","item":"https:\/\/laprensacristiana.com\/"},{"@type":"ListItem","position":2,"name":"GDS Music canta \u00abS\u00f3lo Quiero Verte a Ti\u00bb en su nuevo sencillo"}]},{"@type":"WebSite","@id":"https:\/\/laprensacristiana.com\/#website","url":"https:\/\/laprensacristiana.com\/","name":"La Prensa Cristiana","description":"Anunciando Las Buenas Nuevas","potentialAction":[{"@type":"SearchAction","target":{"@type":"EntryPoint","urlTemplate":"https:\/\/laprensacristiana.com\/?s={search_term_string}"},"query-input":"required name=search_term_string"}],"inLanguage":"es"},{"@type":"Person","@id":"https:\/\/laprensacristiana.com\/#\/schema\/person\/3e7d82c6bfd6b1fa67010f8f7cd5256e","name":"EDITOR","image":{"@type":"ImageObject","inLanguage":"es","@id":"https:\/\/laprensacristiana.com\/#\/schema\/person\/image\/","url":"https:\/\/secure.gravatar.com\/avatar\/72069dfb6c13772d9e8381e3638666d2?s=96&d=mm&r=g","contentUrl":"https:\/\/secure.gravatar.com\/avatar\/72069dfb6c13772d9e8381e3638666d2?s=96&d=mm&r=g","caption":"EDITOR"},"url":"https:\/\/laprensacristiana.com\/?author=3"}]}},"_links":{"self":[{"href":"https:\/\/laprensacristiana.com\/index.php?rest_route=\/wp\/v2\/posts\/5726"}],"collection":[{"href":"https:\/\/laprensacristiana.com\/index.php?rest_route=\/wp\/v2\/posts"}],"about":[{"href":"https:\/\/laprensacristiana.com\/index.php?rest_route=\/wp\/v2\/types\/post"}],"author":[{"embeddable":true,"href":"https:\/\/laprensacristiana.com\/index.php?rest_route=\/wp\/v2\/users\/3"}],"replies":[{"embeddable":true,"href":"https:\/\/laprensacristiana.com\/index.php?rest_route=%2Fwp%2Fv2%2Fcomments&post=5726"}],"version-history":[{"count":1,"href":"https:\/\/laprensacristiana.com\/index.php?rest_route=\/wp\/v2\/posts\/5726\/revisions"}],"predecessor-version":[{"id":5728,"href":"https:\/\/laprensacristiana.com\/index.php?rest_route=\/wp\/v2\/posts\/5726\/revisions\/5728"}],"wp:featuredmedia":[{"embeddable":true,"href":"https:\/\/laprensacristiana.com\/index.php?rest_route=\/wp\/v2\/media\/5727"}],"wp:attachment":[{"href":"https:\/\/laprensacristiana.com\/index.php?rest_route=%2Fwp%2Fv2%2Fmedia&parent=5726"}],"wp:term":[{"taxonomy":"category","embeddable":true,"href":"https:\/\/laprensacristiana.com\/index.php?rest_route=%2Fwp%2Fv2%2Fcategories&post=5726"},{"taxonomy":"post_tag","embeddable":true,"href":"https:\/\/laprensacristiana.com\/index.php?rest_route=%2Fwp%2Fv2%2Ftags&post=5726"}],"curies":[{"name":"wp","href":"https:\/\/api.w.org\/{rel}","templated":true}]}}