{"id":5739,"date":"2019-05-06T16:20:33","date_gmt":"2019-05-06T16:20:33","guid":{"rendered":"https:\/\/laprensacristiana.com\/?p=5739"},"modified":"2019-05-06T16:34:58","modified_gmt":"2019-05-06T16:34:58","slug":"el-conflicto-clandestino","status":"publish","type":"post","link":"https:\/\/laprensacristiana.com\/?p=5739","title":{"rendered":"El conflicto clandestino"},"content":{"rendered":"\n<p>En los \u00faltimos meses una guerra silenciosa se ha estado desarrollando en nuestro pa\u00eds. No posee frentes definidos, no tiene partes de guerra y solo sabemos de ella por la estela de v\u00edctimas que deja. Tomemos para ilustraci\u00f3n un d\u00eda: el domingo 28 de abril. En un lapso de 24 horas dos agentes de la Polic\u00eda Nacional Civil y tres soldados fueron asesinados en diferentes puntos del pa\u00eds presuntamente por miembros de pandillas; por otra parte, en la misma fecha, tres j\u00f3venes perfilados como miembros de una pandilla fueron sacados de sus viviendas por hombres vestidos de negro y asesinados con armas de fuego. Con ello, se alcanz\u00f3 un total de 14 agentes y 10 soldados asesinados en lo que va del presente a\u00f1o. Del lado de las pandillas, no hay manera certera de precisar la cantidad de ejecuciones. A estos hechos hay que agregar la aparente tranquilidad que se vive en los vecindarios y que es presentada como un logro en materia de seguridad. No obstante, la suma de los indicios hace sospechar que algo an\u00f3malo est\u00e1 ocurriendo. <\/p>\n\n\n\n<p>Es evidente en la situaci\u00f3n actual que la rivalidad mortal entre las tres principales pandillas ha pasado a un segundo plano. Cada una de ellas ha consolidado el control de su territorio y las otras no est\u00e1n tan interesadas en disput\u00e1rselo como en enfocarse en la guerra contra el enemigo com\u00fan. Pero este conflicto demanda un poder de fuego mayor para hacer frente al adversario. Para obtener esas armas se necesita de m\u00e1s dinero, aumenta la extorsi\u00f3n y se fortalecen las redes de contrabando de armas. La disminuci\u00f3n de las denuncias por extorsi\u00f3n no es indicativa de una reducci\u00f3n del fen\u00f3meno sino resultado de la eficacia de las amenazas mortales, la infiltraci\u00f3n de la PNC y el desencanto en la eficiencia investigativa. Se lleg\u00f3 a esta situaci\u00f3n como resultado de la aplicaci\u00f3n de una pol\u00edtica que le apost\u00f3 a la fuerza como eje central en el tema de seguridad y al abandono, por razones electorales, de planes serios de prevenci\u00f3n de la violencia. El conflicto se vislumbra solo cuando se producen repuntes llamativos. Mientras tanto, los ciclos de venganza se profundizan y el desprecio hacia la condici\u00f3n humana del adversario va royendo la moral generando violaciones sistem\u00e1ticas de normas elementales de derechos humanos. Se carcome el Estado de derecho. <\/p>\n\n\n\n<p>En este conflicto no puede haber ganadores, todos saldremos perdiendo. La situaci\u00f3n debe ser cortada de la manera m\u00e1s pronta posible y eso reta a dar un golpe de tim\u00f3n en el tema. El viraje debe ser valiente y consistente, con toda responsabilidad, aun cuando vaya en contra del sentimiento popular que demanda exterminio. Ese es el precio que los pol\u00edticos deben jugarse a fin de romper con el p\u00e9ndulo mortal. De no jug\u00e1rselo el conflicto se volver\u00e1 end\u00e9mico provocando m\u00e1s migraci\u00f3n, m\u00e1s descomposici\u00f3n social, m\u00e1s pobreza, m\u00e1s hogares rotos y m\u00e1s ni\u00f1os proclives a engrosar las pandillas. A final de cuentas, el caudal electoral se perder\u00e1 de todas maneras; despu\u00e9s de mucha sangre. Hemos llegado a la hora de las grandes decisiones, cuando las grandes almas deben mostrar compasi\u00f3n al mismo tiempo que firmeza. Compasi\u00f3n hacia los pobres que mueren en la locura de este conflicto y firmeza para dar los pasos que se necesitan aun cuando no sean populares. Pasado el tiempo las personas comprender\u00e1n y reconocer\u00e1n a aquellos que priorizaron los intereses de la poblaci\u00f3n. Eso es rescatar lo que significa ser un servidor p\u00fablico. <\/p>\n","protected":false},"excerpt":{"rendered":"<p>En los \u00faltimos meses una guerra silenciosa se ha estado desarrollando en nuestro pa\u00eds. No posee frentes definidos, no tiene partes de guerra y solo sabemos de ella por la estela de v\u00edctimas que deja. Tomemos para ilustraci\u00f3n un d\u00eda: el domingo 28 de abril. En un lapso de 24 horas dos agentes de la [&hellip;]<\/p>\n","protected":false},"author":3,"featured_media":4600,"comment_status":"open","ping_status":"open","sticky":false,"template":"","format":"standard","meta":[],"categories":[23],"tags":[],"yoast_head":"<!-- This site is optimized with the Yoast SEO plugin v20.8 - https:\/\/yoast.com\/wordpress\/plugins\/seo\/ -->\n<title>El conflicto clandestino - La Prensa Cristiana<\/title>\n<meta name=\"robots\" content=\"index, follow, max-snippet:-1, max-image-preview:large, max-video-preview:-1\" \/>\n<link rel=\"canonical\" href=\"https:\/\/laprensacristiana.com\/?p=5739\" \/>\n<meta property=\"og:locale\" content=\"es_ES\" \/>\n<meta property=\"og:type\" content=\"article\" \/>\n<meta property=\"og:title\" content=\"El conflicto clandestino - La Prensa Cristiana\" \/>\n<meta property=\"og:description\" content=\"En los \u00faltimos meses una guerra silenciosa se ha estado desarrollando en nuestro pa\u00eds. No posee frentes definidos, no tiene partes de guerra y solo sabemos de ella por la estela de v\u00edctimas que deja. Tomemos para ilustraci\u00f3n un d\u00eda: el domingo 28 de abril. En un lapso de 24 horas dos agentes de la [&hellip;]\" \/>\n<meta property=\"og:url\" content=\"https:\/\/laprensacristiana.com\/?p=5739\" \/>\n<meta property=\"og:site_name\" content=\"La Prensa Cristiana\" \/>\n<meta property=\"article:published_time\" content=\"2019-05-06T16:20:33+00:00\" \/>\n<meta property=\"article:modified_time\" content=\"2019-05-06T16:34:58+00:00\" \/>\n<meta property=\"og:image\" content=\"https:\/\/laprensacristiana.com\/wp-content\/uploads\/2018\/10\/OPINION-01-scaled.jpg\" \/>\n\t<meta property=\"og:image:width\" content=\"2560\" \/>\n\t<meta property=\"og:image:height\" content=\"1429\" \/>\n\t<meta property=\"og:image:type\" content=\"image\/jpeg\" \/>\n<meta name=\"author\" content=\"EDITOR\" \/>\n<meta name=\"twitter:card\" content=\"summary_large_image\" \/>\n<meta name=\"twitter:label1\" content=\"Escrito por\" \/>\n\t<meta name=\"twitter:data1\" content=\"EDITOR\" \/>\n\t<meta name=\"twitter:label2\" content=\"Tiempo de lectura\" \/>\n\t<meta name=\"twitter:data2\" content=\"3 minutos\" \/>\n<script type=\"application\/ld+json\" class=\"yoast-schema-graph\">{\"@context\":\"https:\/\/schema.org\",\"@graph\":[{\"@type\":\"WebPage\",\"@id\":\"https:\/\/laprensacristiana.com\/?p=5739\",\"url\":\"https:\/\/laprensacristiana.com\/?p=5739\",\"name\":\"El conflicto clandestino - La Prensa Cristiana\",\"isPartOf\":{\"@id\":\"https:\/\/laprensacristiana.com\/#website\"},\"datePublished\":\"2019-05-06T16:20:33+00:00\",\"dateModified\":\"2019-05-06T16:34:58+00:00\",\"author\":{\"@id\":\"https:\/\/laprensacristiana.com\/#\/schema\/person\/3e7d82c6bfd6b1fa67010f8f7cd5256e\"},\"breadcrumb\":{\"@id\":\"https:\/\/laprensacristiana.com\/?p=5739#breadcrumb\"},\"inLanguage\":\"es\",\"potentialAction\":[{\"@type\":\"ReadAction\",\"target\":[\"https:\/\/laprensacristiana.com\/?p=5739\"]}]},{\"@type\":\"BreadcrumbList\",\"@id\":\"https:\/\/laprensacristiana.com\/?p=5739#breadcrumb\",\"itemListElement\":[{\"@type\":\"ListItem\",\"position\":1,\"name\":\"Portada\",\"item\":\"https:\/\/laprensacristiana.com\/\"},{\"@type\":\"ListItem\",\"position\":2,\"name\":\"El conflicto clandestino\"}]},{\"@type\":\"WebSite\",\"@id\":\"https:\/\/laprensacristiana.com\/#website\",\"url\":\"https:\/\/laprensacristiana.com\/\",\"name\":\"La Prensa Cristiana\",\"description\":\"Anunciando Las Buenas Nuevas\",\"potentialAction\":[{\"@type\":\"SearchAction\",\"target\":{\"@type\":\"EntryPoint\",\"urlTemplate\":\"https:\/\/laprensacristiana.com\/?s={search_term_string}\"},\"query-input\":\"required name=search_term_string\"}],\"inLanguage\":\"es\"},{\"@type\":\"Person\",\"@id\":\"https:\/\/laprensacristiana.com\/#\/schema\/person\/3e7d82c6bfd6b1fa67010f8f7cd5256e\",\"name\":\"EDITOR\",\"image\":{\"@type\":\"ImageObject\",\"inLanguage\":\"es\",\"@id\":\"https:\/\/laprensacristiana.com\/#\/schema\/person\/image\/\",\"url\":\"https:\/\/secure.gravatar.com\/avatar\/72069dfb6c13772d9e8381e3638666d2?s=96&d=mm&r=g\",\"contentUrl\":\"https:\/\/secure.gravatar.com\/avatar\/72069dfb6c13772d9e8381e3638666d2?s=96&d=mm&r=g\",\"caption\":\"EDITOR\"},\"url\":\"https:\/\/laprensacristiana.com\/?author=3\"}]}<\/script>\n<!-- \/ Yoast SEO plugin. -->","yoast_head_json":{"title":"El conflicto clandestino - La Prensa Cristiana","robots":{"index":"index","follow":"follow","max-snippet":"max-snippet:-1","max-image-preview":"max-image-preview:large","max-video-preview":"max-video-preview:-1"},"canonical":"https:\/\/laprensacristiana.com\/?p=5739","og_locale":"es_ES","og_type":"article","og_title":"El conflicto clandestino - La Prensa Cristiana","og_description":"En los \u00faltimos meses una guerra silenciosa se ha estado desarrollando en nuestro pa\u00eds. No posee frentes definidos, no tiene partes de guerra y solo sabemos de ella por la estela de v\u00edctimas que deja. Tomemos para ilustraci\u00f3n un d\u00eda: el domingo 28 de abril. En un lapso de 24 horas dos agentes de la [&hellip;]","og_url":"https:\/\/laprensacristiana.com\/?p=5739","og_site_name":"La Prensa Cristiana","article_published_time":"2019-05-06T16:20:33+00:00","article_modified_time":"2019-05-06T16:34:58+00:00","og_image":[{"width":2560,"height":1429,"url":"https:\/\/laprensacristiana.com\/wp-content\/uploads\/2018\/10\/OPINION-01-scaled.jpg","type":"image\/jpeg"}],"author":"EDITOR","twitter_card":"summary_large_image","twitter_misc":{"Escrito por":"EDITOR","Tiempo de lectura":"3 minutos"},"schema":{"@context":"https:\/\/schema.org","@graph":[{"@type":"WebPage","@id":"https:\/\/laprensacristiana.com\/?p=5739","url":"https:\/\/laprensacristiana.com\/?p=5739","name":"El conflicto clandestino - La Prensa Cristiana","isPartOf":{"@id":"https:\/\/laprensacristiana.com\/#website"},"datePublished":"2019-05-06T16:20:33+00:00","dateModified":"2019-05-06T16:34:58+00:00","author":{"@id":"https:\/\/laprensacristiana.com\/#\/schema\/person\/3e7d82c6bfd6b1fa67010f8f7cd5256e"},"breadcrumb":{"@id":"https:\/\/laprensacristiana.com\/?p=5739#breadcrumb"},"inLanguage":"es","potentialAction":[{"@type":"ReadAction","target":["https:\/\/laprensacristiana.com\/?p=5739"]}]},{"@type":"BreadcrumbList","@id":"https:\/\/laprensacristiana.com\/?p=5739#breadcrumb","itemListElement":[{"@type":"ListItem","position":1,"name":"Portada","item":"https:\/\/laprensacristiana.com\/"},{"@type":"ListItem","position":2,"name":"El conflicto clandestino"}]},{"@type":"WebSite","@id":"https:\/\/laprensacristiana.com\/#website","url":"https:\/\/laprensacristiana.com\/","name":"La Prensa Cristiana","description":"Anunciando Las Buenas Nuevas","potentialAction":[{"@type":"SearchAction","target":{"@type":"EntryPoint","urlTemplate":"https:\/\/laprensacristiana.com\/?s={search_term_string}"},"query-input":"required name=search_term_string"}],"inLanguage":"es"},{"@type":"Person","@id":"https:\/\/laprensacristiana.com\/#\/schema\/person\/3e7d82c6bfd6b1fa67010f8f7cd5256e","name":"EDITOR","image":{"@type":"ImageObject","inLanguage":"es","@id":"https:\/\/laprensacristiana.com\/#\/schema\/person\/image\/","url":"https:\/\/secure.gravatar.com\/avatar\/72069dfb6c13772d9e8381e3638666d2?s=96&d=mm&r=g","contentUrl":"https:\/\/secure.gravatar.com\/avatar\/72069dfb6c13772d9e8381e3638666d2?s=96&d=mm&r=g","caption":"EDITOR"},"url":"https:\/\/laprensacristiana.com\/?author=3"}]}},"_links":{"self":[{"href":"https:\/\/laprensacristiana.com\/index.php?rest_route=\/wp\/v2\/posts\/5739"}],"collection":[{"href":"https:\/\/laprensacristiana.com\/index.php?rest_route=\/wp\/v2\/posts"}],"about":[{"href":"https:\/\/laprensacristiana.com\/index.php?rest_route=\/wp\/v2\/types\/post"}],"author":[{"embeddable":true,"href":"https:\/\/laprensacristiana.com\/index.php?rest_route=\/wp\/v2\/users\/3"}],"replies":[{"embeddable":true,"href":"https:\/\/laprensacristiana.com\/index.php?rest_route=%2Fwp%2Fv2%2Fcomments&post=5739"}],"version-history":[{"count":2,"href":"https:\/\/laprensacristiana.com\/index.php?rest_route=\/wp\/v2\/posts\/5739\/revisions"}],"predecessor-version":[{"id":5741,"href":"https:\/\/laprensacristiana.com\/index.php?rest_route=\/wp\/v2\/posts\/5739\/revisions\/5741"}],"wp:featuredmedia":[{"embeddable":true,"href":"https:\/\/laprensacristiana.com\/index.php?rest_route=\/wp\/v2\/media\/4600"}],"wp:attachment":[{"href":"https:\/\/laprensacristiana.com\/index.php?rest_route=%2Fwp%2Fv2%2Fmedia&parent=5739"}],"wp:term":[{"taxonomy":"category","embeddable":true,"href":"https:\/\/laprensacristiana.com\/index.php?rest_route=%2Fwp%2Fv2%2Fcategories&post=5739"},{"taxonomy":"post_tag","embeddable":true,"href":"https:\/\/laprensacristiana.com\/index.php?rest_route=%2Fwp%2Fv2%2Ftags&post=5739"}],"curies":[{"name":"wp","href":"https:\/\/api.w.org\/{rel}","templated":true}]}}