{"id":5744,"date":"2019-05-06T18:12:54","date_gmt":"2019-05-06T18:12:54","guid":{"rendered":"https:\/\/laprensacristiana.com\/?p=5744"},"modified":"2019-05-06T18:12:56","modified_gmt":"2019-05-06T18:12:56","slug":"inauguran-calle-pastor-edgar-lopez-bertrand","status":"publish","type":"post","link":"https:\/\/laprensacristiana.com\/?p=5744","title":{"rendered":"Inauguran calle Pastor Edgar L\u00f3pez Bertrand"},"content":{"rendered":"\n<p>El pasado domingo 5 de\nmayo el Alcalde de San Salvador Ernesto Muyshondt dio por inaugurada la calle, frente a la Iglesia Tabern\u00e1culo B\u00edblico Amigos\nde Israel Central, la cual lleva el\nnombre del fallecido &nbsp;Pastor General Edgar\nL\u00f3pez Bertrand.<\/p>\n\n\n\n<figure class=\"wp-block-image\"><img decoding=\"async\" loading=\"lazy\" width=\"1024\" height=\"1015\" src=\"https:\/\/laprensacristiana.com\/wp-content\/uploads\/2019\/05\/12-1024x1015.jpg\" alt=\"\" class=\"wp-image-5746\" srcset=\"https:\/\/laprensacristiana.com\/wp-content\/uploads\/2019\/05\/12-1024x1015.jpg 1024w, https:\/\/laprensacristiana.com\/wp-content\/uploads\/2019\/05\/12-100x100.jpg 100w, https:\/\/laprensacristiana.com\/wp-content\/uploads\/2019\/05\/12-600x594.jpg 600w, https:\/\/laprensacristiana.com\/wp-content\/uploads\/2019\/05\/12-150x150.jpg 150w, https:\/\/laprensacristiana.com\/wp-content\/uploads\/2019\/05\/12-300x297.jpg 300w, https:\/\/laprensacristiana.com\/wp-content\/uploads\/2019\/05\/12-768x761.jpg 768w, https:\/\/laprensacristiana.com\/wp-content\/uploads\/2019\/05\/12-696x690.jpg 696w, https:\/\/laprensacristiana.com\/wp-content\/uploads\/2019\/05\/12-1068x1058.jpg 1068w, https:\/\/laprensacristiana.com\/wp-content\/uploads\/2019\/05\/12-424x420.jpg 424w, https:\/\/laprensacristiana.com\/wp-content\/uploads\/2019\/05\/12.jpg 1080w\" sizes=\"(max-width: 1024px) 100vw, 1024px\" \/><\/figure>\n\n\n\n<p>La encargada de develar el\nnuevo rotulo con la nueva nomenclatura fue la Hermana Paty Bertrand hija del\nPastor Edgar L\u00f3pez Bertrand, en el momento ella record\u00f3 un an\u00e9cdota de su padre:\n\u201ccuando llegaron al lugar&nbsp; y no ten\u00edan muchas\nreuniones el pastor dijo y que vamos hacer en el tiempo que nos queda y era lo \u00fanico\nque sab\u00edamos hacer y era predicar su palabra a toda la comunidad para que todos\nllegaran a los pies de cristo\u201d.<\/p>\n\n\n\n<p>\u201cEn nombre de nuestra\niglesia el tabern\u00e1culo b\u00edblico bautista amigos de Israel central de nuestro\npastor general ahora y de toda nuestra familia y congregaci\u00f3n &nbsp;&nbsp;le damos\nlas gracias, y gracias se\u00f1or por tomarnos en cuenta\u201d concluyo Hermana Paty. <\/p>\n\n\n\n<p>El pastor Toby Jr. Como es\nconocido, publico en redes sociales: \u201cMuchas gracias por el privilegio Lic.\nErnesto &nbsp;Muyshondt &nbsp;y su\nequipo de trabajo de la Alcald\u00eda de San Salvador\u201d<\/p>\n\n\n\n<p>Tambi\u00e9n el pastor Toby Jr.\nD\u00edas antes expres\u00f3 que agradec\u00eda mucho el inter\u00e9s de poder mantener viva la\nmemoria de su padre y que se seguir\u00e1 orando para que el se\u00f1or enviara las\nfuerzas para as\u00ed poder seguir llevando las buenas nuevas de salvaci\u00f3n.<\/p>\n\n\n\n<p>El Alcalde de San Salvador\nno se quiso quedar atr\u00e1s y expres\u00f3:<\/p>\n\n\n\n<p>\u201cTuvimos el privilegio de honrar la memoria del\nHermano Toby, nombrando la calle frente al Tabern\u00e1culo B\u00edblico Central con el\nnombre de su fundador, Pastor Edgar L\u00f3pez Bertrand. Este extraordinario ser\nhumano, que transform\u00f3 la vida de miles, acerc\u00e1ndolos a Dios\u201d.<\/p>\n\n\n\n<p>La ceremonia se llev\u00f3\nacabo a las 9:00am en el Tabern\u00e1culo B\u00edblico Bautista Amigos de Israel central.<\/p>\n","protected":false},"excerpt":{"rendered":"<p>El pasado domingo 5 de mayo el Alcalde de San Salvador Ernesto Muyshondt dio por inaugurada la calle, frente a la Iglesia Tabern\u00e1culo B\u00edblico Amigos de Israel Central, la cual lleva el nombre del fallecido &nbsp;Pastor General Edgar L\u00f3pez Bertrand. La encargada de develar el nuevo rotulo con la nueva nomenclatura fue la Hermana Paty [&hellip;]<\/p>\n","protected":false},"author":3,"featured_media":5745,"comment_status":"open","ping_status":"open","sticky":false,"template":"","format":"standard","meta":[],"categories":[56],"tags":[],"yoast_head":"<!-- This site is optimized with the Yoast SEO plugin v20.8 - https:\/\/yoast.com\/wordpress\/plugins\/seo\/ -->\n<title>Inauguran calle Pastor Edgar L\u00f3pez Bertrand - La Prensa Cristiana<\/title>\n<meta name=\"robots\" content=\"index, follow, max-snippet:-1, max-image-preview:large, max-video-preview:-1\" \/>\n<link rel=\"canonical\" href=\"https:\/\/laprensacristiana.com\/?p=5744\" \/>\n<meta property=\"og:locale\" content=\"es_ES\" \/>\n<meta property=\"og:type\" content=\"article\" \/>\n<meta property=\"og:title\" content=\"Inauguran calle Pastor Edgar L\u00f3pez Bertrand - La Prensa Cristiana\" \/>\n<meta property=\"og:description\" content=\"El pasado domingo 5 de mayo el Alcalde de San Salvador Ernesto Muyshondt dio por inaugurada la calle, frente a la Iglesia Tabern\u00e1culo B\u00edblico Amigos de Israel Central, la cual lleva el nombre del fallecido &nbsp;Pastor General Edgar L\u00f3pez Bertrand. La encargada de develar el nuevo rotulo con la nueva nomenclatura fue la Hermana Paty [&hellip;]\" \/>\n<meta property=\"og:url\" content=\"https:\/\/laprensacristiana.com\/?p=5744\" \/>\n<meta property=\"og:site_name\" content=\"La Prensa Cristiana\" \/>\n<meta property=\"article:published_time\" content=\"2019-05-06T18:12:54+00:00\" \/>\n<meta property=\"article:modified_time\" content=\"2019-05-06T18:12:56+00:00\" \/>\n<meta property=\"og:image\" content=\"https:\/\/laprensacristiana.com\/wp-content\/uploads\/2019\/05\/13.jpg\" \/>\n\t<meta property=\"og:image:width\" content=\"1080\" \/>\n\t<meta property=\"og:image:height\" content=\"1068\" \/>\n\t<meta property=\"og:image:type\" content=\"image\/jpeg\" \/>\n<meta name=\"author\" content=\"EDITOR\" \/>\n<meta name=\"twitter:card\" content=\"summary_large_image\" \/>\n<meta name=\"twitter:label1\" content=\"Escrito por\" \/>\n\t<meta name=\"twitter:data1\" content=\"EDITOR\" \/>\n\t<meta name=\"twitter:label2\" content=\"Tiempo de lectura\" \/>\n\t<meta name=\"twitter:data2\" content=\"2 minutos\" \/>\n<script type=\"application\/ld+json\" class=\"yoast-schema-graph\">{\"@context\":\"https:\/\/schema.org\",\"@graph\":[{\"@type\":\"WebPage\",\"@id\":\"https:\/\/laprensacristiana.com\/?p=5744\",\"url\":\"https:\/\/laprensacristiana.com\/?p=5744\",\"name\":\"Inauguran calle Pastor Edgar L\u00f3pez Bertrand - La Prensa Cristiana\",\"isPartOf\":{\"@id\":\"https:\/\/laprensacristiana.com\/#website\"},\"datePublished\":\"2019-05-06T18:12:54+00:00\",\"dateModified\":\"2019-05-06T18:12:56+00:00\",\"author\":{\"@id\":\"https:\/\/laprensacristiana.com\/#\/schema\/person\/3e7d82c6bfd6b1fa67010f8f7cd5256e\"},\"breadcrumb\":{\"@id\":\"https:\/\/laprensacristiana.com\/?p=5744#breadcrumb\"},\"inLanguage\":\"es\",\"potentialAction\":[{\"@type\":\"ReadAction\",\"target\":[\"https:\/\/laprensacristiana.com\/?p=5744\"]}]},{\"@type\":\"BreadcrumbList\",\"@id\":\"https:\/\/laprensacristiana.com\/?p=5744#breadcrumb\",\"itemListElement\":[{\"@type\":\"ListItem\",\"position\":1,\"name\":\"Portada\",\"item\":\"https:\/\/laprensacristiana.com\/\"},{\"@type\":\"ListItem\",\"position\":2,\"name\":\"Inauguran calle Pastor Edgar L\u00f3pez Bertrand\"}]},{\"@type\":\"WebSite\",\"@id\":\"https:\/\/laprensacristiana.com\/#website\",\"url\":\"https:\/\/laprensacristiana.com\/\",\"name\":\"La Prensa Cristiana\",\"description\":\"Anunciando Las Buenas Nuevas\",\"potentialAction\":[{\"@type\":\"SearchAction\",\"target\":{\"@type\":\"EntryPoint\",\"urlTemplate\":\"https:\/\/laprensacristiana.com\/?s={search_term_string}\"},\"query-input\":\"required name=search_term_string\"}],\"inLanguage\":\"es\"},{\"@type\":\"Person\",\"@id\":\"https:\/\/laprensacristiana.com\/#\/schema\/person\/3e7d82c6bfd6b1fa67010f8f7cd5256e\",\"name\":\"EDITOR\",\"image\":{\"@type\":\"ImageObject\",\"inLanguage\":\"es\",\"@id\":\"https:\/\/laprensacristiana.com\/#\/schema\/person\/image\/\",\"url\":\"https:\/\/secure.gravatar.com\/avatar\/72069dfb6c13772d9e8381e3638666d2?s=96&d=mm&r=g\",\"contentUrl\":\"https:\/\/secure.gravatar.com\/avatar\/72069dfb6c13772d9e8381e3638666d2?s=96&d=mm&r=g\",\"caption\":\"EDITOR\"},\"url\":\"https:\/\/laprensacristiana.com\/?author=3\"}]}<\/script>\n<!-- \/ Yoast SEO plugin. -->","yoast_head_json":{"title":"Inauguran calle Pastor Edgar L\u00f3pez Bertrand - La Prensa Cristiana","robots":{"index":"index","follow":"follow","max-snippet":"max-snippet:-1","max-image-preview":"max-image-preview:large","max-video-preview":"max-video-preview:-1"},"canonical":"https:\/\/laprensacristiana.com\/?p=5744","og_locale":"es_ES","og_type":"article","og_title":"Inauguran calle Pastor Edgar L\u00f3pez Bertrand - La Prensa Cristiana","og_description":"El pasado domingo 5 de mayo el Alcalde de San Salvador Ernesto Muyshondt dio por inaugurada la calle, frente a la Iglesia Tabern\u00e1culo B\u00edblico Amigos de Israel Central, la cual lleva el nombre del fallecido &nbsp;Pastor General Edgar L\u00f3pez Bertrand. La encargada de develar el nuevo rotulo con la nueva nomenclatura fue la Hermana Paty [&hellip;]","og_url":"https:\/\/laprensacristiana.com\/?p=5744","og_site_name":"La Prensa Cristiana","article_published_time":"2019-05-06T18:12:54+00:00","article_modified_time":"2019-05-06T18:12:56+00:00","og_image":[{"width":1080,"height":1068,"url":"https:\/\/laprensacristiana.com\/wp-content\/uploads\/2019\/05\/13.jpg","type":"image\/jpeg"}],"author":"EDITOR","twitter_card":"summary_large_image","twitter_misc":{"Escrito por":"EDITOR","Tiempo de lectura":"2 minutos"},"schema":{"@context":"https:\/\/schema.org","@graph":[{"@type":"WebPage","@id":"https:\/\/laprensacristiana.com\/?p=5744","url":"https:\/\/laprensacristiana.com\/?p=5744","name":"Inauguran calle Pastor Edgar L\u00f3pez Bertrand - La Prensa Cristiana","isPartOf":{"@id":"https:\/\/laprensacristiana.com\/#website"},"datePublished":"2019-05-06T18:12:54+00:00","dateModified":"2019-05-06T18:12:56+00:00","author":{"@id":"https:\/\/laprensacristiana.com\/#\/schema\/person\/3e7d82c6bfd6b1fa67010f8f7cd5256e"},"breadcrumb":{"@id":"https:\/\/laprensacristiana.com\/?p=5744#breadcrumb"},"inLanguage":"es","potentialAction":[{"@type":"ReadAction","target":["https:\/\/laprensacristiana.com\/?p=5744"]}]},{"@type":"BreadcrumbList","@id":"https:\/\/laprensacristiana.com\/?p=5744#breadcrumb","itemListElement":[{"@type":"ListItem","position":1,"name":"Portada","item":"https:\/\/laprensacristiana.com\/"},{"@type":"ListItem","position":2,"name":"Inauguran calle Pastor Edgar L\u00f3pez Bertrand"}]},{"@type":"WebSite","@id":"https:\/\/laprensacristiana.com\/#website","url":"https:\/\/laprensacristiana.com\/","name":"La Prensa Cristiana","description":"Anunciando Las Buenas Nuevas","potentialAction":[{"@type":"SearchAction","target":{"@type":"EntryPoint","urlTemplate":"https:\/\/laprensacristiana.com\/?s={search_term_string}"},"query-input":"required name=search_term_string"}],"inLanguage":"es"},{"@type":"Person","@id":"https:\/\/laprensacristiana.com\/#\/schema\/person\/3e7d82c6bfd6b1fa67010f8f7cd5256e","name":"EDITOR","image":{"@type":"ImageObject","inLanguage":"es","@id":"https:\/\/laprensacristiana.com\/#\/schema\/person\/image\/","url":"https:\/\/secure.gravatar.com\/avatar\/72069dfb6c13772d9e8381e3638666d2?s=96&d=mm&r=g","contentUrl":"https:\/\/secure.gravatar.com\/avatar\/72069dfb6c13772d9e8381e3638666d2?s=96&d=mm&r=g","caption":"EDITOR"},"url":"https:\/\/laprensacristiana.com\/?author=3"}]}},"_links":{"self":[{"href":"https:\/\/laprensacristiana.com\/index.php?rest_route=\/wp\/v2\/posts\/5744"}],"collection":[{"href":"https:\/\/laprensacristiana.com\/index.php?rest_route=\/wp\/v2\/posts"}],"about":[{"href":"https:\/\/laprensacristiana.com\/index.php?rest_route=\/wp\/v2\/types\/post"}],"author":[{"embeddable":true,"href":"https:\/\/laprensacristiana.com\/index.php?rest_route=\/wp\/v2\/users\/3"}],"replies":[{"embeddable":true,"href":"https:\/\/laprensacristiana.com\/index.php?rest_route=%2Fwp%2Fv2%2Fcomments&post=5744"}],"version-history":[{"count":1,"href":"https:\/\/laprensacristiana.com\/index.php?rest_route=\/wp\/v2\/posts\/5744\/revisions"}],"predecessor-version":[{"id":5747,"href":"https:\/\/laprensacristiana.com\/index.php?rest_route=\/wp\/v2\/posts\/5744\/revisions\/5747"}],"wp:featuredmedia":[{"embeddable":true,"href":"https:\/\/laprensacristiana.com\/index.php?rest_route=\/wp\/v2\/media\/5745"}],"wp:attachment":[{"href":"https:\/\/laprensacristiana.com\/index.php?rest_route=%2Fwp%2Fv2%2Fmedia&parent=5744"}],"wp:term":[{"taxonomy":"category","embeddable":true,"href":"https:\/\/laprensacristiana.com\/index.php?rest_route=%2Fwp%2Fv2%2Fcategories&post=5744"},{"taxonomy":"post_tag","embeddable":true,"href":"https:\/\/laprensacristiana.com\/index.php?rest_route=%2Fwp%2Fv2%2Ftags&post=5744"}],"curies":[{"name":"wp","href":"https:\/\/api.w.org\/{rel}","templated":true}]}}