{"id":5748,"date":"2019-05-07T00:14:25","date_gmt":"2019-05-07T00:14:25","guid":{"rendered":"https:\/\/laprensacristiana.com\/?p=5748"},"modified":"2019-05-07T00:14:29","modified_gmt":"2019-05-07T00:14:29","slug":"celebran-noche-de-salvacion-en-ciudad-arce","status":"publish","type":"post","link":"https:\/\/laprensacristiana.com\/?p=5748","title":{"rendered":"Celebran Noche de Salvaci\u00f3n en Ciudad Arce"},"content":{"rendered":"\n<p>El pasado 01 de mayo la Iglesia\nEvang\u00e9lica Pr\u00edncipe de Paz de Ciudad Arce organiz\u00f3 una noche de salvaci\u00f3n en\nlas instalaciones del ex tercer ciclo, contiguo a la Alcald\u00eda Municipal. El\nevento dio inicio desde las 4:00 de la tarde con un lleno total en el audit\u00f3rium.\n<\/p>\n\n\n\n<p>Se cont\u00f3 con invitados\nespeciales, en la alabanza desde Kansas City Los Hermanos Gonz\u00e1lez, la banda de\nInstituto Canzi\u00f3n El Salvador y la predicaci\u00f3n estuvo a cargo del salmista y\npastor David Scarpeta (Colombiano de nacimiento, residente en Houston Texas,\nEE.UU).<\/p>\n\n\n\n<p>El evento fue realizado por la\npastora Cecilia de Alas (Iglesia Evang\u00e9lica Pr\u00edncipe de Paz Ciudad Arce) \u201cEn el\nmes de agosto del a\u00f1o pasado estaba en cama, de una ca\u00edda me fractur\u00e9 un pie,\nel Se\u00f1or me visit\u00f3 en la madrugada y pude escuchar a trav\u00e9s de voz audible:\nprep\u00e1rate porque te voy a sorprender, me quede con la duda que quer\u00eda hacer\nDios. Por tal motivo entramos en ayuno y oraci\u00f3n esperando la respuesta de\nDios, a los meses me llama mi hijo (Isa\u00ed Alas) dici\u00e9ndome mam\u00e1 vamos a hacer un\nevento en grande, yo le conteste hijo la iglesia no tiene recursos, pero \u00e9l me\ndijo que si Dios le hab\u00eda permitido a\u00f1os antes hacer un evento con Julio Melgar\ncomo no le iba a proveer para este nuevo evento, \u00c9l va a tocar a la gente para\nque me ayude para poder responder financieramente para todas las cosas que\nnecesitamos cubrir, es as\u00f3 como Dios toca a mi hijo, este d\u00eda se ha cumplido el\ndeseo de Dios para levantar a la iglesia de Ciudad Arce, el enemigo pens\u00f3 que\ncon la muerte de mi esposo me iba a acabar, pero no ha sido as\u00ed, hemos visto la\ngloria de Dios, almas aceptando, reconcili\u00e1ndose, la obra est\u00e1 floreciendo,\nesta es una respuesta de \u00c9l al ministerio, y sabemos que hay m\u00e1s cosas que\nhar\u00e1\u201d expres\u00f3 la pastora Alas.<\/p>\n\n\n\n<figure class=\"wp-block-image\"><img decoding=\"async\" loading=\"lazy\" width=\"764\" height=\"1024\" src=\"https:\/\/laprensacristiana.com\/wp-content\/uploads\/2019\/05\/59737841_174690960135631_5814081285676597248_n-764x1024.jpg\" alt=\"\" class=\"wp-image-5752\" srcset=\"https:\/\/laprensacristiana.com\/wp-content\/uploads\/2019\/05\/59737841_174690960135631_5814081285676597248_n-764x1024.jpg 764w, https:\/\/laprensacristiana.com\/wp-content\/uploads\/2019\/05\/59737841_174690960135631_5814081285676597248_n-600x804.jpg 600w, https:\/\/laprensacristiana.com\/wp-content\/uploads\/2019\/05\/59737841_174690960135631_5814081285676597248_n-224x300.jpg 224w, https:\/\/laprensacristiana.com\/wp-content\/uploads\/2019\/05\/59737841_174690960135631_5814081285676597248_n-768x1029.jpg 768w, https:\/\/laprensacristiana.com\/wp-content\/uploads\/2019\/05\/59737841_174690960135631_5814081285676597248_n-696x933.jpg 696w, https:\/\/laprensacristiana.com\/wp-content\/uploads\/2019\/05\/59737841_174690960135631_5814081285676597248_n-1068x1432.jpg 1068w, https:\/\/laprensacristiana.com\/wp-content\/uploads\/2019\/05\/59737841_174690960135631_5814081285676597248_n-313x420.jpg 313w, https:\/\/laprensacristiana.com\/wp-content\/uploads\/2019\/05\/59737841_174690960135631_5814081285676597248_n.jpg 1504w\" sizes=\"(max-width: 764px) 100vw, 764px\" \/><figcaption>Cecilia de Alas, Pastora Iglesia Evang\u00e9lica Pr\u00edncipe de Paz Ciudad Arce<\/figcaption><\/figure>\n\n\n\n<p>La m\u00fasica de los hermanos Gonz\u00e1lez\ncaus\u00f3 gran impacto entre los asistentes por su tradicional ritmo de cuerdas,\nest\u00e1n compuestos por 4 integrantes, su nombre obedece a su parentesco, y su\nm\u00fasica es un cover de himnos de anta\u00f1o que algunos han perdurado en el tiempo y\notros se convierten en remembranza cuando ellos los ejecutan. \u201cVer la hermandad\nque tienen los salvadore\u00f1os es impresionante, cuando las cosas van bien es\nf\u00e1cil alabar&nbsp; a Dios, cuando las cosas\nfallan es cuando debemos ser fieles, les animamos a seguir llevando de Cristo\nen todo momento, no debemos descansar, a\u00fan hay mucho trabajo por hacer, todo lo\nque hacemos para el Se\u00f1or tiene recompensa\u201d acotaron los Hermanos Gonz\u00e1lez. <\/p>\n\n\n\n<figure class=\"wp-block-image\"><img decoding=\"async\" loading=\"lazy\" width=\"1024\" height=\"767\" src=\"https:\/\/laprensacristiana.com\/wp-content\/uploads\/2019\/05\/59592902_853199028374243_6522699624786952192_n-1024x767.jpg\" alt=\"\" class=\"wp-image-5753\" srcset=\"https:\/\/laprensacristiana.com\/wp-content\/uploads\/2019\/05\/59592902_853199028374243_6522699624786952192_n-1024x767.jpg 1024w, https:\/\/laprensacristiana.com\/wp-content\/uploads\/2019\/05\/59592902_853199028374243_6522699624786952192_n-600x449.jpg 600w, https:\/\/laprensacristiana.com\/wp-content\/uploads\/2019\/05\/59592902_853199028374243_6522699624786952192_n-300x225.jpg 300w, https:\/\/laprensacristiana.com\/wp-content\/uploads\/2019\/05\/59592902_853199028374243_6522699624786952192_n-768x575.jpg 768w, https:\/\/laprensacristiana.com\/wp-content\/uploads\/2019\/05\/59592902_853199028374243_6522699624786952192_n-80x60.jpg 80w, https:\/\/laprensacristiana.com\/wp-content\/uploads\/2019\/05\/59592902_853199028374243_6522699624786952192_n-265x198.jpg 265w, https:\/\/laprensacristiana.com\/wp-content\/uploads\/2019\/05\/59592902_853199028374243_6522699624786952192_n-696x521.jpg 696w, https:\/\/laprensacristiana.com\/wp-content\/uploads\/2019\/05\/59592902_853199028374243_6522699624786952192_n-1068x800.jpg 1068w, https:\/\/laprensacristiana.com\/wp-content\/uploads\/2019\/05\/59592902_853199028374243_6522699624786952192_n-561x420.jpg 561w, https:\/\/laprensacristiana.com\/wp-content\/uploads\/2019\/05\/59592902_853199028374243_6522699624786952192_n.jpg 1255w\" sizes=\"(max-width: 1024px) 100vw, 1024px\" \/><figcaption>Asistentes adorando a Dios al momento de las Alabanzas de Los Hermanos Gonz\u00e1lez<\/figcaption><\/figure>\n\n\n\n<p>En su intervenci\u00f3n el pastor\nDavid Scarpeta inici\u00f3 con una de sus alabanzas m\u00e1s conocidas \u201cEl Cielo Gobierna\u201d\ny posteriormente predic\u00f3 un mensaje con el t\u00edtulo \u201cVictoria en el dolor\u201d a\ntrav\u00e9s del cual hizo \u00e9nfasis en que Dios est\u00e1 interesado en el aprendizaje m\u00e1s\nque en el proceso, los seres humanos estamos m\u00e1s concentrados en la dificultad\nque el proceso representa y no nos concentramos en qu\u00e9 quiere Dios que\nentendamos, \u201c Aprendamos a leer los tiempos en los cuales estamos, Jesucristo\ndijo que no se puede poner vino nuevo en odres viejos, es necesario que la\niglesia pueda renovarse no solo en un estilo, sino renovarse en el Esp\u00edritu, es\nun tiempo de renuevo que necesitamos tomar y abrazar para poder estar listos\npara lo que el Se\u00f1or tiene\u201d concluy\u00f3 el pastor Scarpeta. &nbsp;&nbsp;<\/p>\n\n\n\n<figure class=\"wp-block-image\"><img decoding=\"async\" loading=\"lazy\" width=\"1024\" height=\"670\" src=\"https:\/\/laprensacristiana.com\/wp-content\/uploads\/2019\/05\/59403753_1038011159732030_2173021862844432384_n-1-1024x670.jpg\" alt=\"\" class=\"wp-image-5751\" srcset=\"https:\/\/laprensacristiana.com\/wp-content\/uploads\/2019\/05\/59403753_1038011159732030_2173021862844432384_n-1-1024x670.jpg 1024w, https:\/\/laprensacristiana.com\/wp-content\/uploads\/2019\/05\/59403753_1038011159732030_2173021862844432384_n-1-600x393.jpg 600w, https:\/\/laprensacristiana.com\/wp-content\/uploads\/2019\/05\/59403753_1038011159732030_2173021862844432384_n-1-300x196.jpg 300w, https:\/\/laprensacristiana.com\/wp-content\/uploads\/2019\/05\/59403753_1038011159732030_2173021862844432384_n-1-768x502.jpg 768w, https:\/\/laprensacristiana.com\/wp-content\/uploads\/2019\/05\/59403753_1038011159732030_2173021862844432384_n-1-696x455.jpg 696w, https:\/\/laprensacristiana.com\/wp-content\/uploads\/2019\/05\/59403753_1038011159732030_2173021862844432384_n-1-741x486.jpg 741w, https:\/\/laprensacristiana.com\/wp-content\/uploads\/2019\/05\/59403753_1038011159732030_2173021862844432384_n-1-1068x699.jpg 1068w, https:\/\/laprensacristiana.com\/wp-content\/uploads\/2019\/05\/59403753_1038011159732030_2173021862844432384_n-1-642x420.jpg 642w, https:\/\/laprensacristiana.com\/wp-content\/uploads\/2019\/05\/59403753_1038011159732030_2173021862844432384_n-1.jpg 1504w\" sizes=\"(max-width: 1024px) 100vw, 1024px\" \/><figcaption>David Scarpeta, pastor y salmista internacional<\/figcaption><\/figure>\n\n\n\n<p>Cabe destacar que la noche de salvaci\u00f3n se convirti\u00f3 en un evento interdenominacional contando con la asistencia de diferentes iglesias como: Iglesias Evang\u00e9licas Pr\u00edncipe de Paz de: Valle Nuevo, El Progreso, Col. Santa Lucia, Cuscatancingo, San Martin, Callejas, San Juan Opico, Suchitoto, Iglesia de Dios de la Profec\u00eda de Las Vegas, Iglesia Asambleas de Dios Ciudad Arce, Iglesia Peniel de Santa Rosa, Iglesia Refugio, Iglesia Fuente Vida Nueva, Iglesia Jireh,\u00a0\u00a0 Iglesia de Dios de Ciudad Arce, \u00a0Iglesia Santa Si\u00f3n de La Joyita, Iglesia Prof\u00e9tica La Tribu de Juda entre otras<\/p>\n\n\n\n<p>En el cierre del evento tuvimos la oportunidad de conversar con\u00a0 el organizador del evento hermano Isai Alas quien reside en el extranjero, pero eso no fue barrera para poder estar al frente del evento e invertir su tiempo y recursos para que la noche de salvaci\u00f3n pudiera desarrollarse: <\/p>\n\n\n\n<figure class=\"wp-block-image\"><img decoding=\"async\" loading=\"lazy\" width=\"1024\" height=\"404\" src=\"https:\/\/laprensacristiana.com\/wp-content\/uploads\/2019\/05\/60038912_1998263440468527_1289202062449442816_n-1-1024x404.jpg\" alt=\"\" class=\"wp-image-5755\" srcset=\"https:\/\/laprensacristiana.com\/wp-content\/uploads\/2019\/05\/60038912_1998263440468527_1289202062449442816_n-1-1024x404.jpg 1024w, https:\/\/laprensacristiana.com\/wp-content\/uploads\/2019\/05\/60038912_1998263440468527_1289202062449442816_n-1-600x237.jpg 600w, https:\/\/laprensacristiana.com\/wp-content\/uploads\/2019\/05\/60038912_1998263440468527_1289202062449442816_n-1-300x118.jpg 300w, https:\/\/laprensacristiana.com\/wp-content\/uploads\/2019\/05\/60038912_1998263440468527_1289202062449442816_n-1-768x303.jpg 768w, https:\/\/laprensacristiana.com\/wp-content\/uploads\/2019\/05\/60038912_1998263440468527_1289202062449442816_n-1-696x275.jpg 696w, https:\/\/laprensacristiana.com\/wp-content\/uploads\/2019\/05\/60038912_1998263440468527_1289202062449442816_n-1-1068x422.jpg 1068w, https:\/\/laprensacristiana.com\/wp-content\/uploads\/2019\/05\/60038912_1998263440468527_1289202062449442816_n-1-1064x420.jpg 1064w, https:\/\/laprensacristiana.com\/wp-content\/uploads\/2019\/05\/60038912_1998263440468527_1289202062449442816_n-1.jpg 1439w\" sizes=\"(max-width: 1024px) 100vw, 1024px\" \/><\/figure>\n\n\n\n<p><strong>\u00a0\u00bfC\u00f3mo nace la idea de realizar una noche de salvaci\u00f3n para Ciudad Arce?<\/strong><\/p>\n\n\n\n<p>Esto nace hace once a\u00f1os atr\u00e1s,\nhicimos noches de alabanza y adoraci\u00f3n, llegamos a la cuarta edici\u00f3n con el\npastor y salmista Julio Melgar y este tiempo que pasamos sin hacer este tipo de\neventos o cultos, Dios pone en mi coraz\u00f3n volver a hacer otro en el mes de mayo\na los once a\u00f1os exactamente cuando el pastor Julio estuvo en el mismo lugar en\nnuestro tercer ciclo pero Dios no me puso en el coraz\u00f3n llamarle noche de\nalabanza y adoraci\u00f3n me puso llamarle \u201cNOCHE DE SALVACION\u201d con un objetivo espec\u00edfico\nde poder predicar, que el evento se enfocara evangel\u00edsticamente y es as\u00ed como\nnace la idea o proyecto de hacer una noche de salvaci\u00f3n, fue en el mes de\ndiciembre que la idea se concret\u00f3, en los mes de enero &nbsp;y febrero&nbsp;\nya se empez\u00f3 a trabajar, es una tremenda bendici\u00f3n creo que a m\u00e1s de\nnacer en mi coraz\u00f3n, naci\u00f3 en el coraz\u00f3n de Dios para ministrar el cuerpo de\nCristo y bendecir a las personas.<\/p>\n\n\n\n<p><strong>\u00bfC\u00f3mo logra desde el exterior, mantener la estabilidad del evento y a su vez, el correcto funcionamiento?<\/strong><\/p>\n\n\n\n<p>La experiencia en montar eventos,\ngracias a Dios no es el primero, junto con mi padre en el 2006, coordinamos, mi\npadre era el pastor Julio Ernesto Alas, coordinamos el 50 aniversario de nuestra\norganizaci\u00f3n, llenamos el estadio M\u00e1gico Gonz\u00e1lez, m\u00e1s de 30,000 personas, en\nel 2007 coordine la convenci\u00f3n nacional de j\u00f3venes en el INDES el palacio de\nlos deportes m\u00e1s de 7mil j\u00f3venes, luego localmente hicimos cuatro noches de\nalabanzas y adoraci\u00f3n la cuarta noche fue con el pastor y salmista Julio Melgar\ny su banda en este mismo lugar y tambi\u00e9n por muchos a\u00f1os estuve en la iglesia\nKemuel con mi amigo el pastor Juan Carlos Hasbun, esa fue mi escuela y ya\nobteniendo experiencia en c\u00f3mo hacer eventos, pues desde ac\u00e1 podemos decir como\na control remoto, pero teniendo a alguien que las cuatro noches de alabanzas y\nadoraci\u00f3n, trabaj\u00f3 conmigo, se uni\u00f3 a la visi\u00f3n, ten\u00eda un director de log\u00edstica\nall\u00e1 f\u00edsico y yo desde ac\u00e1 coordinando entonces eso ayudo y en general pues\ntoda la iglesia Principe de Paz de Ciudad Arce, mi mam\u00e1 como pastora y un\nequipo haciendo el trabajo para que todo funcionara.<\/p>\n\n\n\n<p><strong>\u00bfQui\u00e9n es el v\u00ednculo en El Salvador y porque Ciudad Arce y no otro lugar en el pa\u00eds?<\/strong><\/p>\n\n\n\n<p>El v\u00ednculos es mis padres, han\npastoreado por m\u00e1s de 35 a\u00f1os, mi pap\u00e1 creo que 34 a\u00f1os que Dios le permiti\u00f3\nestar, hasta que Dios se lo llev\u00f3 a su presencia, mi madre continua de pastora\nen la ciudad, yo nac\u00ed en esa ciudad que es Ciudad Arce y espec\u00edficamente en la\nciudad, no en un hospital, entonces siguiendo un legado, siguiendo lo que mi\npap\u00e1 amaba, lo que mi mam\u00e1 ama, por eso Dios pone en el coraz\u00f3n Ciudad Arce la\niglesia que \u00c9l con tanto amor y sacrificio fund\u00f3, &nbsp;yo puedo decir trabaj\u00f3 por muchos a\u00f1os\nfundando otras iglesias m\u00e1s, ganando almas, siguiendo la misma pasi\u00f3n de mi\npap\u00e1, no por dinero, no por fama, sino que por amor a las almas, ese es el v\u00ednculo\nm\u00e1s fuerte o la raz\u00f3n m\u00e1s fuerte por la que hicimos este evento en Ciudad Arce.<\/p>\n\n\n\n<p><strong>A su criterio \u00bfSe alcanzaron las expectativas dentro de la noche de salvaci\u00f3n?<\/strong><\/p>\n\n\n\n<p>Gracias a Dios a mi criterio se\nalcanzaron las expectativas o se sobrepasaron, porque fue una noche llena de la\npresencia de Dios, los tres ministerios fueron usados por Dios, Instituto Canzi\u00f3n\nfue una tremenda ministraci\u00f3n, Los Hermanos Gonz\u00e1lez tambi\u00e9n y creo que fue de\nun nivel a otro, empezar con algo y luego ir subiendo hasta llegar con el\npastor Scarpeta&nbsp; que no solo predic\u00f3 sino\n&nbsp;que cant\u00f3 cuatro alabanzas, luego\npredic\u00f3 y despu\u00e9s canto dos m\u00e1s, as\u00ed que fue maravilloso, la asistencia, el\nlugar totalmente lleno, la iglesia fue ministrada, almas se convirtieron a Cristo,\nentonces se logr\u00f3 el objetivo que era una noche de salvaci\u00f3n, se predic\u00f3 el\nevangelio no solo en el lugar, sino tambi\u00e9n en sus alrededores, el sonido\nestaba perfecto podemos decir y mucha gente lo escuchaba de lejos desde sus\ncasas a lo mejor gente se convirti\u00f3 estando sentado en su silla escuchando La Palabra\nporque yo ten\u00eda muchos testimonios de mi pap\u00e1 y cuando mi pap\u00e1 hacia\npredicaciones, campa\u00f1as o en aquel tiempo les llamaban campos blancos en los\nhogares, mi pap\u00e1 pon\u00eda una bocina, mucha gente despu\u00e9s le dec\u00eda pastor Julio yo\nacept\u00e9 con usted cuando dec\u00eda si usted quiere aceptar acepte y haga su oraci\u00f3n\nconmigo, es efectivo predicar como dice La Biblia que la palabra de Dios no\nregresa vac\u00eda.<\/p>\n\n\n\n<p><strong>A futuro \u00bfha considerado realizar un nuevo evento?<\/strong><\/p>\n\n\n\n<p>Claro que s\u00ed, vienen m\u00e1s\nediciones de Noche de Salvaci\u00f3n, posiblemente sea a fin de este a\u00f1o que se haga\notra noche de salvaci\u00f3n m\u00e1s, porque esto trae avivamiento al cuerpo de Cristo,\na la iglesia y trae salvaci\u00f3n y sanidad a la ciudad, as\u00ed que vamos a continuar,\nprimero Dios haciendo las cosas.<\/p>\n","protected":false},"excerpt":{"rendered":"<p>El pasado 01 de mayo la Iglesia Evang\u00e9lica Pr\u00edncipe de Paz de Ciudad Arce organiz\u00f3 una noche de salvaci\u00f3n en las instalaciones del ex tercer ciclo, contiguo a la Alcald\u00eda Municipal. El evento dio inicio desde las 4:00 de la tarde con un lleno total en el audit\u00f3rium. Se cont\u00f3 con invitados especiales, en la [&hellip;]<\/p>\n","protected":false},"author":3,"featured_media":5749,"comment_status":"open","ping_status":"open","sticky":false,"template":"","format":"standard","meta":[],"categories":[56],"tags":[],"yoast_head":"<!-- This site is optimized with the Yoast SEO plugin v20.8 - https:\/\/yoast.com\/wordpress\/plugins\/seo\/ -->\n<title>Celebran Noche de Salvaci\u00f3n en Ciudad Arce - La Prensa Cristiana<\/title>\n<meta name=\"robots\" content=\"index, follow, max-snippet:-1, max-image-preview:large, max-video-preview:-1\" \/>\n<link rel=\"canonical\" href=\"https:\/\/laprensacristiana.com\/?p=5748\" \/>\n<meta property=\"og:locale\" content=\"es_ES\" \/>\n<meta property=\"og:type\" content=\"article\" \/>\n<meta property=\"og:title\" content=\"Celebran Noche de Salvaci\u00f3n en Ciudad Arce - La Prensa Cristiana\" \/>\n<meta property=\"og:description\" content=\"El pasado 01 de mayo la Iglesia Evang\u00e9lica Pr\u00edncipe de Paz de Ciudad Arce organiz\u00f3 una noche de salvaci\u00f3n en las instalaciones del ex tercer ciclo, contiguo a la Alcald\u00eda Municipal. El evento dio inicio desde las 4:00 de la tarde con un lleno total en el audit\u00f3rium. Se cont\u00f3 con invitados especiales, en la [&hellip;]\" \/>\n<meta property=\"og:url\" content=\"https:\/\/laprensacristiana.com\/?p=5748\" \/>\n<meta property=\"og:site_name\" content=\"La Prensa Cristiana\" \/>\n<meta property=\"article:published_time\" content=\"2019-05-07T00:14:25+00:00\" \/>\n<meta property=\"article:modified_time\" content=\"2019-05-07T00:14:29+00:00\" \/>\n<meta property=\"og:image\" content=\"https:\/\/laprensacristiana.com\/wp-content\/uploads\/2019\/05\/58659833_1273678069449302_3966850181340594176_n.jpg\" \/>\n\t<meta property=\"og:image:width\" content=\"960\" \/>\n\t<meta property=\"og:image:height\" content=\"539\" \/>\n\t<meta property=\"og:image:type\" content=\"image\/jpeg\" \/>\n<meta name=\"author\" content=\"EDITOR\" \/>\n<meta name=\"twitter:card\" content=\"summary_large_image\" \/>\n<meta name=\"twitter:label1\" content=\"Escrito por\" \/>\n\t<meta name=\"twitter:data1\" content=\"EDITOR\" \/>\n\t<meta name=\"twitter:label2\" content=\"Tiempo de lectura\" \/>\n\t<meta name=\"twitter:data2\" content=\"9 minutos\" \/>\n<script type=\"application\/ld+json\" class=\"yoast-schema-graph\">{\"@context\":\"https:\/\/schema.org\",\"@graph\":[{\"@type\":\"WebPage\",\"@id\":\"https:\/\/laprensacristiana.com\/?p=5748\",\"url\":\"https:\/\/laprensacristiana.com\/?p=5748\",\"name\":\"Celebran Noche de Salvaci\u00f3n en Ciudad Arce - La Prensa Cristiana\",\"isPartOf\":{\"@id\":\"https:\/\/laprensacristiana.com\/#website\"},\"datePublished\":\"2019-05-07T00:14:25+00:00\",\"dateModified\":\"2019-05-07T00:14:29+00:00\",\"author\":{\"@id\":\"https:\/\/laprensacristiana.com\/#\/schema\/person\/3e7d82c6bfd6b1fa67010f8f7cd5256e\"},\"breadcrumb\":{\"@id\":\"https:\/\/laprensacristiana.com\/?p=5748#breadcrumb\"},\"inLanguage\":\"es\",\"potentialAction\":[{\"@type\":\"ReadAction\",\"target\":[\"https:\/\/laprensacristiana.com\/?p=5748\"]}]},{\"@type\":\"BreadcrumbList\",\"@id\":\"https:\/\/laprensacristiana.com\/?p=5748#breadcrumb\",\"itemListElement\":[{\"@type\":\"ListItem\",\"position\":1,\"name\":\"Portada\",\"item\":\"https:\/\/laprensacristiana.com\/\"},{\"@type\":\"ListItem\",\"position\":2,\"name\":\"Celebran Noche de Salvaci\u00f3n en Ciudad Arce\"}]},{\"@type\":\"WebSite\",\"@id\":\"https:\/\/laprensacristiana.com\/#website\",\"url\":\"https:\/\/laprensacristiana.com\/\",\"name\":\"La Prensa Cristiana\",\"description\":\"Anunciando Las Buenas Nuevas\",\"potentialAction\":[{\"@type\":\"SearchAction\",\"target\":{\"@type\":\"EntryPoint\",\"urlTemplate\":\"https:\/\/laprensacristiana.com\/?s={search_term_string}\"},\"query-input\":\"required name=search_term_string\"}],\"inLanguage\":\"es\"},{\"@type\":\"Person\",\"@id\":\"https:\/\/laprensacristiana.com\/#\/schema\/person\/3e7d82c6bfd6b1fa67010f8f7cd5256e\",\"name\":\"EDITOR\",\"image\":{\"@type\":\"ImageObject\",\"inLanguage\":\"es\",\"@id\":\"https:\/\/laprensacristiana.com\/#\/schema\/person\/image\/\",\"url\":\"https:\/\/secure.gravatar.com\/avatar\/72069dfb6c13772d9e8381e3638666d2?s=96&d=mm&r=g\",\"contentUrl\":\"https:\/\/secure.gravatar.com\/avatar\/72069dfb6c13772d9e8381e3638666d2?s=96&d=mm&r=g\",\"caption\":\"EDITOR\"},\"url\":\"https:\/\/laprensacristiana.com\/?author=3\"}]}<\/script>\n<!-- \/ Yoast SEO plugin. -->","yoast_head_json":{"title":"Celebran Noche de Salvaci\u00f3n en Ciudad Arce - La Prensa Cristiana","robots":{"index":"index","follow":"follow","max-snippet":"max-snippet:-1","max-image-preview":"max-image-preview:large","max-video-preview":"max-video-preview:-1"},"canonical":"https:\/\/laprensacristiana.com\/?p=5748","og_locale":"es_ES","og_type":"article","og_title":"Celebran Noche de Salvaci\u00f3n en Ciudad Arce - La Prensa Cristiana","og_description":"El pasado 01 de mayo la Iglesia Evang\u00e9lica Pr\u00edncipe de Paz de Ciudad Arce organiz\u00f3 una noche de salvaci\u00f3n en las instalaciones del ex tercer ciclo, contiguo a la Alcald\u00eda Municipal. El evento dio inicio desde las 4:00 de la tarde con un lleno total en el audit\u00f3rium. Se cont\u00f3 con invitados especiales, en la [&hellip;]","og_url":"https:\/\/laprensacristiana.com\/?p=5748","og_site_name":"La Prensa Cristiana","article_published_time":"2019-05-07T00:14:25+00:00","article_modified_time":"2019-05-07T00:14:29+00:00","og_image":[{"width":960,"height":539,"url":"https:\/\/laprensacristiana.com\/wp-content\/uploads\/2019\/05\/58659833_1273678069449302_3966850181340594176_n.jpg","type":"image\/jpeg"}],"author":"EDITOR","twitter_card":"summary_large_image","twitter_misc":{"Escrito por":"EDITOR","Tiempo de lectura":"9 minutos"},"schema":{"@context":"https:\/\/schema.org","@graph":[{"@type":"WebPage","@id":"https:\/\/laprensacristiana.com\/?p=5748","url":"https:\/\/laprensacristiana.com\/?p=5748","name":"Celebran Noche de Salvaci\u00f3n en Ciudad Arce - La Prensa Cristiana","isPartOf":{"@id":"https:\/\/laprensacristiana.com\/#website"},"datePublished":"2019-05-07T00:14:25+00:00","dateModified":"2019-05-07T00:14:29+00:00","author":{"@id":"https:\/\/laprensacristiana.com\/#\/schema\/person\/3e7d82c6bfd6b1fa67010f8f7cd5256e"},"breadcrumb":{"@id":"https:\/\/laprensacristiana.com\/?p=5748#breadcrumb"},"inLanguage":"es","potentialAction":[{"@type":"ReadAction","target":["https:\/\/laprensacristiana.com\/?p=5748"]}]},{"@type":"BreadcrumbList","@id":"https:\/\/laprensacristiana.com\/?p=5748#breadcrumb","itemListElement":[{"@type":"ListItem","position":1,"name":"Portada","item":"https:\/\/laprensacristiana.com\/"},{"@type":"ListItem","position":2,"name":"Celebran Noche de Salvaci\u00f3n en Ciudad Arce"}]},{"@type":"WebSite","@id":"https:\/\/laprensacristiana.com\/#website","url":"https:\/\/laprensacristiana.com\/","name":"La Prensa Cristiana","description":"Anunciando Las Buenas Nuevas","potentialAction":[{"@type":"SearchAction","target":{"@type":"EntryPoint","urlTemplate":"https:\/\/laprensacristiana.com\/?s={search_term_string}"},"query-input":"required name=search_term_string"}],"inLanguage":"es"},{"@type":"Person","@id":"https:\/\/laprensacristiana.com\/#\/schema\/person\/3e7d82c6bfd6b1fa67010f8f7cd5256e","name":"EDITOR","image":{"@type":"ImageObject","inLanguage":"es","@id":"https:\/\/laprensacristiana.com\/#\/schema\/person\/image\/","url":"https:\/\/secure.gravatar.com\/avatar\/72069dfb6c13772d9e8381e3638666d2?s=96&d=mm&r=g","contentUrl":"https:\/\/secure.gravatar.com\/avatar\/72069dfb6c13772d9e8381e3638666d2?s=96&d=mm&r=g","caption":"EDITOR"},"url":"https:\/\/laprensacristiana.com\/?author=3"}]}},"_links":{"self":[{"href":"https:\/\/laprensacristiana.com\/index.php?rest_route=\/wp\/v2\/posts\/5748"}],"collection":[{"href":"https:\/\/laprensacristiana.com\/index.php?rest_route=\/wp\/v2\/posts"}],"about":[{"href":"https:\/\/laprensacristiana.com\/index.php?rest_route=\/wp\/v2\/types\/post"}],"author":[{"embeddable":true,"href":"https:\/\/laprensacristiana.com\/index.php?rest_route=\/wp\/v2\/users\/3"}],"replies":[{"embeddable":true,"href":"https:\/\/laprensacristiana.com\/index.php?rest_route=%2Fwp%2Fv2%2Fcomments&post=5748"}],"version-history":[{"count":1,"href":"https:\/\/laprensacristiana.com\/index.php?rest_route=\/wp\/v2\/posts\/5748\/revisions"}],"predecessor-version":[{"id":5756,"href":"https:\/\/laprensacristiana.com\/index.php?rest_route=\/wp\/v2\/posts\/5748\/revisions\/5756"}],"wp:featuredmedia":[{"embeddable":true,"href":"https:\/\/laprensacristiana.com\/index.php?rest_route=\/wp\/v2\/media\/5749"}],"wp:attachment":[{"href":"https:\/\/laprensacristiana.com\/index.php?rest_route=%2Fwp%2Fv2%2Fmedia&parent=5748"}],"wp:term":[{"taxonomy":"category","embeddable":true,"href":"https:\/\/laprensacristiana.com\/index.php?rest_route=%2Fwp%2Fv2%2Fcategories&post=5748"},{"taxonomy":"post_tag","embeddable":true,"href":"https:\/\/laprensacristiana.com\/index.php?rest_route=%2Fwp%2Fv2%2Ftags&post=5748"}],"curies":[{"name":"wp","href":"https:\/\/api.w.org\/{rel}","templated":true}]}}