{"id":5757,"date":"2019-05-07T17:08:46","date_gmt":"2019-05-07T17:08:46","guid":{"rendered":"https:\/\/laprensacristiana.com\/?p=5757"},"modified":"2019-05-07T17:08:49","modified_gmt":"2019-05-07T17:08:49","slug":"atleta-cristiana-gana-medalla-de-oro","status":"publish","type":"post","link":"https:\/\/laprensacristiana.com\/?p=5757","title":{"rendered":"Atleta cristiana gana medalla de oro"},"content":{"rendered":"\n<p>Abu Dhabi, Emiratos \u00c1rabes Unidos fue la cede de los Juegos &nbsp;Mundiales de Olimpiadas Especiales el pasado\nmes de marzo, El Salvador fue uno de los pa\u00edses que envi\u00f3 una comisi\u00f3n de\natletas para representar al pa\u00eds, entre las cuales se encontraba Loyda Pastor.<\/p>\n\n\n\n<p>Olimpiadas Especiales El Salvador naci\u00f3 en 1984 con el\nobjetivo de transformar la vida de muchas personas con discapacidad\nintelectual, esto a trav\u00e9s del deporte, actualmente se encuentran al servicio\nde m\u00e1s de 4 mil personas en diferentes partes del pa\u00eds.<\/p>\n\n\n\n<p>La Prensa Cristiana tuvo la oportunidad de conocer y\nconversar con Loyda Pastor y su hermana Fabiola Pastor.<\/p>\n\n\n\n<p>Loyda es una joven que tiene 18 a\u00f1os de nacionalidad\nSalvadore\u00f1a, proviene de un hogar cristiano conformado por su padre y madre\nquienes procrearon &nbsp;7 hijos, siendo ella\nla menor.<\/p>\n\n\n\n<p>\u00bfCu\u00e1ndo ustedes se dieron cuenta del diagn\u00f3stico de su\nhermana, cual fue la reacci\u00f3n como familia? <\/p>\n\n\n\n<p>Personalmente no recuerdo, pero mi mam\u00e1 menciona que en ese\ntiempo est\u00e1bamos en el tabern\u00e1culo que la iglesia en la cual nacimos, por lo\nque al recibir la noticia de que ella es con S\u00edndrome Down, al estar con el\nSe\u00f1or ya no sentimos esa preocupaci\u00f3n, al contrario fueron milagros con ella\nporque de 10 ni\u00f1os con este s\u00edndrome cada 9 &nbsp;nacen con problemas del coraz\u00f3n, entonces los\ndoctores te dijeron: \u201cmire ella no tendr\u00e1 una larga vida\u201d y Dios sano su\ncoraz\u00f3n, Dios tambi\u00e9n le ayudo con el habla ahora ella habla de todo. &nbsp;En la iglesia siempre la hemos tratado como\ntal, no decimos ay pobrecita, a ella siempre se le ha tratado por igual, y la\nverdad que nos sorprende porque a diferencia de otros ni\u00f1os ella es s\u00faper\natenta, alegre y es penosa como todos verdad,&nbsp;\nle gusta conocer gente, todo mundo la conoce. Gracias a Dios tomamos la\nnoticia bien, hemos tenido la oportunidad de conocer un mont\u00f3n de familias con\nni\u00f1os que tienen S\u00edndrome de Down y vemos lo que Dios ha hecho en ella, porque\nes totalmente diferente.<\/p>\n\n\n\n<p>\u00bfEn la iglesia ustedes encontraron el apoyo de la familia\npastoral?<\/p>\n\n\n\n<p>Si, cambiamos de iglesia, bueno mi mami conoc\u00eda de a\u00f1os a la\nsuegra de Ricardo Quinteros &nbsp;y le dijo un\nd\u00eda: \u201cmire la invitamos a la iglesia, para que nos conozcamos\u201d ahora ya\nllevamos dos a\u00f1os en la iglesia, la iglesia tambi\u00e9n ya va por su tercer a\u00f1o,\nluego llegamos y s\u00faper bien, le agradecemos a Ricardo y a toda la familia Luminares&nbsp; han sido con ella una grandes personas, le\ncelebramos los 18 a\u00f1os en febrero ah\u00ed en la iglesia y vimos el amor que le\ntienen.<\/p>\n\n\n\n<p>El siguiente &nbsp;domingo\nluego de regresar del viaje, fuimos al culto de las cuatro, la recibieron con\nramo de flores, le dieron un cuadro donde ella sale con su medalla de oro y la\npastora Sheli de Quinteros fue la que oro por ella, le partieron un pastel\ntambi\u00e9n.<\/p>\n\n\n\n<p>&nbsp;\u00bfC\u00f3mo se dieron\ncuentas que Loyda ten\u00eda &nbsp;habilidades para\nla gimnasia? <\/p>\n\n\n\n<p>Mi mam\u00e1 nos cont\u00f3 que una de las se\u00f1oras que trabajaba con\nella conoci\u00f3 a una mam\u00e1 que tiene una ni\u00f1a que se llama Yudi que tambi\u00e9n fue a\nla competencia con ella de 42 a\u00f1os, ella ya ten\u00eda muchos a\u00f1os de estar en las\nOlimpiadas Especial&nbsp; y le comento a mi\nmami que iba ah\u00ed y le pregunto si la quer\u00eda introducir. &nbsp;No le miento, desde que ella naci\u00f3 hemos\nandado para arriba y para abajo buscando como locos para que ella se pudiera\nsociabilizar, entonces la metimos a gimnasia y le gusto, le fascino y desde ese\nd\u00eda a eso se ha dedicado,&nbsp; ahora ya lleva\nnueve a\u00f1os con eso.&nbsp; Es de Dios, porque\ncada cuatro a\u00f1os se hacen los viajes, hace cuatro a\u00f1os se fueron para los\n\u00c1ngeles no recuerdo muy bien, las estaban seleccionando pero ella por la edad\nten\u00eda problemas por los papeles, que ella se sintiera c\u00f3moda y pues por esos\nmotivos no fue, tambi\u00e9n fue del se\u00f1or.<\/p>\n\n\n\n<p>Ahora despu\u00e9s de cuatro a\u00f1os que ella ya cumpli\u00f3 sus 18 en febrero,\nen marzo se fue a Dub\u00e1i, una ciudad cara, bonita, la primera medallista de oro.<\/p>\n\n\n\n<p>Es primera vez que viaja, todo es del Se\u00f1or, como mi mami me\ndec\u00eda, yo cuando llegue porque gracias a Dios&nbsp;\nmi mama pudo ir, ella le dec\u00eda: \u201cSe\u00f1or por lo menos que se lleve algo\u201d\nsin m\u00e1s cosas &nbsp;la Medalla de Oro.<\/p>\n\n\n\n<p>\u00bfC\u00f3mo se siente a llevarse la medalla de Oro Loyda? <\/p>\n\n\n\n<p>Bien, feliz.<\/p>\n\n\n\n<p>Fueron aproximadamente &nbsp;siete mil &nbsp;competidores de 170 pa\u00edses alrededor del mundo\ncon diferentes partes de Gimnasia. Ella tuvo dos lugares, el primero que fue el\nde Oro que se lo gano en viga y el segundo fue de bronce que es del tercer\nlugar en piso.<\/p>\n\n\n\n<p>\u00bfCuantos d\u00edas entrena a la semana? <\/p>\n\n\n\n<p>Ella entrena dos veces a la semana, pero antes de ir al\nviaje comenz\u00f3&nbsp; a entrenar tres veces a la\nsemana; martes, jueves y s\u00e1bado.<\/p>\n\n\n\n<p>\u00bfUstedes como familia como se sienten al ver todo lo que\nella ha logrado junto con el triunfo de la medalla de oro que no solo es\nrepresentaci\u00f3n de triunfo para ella, sino para todo El Salvador?<\/p>\n\n\n\n<p>Pues la verdad que nos quedamos cortos con el Se\u00f1or, porque\nque \u00c9l ha hecho las cosas, la verdad que es a El que le agradecemos mucho, todo\nesto fue un sacrificio y ahora vemos la cosecha.<\/p>\n\n\n\n<p>\u00bfQu\u00e9 les podr\u00eda decir a las familias que tal vez acaban de\nrecibir la noticia que sus hijos tienen S\u00edndrome &nbsp;Down e igual a los que no tienen el s\u00edndrome\npero tienen un sue\u00f1o y tienen el deseo de alcanzarlo?<\/p>\n\n\n\n<p>Pues a los que tienen familiares con s\u00edndrome de Down&nbsp; u otras discapacidades, pues que lo\ndisfruten, la verdad es que si son dif\u00edciles, pero cr\u00e9anme que es lo m\u00e1s\nmaravilloso del mundo, experimentar&nbsp; y\nconocer todo de ellos. Ellos tienen sus dificultades pero a ellos nada los\ndetiene, puede que haya personas que les cueste caminar o por ejemplo a ella\nque tiene dificultad al hablar, pero aprendes de todo un poco y la verdad que\nes lindo, y como siempre nos dicen a nosotros siempre hay un \u00e1ngel en la\nfamilia y para nosotros Loyda es nuestro angelito. La verdad que as\u00ed se tiene\nque sentir las familias que tienen personas con alg\u00fan tipo de discapacidad o\ns\u00edndrome de Down, se tienen que sentir felices porque es un \u00e1ngel que Dios les\nha enviado,&nbsp; no a todos tienen la oportunidad\nde tener uno.<\/p>\n\n\n\n<p>Sigan con sus sue\u00f1os porque por ejemplo el caso de Loyda despu\u00e9s\nde nueve a\u00f1os vino el viaje a Dub\u00e1i y con medalla de oro, no cualquiera. Todo\nse puede conseguir. <\/p>\n","protected":false},"excerpt":{"rendered":"<p>Abu Dhabi, Emiratos \u00c1rabes Unidos fue la cede de los Juegos &nbsp;Mundiales de Olimpiadas Especiales el pasado mes de marzo, El Salvador fue uno de los pa\u00edses que envi\u00f3 una comisi\u00f3n de atletas para representar al pa\u00eds, entre las cuales se encontraba Loyda Pastor. Olimpiadas Especiales El Salvador naci\u00f3 en 1984 con el objetivo de [&hellip;]<\/p>\n","protected":false},"author":3,"featured_media":5758,"comment_status":"open","ping_status":"open","sticky":false,"template":"","format":"standard","meta":[],"categories":[1],"tags":[],"yoast_head":"<!-- This site is optimized with the Yoast SEO plugin v20.8 - https:\/\/yoast.com\/wordpress\/plugins\/seo\/ -->\n<title>Atleta cristiana gana medalla de oro - La Prensa Cristiana<\/title>\n<meta name=\"robots\" content=\"index, follow, max-snippet:-1, max-image-preview:large, max-video-preview:-1\" \/>\n<link rel=\"canonical\" href=\"https:\/\/laprensacristiana.com\/?p=5757\" \/>\n<meta property=\"og:locale\" content=\"es_ES\" \/>\n<meta property=\"og:type\" content=\"article\" \/>\n<meta property=\"og:title\" content=\"Atleta cristiana gana medalla de oro - La Prensa Cristiana\" \/>\n<meta property=\"og:description\" content=\"Abu Dhabi, Emiratos \u00c1rabes Unidos fue la cede de los Juegos &nbsp;Mundiales de Olimpiadas Especiales el pasado mes de marzo, El Salvador fue uno de los pa\u00edses que envi\u00f3 una comisi\u00f3n de atletas para representar al pa\u00eds, entre las cuales se encontraba Loyda Pastor. Olimpiadas Especiales El Salvador naci\u00f3 en 1984 con el objetivo de [&hellip;]\" \/>\n<meta property=\"og:url\" content=\"https:\/\/laprensacristiana.com\/?p=5757\" \/>\n<meta property=\"og:site_name\" content=\"La Prensa Cristiana\" \/>\n<meta property=\"article:published_time\" content=\"2019-05-07T17:08:46+00:00\" \/>\n<meta property=\"article:modified_time\" content=\"2019-05-07T17:08:49+00:00\" \/>\n<meta property=\"og:image\" content=\"https:\/\/laprensacristiana.com\/wp-content\/uploads\/2019\/05\/entrevista-Daniela.jpg\" \/>\n\t<meta property=\"og:image:width\" content=\"1489\" \/>\n\t<meta property=\"og:image:height\" content=\"875\" \/>\n\t<meta property=\"og:image:type\" content=\"image\/jpeg\" \/>\n<meta name=\"author\" content=\"EDITOR\" \/>\n<meta name=\"twitter:card\" content=\"summary_large_image\" \/>\n<meta name=\"twitter:label1\" content=\"Escrito por\" \/>\n\t<meta name=\"twitter:data1\" content=\"EDITOR\" \/>\n\t<meta name=\"twitter:label2\" content=\"Tiempo de lectura\" \/>\n\t<meta name=\"twitter:data2\" content=\"6 minutos\" \/>\n<script type=\"application\/ld+json\" class=\"yoast-schema-graph\">{\"@context\":\"https:\/\/schema.org\",\"@graph\":[{\"@type\":\"WebPage\",\"@id\":\"https:\/\/laprensacristiana.com\/?p=5757\",\"url\":\"https:\/\/laprensacristiana.com\/?p=5757\",\"name\":\"Atleta cristiana gana medalla de oro - La Prensa Cristiana\",\"isPartOf\":{\"@id\":\"https:\/\/laprensacristiana.com\/#website\"},\"datePublished\":\"2019-05-07T17:08:46+00:00\",\"dateModified\":\"2019-05-07T17:08:49+00:00\",\"author\":{\"@id\":\"https:\/\/laprensacristiana.com\/#\/schema\/person\/3e7d82c6bfd6b1fa67010f8f7cd5256e\"},\"breadcrumb\":{\"@id\":\"https:\/\/laprensacristiana.com\/?p=5757#breadcrumb\"},\"inLanguage\":\"es\",\"potentialAction\":[{\"@type\":\"ReadAction\",\"target\":[\"https:\/\/laprensacristiana.com\/?p=5757\"]}]},{\"@type\":\"BreadcrumbList\",\"@id\":\"https:\/\/laprensacristiana.com\/?p=5757#breadcrumb\",\"itemListElement\":[{\"@type\":\"ListItem\",\"position\":1,\"name\":\"Portada\",\"item\":\"https:\/\/laprensacristiana.com\/\"},{\"@type\":\"ListItem\",\"position\":2,\"name\":\"Atleta cristiana gana medalla de oro\"}]},{\"@type\":\"WebSite\",\"@id\":\"https:\/\/laprensacristiana.com\/#website\",\"url\":\"https:\/\/laprensacristiana.com\/\",\"name\":\"La Prensa Cristiana\",\"description\":\"Anunciando Las Buenas Nuevas\",\"potentialAction\":[{\"@type\":\"SearchAction\",\"target\":{\"@type\":\"EntryPoint\",\"urlTemplate\":\"https:\/\/laprensacristiana.com\/?s={search_term_string}\"},\"query-input\":\"required name=search_term_string\"}],\"inLanguage\":\"es\"},{\"@type\":\"Person\",\"@id\":\"https:\/\/laprensacristiana.com\/#\/schema\/person\/3e7d82c6bfd6b1fa67010f8f7cd5256e\",\"name\":\"EDITOR\",\"image\":{\"@type\":\"ImageObject\",\"inLanguage\":\"es\",\"@id\":\"https:\/\/laprensacristiana.com\/#\/schema\/person\/image\/\",\"url\":\"https:\/\/secure.gravatar.com\/avatar\/72069dfb6c13772d9e8381e3638666d2?s=96&d=mm&r=g\",\"contentUrl\":\"https:\/\/secure.gravatar.com\/avatar\/72069dfb6c13772d9e8381e3638666d2?s=96&d=mm&r=g\",\"caption\":\"EDITOR\"},\"url\":\"https:\/\/laprensacristiana.com\/?author=3\"}]}<\/script>\n<!-- \/ Yoast SEO plugin. -->","yoast_head_json":{"title":"Atleta cristiana gana medalla de oro - La Prensa Cristiana","robots":{"index":"index","follow":"follow","max-snippet":"max-snippet:-1","max-image-preview":"max-image-preview:large","max-video-preview":"max-video-preview:-1"},"canonical":"https:\/\/laprensacristiana.com\/?p=5757","og_locale":"es_ES","og_type":"article","og_title":"Atleta cristiana gana medalla de oro - La Prensa Cristiana","og_description":"Abu Dhabi, Emiratos \u00c1rabes Unidos fue la cede de los Juegos &nbsp;Mundiales de Olimpiadas Especiales el pasado mes de marzo, El Salvador fue uno de los pa\u00edses que envi\u00f3 una comisi\u00f3n de atletas para representar al pa\u00eds, entre las cuales se encontraba Loyda Pastor. Olimpiadas Especiales El Salvador naci\u00f3 en 1984 con el objetivo de [&hellip;]","og_url":"https:\/\/laprensacristiana.com\/?p=5757","og_site_name":"La Prensa Cristiana","article_published_time":"2019-05-07T17:08:46+00:00","article_modified_time":"2019-05-07T17:08:49+00:00","og_image":[{"width":1489,"height":875,"url":"https:\/\/laprensacristiana.com\/wp-content\/uploads\/2019\/05\/entrevista-Daniela.jpg","type":"image\/jpeg"}],"author":"EDITOR","twitter_card":"summary_large_image","twitter_misc":{"Escrito por":"EDITOR","Tiempo de lectura":"6 minutos"},"schema":{"@context":"https:\/\/schema.org","@graph":[{"@type":"WebPage","@id":"https:\/\/laprensacristiana.com\/?p=5757","url":"https:\/\/laprensacristiana.com\/?p=5757","name":"Atleta cristiana gana medalla de oro - La Prensa Cristiana","isPartOf":{"@id":"https:\/\/laprensacristiana.com\/#website"},"datePublished":"2019-05-07T17:08:46+00:00","dateModified":"2019-05-07T17:08:49+00:00","author":{"@id":"https:\/\/laprensacristiana.com\/#\/schema\/person\/3e7d82c6bfd6b1fa67010f8f7cd5256e"},"breadcrumb":{"@id":"https:\/\/laprensacristiana.com\/?p=5757#breadcrumb"},"inLanguage":"es","potentialAction":[{"@type":"ReadAction","target":["https:\/\/laprensacristiana.com\/?p=5757"]}]},{"@type":"BreadcrumbList","@id":"https:\/\/laprensacristiana.com\/?p=5757#breadcrumb","itemListElement":[{"@type":"ListItem","position":1,"name":"Portada","item":"https:\/\/laprensacristiana.com\/"},{"@type":"ListItem","position":2,"name":"Atleta cristiana gana medalla de oro"}]},{"@type":"WebSite","@id":"https:\/\/laprensacristiana.com\/#website","url":"https:\/\/laprensacristiana.com\/","name":"La Prensa Cristiana","description":"Anunciando Las Buenas Nuevas","potentialAction":[{"@type":"SearchAction","target":{"@type":"EntryPoint","urlTemplate":"https:\/\/laprensacristiana.com\/?s={search_term_string}"},"query-input":"required name=search_term_string"}],"inLanguage":"es"},{"@type":"Person","@id":"https:\/\/laprensacristiana.com\/#\/schema\/person\/3e7d82c6bfd6b1fa67010f8f7cd5256e","name":"EDITOR","image":{"@type":"ImageObject","inLanguage":"es","@id":"https:\/\/laprensacristiana.com\/#\/schema\/person\/image\/","url":"https:\/\/secure.gravatar.com\/avatar\/72069dfb6c13772d9e8381e3638666d2?s=96&d=mm&r=g","contentUrl":"https:\/\/secure.gravatar.com\/avatar\/72069dfb6c13772d9e8381e3638666d2?s=96&d=mm&r=g","caption":"EDITOR"},"url":"https:\/\/laprensacristiana.com\/?author=3"}]}},"_links":{"self":[{"href":"https:\/\/laprensacristiana.com\/index.php?rest_route=\/wp\/v2\/posts\/5757"}],"collection":[{"href":"https:\/\/laprensacristiana.com\/index.php?rest_route=\/wp\/v2\/posts"}],"about":[{"href":"https:\/\/laprensacristiana.com\/index.php?rest_route=\/wp\/v2\/types\/post"}],"author":[{"embeddable":true,"href":"https:\/\/laprensacristiana.com\/index.php?rest_route=\/wp\/v2\/users\/3"}],"replies":[{"embeddable":true,"href":"https:\/\/laprensacristiana.com\/index.php?rest_route=%2Fwp%2Fv2%2Fcomments&post=5757"}],"version-history":[{"count":1,"href":"https:\/\/laprensacristiana.com\/index.php?rest_route=\/wp\/v2\/posts\/5757\/revisions"}],"predecessor-version":[{"id":5759,"href":"https:\/\/laprensacristiana.com\/index.php?rest_route=\/wp\/v2\/posts\/5757\/revisions\/5759"}],"wp:featuredmedia":[{"embeddable":true,"href":"https:\/\/laprensacristiana.com\/index.php?rest_route=\/wp\/v2\/media\/5758"}],"wp:attachment":[{"href":"https:\/\/laprensacristiana.com\/index.php?rest_route=%2Fwp%2Fv2%2Fmedia&parent=5757"}],"wp:term":[{"taxonomy":"category","embeddable":true,"href":"https:\/\/laprensacristiana.com\/index.php?rest_route=%2Fwp%2Fv2%2Fcategories&post=5757"},{"taxonomy":"post_tag","embeddable":true,"href":"https:\/\/laprensacristiana.com\/index.php?rest_route=%2Fwp%2Fv2%2Ftags&post=5757"}],"curies":[{"name":"wp","href":"https:\/\/api.w.org\/{rel}","templated":true}]}}