{"id":5760,"date":"2019-05-07T18:22:53","date_gmt":"2019-05-07T18:22:53","guid":{"rendered":"https:\/\/laprensacristiana.com\/?p=5760"},"modified":"2019-05-07T18:22:56","modified_gmt":"2019-05-07T18:22:56","slug":"ucad-presento-analisis-sobre-inseguridad-del-pais-en-los-estudiantes-de-san-salvador","status":"publish","type":"post","link":"https:\/\/laprensacristiana.com\/?p=5760","title":{"rendered":"UCAD present\u00f3 an\u00e1lisis sobre inseguridad del pa\u00eds en los estudiantes de San Salvador"},"content":{"rendered":"\n<p>Por: Samuel Barrios <\/p>\n\n\n\n<p>La universidad Cristiana de las Asambleas de Dios, con el apoyo cient\u00edfico de la Facultad de Ciencias y Humanidades, presentaron una investigaci\u00f3n sobre la inseguridad en el pa\u00eds y como los medios de comunicaci\u00f3n persuaden en la poblaci\u00f3n estudiantil en San Salvador. <\/p>\n\n\n\n<p>Debido a los altos \u00edndices de violencia que la poblaci\u00f3n recibe por diferentes medios de comunicaci\u00f3n, la poblaci\u00f3n no le queda mas que acoplarlo al diario vivir; sobre todo, los estudiantes del \u00e1rea de san salvador quienes a diario se enfrentan a diferentes peligros como: asalto a mano armada en los buses o paradas, amenazas por ser de una zona diferente, es la raz\u00f3n por la cual la Universidad Cristiana hizo este planteamiento dando como resultados estad\u00edsticos que, el 7% de los estudiantes muestran un temor al salir de clases en horas nocturnas, por el factor homicidios y asaltos, no dejando de lado la violencia y sus consecuencias. <\/p>\n\n\n\n<p><em>\u201cEl objetivo es que la\nuniversidad aporte algo a la sociedad y al bienestar estudiantil y que se pueda\ndejar una referencia &nbsp;de lo que la\nuniversidad hace, porque despu\u00e9s de presentar esos resultados, tambi\u00e9n se busca\nque exista una parte de proyecci\u00f3n social, ya que los resultados indican que\nlos alumnos&nbsp; y dem\u00e1s personas sean insensibles\na lo que los medios les est\u00e1n presentando \u201c.<\/em> Expres\u00f3 Licdo. Alejandro\nRosales, Investigador titular.<\/p>\n\n\n\n<figure class=\"wp-block-image\"><img decoding=\"async\" loading=\"lazy\" width=\"1024\" height=\"683\" src=\"https:\/\/laprensacristiana.com\/wp-content\/uploads\/2019\/05\/60028087_635781286884250_8363580821839282176_n-1024x683.jpg\" alt=\"\" class=\"wp-image-5762\" srcset=\"https:\/\/laprensacristiana.com\/wp-content\/uploads\/2019\/05\/60028087_635781286884250_8363580821839282176_n-1024x683.jpg 1024w, https:\/\/laprensacristiana.com\/wp-content\/uploads\/2019\/05\/60028087_635781286884250_8363580821839282176_n-600x400.jpg 600w, https:\/\/laprensacristiana.com\/wp-content\/uploads\/2019\/05\/60028087_635781286884250_8363580821839282176_n-300x200.jpg 300w, https:\/\/laprensacristiana.com\/wp-content\/uploads\/2019\/05\/60028087_635781286884250_8363580821839282176_n-768x512.jpg 768w, https:\/\/laprensacristiana.com\/wp-content\/uploads\/2019\/05\/60028087_635781286884250_8363580821839282176_n-696x464.jpg 696w, https:\/\/laprensacristiana.com\/wp-content\/uploads\/2019\/05\/60028087_635781286884250_8363580821839282176_n-1068x712.jpg 1068w, https:\/\/laprensacristiana.com\/wp-content\/uploads\/2019\/05\/60028087_635781286884250_8363580821839282176_n-630x420.jpg 630w, https:\/\/laprensacristiana.com\/wp-content\/uploads\/2019\/05\/60028087_635781286884250_8363580821839282176_n.jpg 2048w\" sizes=\"(max-width: 1024px) 100vw, 1024px\" \/><\/figure>\n","protected":false},"excerpt":{"rendered":"<p>Por: Samuel Barrios La universidad Cristiana de las Asambleas de Dios, con el apoyo cient\u00edfico de la Facultad de Ciencias y Humanidades, presentaron una investigaci\u00f3n sobre la inseguridad en el pa\u00eds y como los medios de comunicaci\u00f3n persuaden en la poblaci\u00f3n estudiantil en San Salvador. Debido a los altos \u00edndices de violencia que la poblaci\u00f3n [&hellip;]<\/p>\n","protected":false},"author":3,"featured_media":5761,"comment_status":"open","ping_status":"open","sticky":false,"template":"","format":"standard","meta":[],"categories":[1],"tags":[],"yoast_head":"<!-- This site is optimized with the Yoast SEO plugin v20.8 - https:\/\/yoast.com\/wordpress\/plugins\/seo\/ -->\n<title>UCAD present\u00f3 an\u00e1lisis sobre inseguridad del pa\u00eds en los estudiantes de San Salvador - La Prensa Cristiana<\/title>\n<meta name=\"robots\" content=\"index, follow, max-snippet:-1, max-image-preview:large, max-video-preview:-1\" \/>\n<link rel=\"canonical\" href=\"https:\/\/laprensacristiana.com\/?p=5760\" \/>\n<meta property=\"og:locale\" content=\"es_ES\" \/>\n<meta property=\"og:type\" content=\"article\" \/>\n<meta property=\"og:title\" content=\"UCAD present\u00f3 an\u00e1lisis sobre inseguridad del pa\u00eds en los estudiantes de San Salvador - La Prensa Cristiana\" \/>\n<meta property=\"og:description\" content=\"Por: Samuel Barrios La universidad Cristiana de las Asambleas de Dios, con el apoyo cient\u00edfico de la Facultad de Ciencias y Humanidades, presentaron una investigaci\u00f3n sobre la inseguridad en el pa\u00eds y como los medios de comunicaci\u00f3n persuaden en la poblaci\u00f3n estudiantil en San Salvador. Debido a los altos \u00edndices de violencia que la poblaci\u00f3n [&hellip;]\" \/>\n<meta property=\"og:url\" content=\"https:\/\/laprensacristiana.com\/?p=5760\" \/>\n<meta property=\"og:site_name\" content=\"La Prensa Cristiana\" \/>\n<meta property=\"article:published_time\" content=\"2019-05-07T18:22:53+00:00\" \/>\n<meta property=\"article:modified_time\" content=\"2019-05-07T18:22:56+00:00\" \/>\n<meta property=\"og:image\" content=\"https:\/\/laprensacristiana.com\/wp-content\/uploads\/2019\/05\/59621877_321747921844906_3666948373295923200_n.jpg\" \/>\n\t<meta property=\"og:image:width\" content=\"2048\" \/>\n\t<meta property=\"og:image:height\" content=\"1365\" \/>\n\t<meta property=\"og:image:type\" content=\"image\/jpeg\" \/>\n<meta name=\"author\" content=\"EDITOR\" \/>\n<meta name=\"twitter:card\" content=\"summary_large_image\" \/>\n<meta name=\"twitter:label1\" content=\"Escrito por\" \/>\n\t<meta name=\"twitter:data1\" content=\"EDITOR\" \/>\n\t<meta name=\"twitter:label2\" content=\"Tiempo de lectura\" \/>\n\t<meta name=\"twitter:data2\" content=\"1 minuto\" \/>\n<script type=\"application\/ld+json\" class=\"yoast-schema-graph\">{\"@context\":\"https:\/\/schema.org\",\"@graph\":[{\"@type\":\"WebPage\",\"@id\":\"https:\/\/laprensacristiana.com\/?p=5760\",\"url\":\"https:\/\/laprensacristiana.com\/?p=5760\",\"name\":\"UCAD present\u00f3 an\u00e1lisis sobre inseguridad del pa\u00eds en los estudiantes de San Salvador - La Prensa Cristiana\",\"isPartOf\":{\"@id\":\"https:\/\/laprensacristiana.com\/#website\"},\"datePublished\":\"2019-05-07T18:22:53+00:00\",\"dateModified\":\"2019-05-07T18:22:56+00:00\",\"author\":{\"@id\":\"https:\/\/laprensacristiana.com\/#\/schema\/person\/3e7d82c6bfd6b1fa67010f8f7cd5256e\"},\"breadcrumb\":{\"@id\":\"https:\/\/laprensacristiana.com\/?p=5760#breadcrumb\"},\"inLanguage\":\"es\",\"potentialAction\":[{\"@type\":\"ReadAction\",\"target\":[\"https:\/\/laprensacristiana.com\/?p=5760\"]}]},{\"@type\":\"BreadcrumbList\",\"@id\":\"https:\/\/laprensacristiana.com\/?p=5760#breadcrumb\",\"itemListElement\":[{\"@type\":\"ListItem\",\"position\":1,\"name\":\"Portada\",\"item\":\"https:\/\/laprensacristiana.com\/\"},{\"@type\":\"ListItem\",\"position\":2,\"name\":\"UCAD present\u00f3 an\u00e1lisis sobre inseguridad del pa\u00eds en los estudiantes de San Salvador\"}]},{\"@type\":\"WebSite\",\"@id\":\"https:\/\/laprensacristiana.com\/#website\",\"url\":\"https:\/\/laprensacristiana.com\/\",\"name\":\"La Prensa Cristiana\",\"description\":\"Anunciando Las Buenas Nuevas\",\"potentialAction\":[{\"@type\":\"SearchAction\",\"target\":{\"@type\":\"EntryPoint\",\"urlTemplate\":\"https:\/\/laprensacristiana.com\/?s={search_term_string}\"},\"query-input\":\"required name=search_term_string\"}],\"inLanguage\":\"es\"},{\"@type\":\"Person\",\"@id\":\"https:\/\/laprensacristiana.com\/#\/schema\/person\/3e7d82c6bfd6b1fa67010f8f7cd5256e\",\"name\":\"EDITOR\",\"image\":{\"@type\":\"ImageObject\",\"inLanguage\":\"es\",\"@id\":\"https:\/\/laprensacristiana.com\/#\/schema\/person\/image\/\",\"url\":\"https:\/\/secure.gravatar.com\/avatar\/72069dfb6c13772d9e8381e3638666d2?s=96&d=mm&r=g\",\"contentUrl\":\"https:\/\/secure.gravatar.com\/avatar\/72069dfb6c13772d9e8381e3638666d2?s=96&d=mm&r=g\",\"caption\":\"EDITOR\"},\"url\":\"https:\/\/laprensacristiana.com\/?author=3\"}]}<\/script>\n<!-- \/ Yoast SEO plugin. -->","yoast_head_json":{"title":"UCAD present\u00f3 an\u00e1lisis sobre inseguridad del pa\u00eds en los estudiantes de San Salvador - La Prensa Cristiana","robots":{"index":"index","follow":"follow","max-snippet":"max-snippet:-1","max-image-preview":"max-image-preview:large","max-video-preview":"max-video-preview:-1"},"canonical":"https:\/\/laprensacristiana.com\/?p=5760","og_locale":"es_ES","og_type":"article","og_title":"UCAD present\u00f3 an\u00e1lisis sobre inseguridad del pa\u00eds en los estudiantes de San Salvador - La Prensa Cristiana","og_description":"Por: Samuel Barrios La universidad Cristiana de las Asambleas de Dios, con el apoyo cient\u00edfico de la Facultad de Ciencias y Humanidades, presentaron una investigaci\u00f3n sobre la inseguridad en el pa\u00eds y como los medios de comunicaci\u00f3n persuaden en la poblaci\u00f3n estudiantil en San Salvador. Debido a los altos \u00edndices de violencia que la poblaci\u00f3n [&hellip;]","og_url":"https:\/\/laprensacristiana.com\/?p=5760","og_site_name":"La Prensa Cristiana","article_published_time":"2019-05-07T18:22:53+00:00","article_modified_time":"2019-05-07T18:22:56+00:00","og_image":[{"width":2048,"height":1365,"url":"https:\/\/laprensacristiana.com\/wp-content\/uploads\/2019\/05\/59621877_321747921844906_3666948373295923200_n.jpg","type":"image\/jpeg"}],"author":"EDITOR","twitter_card":"summary_large_image","twitter_misc":{"Escrito por":"EDITOR","Tiempo de lectura":"1 minuto"},"schema":{"@context":"https:\/\/schema.org","@graph":[{"@type":"WebPage","@id":"https:\/\/laprensacristiana.com\/?p=5760","url":"https:\/\/laprensacristiana.com\/?p=5760","name":"UCAD present\u00f3 an\u00e1lisis sobre inseguridad del pa\u00eds en los estudiantes de San Salvador - La Prensa Cristiana","isPartOf":{"@id":"https:\/\/laprensacristiana.com\/#website"},"datePublished":"2019-05-07T18:22:53+00:00","dateModified":"2019-05-07T18:22:56+00:00","author":{"@id":"https:\/\/laprensacristiana.com\/#\/schema\/person\/3e7d82c6bfd6b1fa67010f8f7cd5256e"},"breadcrumb":{"@id":"https:\/\/laprensacristiana.com\/?p=5760#breadcrumb"},"inLanguage":"es","potentialAction":[{"@type":"ReadAction","target":["https:\/\/laprensacristiana.com\/?p=5760"]}]},{"@type":"BreadcrumbList","@id":"https:\/\/laprensacristiana.com\/?p=5760#breadcrumb","itemListElement":[{"@type":"ListItem","position":1,"name":"Portada","item":"https:\/\/laprensacristiana.com\/"},{"@type":"ListItem","position":2,"name":"UCAD present\u00f3 an\u00e1lisis sobre inseguridad del pa\u00eds en los estudiantes de San Salvador"}]},{"@type":"WebSite","@id":"https:\/\/laprensacristiana.com\/#website","url":"https:\/\/laprensacristiana.com\/","name":"La Prensa Cristiana","description":"Anunciando Las Buenas Nuevas","potentialAction":[{"@type":"SearchAction","target":{"@type":"EntryPoint","urlTemplate":"https:\/\/laprensacristiana.com\/?s={search_term_string}"},"query-input":"required name=search_term_string"}],"inLanguage":"es"},{"@type":"Person","@id":"https:\/\/laprensacristiana.com\/#\/schema\/person\/3e7d82c6bfd6b1fa67010f8f7cd5256e","name":"EDITOR","image":{"@type":"ImageObject","inLanguage":"es","@id":"https:\/\/laprensacristiana.com\/#\/schema\/person\/image\/","url":"https:\/\/secure.gravatar.com\/avatar\/72069dfb6c13772d9e8381e3638666d2?s=96&d=mm&r=g","contentUrl":"https:\/\/secure.gravatar.com\/avatar\/72069dfb6c13772d9e8381e3638666d2?s=96&d=mm&r=g","caption":"EDITOR"},"url":"https:\/\/laprensacristiana.com\/?author=3"}]}},"_links":{"self":[{"href":"https:\/\/laprensacristiana.com\/index.php?rest_route=\/wp\/v2\/posts\/5760"}],"collection":[{"href":"https:\/\/laprensacristiana.com\/index.php?rest_route=\/wp\/v2\/posts"}],"about":[{"href":"https:\/\/laprensacristiana.com\/index.php?rest_route=\/wp\/v2\/types\/post"}],"author":[{"embeddable":true,"href":"https:\/\/laprensacristiana.com\/index.php?rest_route=\/wp\/v2\/users\/3"}],"replies":[{"embeddable":true,"href":"https:\/\/laprensacristiana.com\/index.php?rest_route=%2Fwp%2Fv2%2Fcomments&post=5760"}],"version-history":[{"count":1,"href":"https:\/\/laprensacristiana.com\/index.php?rest_route=\/wp\/v2\/posts\/5760\/revisions"}],"predecessor-version":[{"id":5763,"href":"https:\/\/laprensacristiana.com\/index.php?rest_route=\/wp\/v2\/posts\/5760\/revisions\/5763"}],"wp:featuredmedia":[{"embeddable":true,"href":"https:\/\/laprensacristiana.com\/index.php?rest_route=\/wp\/v2\/media\/5761"}],"wp:attachment":[{"href":"https:\/\/laprensacristiana.com\/index.php?rest_route=%2Fwp%2Fv2%2Fmedia&parent=5760"}],"wp:term":[{"taxonomy":"category","embeddable":true,"href":"https:\/\/laprensacristiana.com\/index.php?rest_route=%2Fwp%2Fv2%2Fcategories&post=5760"},{"taxonomy":"post_tag","embeddable":true,"href":"https:\/\/laprensacristiana.com\/index.php?rest_route=%2Fwp%2Fv2%2Ftags&post=5760"}],"curies":[{"name":"wp","href":"https:\/\/api.w.org\/{rel}","templated":true}]}}