{"id":5776,"date":"2019-05-08T23:12:12","date_gmt":"2019-05-08T23:12:12","guid":{"rendered":"https:\/\/laprensacristiana.com\/?p=5776"},"modified":"2019-05-08T23:20:00","modified_gmt":"2019-05-08T23:20:00","slug":"9-mayo-dia-de-la-oracion-de-sociedades-biblicas-unidas","status":"publish","type":"post","link":"https:\/\/laprensacristiana.com\/?p=5776","title":{"rendered":"9 mayo \u201cD\u00eda de la oraci\u00f3n de Sociedades B\u00edblicas Unidas\u201d"},"content":{"rendered":"\n<p>Las Sociedades\nB\u00edblicas en todo el mundo celebran cada 9 mayo \u201cEl d\u00eda de la oraci\u00f3n de\nSociedades B\u00edblicas Unidas\u201d junto a iglesias, amigos y patrocinadores uni\u00e9ndose\npara orar.<\/p>\n\n\n\n<p>Desde el a\u00f1o 1946 un grupo de Sociedades B\u00edblicas decidieron unirse y formar Las Sociedades B\u00edblicas Unidas, trabajan en 200 pa\u00edses al rededor del mundo traduciendo, publicando y distribuyendo la biblia.<\/p>\n\n\n\n<p>Sociedades B\u00edblicas lucha porque el mensaje de Dios escrito en La Biblia pueda ser transmitido a todo el mundo, se sabe que hay muchos rincones en los cuales el mensaje de la palabra no ha llegado por razones  pol\u00edticas, econ\u00f3micas, sociales y la persecuci\u00f3n religiosa. <\/p>\n\n\n\n<p>Su misi\u00f3n es\nque la Biblia est\u00e9 al alcance de cada persona en un lenguaje y formato que cada\nuno pueda entender y comprar, as\u00ed todos puedan experimentar el mensaje que\ncambia vidas.<\/p>\n\n\n\n<p>Sociedades B\u00edblicas\nEl Salvador hace una atenta invitaci\u00f3n para este 9 de mayo:<\/p>\n\n\n\n<p>\u201cEs una\noportunidad para dar gracias por todo lo que Dios ha logrado desde su creaci\u00f3n\nel 9 de mayo de 1946 y para buscar su gu\u00eda respecto a los esfuerzos continuos\nque se realizan para hacer que la Biblia est\u00e9 disponible para todos.<\/p>\n\n\n\n<p>Gracias por\nunirse a nosotros en este d\u00eda especial de oraci\u00f3n, el cual se concentra en la\ntraducci\u00f3n b\u00edblica y en las personas alrededor del mundo que son perseguidas\npor su fe\u201d<\/p>\n","protected":false},"excerpt":{"rendered":"<p>Las Sociedades B\u00edblicas en todo el mundo celebran cada 9 mayo \u201cEl d\u00eda de la oraci\u00f3n de Sociedades B\u00edblicas Unidas\u201d junto a iglesias, amigos y patrocinadores uni\u00e9ndose para orar. Desde el a\u00f1o 1946 un grupo de Sociedades B\u00edblicas decidieron unirse y formar Las Sociedades B\u00edblicas Unidas, trabajan en 200 pa\u00edses al rededor del mundo traduciendo, [&hellip;]<\/p>\n","protected":false},"author":3,"featured_media":5777,"comment_status":"open","ping_status":"open","sticky":false,"template":"","format":"standard","meta":[],"categories":[56],"tags":[],"yoast_head":"<!-- This site is optimized with the Yoast SEO plugin v20.8 - https:\/\/yoast.com\/wordpress\/plugins\/seo\/ -->\n<title>9 mayo \u201cD\u00eda de la oraci\u00f3n de Sociedades B\u00edblicas Unidas\u201d - La Prensa Cristiana<\/title>\n<meta name=\"robots\" content=\"index, follow, max-snippet:-1, max-image-preview:large, max-video-preview:-1\" \/>\n<link rel=\"canonical\" href=\"https:\/\/laprensacristiana.com\/?p=5776\" \/>\n<meta property=\"og:locale\" content=\"es_ES\" \/>\n<meta property=\"og:type\" content=\"article\" \/>\n<meta property=\"og:title\" content=\"9 mayo \u201cD\u00eda de la oraci\u00f3n de Sociedades B\u00edblicas Unidas\u201d - La Prensa Cristiana\" \/>\n<meta property=\"og:description\" content=\"Las Sociedades B\u00edblicas en todo el mundo celebran cada 9 mayo \u201cEl d\u00eda de la oraci\u00f3n de Sociedades B\u00edblicas Unidas\u201d junto a iglesias, amigos y patrocinadores uni\u00e9ndose para orar. Desde el a\u00f1o 1946 un grupo de Sociedades B\u00edblicas decidieron unirse y formar Las Sociedades B\u00edblicas Unidas, trabajan en 200 pa\u00edses al rededor del mundo traduciendo, [&hellip;]\" \/>\n<meta property=\"og:url\" content=\"https:\/\/laprensacristiana.com\/?p=5776\" \/>\n<meta property=\"og:site_name\" content=\"La Prensa Cristiana\" \/>\n<meta property=\"article:published_time\" content=\"2019-05-08T23:12:12+00:00\" \/>\n<meta property=\"article:modified_time\" content=\"2019-05-08T23:20:00+00:00\" \/>\n<meta property=\"og:image\" content=\"https:\/\/laprensacristiana.com\/wp-content\/uploads\/2019\/05\/59959651_2299788093592138_4109914171875786752_n.png\" \/>\n\t<meta property=\"og:image:width\" content=\"820\" \/>\n\t<meta property=\"og:image:height\" content=\"312\" \/>\n\t<meta property=\"og:image:type\" content=\"image\/png\" \/>\n<meta name=\"author\" content=\"EDITOR\" \/>\n<meta name=\"twitter:card\" content=\"summary_large_image\" \/>\n<meta name=\"twitter:label1\" content=\"Escrito por\" \/>\n\t<meta name=\"twitter:data1\" content=\"EDITOR\" \/>\n\t<meta name=\"twitter:label2\" content=\"Tiempo de lectura\" \/>\n\t<meta name=\"twitter:data2\" content=\"1 minuto\" \/>\n<script type=\"application\/ld+json\" class=\"yoast-schema-graph\">{\"@context\":\"https:\/\/schema.org\",\"@graph\":[{\"@type\":\"WebPage\",\"@id\":\"https:\/\/laprensacristiana.com\/?p=5776\",\"url\":\"https:\/\/laprensacristiana.com\/?p=5776\",\"name\":\"9 mayo \u201cD\u00eda de la oraci\u00f3n de Sociedades B\u00edblicas Unidas\u201d - La Prensa Cristiana\",\"isPartOf\":{\"@id\":\"https:\/\/laprensacristiana.com\/#website\"},\"datePublished\":\"2019-05-08T23:12:12+00:00\",\"dateModified\":\"2019-05-08T23:20:00+00:00\",\"author\":{\"@id\":\"https:\/\/laprensacristiana.com\/#\/schema\/person\/3e7d82c6bfd6b1fa67010f8f7cd5256e\"},\"breadcrumb\":{\"@id\":\"https:\/\/laprensacristiana.com\/?p=5776#breadcrumb\"},\"inLanguage\":\"es\",\"potentialAction\":[{\"@type\":\"ReadAction\",\"target\":[\"https:\/\/laprensacristiana.com\/?p=5776\"]}]},{\"@type\":\"BreadcrumbList\",\"@id\":\"https:\/\/laprensacristiana.com\/?p=5776#breadcrumb\",\"itemListElement\":[{\"@type\":\"ListItem\",\"position\":1,\"name\":\"Portada\",\"item\":\"https:\/\/laprensacristiana.com\/\"},{\"@type\":\"ListItem\",\"position\":2,\"name\":\"9 mayo \u201cD\u00eda de la oraci\u00f3n de Sociedades B\u00edblicas Unidas\u201d\"}]},{\"@type\":\"WebSite\",\"@id\":\"https:\/\/laprensacristiana.com\/#website\",\"url\":\"https:\/\/laprensacristiana.com\/\",\"name\":\"La Prensa Cristiana\",\"description\":\"Anunciando Las Buenas Nuevas\",\"potentialAction\":[{\"@type\":\"SearchAction\",\"target\":{\"@type\":\"EntryPoint\",\"urlTemplate\":\"https:\/\/laprensacristiana.com\/?s={search_term_string}\"},\"query-input\":\"required name=search_term_string\"}],\"inLanguage\":\"es\"},{\"@type\":\"Person\",\"@id\":\"https:\/\/laprensacristiana.com\/#\/schema\/person\/3e7d82c6bfd6b1fa67010f8f7cd5256e\",\"name\":\"EDITOR\",\"image\":{\"@type\":\"ImageObject\",\"inLanguage\":\"es\",\"@id\":\"https:\/\/laprensacristiana.com\/#\/schema\/person\/image\/\",\"url\":\"https:\/\/secure.gravatar.com\/avatar\/72069dfb6c13772d9e8381e3638666d2?s=96&d=mm&r=g\",\"contentUrl\":\"https:\/\/secure.gravatar.com\/avatar\/72069dfb6c13772d9e8381e3638666d2?s=96&d=mm&r=g\",\"caption\":\"EDITOR\"},\"url\":\"https:\/\/laprensacristiana.com\/?author=3\"}]}<\/script>\n<!-- \/ Yoast SEO plugin. -->","yoast_head_json":{"title":"9 mayo \u201cD\u00eda de la oraci\u00f3n de Sociedades B\u00edblicas Unidas\u201d - La Prensa Cristiana","robots":{"index":"index","follow":"follow","max-snippet":"max-snippet:-1","max-image-preview":"max-image-preview:large","max-video-preview":"max-video-preview:-1"},"canonical":"https:\/\/laprensacristiana.com\/?p=5776","og_locale":"es_ES","og_type":"article","og_title":"9 mayo \u201cD\u00eda de la oraci\u00f3n de Sociedades B\u00edblicas Unidas\u201d - La Prensa Cristiana","og_description":"Las Sociedades B\u00edblicas en todo el mundo celebran cada 9 mayo \u201cEl d\u00eda de la oraci\u00f3n de Sociedades B\u00edblicas Unidas\u201d junto a iglesias, amigos y patrocinadores uni\u00e9ndose para orar. Desde el a\u00f1o 1946 un grupo de Sociedades B\u00edblicas decidieron unirse y formar Las Sociedades B\u00edblicas Unidas, trabajan en 200 pa\u00edses al rededor del mundo traduciendo, [&hellip;]","og_url":"https:\/\/laprensacristiana.com\/?p=5776","og_site_name":"La Prensa Cristiana","article_published_time":"2019-05-08T23:12:12+00:00","article_modified_time":"2019-05-08T23:20:00+00:00","og_image":[{"width":820,"height":312,"url":"https:\/\/laprensacristiana.com\/wp-content\/uploads\/2019\/05\/59959651_2299788093592138_4109914171875786752_n.png","type":"image\/png"}],"author":"EDITOR","twitter_card":"summary_large_image","twitter_misc":{"Escrito por":"EDITOR","Tiempo de lectura":"1 minuto"},"schema":{"@context":"https:\/\/schema.org","@graph":[{"@type":"WebPage","@id":"https:\/\/laprensacristiana.com\/?p=5776","url":"https:\/\/laprensacristiana.com\/?p=5776","name":"9 mayo \u201cD\u00eda de la oraci\u00f3n de Sociedades B\u00edblicas Unidas\u201d - La Prensa Cristiana","isPartOf":{"@id":"https:\/\/laprensacristiana.com\/#website"},"datePublished":"2019-05-08T23:12:12+00:00","dateModified":"2019-05-08T23:20:00+00:00","author":{"@id":"https:\/\/laprensacristiana.com\/#\/schema\/person\/3e7d82c6bfd6b1fa67010f8f7cd5256e"},"breadcrumb":{"@id":"https:\/\/laprensacristiana.com\/?p=5776#breadcrumb"},"inLanguage":"es","potentialAction":[{"@type":"ReadAction","target":["https:\/\/laprensacristiana.com\/?p=5776"]}]},{"@type":"BreadcrumbList","@id":"https:\/\/laprensacristiana.com\/?p=5776#breadcrumb","itemListElement":[{"@type":"ListItem","position":1,"name":"Portada","item":"https:\/\/laprensacristiana.com\/"},{"@type":"ListItem","position":2,"name":"9 mayo \u201cD\u00eda de la oraci\u00f3n de Sociedades B\u00edblicas Unidas\u201d"}]},{"@type":"WebSite","@id":"https:\/\/laprensacristiana.com\/#website","url":"https:\/\/laprensacristiana.com\/","name":"La Prensa Cristiana","description":"Anunciando Las Buenas Nuevas","potentialAction":[{"@type":"SearchAction","target":{"@type":"EntryPoint","urlTemplate":"https:\/\/laprensacristiana.com\/?s={search_term_string}"},"query-input":"required name=search_term_string"}],"inLanguage":"es"},{"@type":"Person","@id":"https:\/\/laprensacristiana.com\/#\/schema\/person\/3e7d82c6bfd6b1fa67010f8f7cd5256e","name":"EDITOR","image":{"@type":"ImageObject","inLanguage":"es","@id":"https:\/\/laprensacristiana.com\/#\/schema\/person\/image\/","url":"https:\/\/secure.gravatar.com\/avatar\/72069dfb6c13772d9e8381e3638666d2?s=96&d=mm&r=g","contentUrl":"https:\/\/secure.gravatar.com\/avatar\/72069dfb6c13772d9e8381e3638666d2?s=96&d=mm&r=g","caption":"EDITOR"},"url":"https:\/\/laprensacristiana.com\/?author=3"}]}},"_links":{"self":[{"href":"https:\/\/laprensacristiana.com\/index.php?rest_route=\/wp\/v2\/posts\/5776"}],"collection":[{"href":"https:\/\/laprensacristiana.com\/index.php?rest_route=\/wp\/v2\/posts"}],"about":[{"href":"https:\/\/laprensacristiana.com\/index.php?rest_route=\/wp\/v2\/types\/post"}],"author":[{"embeddable":true,"href":"https:\/\/laprensacristiana.com\/index.php?rest_route=\/wp\/v2\/users\/3"}],"replies":[{"embeddable":true,"href":"https:\/\/laprensacristiana.com\/index.php?rest_route=%2Fwp%2Fv2%2Fcomments&post=5776"}],"version-history":[{"count":8,"href":"https:\/\/laprensacristiana.com\/index.php?rest_route=\/wp\/v2\/posts\/5776\/revisions"}],"predecessor-version":[{"id":5785,"href":"https:\/\/laprensacristiana.com\/index.php?rest_route=\/wp\/v2\/posts\/5776\/revisions\/5785"}],"wp:featuredmedia":[{"embeddable":true,"href":"https:\/\/laprensacristiana.com\/index.php?rest_route=\/wp\/v2\/media\/5777"}],"wp:attachment":[{"href":"https:\/\/laprensacristiana.com\/index.php?rest_route=%2Fwp%2Fv2%2Fmedia&parent=5776"}],"wp:term":[{"taxonomy":"category","embeddable":true,"href":"https:\/\/laprensacristiana.com\/index.php?rest_route=%2Fwp%2Fv2%2Fcategories&post=5776"},{"taxonomy":"post_tag","embeddable":true,"href":"https:\/\/laprensacristiana.com\/index.php?rest_route=%2Fwp%2Fv2%2Ftags&post=5776"}],"curies":[{"name":"wp","href":"https:\/\/api.w.org\/{rel}","templated":true}]}}