{"id":5789,"date":"2019-05-09T16:25:02","date_gmt":"2019-05-09T16:25:02","guid":{"rendered":"https:\/\/laprensacristiana.com\/?p=5789"},"modified":"2019-05-09T16:44:09","modified_gmt":"2019-05-09T16:44:09","slug":"galeria-artistica-la-ternura-de-dios-en-iglesia-elim","status":"publish","type":"post","link":"https:\/\/laprensacristiana.com\/?p=5789","title":{"rendered":"Galer\u00eda art\u00edstica \u201cLa ternura de Dios\u201d en Iglesia Elim"},"content":{"rendered":"\n<p>El pasado 24 marzo el local de iglesia infantil dentro de Misi\u00f3n\nCristiana Elim se convirti\u00f3 en una galer\u00eda llena de arte hecho por los ni\u00f1os\nque asistieron a diferentes servicios.<\/p>\n\n\n\n<p>Iglesia Infantil Elim se ha caracterizado por apoyar las iniciativas que World Vision presenta a favor de la ni\u00f1ez en el Salvador. <\/p>\n\n\n\n<p>El d\u00eda de la ternura es un empuje m\u00e1s de World Vision  para erradicar la violencia en la ni\u00f1ez, esta propuesta se inspira en la fe y en el modelo de Jes\u00fas, ya que la instituci\u00f3n cree que la gracias y la ternura de Dios puede llegar a los rincones m\u00e1s escondido en los que se encuentra la maldad, la pobreza, la exclusi\u00f3n social.<\/p>\n\n\n\n<p>La teolog\u00eda de la ternura se contrapone a las manifestaciones\nque justifican la violencia. Para esta instituci\u00f3n el asocio con las iglesias\nes clave ya que cree firmemente que la iglesia es un embajador del Reino de\nDios por lo tanto tiene la misi\u00f3n de ser compasiva con las comunidades, sanar heridas\nocasionadas por la violencia y concientizar a las autoridades, involucrarse y\nsolidarizarse con la poblaci\u00f3n, tomar un papel conciliador&nbsp; desde y en la comunidad. <\/p>\n\n\n\n<p>Los ni\u00f1os tuvieron la oportunidad de plasmar en papel su sentir sobre la ternura de Dios, con murales llenos de dibujos y pinturas, cada asistente durante los 6 servicios dominicales que ofrece la iglesia pudo hacer el recorrido y deleitar sus ojos con las obras de arte que los peque\u00f1os realizaron. <\/p>\n","protected":false},"excerpt":{"rendered":"<p>El pasado 24 marzo el local de iglesia infantil dentro de Misi\u00f3n Cristiana Elim se convirti\u00f3 en una galer\u00eda llena de arte hecho por los ni\u00f1os que asistieron a diferentes servicios. Iglesia Infantil Elim se ha caracterizado por apoyar las iniciativas que World Vision presenta a favor de la ni\u00f1ez en el Salvador. El d\u00eda [&hellip;]<\/p>\n","protected":false},"author":3,"featured_media":5790,"comment_status":"open","ping_status":"open","sticky":false,"template":"","format":"standard","meta":[],"categories":[56],"tags":[],"yoast_head":"<!-- This site is optimized with the Yoast SEO plugin v20.8 - https:\/\/yoast.com\/wordpress\/plugins\/seo\/ -->\n<title>Galer\u00eda art\u00edstica \u201cLa ternura de Dios\u201d en Iglesia Elim - La Prensa Cristiana<\/title>\n<meta name=\"robots\" content=\"index, follow, max-snippet:-1, max-image-preview:large, max-video-preview:-1\" \/>\n<link rel=\"canonical\" href=\"https:\/\/laprensacristiana.com\/?p=5789\" \/>\n<meta property=\"og:locale\" content=\"es_ES\" \/>\n<meta property=\"og:type\" content=\"article\" \/>\n<meta property=\"og:title\" content=\"Galer\u00eda art\u00edstica \u201cLa ternura de Dios\u201d en Iglesia Elim - La Prensa Cristiana\" \/>\n<meta property=\"og:description\" content=\"El pasado 24 marzo el local de iglesia infantil dentro de Misi\u00f3n Cristiana Elim se convirti\u00f3 en una galer\u00eda llena de arte hecho por los ni\u00f1os que asistieron a diferentes servicios. Iglesia Infantil Elim se ha caracterizado por apoyar las iniciativas que World Vision presenta a favor de la ni\u00f1ez en el Salvador. El d\u00eda [&hellip;]\" \/>\n<meta property=\"og:url\" content=\"https:\/\/laprensacristiana.com\/?p=5789\" \/>\n<meta property=\"og:site_name\" content=\"La Prensa Cristiana\" \/>\n<meta property=\"article:published_time\" content=\"2019-05-09T16:25:02+00:00\" \/>\n<meta property=\"article:modified_time\" content=\"2019-05-09T16:44:09+00:00\" \/>\n<meta property=\"og:image\" content=\"https:\/\/laprensacristiana.com\/wp-content\/uploads\/2019\/05\/56279973_2240755639319707_616115231864651776_n.jpg\" \/>\n\t<meta property=\"og:image:width\" content=\"960\" \/>\n\t<meta property=\"og:image:height\" content=\"640\" \/>\n\t<meta property=\"og:image:type\" content=\"image\/jpeg\" \/>\n<meta name=\"author\" content=\"EDITOR\" \/>\n<meta name=\"twitter:card\" content=\"summary_large_image\" \/>\n<meta name=\"twitter:label1\" content=\"Escrito por\" \/>\n\t<meta name=\"twitter:data1\" content=\"EDITOR\" \/>\n\t<meta name=\"twitter:label2\" content=\"Tiempo de lectura\" \/>\n\t<meta name=\"twitter:data2\" content=\"1 minuto\" \/>\n<script type=\"application\/ld+json\" class=\"yoast-schema-graph\">{\"@context\":\"https:\/\/schema.org\",\"@graph\":[{\"@type\":\"WebPage\",\"@id\":\"https:\/\/laprensacristiana.com\/?p=5789\",\"url\":\"https:\/\/laprensacristiana.com\/?p=5789\",\"name\":\"Galer\u00eda art\u00edstica \u201cLa ternura de Dios\u201d en Iglesia Elim - La Prensa Cristiana\",\"isPartOf\":{\"@id\":\"https:\/\/laprensacristiana.com\/#website\"},\"datePublished\":\"2019-05-09T16:25:02+00:00\",\"dateModified\":\"2019-05-09T16:44:09+00:00\",\"author\":{\"@id\":\"https:\/\/laprensacristiana.com\/#\/schema\/person\/3e7d82c6bfd6b1fa67010f8f7cd5256e\"},\"breadcrumb\":{\"@id\":\"https:\/\/laprensacristiana.com\/?p=5789#breadcrumb\"},\"inLanguage\":\"es\",\"potentialAction\":[{\"@type\":\"ReadAction\",\"target\":[\"https:\/\/laprensacristiana.com\/?p=5789\"]}]},{\"@type\":\"BreadcrumbList\",\"@id\":\"https:\/\/laprensacristiana.com\/?p=5789#breadcrumb\",\"itemListElement\":[{\"@type\":\"ListItem\",\"position\":1,\"name\":\"Portada\",\"item\":\"https:\/\/laprensacristiana.com\/\"},{\"@type\":\"ListItem\",\"position\":2,\"name\":\"Galer\u00eda art\u00edstica \u201cLa ternura de Dios\u201d en Iglesia Elim\"}]},{\"@type\":\"WebSite\",\"@id\":\"https:\/\/laprensacristiana.com\/#website\",\"url\":\"https:\/\/laprensacristiana.com\/\",\"name\":\"La Prensa Cristiana\",\"description\":\"Anunciando Las Buenas Nuevas\",\"potentialAction\":[{\"@type\":\"SearchAction\",\"target\":{\"@type\":\"EntryPoint\",\"urlTemplate\":\"https:\/\/laprensacristiana.com\/?s={search_term_string}\"},\"query-input\":\"required name=search_term_string\"}],\"inLanguage\":\"es\"},{\"@type\":\"Person\",\"@id\":\"https:\/\/laprensacristiana.com\/#\/schema\/person\/3e7d82c6bfd6b1fa67010f8f7cd5256e\",\"name\":\"EDITOR\",\"image\":{\"@type\":\"ImageObject\",\"inLanguage\":\"es\",\"@id\":\"https:\/\/laprensacristiana.com\/#\/schema\/person\/image\/\",\"url\":\"https:\/\/secure.gravatar.com\/avatar\/72069dfb6c13772d9e8381e3638666d2?s=96&d=mm&r=g\",\"contentUrl\":\"https:\/\/secure.gravatar.com\/avatar\/72069dfb6c13772d9e8381e3638666d2?s=96&d=mm&r=g\",\"caption\":\"EDITOR\"},\"url\":\"https:\/\/laprensacristiana.com\/?author=3\"}]}<\/script>\n<!-- \/ Yoast SEO plugin. -->","yoast_head_json":{"title":"Galer\u00eda art\u00edstica \u201cLa ternura de Dios\u201d en Iglesia Elim - La Prensa Cristiana","robots":{"index":"index","follow":"follow","max-snippet":"max-snippet:-1","max-image-preview":"max-image-preview:large","max-video-preview":"max-video-preview:-1"},"canonical":"https:\/\/laprensacristiana.com\/?p=5789","og_locale":"es_ES","og_type":"article","og_title":"Galer\u00eda art\u00edstica \u201cLa ternura de Dios\u201d en Iglesia Elim - La Prensa Cristiana","og_description":"El pasado 24 marzo el local de iglesia infantil dentro de Misi\u00f3n Cristiana Elim se convirti\u00f3 en una galer\u00eda llena de arte hecho por los ni\u00f1os que asistieron a diferentes servicios. Iglesia Infantil Elim se ha caracterizado por apoyar las iniciativas que World Vision presenta a favor de la ni\u00f1ez en el Salvador. El d\u00eda [&hellip;]","og_url":"https:\/\/laprensacristiana.com\/?p=5789","og_site_name":"La Prensa Cristiana","article_published_time":"2019-05-09T16:25:02+00:00","article_modified_time":"2019-05-09T16:44:09+00:00","og_image":[{"width":960,"height":640,"url":"https:\/\/laprensacristiana.com\/wp-content\/uploads\/2019\/05\/56279973_2240755639319707_616115231864651776_n.jpg","type":"image\/jpeg"}],"author":"EDITOR","twitter_card":"summary_large_image","twitter_misc":{"Escrito por":"EDITOR","Tiempo de lectura":"1 minuto"},"schema":{"@context":"https:\/\/schema.org","@graph":[{"@type":"WebPage","@id":"https:\/\/laprensacristiana.com\/?p=5789","url":"https:\/\/laprensacristiana.com\/?p=5789","name":"Galer\u00eda art\u00edstica \u201cLa ternura de Dios\u201d en Iglesia Elim - La Prensa Cristiana","isPartOf":{"@id":"https:\/\/laprensacristiana.com\/#website"},"datePublished":"2019-05-09T16:25:02+00:00","dateModified":"2019-05-09T16:44:09+00:00","author":{"@id":"https:\/\/laprensacristiana.com\/#\/schema\/person\/3e7d82c6bfd6b1fa67010f8f7cd5256e"},"breadcrumb":{"@id":"https:\/\/laprensacristiana.com\/?p=5789#breadcrumb"},"inLanguage":"es","potentialAction":[{"@type":"ReadAction","target":["https:\/\/laprensacristiana.com\/?p=5789"]}]},{"@type":"BreadcrumbList","@id":"https:\/\/laprensacristiana.com\/?p=5789#breadcrumb","itemListElement":[{"@type":"ListItem","position":1,"name":"Portada","item":"https:\/\/laprensacristiana.com\/"},{"@type":"ListItem","position":2,"name":"Galer\u00eda art\u00edstica \u201cLa ternura de Dios\u201d en Iglesia Elim"}]},{"@type":"WebSite","@id":"https:\/\/laprensacristiana.com\/#website","url":"https:\/\/laprensacristiana.com\/","name":"La Prensa Cristiana","description":"Anunciando Las Buenas Nuevas","potentialAction":[{"@type":"SearchAction","target":{"@type":"EntryPoint","urlTemplate":"https:\/\/laprensacristiana.com\/?s={search_term_string}"},"query-input":"required name=search_term_string"}],"inLanguage":"es"},{"@type":"Person","@id":"https:\/\/laprensacristiana.com\/#\/schema\/person\/3e7d82c6bfd6b1fa67010f8f7cd5256e","name":"EDITOR","image":{"@type":"ImageObject","inLanguage":"es","@id":"https:\/\/laprensacristiana.com\/#\/schema\/person\/image\/","url":"https:\/\/secure.gravatar.com\/avatar\/72069dfb6c13772d9e8381e3638666d2?s=96&d=mm&r=g","contentUrl":"https:\/\/secure.gravatar.com\/avatar\/72069dfb6c13772d9e8381e3638666d2?s=96&d=mm&r=g","caption":"EDITOR"},"url":"https:\/\/laprensacristiana.com\/?author=3"}]}},"_links":{"self":[{"href":"https:\/\/laprensacristiana.com\/index.php?rest_route=\/wp\/v2\/posts\/5789"}],"collection":[{"href":"https:\/\/laprensacristiana.com\/index.php?rest_route=\/wp\/v2\/posts"}],"about":[{"href":"https:\/\/laprensacristiana.com\/index.php?rest_route=\/wp\/v2\/types\/post"}],"author":[{"embeddable":true,"href":"https:\/\/laprensacristiana.com\/index.php?rest_route=\/wp\/v2\/users\/3"}],"replies":[{"embeddable":true,"href":"https:\/\/laprensacristiana.com\/index.php?rest_route=%2Fwp%2Fv2%2Fcomments&post=5789"}],"version-history":[{"count":3,"href":"https:\/\/laprensacristiana.com\/index.php?rest_route=\/wp\/v2\/posts\/5789\/revisions"}],"predecessor-version":[{"id":5793,"href":"https:\/\/laprensacristiana.com\/index.php?rest_route=\/wp\/v2\/posts\/5789\/revisions\/5793"}],"wp:featuredmedia":[{"embeddable":true,"href":"https:\/\/laprensacristiana.com\/index.php?rest_route=\/wp\/v2\/media\/5790"}],"wp:attachment":[{"href":"https:\/\/laprensacristiana.com\/index.php?rest_route=%2Fwp%2Fv2%2Fmedia&parent=5789"}],"wp:term":[{"taxonomy":"category","embeddable":true,"href":"https:\/\/laprensacristiana.com\/index.php?rest_route=%2Fwp%2Fv2%2Fcategories&post=5789"},{"taxonomy":"post_tag","embeddable":true,"href":"https:\/\/laprensacristiana.com\/index.php?rest_route=%2Fwp%2Fv2%2Ftags&post=5789"}],"curies":[{"name":"wp","href":"https:\/\/api.w.org\/{rel}","templated":true}]}}