{"id":5805,"date":"2019-05-13T17:22:16","date_gmt":"2019-05-13T17:22:16","guid":{"rendered":"https:\/\/laprensacristiana.com\/?p=5805"},"modified":"2019-05-13T17:22:18","modified_gmt":"2019-05-13T17:22:18","slug":"contribuyes-a-la-verguenza-de-tu-hermano","status":"publish","type":"post","link":"https:\/\/laprensacristiana.com\/?p=5805","title":{"rendered":"\u00bfContribuyes a la verg\u00fcenza de tu hermano?"},"content":{"rendered":"\n<p>Pastor Jos\u00e9 Luis Blanco y D.<\/p>\n\n\n\n<p><\/p>\n\n\n\n<p>Hab 2:16\ufeff \u201cTe has llenado de deshonra m\u00e1s que de honra; bebe t\u00fa tambi\u00e9n, y ser\u00e1s descubierto; el c\u00e1liz de la mano derecha de\nJehov\u00e1 vendr\u00e1 hasta ti, y v\u00f3mito de afrenta sobre tu\ngloria\u201d. \ufeff<\/p>\n\n\n\n<p>Conozco personas que nunca se detuvieron a\npensar en los da\u00f1os que causan las bebidas embriagantes y mucho menos el\nd\u00e1rselos a otros. Cuando alguien invita a sus amigos o familiares a una\n\u201cinocente\u201d copa de vino, alcohol o cualquier producto en diferentes envoltorios\no marcas, tratar\u00e1 de justificar que debemos de socializar y seguro pensar\u00e1: \u201ces\nbueno compartir invitando a otros a beber\u201d. Que lejos est\u00e1 esta persona de\nentender que habr\u00e1 un juicio de Dios para su vida al hacerlo. Habacuc 2:15\ufeff \u201c\u00a1Ay del que da de beber a su pr\u00f3jimo! \u00a1Ay de ti, que le acercas tu\nhiel, y le embriagas para mirar su desnudez!\u201d \ufeff<\/p>\n\n\n\n<p>El alcohol como cualquier otro tipo de\nsustancias t\u00f3xicas hacen de un ser humano, un torpe y vil dependiente de esa\nbebida o droga y su continuo consumo. Al ofrecer una simple copa de vino o\nalcohol a una persona, estamos \u201csembrando\u201d una semilla que ser\u00e1 la deshonra en\nsu familia, sino pregunt\u00e9monos: \u00bfPor qu\u00e9 tenemos m\u00e1s l\u00e1stima de una persona\nenferma de c\u00e1ncer y no de un alcoh\u00f3lico? \u00bfPor qu\u00e9 tenemos compasi\u00f3n y hasta\noramos por cada enfermo y no por un alcoh\u00f3lico que deambula por las calles? La\norganizaci\u00f3n mundial de la salud declara el alcoholismo una enfermedad,\nentonces, \u00bfpor qu\u00e9 tratamos al dependiente de drogas como un vicioso\nsinverg\u00fcenza?<\/p>\n\n\n\n<p>Tratar\u00e9 de ser m\u00e1s espec\u00edfico y pido perd\u00f3n\nsi alguien se da por ofendido, si usted en la calle le invitan a que elija\nllevarse a su casa un cerdo o un borracho: \u00bfA qui\u00e9n se llevar\u00eda? \u00bfAl cerdo o al\nborracho? \u00bfSabe por qu\u00e9? Porque el ser humano cae en cadenas que lo esclavizan\ny muchas veces nosotros contribuimos con una inocente copa para ver su\ndesnudez.<\/p>\n\n\n\n<p>\u00bfEsto es b\u00edblico? \u00a1Por supuesto! Qu\u00e9 curioso\neste incidente, que No\u00e9 en la segunda creaci\u00f3n despu\u00e9s que fue salvo \u00e9l y su\nfamilia, decidi\u00f3 hacer algo muy peculiar. Me imagino que era motivo para\ncelebrar su salvaci\u00f3n, decidi\u00f3 sembrar una planta que produjo su embriagu\u00e9is, y\nque m\u00e1s tarde result\u00f3 ser su deshonra cuando todos le vieron desnudo. \u00c9l mismo\nmaldijo a su nieto por haberlo visto sin sus ropas, haciendo el rid\u00edculo por\nuna \u201cinocente plantita\u201d que destruy\u00f3 su reputaci\u00f3n y su honor. El hombre de fe\nque obedeci\u00f3 a Dios por toda su vida, por unos cuantos tragos derrumb\u00f3 toda una\nvida de fe y de honor. Gen 9: 22\ufeff \u201cY\nCam, padre de Cana\u00e1n,\nvio la desnudez de su padre, y lo dijo a sus dos hermanos que estaban afuera 24\ufeff \u201cY despert\u00f3 No\u00e9 de su\nembriaguez, y supo lo que le hab\u00eda hecho su hijo m\u00e1s joven\u201d<\/p>\n\n\n\n<p>\u00bfHabr\u00e1 sobre la tierra una tan sola persona\nque estando ebria no haya hecho algo rid\u00edculo?&nbsp;\n\u00bfExistir\u00e1 un alcoh\u00f3lico que no tenga de que avergonzarse? Entonces: \u00bfPor\nqu\u00e9 destruir nuestra vida y peor a\u00fan la de otros?<\/p>\n\n\n\n<p>Recuerda, ofrecer a otros y consumir alcohol trae destrucci\u00f3n, verg\u00fcenza, dolor, enfermedades, muerte f\u00edsica y espiritual. Si amas a Dios, no\u2026CONTRIBUYAS A LA VERG\u00dcENZA DE TU HERMANO<\/p>\n\n\n\n<figure class=\"wp-block-image\"><img decoding=\"async\" loading=\"lazy\" width=\"1024\" height=\"571\" src=\"https:\/\/laprensacristiana.com\/wp-content\/uploads\/2019\/05\/reflexiones-1-1024x571.jpeg\" alt=\"\" class=\"wp-image-5807\" srcset=\"https:\/\/laprensacristiana.com\/wp-content\/uploads\/2019\/05\/reflexiones-1-1024x571.jpeg 1024w, https:\/\/laprensacristiana.com\/wp-content\/uploads\/2019\/05\/reflexiones-1-600x335.jpeg 600w, https:\/\/laprensacristiana.com\/wp-content\/uploads\/2019\/05\/reflexiones-1-300x167.jpeg 300w, https:\/\/laprensacristiana.com\/wp-content\/uploads\/2019\/05\/reflexiones-1-768x428.jpeg 768w, https:\/\/laprensacristiana.com\/wp-content\/uploads\/2019\/05\/reflexiones-1-696x388.jpeg 696w, https:\/\/laprensacristiana.com\/wp-content\/uploads\/2019\/05\/reflexiones-1-1068x596.jpeg 1068w, https:\/\/laprensacristiana.com\/wp-content\/uploads\/2019\/05\/reflexiones-1-753x420.jpeg 753w, https:\/\/laprensacristiana.com\/wp-content\/uploads\/2019\/05\/reflexiones-1.jpeg 1280w\" sizes=\"(max-width: 1024px) 100vw, 1024px\" \/><\/figure>\n","protected":false},"excerpt":{"rendered":"<p>Pastor Jos\u00e9 Luis Blanco y D. Hab 2:16\ufeff \u201cTe has llenado de deshonra m\u00e1s que de honra; bebe t\u00fa tambi\u00e9n, y ser\u00e1s descubierto; el c\u00e1liz de la mano derecha de Jehov\u00e1 vendr\u00e1 hasta ti, y v\u00f3mito de afrenta sobre tu gloria\u201d. \ufeff Conozco personas que nunca se detuvieron a pensar en los da\u00f1os que causan [&hellip;]<\/p>\n","protected":false},"author":3,"featured_media":5806,"comment_status":"open","ping_status":"open","sticky":false,"template":"","format":"standard","meta":[],"categories":[36],"tags":[],"yoast_head":"<!-- This site is optimized with the Yoast SEO plugin v20.8 - https:\/\/yoast.com\/wordpress\/plugins\/seo\/ -->\n<title>\u00bfContribuyes a la verg\u00fcenza de tu hermano? - La Prensa Cristiana<\/title>\n<meta name=\"robots\" content=\"index, follow, max-snippet:-1, max-image-preview:large, max-video-preview:-1\" \/>\n<link rel=\"canonical\" href=\"https:\/\/laprensacristiana.com\/?p=5805\" \/>\n<meta property=\"og:locale\" content=\"es_ES\" \/>\n<meta property=\"og:type\" content=\"article\" \/>\n<meta property=\"og:title\" content=\"\u00bfContribuyes a la verg\u00fcenza de tu hermano? - La Prensa Cristiana\" \/>\n<meta property=\"og:description\" content=\"Pastor Jos\u00e9 Luis Blanco y D. Hab 2:16\ufeff \u201cTe has llenado de deshonra m\u00e1s que de honra; bebe t\u00fa tambi\u00e9n, y ser\u00e1s descubierto; el c\u00e1liz de la mano derecha de Jehov\u00e1 vendr\u00e1 hasta ti, y v\u00f3mito de afrenta sobre tu gloria\u201d. \ufeff Conozco personas que nunca se detuvieron a pensar en los da\u00f1os que causan [&hellip;]\" \/>\n<meta property=\"og:url\" content=\"https:\/\/laprensacristiana.com\/?p=5805\" \/>\n<meta property=\"og:site_name\" content=\"La Prensa Cristiana\" \/>\n<meta property=\"article:published_time\" content=\"2019-05-13T17:22:16+00:00\" \/>\n<meta property=\"article:modified_time\" content=\"2019-05-13T17:22:18+00:00\" \/>\n<meta property=\"og:image\" content=\"https:\/\/laprensacristiana.com\/wp-content\/uploads\/2019\/05\/reflexiones.jpeg\" \/>\n\t<meta property=\"og:image:width\" content=\"1280\" \/>\n\t<meta property=\"og:image:height\" content=\"714\" \/>\n\t<meta property=\"og:image:type\" content=\"image\/jpeg\" \/>\n<meta name=\"author\" content=\"EDITOR\" \/>\n<meta name=\"twitter:card\" content=\"summary_large_image\" \/>\n<meta name=\"twitter:label1\" content=\"Escrito por\" \/>\n\t<meta name=\"twitter:data1\" content=\"EDITOR\" \/>\n\t<meta name=\"twitter:label2\" content=\"Tiempo de lectura\" \/>\n\t<meta name=\"twitter:data2\" content=\"3 minutos\" \/>\n<script type=\"application\/ld+json\" class=\"yoast-schema-graph\">{\"@context\":\"https:\/\/schema.org\",\"@graph\":[{\"@type\":\"WebPage\",\"@id\":\"https:\/\/laprensacristiana.com\/?p=5805\",\"url\":\"https:\/\/laprensacristiana.com\/?p=5805\",\"name\":\"\u00bfContribuyes a la verg\u00fcenza de tu hermano? - La Prensa Cristiana\",\"isPartOf\":{\"@id\":\"https:\/\/laprensacristiana.com\/#website\"},\"datePublished\":\"2019-05-13T17:22:16+00:00\",\"dateModified\":\"2019-05-13T17:22:18+00:00\",\"author\":{\"@id\":\"https:\/\/laprensacristiana.com\/#\/schema\/person\/3e7d82c6bfd6b1fa67010f8f7cd5256e\"},\"breadcrumb\":{\"@id\":\"https:\/\/laprensacristiana.com\/?p=5805#breadcrumb\"},\"inLanguage\":\"es\",\"potentialAction\":[{\"@type\":\"ReadAction\",\"target\":[\"https:\/\/laprensacristiana.com\/?p=5805\"]}]},{\"@type\":\"BreadcrumbList\",\"@id\":\"https:\/\/laprensacristiana.com\/?p=5805#breadcrumb\",\"itemListElement\":[{\"@type\":\"ListItem\",\"position\":1,\"name\":\"Portada\",\"item\":\"https:\/\/laprensacristiana.com\/\"},{\"@type\":\"ListItem\",\"position\":2,\"name\":\"\u00bfContribuyes a la verg\u00fcenza de tu hermano?\"}]},{\"@type\":\"WebSite\",\"@id\":\"https:\/\/laprensacristiana.com\/#website\",\"url\":\"https:\/\/laprensacristiana.com\/\",\"name\":\"La Prensa Cristiana\",\"description\":\"Anunciando Las Buenas Nuevas\",\"potentialAction\":[{\"@type\":\"SearchAction\",\"target\":{\"@type\":\"EntryPoint\",\"urlTemplate\":\"https:\/\/laprensacristiana.com\/?s={search_term_string}\"},\"query-input\":\"required name=search_term_string\"}],\"inLanguage\":\"es\"},{\"@type\":\"Person\",\"@id\":\"https:\/\/laprensacristiana.com\/#\/schema\/person\/3e7d82c6bfd6b1fa67010f8f7cd5256e\",\"name\":\"EDITOR\",\"image\":{\"@type\":\"ImageObject\",\"inLanguage\":\"es\",\"@id\":\"https:\/\/laprensacristiana.com\/#\/schema\/person\/image\/\",\"url\":\"https:\/\/secure.gravatar.com\/avatar\/72069dfb6c13772d9e8381e3638666d2?s=96&d=mm&r=g\",\"contentUrl\":\"https:\/\/secure.gravatar.com\/avatar\/72069dfb6c13772d9e8381e3638666d2?s=96&d=mm&r=g\",\"caption\":\"EDITOR\"},\"url\":\"https:\/\/laprensacristiana.com\/?author=3\"}]}<\/script>\n<!-- \/ Yoast SEO plugin. -->","yoast_head_json":{"title":"\u00bfContribuyes a la verg\u00fcenza de tu hermano? - La Prensa Cristiana","robots":{"index":"index","follow":"follow","max-snippet":"max-snippet:-1","max-image-preview":"max-image-preview:large","max-video-preview":"max-video-preview:-1"},"canonical":"https:\/\/laprensacristiana.com\/?p=5805","og_locale":"es_ES","og_type":"article","og_title":"\u00bfContribuyes a la verg\u00fcenza de tu hermano? - La Prensa Cristiana","og_description":"Pastor Jos\u00e9 Luis Blanco y D. Hab 2:16\ufeff \u201cTe has llenado de deshonra m\u00e1s que de honra; bebe t\u00fa tambi\u00e9n, y ser\u00e1s descubierto; el c\u00e1liz de la mano derecha de Jehov\u00e1 vendr\u00e1 hasta ti, y v\u00f3mito de afrenta sobre tu gloria\u201d. \ufeff Conozco personas que nunca se detuvieron a pensar en los da\u00f1os que causan [&hellip;]","og_url":"https:\/\/laprensacristiana.com\/?p=5805","og_site_name":"La Prensa Cristiana","article_published_time":"2019-05-13T17:22:16+00:00","article_modified_time":"2019-05-13T17:22:18+00:00","og_image":[{"width":1280,"height":714,"url":"https:\/\/laprensacristiana.com\/wp-content\/uploads\/2019\/05\/reflexiones.jpeg","type":"image\/jpeg"}],"author":"EDITOR","twitter_card":"summary_large_image","twitter_misc":{"Escrito por":"EDITOR","Tiempo de lectura":"3 minutos"},"schema":{"@context":"https:\/\/schema.org","@graph":[{"@type":"WebPage","@id":"https:\/\/laprensacristiana.com\/?p=5805","url":"https:\/\/laprensacristiana.com\/?p=5805","name":"\u00bfContribuyes a la verg\u00fcenza de tu hermano? - La Prensa Cristiana","isPartOf":{"@id":"https:\/\/laprensacristiana.com\/#website"},"datePublished":"2019-05-13T17:22:16+00:00","dateModified":"2019-05-13T17:22:18+00:00","author":{"@id":"https:\/\/laprensacristiana.com\/#\/schema\/person\/3e7d82c6bfd6b1fa67010f8f7cd5256e"},"breadcrumb":{"@id":"https:\/\/laprensacristiana.com\/?p=5805#breadcrumb"},"inLanguage":"es","potentialAction":[{"@type":"ReadAction","target":["https:\/\/laprensacristiana.com\/?p=5805"]}]},{"@type":"BreadcrumbList","@id":"https:\/\/laprensacristiana.com\/?p=5805#breadcrumb","itemListElement":[{"@type":"ListItem","position":1,"name":"Portada","item":"https:\/\/laprensacristiana.com\/"},{"@type":"ListItem","position":2,"name":"\u00bfContribuyes a la verg\u00fcenza de tu hermano?"}]},{"@type":"WebSite","@id":"https:\/\/laprensacristiana.com\/#website","url":"https:\/\/laprensacristiana.com\/","name":"La Prensa Cristiana","description":"Anunciando Las Buenas Nuevas","potentialAction":[{"@type":"SearchAction","target":{"@type":"EntryPoint","urlTemplate":"https:\/\/laprensacristiana.com\/?s={search_term_string}"},"query-input":"required name=search_term_string"}],"inLanguage":"es"},{"@type":"Person","@id":"https:\/\/laprensacristiana.com\/#\/schema\/person\/3e7d82c6bfd6b1fa67010f8f7cd5256e","name":"EDITOR","image":{"@type":"ImageObject","inLanguage":"es","@id":"https:\/\/laprensacristiana.com\/#\/schema\/person\/image\/","url":"https:\/\/secure.gravatar.com\/avatar\/72069dfb6c13772d9e8381e3638666d2?s=96&d=mm&r=g","contentUrl":"https:\/\/secure.gravatar.com\/avatar\/72069dfb6c13772d9e8381e3638666d2?s=96&d=mm&r=g","caption":"EDITOR"},"url":"https:\/\/laprensacristiana.com\/?author=3"}]}},"_links":{"self":[{"href":"https:\/\/laprensacristiana.com\/index.php?rest_route=\/wp\/v2\/posts\/5805"}],"collection":[{"href":"https:\/\/laprensacristiana.com\/index.php?rest_route=\/wp\/v2\/posts"}],"about":[{"href":"https:\/\/laprensacristiana.com\/index.php?rest_route=\/wp\/v2\/types\/post"}],"author":[{"embeddable":true,"href":"https:\/\/laprensacristiana.com\/index.php?rest_route=\/wp\/v2\/users\/3"}],"replies":[{"embeddable":true,"href":"https:\/\/laprensacristiana.com\/index.php?rest_route=%2Fwp%2Fv2%2Fcomments&post=5805"}],"version-history":[{"count":1,"href":"https:\/\/laprensacristiana.com\/index.php?rest_route=\/wp\/v2\/posts\/5805\/revisions"}],"predecessor-version":[{"id":5808,"href":"https:\/\/laprensacristiana.com\/index.php?rest_route=\/wp\/v2\/posts\/5805\/revisions\/5808"}],"wp:featuredmedia":[{"embeddable":true,"href":"https:\/\/laprensacristiana.com\/index.php?rest_route=\/wp\/v2\/media\/5806"}],"wp:attachment":[{"href":"https:\/\/laprensacristiana.com\/index.php?rest_route=%2Fwp%2Fv2%2Fmedia&parent=5805"}],"wp:term":[{"taxonomy":"category","embeddable":true,"href":"https:\/\/laprensacristiana.com\/index.php?rest_route=%2Fwp%2Fv2%2Fcategories&post=5805"},{"taxonomy":"post_tag","embeddable":true,"href":"https:\/\/laprensacristiana.com\/index.php?rest_route=%2Fwp%2Fv2%2Ftags&post=5805"}],"curies":[{"name":"wp","href":"https:\/\/api.w.org\/{rel}","templated":true}]}}