{"id":5827,"date":"2019-05-14T16:52:12","date_gmt":"2019-05-14T16:52:12","guid":{"rendered":"https:\/\/laprensacristiana.com\/?p=5827"},"modified":"2019-05-14T16:52:14","modified_gmt":"2019-05-14T16:52:14","slug":"convocatoria-del-dia-nacional-de-la-oracion-mundial-por-la-ninez","status":"publish","type":"post","link":"https:\/\/laprensacristiana.com\/?p=5827","title":{"rendered":"Convocatoria del d\u00eda Nacional de la oraci\u00f3n mundial por la ni\u00f1ez"},"content":{"rendered":"\n<p>Red Viva es una organizaci\u00f3n basada en principios cristianos\nque trabajan para transformar vidas y contribuir a la ni\u00f1ez salvadore\u00f1a &nbsp;conforme a los planes de Dios. &nbsp;Desarrollan acciones de impacto, creativas,\nsostenibles, inclusivas para reducir los riesgos de vulnerabilidad en la poblaci\u00f3n\ninfantil salvadore\u00f1a.<\/p>\n\n\n\n<p>En esta ocasi\u00f3n Red Viva est\u00e1 haciendo una atenta invitaci\u00f3n\na todas las iglesias, pastores &nbsp;y l\u00edderes\nde ministerios de escuela dominical que trabajar arduamente en pro de la ni\u00f1ez\ny adolescencia en el pa\u00eds, a trav\u00e9s de sus redes sociales.<\/p>\n\n\n\n<p>\u201cPor este medio estamos recordando que como siempre a nivel\nmundial se celebra el D\u00cdA INTERNACIONAL DE ORACI\u00d3N POR LA NI\u00d1EZ, domingo 2 de junio.\nEl lema de este a\u00f1o es: LLENOS DE ESPERANZA \u201cQue el Dios de la esperanza los\nllene de toda alegr\u00eda y paz a ustedes que creen en \u00e9l, para que rebosen de\nesperanza por el poder del Esp\u00edritu Santo\u201d. (Romanos 15: 13, NVI)<\/p>\n\n\n\n<p>Una esperanza que trae fuerza. Una esperanza en sus\nmaravillas y milagros. Una esperanza que no acabar\u00e1. Una esperanza en su nombre\u201d<\/p>\n\n\n\n<p>La celebraci\u00f3n se llevara a cabo el 1 y 2 de junio y las peticiones\npor las que se estar intercediendo son: <\/p>\n\n\n\n<p>&nbsp;1 y 2 de Junio, en\nintercesi\u00f3n por la ni\u00f1ez salvadore\u00f1a: <\/p>\n\n\n\n<p>1) Por el buen trato, <\/p>\n\n\n\n<p>2) ni\u00f1ez con discapacidad, <\/p>\n\n\n\n<p>3) ni\u00f1ez que vive en situaci\u00f3n de calle y ni\u00f1ez trabajadora,<\/p>\n\n\n\n<p>4) ni\u00f1ez que sufre enfermedades, <\/p>\n\n\n\n<p>5) ni\u00f1ez que sufre abusos de todo tipo, <\/p>\n\n\n\n<p>6) ni\u00f1ez que vive en extrema pobreza, <\/p>\n\n\n\n<p>7) ni\u00f1ez secuestrada, entre otras peticiones.<\/p>\n\n\n\n<p>El domingo 2 de junio se solicita a todas las congregaciones\norar en cada clase de escuela b\u00edblica y designar a un ni\u00f1o\/a para que ore ante\nle congregaci\u00f3n en cada reuni\u00f3n dominical dentro de los templos. <\/p>\n","protected":false},"excerpt":{"rendered":"<p>Red Viva es una organizaci\u00f3n basada en principios cristianos que trabajan para transformar vidas y contribuir a la ni\u00f1ez salvadore\u00f1a &nbsp;conforme a los planes de Dios. &nbsp;Desarrollan acciones de impacto, creativas, sostenibles, inclusivas para reducir los riesgos de vulnerabilidad en la poblaci\u00f3n infantil salvadore\u00f1a. En esta ocasi\u00f3n Red Viva est\u00e1 haciendo una atenta invitaci\u00f3n a [&hellip;]<\/p>\n","protected":false},"author":3,"featured_media":5829,"comment_status":"open","ping_status":"open","sticky":false,"template":"","format":"standard","meta":[],"categories":[56],"tags":[],"yoast_head":"<!-- This site is optimized with the Yoast SEO plugin v20.8 - https:\/\/yoast.com\/wordpress\/plugins\/seo\/ -->\n<title>Convocatoria del d\u00eda Nacional de la oraci\u00f3n mundial por la ni\u00f1ez - La Prensa Cristiana<\/title>\n<meta name=\"robots\" content=\"index, follow, max-snippet:-1, max-image-preview:large, max-video-preview:-1\" \/>\n<link rel=\"canonical\" href=\"https:\/\/laprensacristiana.com\/?p=5827\" \/>\n<meta property=\"og:locale\" content=\"es_ES\" \/>\n<meta property=\"og:type\" content=\"article\" \/>\n<meta property=\"og:title\" content=\"Convocatoria del d\u00eda Nacional de la oraci\u00f3n mundial por la ni\u00f1ez - La Prensa Cristiana\" \/>\n<meta property=\"og:description\" content=\"Red Viva es una organizaci\u00f3n basada en principios cristianos que trabajan para transformar vidas y contribuir a la ni\u00f1ez salvadore\u00f1a &nbsp;conforme a los planes de Dios. &nbsp;Desarrollan acciones de impacto, creativas, sostenibles, inclusivas para reducir los riesgos de vulnerabilidad en la poblaci\u00f3n infantil salvadore\u00f1a. En esta ocasi\u00f3n Red Viva est\u00e1 haciendo una atenta invitaci\u00f3n a [&hellip;]\" \/>\n<meta property=\"og:url\" content=\"https:\/\/laprensacristiana.com\/?p=5827\" \/>\n<meta property=\"og:site_name\" content=\"La Prensa Cristiana\" \/>\n<meta property=\"article:published_time\" content=\"2019-05-14T16:52:12+00:00\" \/>\n<meta property=\"article:modified_time\" content=\"2019-05-14T16:52:14+00:00\" \/>\n<meta property=\"og:image\" content=\"https:\/\/laprensacristiana.com\/wp-content\/uploads\/2019\/05\/12540720_945180998907101_6186864915770161388_n.png\" \/>\n\t<meta property=\"og:image:width\" content=\"400\" \/>\n\t<meta property=\"og:image:height\" content=\"400\" \/>\n\t<meta property=\"og:image:type\" content=\"image\/png\" \/>\n<meta name=\"author\" content=\"EDITOR\" \/>\n<meta name=\"twitter:card\" content=\"summary_large_image\" \/>\n<meta name=\"twitter:label1\" content=\"Escrito por\" \/>\n\t<meta name=\"twitter:data1\" content=\"EDITOR\" \/>\n\t<meta name=\"twitter:label2\" content=\"Tiempo de lectura\" \/>\n\t<meta name=\"twitter:data2\" content=\"2 minutos\" \/>\n<script type=\"application\/ld+json\" class=\"yoast-schema-graph\">{\"@context\":\"https:\/\/schema.org\",\"@graph\":[{\"@type\":\"WebPage\",\"@id\":\"https:\/\/laprensacristiana.com\/?p=5827\",\"url\":\"https:\/\/laprensacristiana.com\/?p=5827\",\"name\":\"Convocatoria del d\u00eda Nacional de la oraci\u00f3n mundial por la ni\u00f1ez - La Prensa Cristiana\",\"isPartOf\":{\"@id\":\"https:\/\/laprensacristiana.com\/#website\"},\"datePublished\":\"2019-05-14T16:52:12+00:00\",\"dateModified\":\"2019-05-14T16:52:14+00:00\",\"author\":{\"@id\":\"https:\/\/laprensacristiana.com\/#\/schema\/person\/3e7d82c6bfd6b1fa67010f8f7cd5256e\"},\"breadcrumb\":{\"@id\":\"https:\/\/laprensacristiana.com\/?p=5827#breadcrumb\"},\"inLanguage\":\"es\",\"potentialAction\":[{\"@type\":\"ReadAction\",\"target\":[\"https:\/\/laprensacristiana.com\/?p=5827\"]}]},{\"@type\":\"BreadcrumbList\",\"@id\":\"https:\/\/laprensacristiana.com\/?p=5827#breadcrumb\",\"itemListElement\":[{\"@type\":\"ListItem\",\"position\":1,\"name\":\"Portada\",\"item\":\"https:\/\/laprensacristiana.com\/\"},{\"@type\":\"ListItem\",\"position\":2,\"name\":\"Convocatoria del d\u00eda Nacional de la oraci\u00f3n mundial por la ni\u00f1ez\"}]},{\"@type\":\"WebSite\",\"@id\":\"https:\/\/laprensacristiana.com\/#website\",\"url\":\"https:\/\/laprensacristiana.com\/\",\"name\":\"La Prensa Cristiana\",\"description\":\"Anunciando Las Buenas Nuevas\",\"potentialAction\":[{\"@type\":\"SearchAction\",\"target\":{\"@type\":\"EntryPoint\",\"urlTemplate\":\"https:\/\/laprensacristiana.com\/?s={search_term_string}\"},\"query-input\":\"required name=search_term_string\"}],\"inLanguage\":\"es\"},{\"@type\":\"Person\",\"@id\":\"https:\/\/laprensacristiana.com\/#\/schema\/person\/3e7d82c6bfd6b1fa67010f8f7cd5256e\",\"name\":\"EDITOR\",\"image\":{\"@type\":\"ImageObject\",\"inLanguage\":\"es\",\"@id\":\"https:\/\/laprensacristiana.com\/#\/schema\/person\/image\/\",\"url\":\"https:\/\/secure.gravatar.com\/avatar\/72069dfb6c13772d9e8381e3638666d2?s=96&d=mm&r=g\",\"contentUrl\":\"https:\/\/secure.gravatar.com\/avatar\/72069dfb6c13772d9e8381e3638666d2?s=96&d=mm&r=g\",\"caption\":\"EDITOR\"},\"url\":\"https:\/\/laprensacristiana.com\/?author=3\"}]}<\/script>\n<!-- \/ Yoast SEO plugin. -->","yoast_head_json":{"title":"Convocatoria del d\u00eda Nacional de la oraci\u00f3n mundial por la ni\u00f1ez - La Prensa Cristiana","robots":{"index":"index","follow":"follow","max-snippet":"max-snippet:-1","max-image-preview":"max-image-preview:large","max-video-preview":"max-video-preview:-1"},"canonical":"https:\/\/laprensacristiana.com\/?p=5827","og_locale":"es_ES","og_type":"article","og_title":"Convocatoria del d\u00eda Nacional de la oraci\u00f3n mundial por la ni\u00f1ez - La Prensa Cristiana","og_description":"Red Viva es una organizaci\u00f3n basada en principios cristianos que trabajan para transformar vidas y contribuir a la ni\u00f1ez salvadore\u00f1a &nbsp;conforme a los planes de Dios. &nbsp;Desarrollan acciones de impacto, creativas, sostenibles, inclusivas para reducir los riesgos de vulnerabilidad en la poblaci\u00f3n infantil salvadore\u00f1a. En esta ocasi\u00f3n Red Viva est\u00e1 haciendo una atenta invitaci\u00f3n a [&hellip;]","og_url":"https:\/\/laprensacristiana.com\/?p=5827","og_site_name":"La Prensa Cristiana","article_published_time":"2019-05-14T16:52:12+00:00","article_modified_time":"2019-05-14T16:52:14+00:00","og_image":[{"width":400,"height":400,"url":"https:\/\/laprensacristiana.com\/wp-content\/uploads\/2019\/05\/12540720_945180998907101_6186864915770161388_n.png","type":"image\/png"}],"author":"EDITOR","twitter_card":"summary_large_image","twitter_misc":{"Escrito por":"EDITOR","Tiempo de lectura":"2 minutos"},"schema":{"@context":"https:\/\/schema.org","@graph":[{"@type":"WebPage","@id":"https:\/\/laprensacristiana.com\/?p=5827","url":"https:\/\/laprensacristiana.com\/?p=5827","name":"Convocatoria del d\u00eda Nacional de la oraci\u00f3n mundial por la ni\u00f1ez - La Prensa Cristiana","isPartOf":{"@id":"https:\/\/laprensacristiana.com\/#website"},"datePublished":"2019-05-14T16:52:12+00:00","dateModified":"2019-05-14T16:52:14+00:00","author":{"@id":"https:\/\/laprensacristiana.com\/#\/schema\/person\/3e7d82c6bfd6b1fa67010f8f7cd5256e"},"breadcrumb":{"@id":"https:\/\/laprensacristiana.com\/?p=5827#breadcrumb"},"inLanguage":"es","potentialAction":[{"@type":"ReadAction","target":["https:\/\/laprensacristiana.com\/?p=5827"]}]},{"@type":"BreadcrumbList","@id":"https:\/\/laprensacristiana.com\/?p=5827#breadcrumb","itemListElement":[{"@type":"ListItem","position":1,"name":"Portada","item":"https:\/\/laprensacristiana.com\/"},{"@type":"ListItem","position":2,"name":"Convocatoria del d\u00eda Nacional de la oraci\u00f3n mundial por la ni\u00f1ez"}]},{"@type":"WebSite","@id":"https:\/\/laprensacristiana.com\/#website","url":"https:\/\/laprensacristiana.com\/","name":"La Prensa Cristiana","description":"Anunciando Las Buenas Nuevas","potentialAction":[{"@type":"SearchAction","target":{"@type":"EntryPoint","urlTemplate":"https:\/\/laprensacristiana.com\/?s={search_term_string}"},"query-input":"required name=search_term_string"}],"inLanguage":"es"},{"@type":"Person","@id":"https:\/\/laprensacristiana.com\/#\/schema\/person\/3e7d82c6bfd6b1fa67010f8f7cd5256e","name":"EDITOR","image":{"@type":"ImageObject","inLanguage":"es","@id":"https:\/\/laprensacristiana.com\/#\/schema\/person\/image\/","url":"https:\/\/secure.gravatar.com\/avatar\/72069dfb6c13772d9e8381e3638666d2?s=96&d=mm&r=g","contentUrl":"https:\/\/secure.gravatar.com\/avatar\/72069dfb6c13772d9e8381e3638666d2?s=96&d=mm&r=g","caption":"EDITOR"},"url":"https:\/\/laprensacristiana.com\/?author=3"}]}},"_links":{"self":[{"href":"https:\/\/laprensacristiana.com\/index.php?rest_route=\/wp\/v2\/posts\/5827"}],"collection":[{"href":"https:\/\/laprensacristiana.com\/index.php?rest_route=\/wp\/v2\/posts"}],"about":[{"href":"https:\/\/laprensacristiana.com\/index.php?rest_route=\/wp\/v2\/types\/post"}],"author":[{"embeddable":true,"href":"https:\/\/laprensacristiana.com\/index.php?rest_route=\/wp\/v2\/users\/3"}],"replies":[{"embeddable":true,"href":"https:\/\/laprensacristiana.com\/index.php?rest_route=%2Fwp%2Fv2%2Fcomments&post=5827"}],"version-history":[{"count":1,"href":"https:\/\/laprensacristiana.com\/index.php?rest_route=\/wp\/v2\/posts\/5827\/revisions"}],"predecessor-version":[{"id":5830,"href":"https:\/\/laprensacristiana.com\/index.php?rest_route=\/wp\/v2\/posts\/5827\/revisions\/5830"}],"wp:featuredmedia":[{"embeddable":true,"href":"https:\/\/laprensacristiana.com\/index.php?rest_route=\/wp\/v2\/media\/5829"}],"wp:attachment":[{"href":"https:\/\/laprensacristiana.com\/index.php?rest_route=%2Fwp%2Fv2%2Fmedia&parent=5827"}],"wp:term":[{"taxonomy":"category","embeddable":true,"href":"https:\/\/laprensacristiana.com\/index.php?rest_route=%2Fwp%2Fv2%2Fcategories&post=5827"},{"taxonomy":"post_tag","embeddable":true,"href":"https:\/\/laprensacristiana.com\/index.php?rest_route=%2Fwp%2Fv2%2Ftags&post=5827"}],"curies":[{"name":"wp","href":"https:\/\/api.w.org\/{rel}","templated":true}]}}