{"id":5839,"date":"2019-05-16T23:02:05","date_gmt":"2019-05-16T23:02:05","guid":{"rendered":"https:\/\/laprensacristiana.com\/?p=5839"},"modified":"2020-07-01T22:21:19","modified_gmt":"2020-07-01T22:21:19","slug":"entrevista-especial-pastor-david-scarpeta","status":"publish","type":"post","link":"https:\/\/laprensacristiana.com\/?p=5839","title":{"rendered":"Entrevista Especial: pastor David Scarpeta"},"content":{"rendered":"\n<p>David Scarpeta es pastor y salmista, dirige la\nIglesia Grace en Espa\u00f1ol en Houston, Estados Unidos. <\/p>\n\n\n\n<p>\u00bfCu\u00e1l es el motivo de su vista a El Salvador?<\/p>\n\n\n\n<p>Estamos en Ciudad Arce por primera vez (01 de mayo), tenemos una misi\u00f3n evangel\u00edstica y lo que esperamos es una noche de adoraci\u00f3n, especialmente as\u00ed se le llamado a esta actividad y hemos venido a compartir la palabra de Dios, a compartir nuestra adoraci\u00f3n, canciones que se han usado y un mensaje de esperanza para la gente para que se acerquen mas a Dios, ese es el prop\u00f3sito de nuestra visita al pa\u00eds.<\/p>\n\n\n\n<p>\u00bfC\u00f3mo mezcla la parte musical con la parte\npastoral?<\/p>\n\n\n\n<p>Es interesante porque, pienso que el Se\u00f1or en\nnuestro caso nos ha permitido tener los dos ministerios. La parte pastoral para\npoder formar a las personas, no solamente traer tiempo de ministraci\u00f3n musical,\n&nbsp;sino tambi\u00e9n para formar a la iglesia\ncon la palabra; con la iglesia que tenemos en Houston, formamos otras personas\ny en la m\u00fasica seguimos trabajando fuertemente en nuestro pr\u00f3ximo sencillo, que\nlo grabamos junto con la agrupaci\u00f3n que se llama Barak, y estamos agradecidos\ncon el Se\u00f1or por eso que nos ha dado.<\/p>\n\n\n\n<p>\u00bfCu\u00e1ndo sale su pr\u00f3ximo sencillo?<\/p>\n\n\n\n<p>Es un sencillo que se llama \u201cAlfa y Omega\u201d,\nsale a mediados de este a\u00f1o, en estos d\u00edas estaremos grabando un video clic en\nvivo con Barak y despu\u00e9s saldr\u00e1n otros sencillos y el \u00e1lbum completo.<\/p>\n\n\n\n<p>\u00bfC\u00f3mo hace para ordenar su agenda en cuanto\nministerio pastoral y alabanza?<\/p>\n\n\n\n<p>Primero, a trav\u00e9s de mi equipo que gracias a\nDios tenemos en la iglesia, el cual nos permite desarrollar el ministerio\nafuera, no vamos a todos los lados y quisi\u00e9ramos ir donde nos invitan siempre,\npero a veces no es posible y lo que hacemos es que durante la semana tratamos\nde movernos fuera del pa\u00eds, para poder estar los fines de semana en nuestra\niglesia.<\/p>\n\n\n\n<p>\u00bfC\u00f3mo ve usted a El Salvador?<\/p>\n\n\n\n<p>Yo veo que El Salvador est\u00e1 siendo re\nevangelizado, es un pa\u00eds completamente evangelizado, ya conoce de la palabra de\nDios, hay un gran porcentaje de evang\u00e9licos, aunque muchos van a las iglesias,\nha habido falta de transformaci\u00f3n y realmente yo pienso que este pa\u00eds necesita\nentrar en un nuevo tiempo donde se le abran las puertas , los brazos a la gente\nque a\u00fan no conoce de Jes\u00fas, creo que viene un tiempo muy bonito donde personas\nde la&nbsp; nueva generaci\u00f3n, j\u00f3venes, lleguen\na los pies de Jes\u00fas, y tengan una relaci\u00f3n personal con Dios.<\/p>\n\n\n\n<p>\u00bfQu\u00e9 palabras le dar\u00eda usted a esas personas\nque no conocen de Dios, pero hay una necesidad en su interior?<\/p>\n\n\n\n<p>Decirles que la necesidad mas importante no es\nel dinero, no es la aceptaci\u00f3n, no es un trabajo, un carro, una casa, la\nnecesidad m\u00e1s importante es llenar el vac\u00edo de nuestro coraz\u00f3n, es espiritual,\ny cuando partimos de ese hecho la \u00fanica persona que podr\u00eda llenar ese\nsentimiento se llama Jes\u00fas y cuando Jes\u00fas entra en la vida de alguien ese vac\u00edo\nse llena.<\/p>\n\n\n\n<p>\u00bfUsted tiene filiales o iglesias bajo cobertura?<\/p>\n\n\n\n<p>Nosotros tenemos solamente una iglesia en Houston que es Grace espa\u00f1ol, pero si tenemos una iglesia aqu\u00ed, en San Salvador, es la \u00fanica cobertura pr\u00e1cticamente, se llama Fraternidad Cristiana Emanuel (Pastores Silvia y Luis Cruz) y la raz\u00f3n por la cual no se hace con otras es porque es un alto grado de responsabilidad, no solo es de ponerle un nombre, eres t\u00fa que debes estar comprometido al 100% en nuestra iglesia, as\u00ed que digamos qu\u00e9 no es nuestra intenci\u00f3n ahorita hacerlo, sino que si Dios nos permite hacerlo, pero no est\u00e1 en nuestras prioridades.<\/p>\n\n\n\n<p>\u00bfHacia d\u00f3nde se dirige David Scarpeta? \u00bfCu\u00e1l es\nsu misi\u00f3n? <\/p>\n\n\n\n<p>Primero establecer una iglesia referente y\nmodelo en la Ciudad de Houston, que pueda ser bendici\u00f3n para las naciones y n\u00famero\ndos, entrar en un nuevo tiempo de ministerio de adoraci\u00f3n y alabanza, no\nsolamente nosotros, sino, empezando a levantar otros salmistas j\u00f3venes, que a\nla par nuestra caminen con nosotros y puedan traer un nuevo mover en las\nnaciones de la tierra.<\/p>\n\n\n\n<p>\u00bfC\u00f3mo trabajan con las nuevas generaciones en\nHouston?<\/p>\n\n\n\n<p>Lo primero que hacemos es que no los\nrechazamos, el problema es que hay muchas iglesias que rechazan a los j\u00f3venes\nque tal vez no visten como nosotros, no hablan como nosotros, no son como\nnosotros, pero ellos tienen una manera y pienso que este es un tiempo en el cual\ncreo que se necesita discipularlos a la manera correcta no solamente con\nreglas, pero discipularlos con esencia, ellos van a formar el mundo, la\nsociedad va cambiando. Hoy en d\u00eda por ejemplo ya la m\u00fasica no se escucha en\ndisco grande, es m\u00e1s, ni siquiera en un CD, las escuchamos por internet, pero\nel mensaje es el mismo, entonces a eso hay que estar abiertos. No podemos\nseguir en el tiempo del LP, sobre todo porque esta generaci\u00f3n no entienden eso,\npero hay discipularlos en este tiempo y que el mensaje sea Jes\u00fas. <\/p>\n\n\n\n<p>\u00bfC\u00f3mo es David\ncomo persona, fuera de lo ministerial?<\/p>\n\n\n\n<p>Soy colombiano, tengo 40 a\u00f1os, soy casado,\ntengo cuatro hijos, me gustan todos los deportes, especialmente el futbol, soy\nmusico, toco piano, guitarra, bater\u00eda, bajo\u2026 Me gusta disfrutar la vida; nac\u00ed\nen medio de m\u00fasicos, estudi\u00e9 m\u00fasica en la universidad, siempre mi entorno fue\nm\u00fasica cl\u00e1sica, pero escucho toda clase de m\u00fasica, la ranchera me cuesta un\npoquito.<\/p>\n\n\n\n<p>\u00bfCu\u00e1les\nserian sus palabras para la Iglesia Evang\u00e9lica Salvadore\u00f1a? <\/p>\n\n\n\n<p>Estamos en un nuevo tiempo, aprendamos a leer\nlos tiempos en que estamos, Jesucristo dijo \u201cNo se puede poner vino nuevo en\nodres viejos\u201d as\u00ed que mi mensaje para la iglesia es que pueda renovarse, no me\nrefiero solo a un estilo, o vestirse de tal manera o h\u00e1ganlo as\u00ed, sino\nrenovarse en el esp\u00edritu, mi mensaje es que es un tiempo de renuevo para poder\nestar listos para lo que el Se\u00f1or tiene.<\/p>\n","protected":false},"excerpt":{"rendered":"<p>David Scarpeta es pastor y salmista, dirige la Iglesia Grace en Espa\u00f1ol en Houston, Estados Unidos. \u00bfCu\u00e1l es el motivo de su vista a El Salvador? Estamos en Ciudad Arce por primera vez (01 de mayo), tenemos una misi\u00f3n evangel\u00edstica y lo que esperamos es una noche de adoraci\u00f3n, especialmente as\u00ed se le llamado a [&hellip;]<\/p>\n","protected":false},"author":3,"featured_media":5841,"comment_status":"open","ping_status":"open","sticky":false,"template":"","format":"standard","meta":[],"categories":[103],"tags":[],"yoast_head":"<!-- This site is optimized with the Yoast SEO plugin v20.8 - https:\/\/yoast.com\/wordpress\/plugins\/seo\/ -->\n<title>Entrevista Especial: pastor David Scarpeta - La Prensa Cristiana<\/title>\n<meta name=\"robots\" content=\"index, follow, max-snippet:-1, max-image-preview:large, max-video-preview:-1\" \/>\n<link rel=\"canonical\" href=\"https:\/\/laprensacristiana.com\/?p=5839\" \/>\n<meta property=\"og:locale\" content=\"es_ES\" \/>\n<meta property=\"og:type\" content=\"article\" \/>\n<meta property=\"og:title\" content=\"Entrevista Especial: pastor David Scarpeta - La Prensa Cristiana\" \/>\n<meta property=\"og:description\" content=\"David Scarpeta es pastor y salmista, dirige la Iglesia Grace en Espa\u00f1ol en Houston, Estados Unidos. \u00bfCu\u00e1l es el motivo de su vista a El Salvador? Estamos en Ciudad Arce por primera vez (01 de mayo), tenemos una misi\u00f3n evangel\u00edstica y lo que esperamos es una noche de adoraci\u00f3n, especialmente as\u00ed se le llamado a [&hellip;]\" \/>\n<meta property=\"og:url\" content=\"https:\/\/laprensacristiana.com\/?p=5839\" \/>\n<meta property=\"og:site_name\" content=\"La Prensa Cristiana\" \/>\n<meta property=\"article:published_time\" content=\"2019-05-16T23:02:05+00:00\" \/>\n<meta property=\"article:modified_time\" content=\"2020-07-01T22:21:19+00:00\" \/>\n<meta property=\"og:image\" content=\"https:\/\/laprensacristiana.com\/wp-content\/uploads\/2019\/05\/WhatsApp-Image-2019-05-14-at-10.54.44-AM.jpeg\" \/>\n\t<meta property=\"og:image:width\" content=\"1171\" \/>\n\t<meta property=\"og:image:height\" content=\"568\" \/>\n\t<meta property=\"og:image:type\" content=\"image\/jpeg\" \/>\n<meta name=\"author\" content=\"EDITOR\" \/>\n<meta name=\"twitter:card\" content=\"summary_large_image\" \/>\n<meta name=\"twitter:label1\" content=\"Escrito por\" \/>\n\t<meta name=\"twitter:data1\" content=\"EDITOR\" \/>\n\t<meta name=\"twitter:label2\" content=\"Tiempo de lectura\" \/>\n\t<meta name=\"twitter:data2\" content=\"5 minutos\" \/>\n<script type=\"application\/ld+json\" class=\"yoast-schema-graph\">{\"@context\":\"https:\/\/schema.org\",\"@graph\":[{\"@type\":\"WebPage\",\"@id\":\"https:\/\/laprensacristiana.com\/?p=5839\",\"url\":\"https:\/\/laprensacristiana.com\/?p=5839\",\"name\":\"Entrevista Especial: pastor David Scarpeta - La Prensa Cristiana\",\"isPartOf\":{\"@id\":\"https:\/\/laprensacristiana.com\/#website\"},\"datePublished\":\"2019-05-16T23:02:05+00:00\",\"dateModified\":\"2020-07-01T22:21:19+00:00\",\"author\":{\"@id\":\"https:\/\/laprensacristiana.com\/#\/schema\/person\/3e7d82c6bfd6b1fa67010f8f7cd5256e\"},\"breadcrumb\":{\"@id\":\"https:\/\/laprensacristiana.com\/?p=5839#breadcrumb\"},\"inLanguage\":\"es\",\"potentialAction\":[{\"@type\":\"ReadAction\",\"target\":[\"https:\/\/laprensacristiana.com\/?p=5839\"]}]},{\"@type\":\"BreadcrumbList\",\"@id\":\"https:\/\/laprensacristiana.com\/?p=5839#breadcrumb\",\"itemListElement\":[{\"@type\":\"ListItem\",\"position\":1,\"name\":\"Portada\",\"item\":\"https:\/\/laprensacristiana.com\/\"},{\"@type\":\"ListItem\",\"position\":2,\"name\":\"Entrevista Especial: pastor David Scarpeta\"}]},{\"@type\":\"WebSite\",\"@id\":\"https:\/\/laprensacristiana.com\/#website\",\"url\":\"https:\/\/laprensacristiana.com\/\",\"name\":\"La Prensa Cristiana\",\"description\":\"Anunciando Las Buenas Nuevas\",\"potentialAction\":[{\"@type\":\"SearchAction\",\"target\":{\"@type\":\"EntryPoint\",\"urlTemplate\":\"https:\/\/laprensacristiana.com\/?s={search_term_string}\"},\"query-input\":\"required name=search_term_string\"}],\"inLanguage\":\"es\"},{\"@type\":\"Person\",\"@id\":\"https:\/\/laprensacristiana.com\/#\/schema\/person\/3e7d82c6bfd6b1fa67010f8f7cd5256e\",\"name\":\"EDITOR\",\"image\":{\"@type\":\"ImageObject\",\"inLanguage\":\"es\",\"@id\":\"https:\/\/laprensacristiana.com\/#\/schema\/person\/image\/\",\"url\":\"https:\/\/secure.gravatar.com\/avatar\/72069dfb6c13772d9e8381e3638666d2?s=96&d=mm&r=g\",\"contentUrl\":\"https:\/\/secure.gravatar.com\/avatar\/72069dfb6c13772d9e8381e3638666d2?s=96&d=mm&r=g\",\"caption\":\"EDITOR\"},\"url\":\"https:\/\/laprensacristiana.com\/?author=3\"}]}<\/script>\n<!-- \/ Yoast SEO plugin. -->","yoast_head_json":{"title":"Entrevista Especial: pastor David Scarpeta - La Prensa Cristiana","robots":{"index":"index","follow":"follow","max-snippet":"max-snippet:-1","max-image-preview":"max-image-preview:large","max-video-preview":"max-video-preview:-1"},"canonical":"https:\/\/laprensacristiana.com\/?p=5839","og_locale":"es_ES","og_type":"article","og_title":"Entrevista Especial: pastor David Scarpeta - La Prensa Cristiana","og_description":"David Scarpeta es pastor y salmista, dirige la Iglesia Grace en Espa\u00f1ol en Houston, Estados Unidos. \u00bfCu\u00e1l es el motivo de su vista a El Salvador? Estamos en Ciudad Arce por primera vez (01 de mayo), tenemos una misi\u00f3n evangel\u00edstica y lo que esperamos es una noche de adoraci\u00f3n, especialmente as\u00ed se le llamado a [&hellip;]","og_url":"https:\/\/laprensacristiana.com\/?p=5839","og_site_name":"La Prensa Cristiana","article_published_time":"2019-05-16T23:02:05+00:00","article_modified_time":"2020-07-01T22:21:19+00:00","og_image":[{"width":1171,"height":568,"url":"https:\/\/laprensacristiana.com\/wp-content\/uploads\/2019\/05\/WhatsApp-Image-2019-05-14-at-10.54.44-AM.jpeg","type":"image\/jpeg"}],"author":"EDITOR","twitter_card":"summary_large_image","twitter_misc":{"Escrito por":"EDITOR","Tiempo de lectura":"5 minutos"},"schema":{"@context":"https:\/\/schema.org","@graph":[{"@type":"WebPage","@id":"https:\/\/laprensacristiana.com\/?p=5839","url":"https:\/\/laprensacristiana.com\/?p=5839","name":"Entrevista Especial: pastor David Scarpeta - La Prensa Cristiana","isPartOf":{"@id":"https:\/\/laprensacristiana.com\/#website"},"datePublished":"2019-05-16T23:02:05+00:00","dateModified":"2020-07-01T22:21:19+00:00","author":{"@id":"https:\/\/laprensacristiana.com\/#\/schema\/person\/3e7d82c6bfd6b1fa67010f8f7cd5256e"},"breadcrumb":{"@id":"https:\/\/laprensacristiana.com\/?p=5839#breadcrumb"},"inLanguage":"es","potentialAction":[{"@type":"ReadAction","target":["https:\/\/laprensacristiana.com\/?p=5839"]}]},{"@type":"BreadcrumbList","@id":"https:\/\/laprensacristiana.com\/?p=5839#breadcrumb","itemListElement":[{"@type":"ListItem","position":1,"name":"Portada","item":"https:\/\/laprensacristiana.com\/"},{"@type":"ListItem","position":2,"name":"Entrevista Especial: pastor David Scarpeta"}]},{"@type":"WebSite","@id":"https:\/\/laprensacristiana.com\/#website","url":"https:\/\/laprensacristiana.com\/","name":"La Prensa Cristiana","description":"Anunciando Las Buenas Nuevas","potentialAction":[{"@type":"SearchAction","target":{"@type":"EntryPoint","urlTemplate":"https:\/\/laprensacristiana.com\/?s={search_term_string}"},"query-input":"required name=search_term_string"}],"inLanguage":"es"},{"@type":"Person","@id":"https:\/\/laprensacristiana.com\/#\/schema\/person\/3e7d82c6bfd6b1fa67010f8f7cd5256e","name":"EDITOR","image":{"@type":"ImageObject","inLanguage":"es","@id":"https:\/\/laprensacristiana.com\/#\/schema\/person\/image\/","url":"https:\/\/secure.gravatar.com\/avatar\/72069dfb6c13772d9e8381e3638666d2?s=96&d=mm&r=g","contentUrl":"https:\/\/secure.gravatar.com\/avatar\/72069dfb6c13772d9e8381e3638666d2?s=96&d=mm&r=g","caption":"EDITOR"},"url":"https:\/\/laprensacristiana.com\/?author=3"}]}},"_links":{"self":[{"href":"https:\/\/laprensacristiana.com\/index.php?rest_route=\/wp\/v2\/posts\/5839"}],"collection":[{"href":"https:\/\/laprensacristiana.com\/index.php?rest_route=\/wp\/v2\/posts"}],"about":[{"href":"https:\/\/laprensacristiana.com\/index.php?rest_route=\/wp\/v2\/types\/post"}],"author":[{"embeddable":true,"href":"https:\/\/laprensacristiana.com\/index.php?rest_route=\/wp\/v2\/users\/3"}],"replies":[{"embeddable":true,"href":"https:\/\/laprensacristiana.com\/index.php?rest_route=%2Fwp%2Fv2%2Fcomments&post=5839"}],"version-history":[{"count":5,"href":"https:\/\/laprensacristiana.com\/index.php?rest_route=\/wp\/v2\/posts\/5839\/revisions"}],"predecessor-version":[{"id":5845,"href":"https:\/\/laprensacristiana.com\/index.php?rest_route=\/wp\/v2\/posts\/5839\/revisions\/5845"}],"wp:featuredmedia":[{"embeddable":true,"href":"https:\/\/laprensacristiana.com\/index.php?rest_route=\/wp\/v2\/media\/5841"}],"wp:attachment":[{"href":"https:\/\/laprensacristiana.com\/index.php?rest_route=%2Fwp%2Fv2%2Fmedia&parent=5839"}],"wp:term":[{"taxonomy":"category","embeddable":true,"href":"https:\/\/laprensacristiana.com\/index.php?rest_route=%2Fwp%2Fv2%2Fcategories&post=5839"},{"taxonomy":"post_tag","embeddable":true,"href":"https:\/\/laprensacristiana.com\/index.php?rest_route=%2Fwp%2Fv2%2Ftags&post=5839"}],"curies":[{"name":"wp","href":"https:\/\/api.w.org\/{rel}","templated":true}]}}