{"id":5852,"date":"2019-05-17T16:19:37","date_gmt":"2019-05-17T16:19:37","guid":{"rendered":"https:\/\/laprensacristiana.com\/?p=5852"},"modified":"2019-05-17T16:19:40","modified_gmt":"2019-05-17T16:19:40","slug":"disciplina-positiva-una-propuesta-para-erradicar-el-castigo-fisico","status":"publish","type":"post","link":"https:\/\/laprensacristiana.com\/?p=5852","title":{"rendered":"\u201cDisciplina positiva\u201d  una propuesta para erradicar el castigo f\u00edsico."},"content":{"rendered":"\n<p>El pasado mes de abril se celebr\u00f3 \u201cel d\u00eda internacional de la lucha contra el maltrato infantil\u201d, \u00a0diferentes instituciones que trabajan en pro de la ni\u00f1ez presentaron su posici\u00f3n sobre la prohibici\u00f3n del castigo f\u00edsico y el trato humillante hacia la ni\u00f1ez salvadore\u00f1a. <\/p>\n\n\n\n<p>Presentando su solicitud a la Asamblea Legislativa a\nreformar el Art\u00edculo 38 de LEPINA y el articulo 215 del c\u00f3digo de familia, para\nprohibir expresamente el castigo f\u00edsico y humillante. Tambi\u00e9n hicieron un\nllamado al pr\u00f3ximo Presidente de la rep\u00fablica para aprovechar la agenda 2030 y\ntomar en cuenta el objetivo 16.2 \u201cPoner fin al maltrato, la explotaci\u00f3n, la\ntrata, la tortura y todas las formas de violencia contra los ni\u00f1os\u201d trabajando\na trav\u00e9s de sensibilizaci\u00f3n y educaci\u00f3n.<\/p>\n\n\n\n<p>Por lo que se llev\u00f3 a cabo un conversatorio&nbsp; el pasado 7 mayo, con el&nbsp; comit\u00e9 para la Prohibici\u00f3n del Castigo F\u00edsico\ny Trato Humillante nombrado: \u201cCastigo F\u00edsico y Humillante: Una Dimensi\u00f3n de la\nViolencia contra la Ni\u00f1ez y Adolescencia\u201d, dirigido a diferentes sectores de la\nsociedad.<\/p>\n\n\n\n<p>El conversatorio cont\u00f3 con la participaci\u00f3n de especialistas\nque hablaron de las consecuencias de la violencia f\u00edsica y psicol\u00f3gica en la\nni\u00f1ez, entre los cuales se encontraba el Pastor Mario Vega de Misi\u00f3n Cristiana\nElim El Salvador el pastor dio su opini\u00f3n acerca del \u201cCastigo f\u00edsico y La\nBiblia\u201d<\/p>\n\n\n\n<p>\u00abJes\u00fas no recomienda la violencia sino regula las\nexpresiones excesivas de violencia\u00bb expres\u00f3 en su intervenci\u00f3n el Pastor\nMario Vega. <\/p>\n\n\n\n<p>En Septiembre del a\u00f1o 2017, el pastor Mario Vega fue\nnombrado \u201cEmbajador de la ni\u00f1ez salvadore\u00f1a\u201d por World Vision El Salvador,\ndebido a su trayectoria y trabajo en Misi\u00f3n Cristiana Elim en pro de los ni\u00f1os,\nj\u00f3venes por un futuro mejor. <\/p>\n\n\n\n<p>El Doctor Luis Castaneda Presidente de La Asociaci\u00f3n de Pediatr\u00eda\nde El Salvador tambi\u00e9n participo de este conversatorio y expres\u00f3: <\/p>\n\n\n\n<p>\u00abNo se quiere limitar a los padres sino expandir sus opciones\nde guiar a los ni\u00f1os\u00bb <\/p>\n\n\n\n<p>La directora nacional de World Vision El Salvador Licda. Laura\ndel Valle coment\u00f3:<\/p>\n\n\n\n<p><em>\u00abA trav\u00e9s del\namor, la crianza con ternura, promovemos espacios seguros y de oportunidades\npara la ni\u00f1ez, creemos en una nueva base social libre de violencia\u00bb<\/em><\/p>\n\n\n\n<p><em>Este comit\u00e9 est\u00e1\ntrabando en la propuesta de \u201cDisciplina Positiva\u201d, con el fin de capacitar a\ntodos aquellos que tengan contacto con la ni\u00f1ez y as\u00ed erradicar el maltrato f\u00edsico\ny humillante. <\/em><\/p>\n","protected":false},"excerpt":{"rendered":"<p>El pasado mes de abril se celebr\u00f3 \u201cel d\u00eda internacional de la lucha contra el maltrato infantil\u201d, \u00a0diferentes instituciones que trabajan en pro de la ni\u00f1ez presentaron su posici\u00f3n sobre la prohibici\u00f3n del castigo f\u00edsico y el trato humillante hacia la ni\u00f1ez salvadore\u00f1a. Presentando su solicitud a la Asamblea Legislativa a reformar el Art\u00edculo 38 [&hellip;]<\/p>\n","protected":false},"author":3,"featured_media":5853,"comment_status":"open","ping_status":"open","sticky":false,"template":"","format":"standard","meta":[],"categories":[56],"tags":[],"yoast_head":"<!-- This site is optimized with the Yoast SEO plugin v20.8 - https:\/\/yoast.com\/wordpress\/plugins\/seo\/ -->\n<title>\u201cDisciplina positiva\u201d una propuesta para erradicar el castigo f\u00edsico. - La Prensa Cristiana<\/title>\n<meta name=\"robots\" content=\"index, follow, max-snippet:-1, max-image-preview:large, max-video-preview:-1\" \/>\n<link rel=\"canonical\" href=\"https:\/\/laprensacristiana.com\/?p=5852\" \/>\n<meta property=\"og:locale\" content=\"es_ES\" \/>\n<meta property=\"og:type\" content=\"article\" \/>\n<meta property=\"og:title\" content=\"\u201cDisciplina positiva\u201d una propuesta para erradicar el castigo f\u00edsico. - La Prensa Cristiana\" \/>\n<meta property=\"og:description\" content=\"El pasado mes de abril se celebr\u00f3 \u201cel d\u00eda internacional de la lucha contra el maltrato infantil\u201d, \u00a0diferentes instituciones que trabajan en pro de la ni\u00f1ez presentaron su posici\u00f3n sobre la prohibici\u00f3n del castigo f\u00edsico y el trato humillante hacia la ni\u00f1ez salvadore\u00f1a. Presentando su solicitud a la Asamblea Legislativa a reformar el Art\u00edculo 38 [&hellip;]\" \/>\n<meta property=\"og:url\" content=\"https:\/\/laprensacristiana.com\/?p=5852\" \/>\n<meta property=\"og:site_name\" content=\"La Prensa Cristiana\" \/>\n<meta property=\"article:published_time\" content=\"2019-05-17T16:19:37+00:00\" \/>\n<meta property=\"article:modified_time\" content=\"2019-05-17T16:19:40+00:00\" \/>\n<meta property=\"og:image\" content=\"https:\/\/laprensacristiana.com\/wp-content\/uploads\/2019\/05\/Pastor-Mario-Vega1.jpg\" \/>\n\t<meta property=\"og:image:width\" content=\"722\" \/>\n\t<meta property=\"og:image:height\" content=\"408\" \/>\n\t<meta property=\"og:image:type\" content=\"image\/jpeg\" \/>\n<meta name=\"author\" content=\"EDITOR\" \/>\n<meta name=\"twitter:card\" content=\"summary_large_image\" \/>\n<meta name=\"twitter:label1\" content=\"Escrito por\" \/>\n\t<meta name=\"twitter:data1\" content=\"EDITOR\" \/>\n\t<meta name=\"twitter:label2\" content=\"Tiempo de lectura\" \/>\n\t<meta name=\"twitter:data2\" content=\"2 minutos\" \/>\n<script type=\"application\/ld+json\" class=\"yoast-schema-graph\">{\"@context\":\"https:\/\/schema.org\",\"@graph\":[{\"@type\":\"WebPage\",\"@id\":\"https:\/\/laprensacristiana.com\/?p=5852\",\"url\":\"https:\/\/laprensacristiana.com\/?p=5852\",\"name\":\"\u201cDisciplina positiva\u201d una propuesta para erradicar el castigo f\u00edsico. - La Prensa Cristiana\",\"isPartOf\":{\"@id\":\"https:\/\/laprensacristiana.com\/#website\"},\"datePublished\":\"2019-05-17T16:19:37+00:00\",\"dateModified\":\"2019-05-17T16:19:40+00:00\",\"author\":{\"@id\":\"https:\/\/laprensacristiana.com\/#\/schema\/person\/3e7d82c6bfd6b1fa67010f8f7cd5256e\"},\"breadcrumb\":{\"@id\":\"https:\/\/laprensacristiana.com\/?p=5852#breadcrumb\"},\"inLanguage\":\"es\",\"potentialAction\":[{\"@type\":\"ReadAction\",\"target\":[\"https:\/\/laprensacristiana.com\/?p=5852\"]}]},{\"@type\":\"BreadcrumbList\",\"@id\":\"https:\/\/laprensacristiana.com\/?p=5852#breadcrumb\",\"itemListElement\":[{\"@type\":\"ListItem\",\"position\":1,\"name\":\"Portada\",\"item\":\"https:\/\/laprensacristiana.com\/\"},{\"@type\":\"ListItem\",\"position\":2,\"name\":\"\u201cDisciplina positiva\u201d una propuesta para erradicar el castigo f\u00edsico.\"}]},{\"@type\":\"WebSite\",\"@id\":\"https:\/\/laprensacristiana.com\/#website\",\"url\":\"https:\/\/laprensacristiana.com\/\",\"name\":\"La Prensa Cristiana\",\"description\":\"Anunciando Las Buenas Nuevas\",\"potentialAction\":[{\"@type\":\"SearchAction\",\"target\":{\"@type\":\"EntryPoint\",\"urlTemplate\":\"https:\/\/laprensacristiana.com\/?s={search_term_string}\"},\"query-input\":\"required name=search_term_string\"}],\"inLanguage\":\"es\"},{\"@type\":\"Person\",\"@id\":\"https:\/\/laprensacristiana.com\/#\/schema\/person\/3e7d82c6bfd6b1fa67010f8f7cd5256e\",\"name\":\"EDITOR\",\"image\":{\"@type\":\"ImageObject\",\"inLanguage\":\"es\",\"@id\":\"https:\/\/laprensacristiana.com\/#\/schema\/person\/image\/\",\"url\":\"https:\/\/secure.gravatar.com\/avatar\/72069dfb6c13772d9e8381e3638666d2?s=96&d=mm&r=g\",\"contentUrl\":\"https:\/\/secure.gravatar.com\/avatar\/72069dfb6c13772d9e8381e3638666d2?s=96&d=mm&r=g\",\"caption\":\"EDITOR\"},\"url\":\"https:\/\/laprensacristiana.com\/?author=3\"}]}<\/script>\n<!-- \/ Yoast SEO plugin. -->","yoast_head_json":{"title":"\u201cDisciplina positiva\u201d una propuesta para erradicar el castigo f\u00edsico. - La Prensa Cristiana","robots":{"index":"index","follow":"follow","max-snippet":"max-snippet:-1","max-image-preview":"max-image-preview:large","max-video-preview":"max-video-preview:-1"},"canonical":"https:\/\/laprensacristiana.com\/?p=5852","og_locale":"es_ES","og_type":"article","og_title":"\u201cDisciplina positiva\u201d una propuesta para erradicar el castigo f\u00edsico. - La Prensa Cristiana","og_description":"El pasado mes de abril se celebr\u00f3 \u201cel d\u00eda internacional de la lucha contra el maltrato infantil\u201d, \u00a0diferentes instituciones que trabajan en pro de la ni\u00f1ez presentaron su posici\u00f3n sobre la prohibici\u00f3n del castigo f\u00edsico y el trato humillante hacia la ni\u00f1ez salvadore\u00f1a. Presentando su solicitud a la Asamblea Legislativa a reformar el Art\u00edculo 38 [&hellip;]","og_url":"https:\/\/laprensacristiana.com\/?p=5852","og_site_name":"La Prensa Cristiana","article_published_time":"2019-05-17T16:19:37+00:00","article_modified_time":"2019-05-17T16:19:40+00:00","og_image":[{"width":722,"height":408,"url":"https:\/\/laprensacristiana.com\/wp-content\/uploads\/2019\/05\/Pastor-Mario-Vega1.jpg","type":"image\/jpeg"}],"author":"EDITOR","twitter_card":"summary_large_image","twitter_misc":{"Escrito por":"EDITOR","Tiempo de lectura":"2 minutos"},"schema":{"@context":"https:\/\/schema.org","@graph":[{"@type":"WebPage","@id":"https:\/\/laprensacristiana.com\/?p=5852","url":"https:\/\/laprensacristiana.com\/?p=5852","name":"\u201cDisciplina positiva\u201d una propuesta para erradicar el castigo f\u00edsico. - La Prensa Cristiana","isPartOf":{"@id":"https:\/\/laprensacristiana.com\/#website"},"datePublished":"2019-05-17T16:19:37+00:00","dateModified":"2019-05-17T16:19:40+00:00","author":{"@id":"https:\/\/laprensacristiana.com\/#\/schema\/person\/3e7d82c6bfd6b1fa67010f8f7cd5256e"},"breadcrumb":{"@id":"https:\/\/laprensacristiana.com\/?p=5852#breadcrumb"},"inLanguage":"es","potentialAction":[{"@type":"ReadAction","target":["https:\/\/laprensacristiana.com\/?p=5852"]}]},{"@type":"BreadcrumbList","@id":"https:\/\/laprensacristiana.com\/?p=5852#breadcrumb","itemListElement":[{"@type":"ListItem","position":1,"name":"Portada","item":"https:\/\/laprensacristiana.com\/"},{"@type":"ListItem","position":2,"name":"\u201cDisciplina positiva\u201d una propuesta para erradicar el castigo f\u00edsico."}]},{"@type":"WebSite","@id":"https:\/\/laprensacristiana.com\/#website","url":"https:\/\/laprensacristiana.com\/","name":"La Prensa Cristiana","description":"Anunciando Las Buenas Nuevas","potentialAction":[{"@type":"SearchAction","target":{"@type":"EntryPoint","urlTemplate":"https:\/\/laprensacristiana.com\/?s={search_term_string}"},"query-input":"required name=search_term_string"}],"inLanguage":"es"},{"@type":"Person","@id":"https:\/\/laprensacristiana.com\/#\/schema\/person\/3e7d82c6bfd6b1fa67010f8f7cd5256e","name":"EDITOR","image":{"@type":"ImageObject","inLanguage":"es","@id":"https:\/\/laprensacristiana.com\/#\/schema\/person\/image\/","url":"https:\/\/secure.gravatar.com\/avatar\/72069dfb6c13772d9e8381e3638666d2?s=96&d=mm&r=g","contentUrl":"https:\/\/secure.gravatar.com\/avatar\/72069dfb6c13772d9e8381e3638666d2?s=96&d=mm&r=g","caption":"EDITOR"},"url":"https:\/\/laprensacristiana.com\/?author=3"}]}},"_links":{"self":[{"href":"https:\/\/laprensacristiana.com\/index.php?rest_route=\/wp\/v2\/posts\/5852"}],"collection":[{"href":"https:\/\/laprensacristiana.com\/index.php?rest_route=\/wp\/v2\/posts"}],"about":[{"href":"https:\/\/laprensacristiana.com\/index.php?rest_route=\/wp\/v2\/types\/post"}],"author":[{"embeddable":true,"href":"https:\/\/laprensacristiana.com\/index.php?rest_route=\/wp\/v2\/users\/3"}],"replies":[{"embeddable":true,"href":"https:\/\/laprensacristiana.com\/index.php?rest_route=%2Fwp%2Fv2%2Fcomments&post=5852"}],"version-history":[{"count":1,"href":"https:\/\/laprensacristiana.com\/index.php?rest_route=\/wp\/v2\/posts\/5852\/revisions"}],"predecessor-version":[{"id":5854,"href":"https:\/\/laprensacristiana.com\/index.php?rest_route=\/wp\/v2\/posts\/5852\/revisions\/5854"}],"wp:featuredmedia":[{"embeddable":true,"href":"https:\/\/laprensacristiana.com\/index.php?rest_route=\/wp\/v2\/media\/5853"}],"wp:attachment":[{"href":"https:\/\/laprensacristiana.com\/index.php?rest_route=%2Fwp%2Fv2%2Fmedia&parent=5852"}],"wp:term":[{"taxonomy":"category","embeddable":true,"href":"https:\/\/laprensacristiana.com\/index.php?rest_route=%2Fwp%2Fv2%2Fcategories&post=5852"},{"taxonomy":"post_tag","embeddable":true,"href":"https:\/\/laprensacristiana.com\/index.php?rest_route=%2Fwp%2Fv2%2Ftags&post=5852"}],"curies":[{"name":"wp","href":"https:\/\/api.w.org\/{rel}","templated":true}]}}