{"id":5877,"date":"2019-05-22T18:55:19","date_gmt":"2019-05-22T18:55:19","guid":{"rendered":"https:\/\/laprensacristiana.com\/?p=5877"},"modified":"2019-05-22T18:55:23","modified_gmt":"2019-05-22T18:55:23","slug":"celebran-congreso-corazones-de-fuego-con-una-fe-sin-limites","status":"publish","type":"post","link":"https:\/\/laprensacristiana.com\/?p=5877","title":{"rendered":"Celebran Congreso Corazones de Fuego con una fe sin limites"},"content":{"rendered":"\n<p>Cientos de j\u00f3venes dijeron presente al quinto congreso\nCorazones de Fuego (CDF). Lo principal fue exaltar el nombre de Jes\u00fas.<\/p>\n\n\n\n<p>Cada dos a\u00f1os la juventud de la Iglesia Monte Carmelo\ncelebran el congreso Corazones de fuego, para exaltar y mostrar el prop\u00f3sito\nque Dios tiene en la vida del ser humano. Dicho congreso se realiz\u00f3 el pasado\ns\u00e1bado 18 de mayo.<\/p>\n\n\n\n<p>Al lugar se hicieron presente diferentes invitados como\nPastora Kelly de Mej\u00eda, Josu\u00e9 \u00c1ngel Alonzo misionero en \u00c1frica, los salmistas\nNah\u00fan Arce y Ricardo Quinteros, y el Fundador y ministro de CDF, Pastor Daniel\nPaname\u00f1o.<\/p>\n\n\n\n<p>\u201cEste congreso ha representado un reto en el tiempo, el\nsostener un movimiento por ocho a\u00f1os, un congreso que se hace cada dos a\u00f1os,\npero, la satisfacci\u00f3n de hoy en d\u00eda es los cientos de j\u00f3venes que se\ncongregaron y la impartici\u00f3n que tuvimos del Se\u00f1or a trav\u00e9s de la palabra que\nhubo de parte de los hermanos que nos bendijeron. Agradezco al se\u00f1or la\noportunidad que nos dio, porque el esfuerzo que se ha hecho, vali\u00f3 la pena\u201d.\nDijo el Pastor Daniel Paname\u00f1o.<\/p>\n\n\n\n<p>Para el fundador, es claro el mensaje que el congreso dej\u00f3\nes tener una fe sin limites, ya que instan a no tener una fe cobarde sino a ser\natrevidos por compartir uno de los tesoros mas valiosos de Dios hacia el ser\nhumano.<\/p>\n\n\n\n<p>El salmista Abraham Reyes expresa que \u201cEs un tiempo para que\nse levanten hombres salmistas, pastores que llamen a la juventud a la santidad\ny a la pureza\u201d, reiterando su apoyo al pastor Daniel a quien dijo reconocer\ncomo un buen amigo, asegurando que se sent\u00eda alegre por los resultados del\ncongreso.<\/p>\n\n\n\n<p>\u201cDios prof\u00e9ticamente nos trajo hacia ac\u00e1, para desatar un\nfuego de santidad y pureza, para los j\u00f3venes que por el Esp\u00edritu pudimos\ndiscernir que estaban en diferentes luchas y sobre todo con agradar Dios en lo\nsecreto. Pienso que en el congreso, el nombre fe sin l\u00edmites es algo que en\nesta ma\u00f1ana hemos notado, el rompimiento en estructuras mentales de la gente,\nen cosas que uno no cree en lo humano pero que el Esp\u00edritu Santo hace con su\npoder, no nosotros, solo somos vasos. Yo no sabia que iba a hacer el Se\u00f1or, me\nsorprendi\u00f3 totalmente y me siento contento ministrado y de haber participado en\neste evento, gran evento de j\u00f3venes\u201d. Concluy\u00f3 el pastor y salmista Ricardo\nQuinteros<\/p>\n","protected":false},"excerpt":{"rendered":"<p>Cientos de j\u00f3venes dijeron presente al quinto congreso Corazones de Fuego (CDF). Lo principal fue exaltar el nombre de Jes\u00fas. Cada dos a\u00f1os la juventud de la Iglesia Monte Carmelo celebran el congreso Corazones de fuego, para exaltar y mostrar el prop\u00f3sito que Dios tiene en la vida del ser humano. Dicho congreso se realiz\u00f3 [&hellip;]<\/p>\n","protected":false},"author":3,"featured_media":5879,"comment_status":"open","ping_status":"open","sticky":false,"template":"","format":"standard","meta":[],"categories":[56],"tags":[],"yoast_head":"<!-- This site is optimized with the Yoast SEO plugin v20.8 - https:\/\/yoast.com\/wordpress\/plugins\/seo\/ -->\n<title>Celebran Congreso Corazones de Fuego con una fe sin limites - La Prensa Cristiana<\/title>\n<meta name=\"robots\" content=\"index, follow, max-snippet:-1, max-image-preview:large, max-video-preview:-1\" \/>\n<link rel=\"canonical\" href=\"https:\/\/laprensacristiana.com\/?p=5877\" \/>\n<meta property=\"og:locale\" content=\"es_ES\" \/>\n<meta property=\"og:type\" content=\"article\" \/>\n<meta property=\"og:title\" content=\"Celebran Congreso Corazones de Fuego con una fe sin limites - La Prensa Cristiana\" \/>\n<meta property=\"og:description\" content=\"Cientos de j\u00f3venes dijeron presente al quinto congreso Corazones de Fuego (CDF). Lo principal fue exaltar el nombre de Jes\u00fas. Cada dos a\u00f1os la juventud de la Iglesia Monte Carmelo celebran el congreso Corazones de fuego, para exaltar y mostrar el prop\u00f3sito que Dios tiene en la vida del ser humano. Dicho congreso se realiz\u00f3 [&hellip;]\" \/>\n<meta property=\"og:url\" content=\"https:\/\/laprensacristiana.com\/?p=5877\" \/>\n<meta property=\"og:site_name\" content=\"La Prensa Cristiana\" \/>\n<meta property=\"article:published_time\" content=\"2019-05-22T18:55:19+00:00\" \/>\n<meta property=\"article:modified_time\" content=\"2019-05-22T18:55:23+00:00\" \/>\n<meta property=\"og:image\" content=\"https:\/\/laprensacristiana.com\/wp-content\/uploads\/2019\/05\/WhatsApp-Image-2019-05-22-at-12.47.35-PM.jpeg\" \/>\n\t<meta property=\"og:image:width\" content=\"720\" \/>\n\t<meta property=\"og:image:height\" content=\"376\" \/>\n\t<meta property=\"og:image:type\" content=\"image\/jpeg\" \/>\n<meta name=\"author\" content=\"EDITOR\" \/>\n<meta name=\"twitter:card\" content=\"summary_large_image\" \/>\n<meta name=\"twitter:label1\" content=\"Escrito por\" \/>\n\t<meta name=\"twitter:data1\" content=\"EDITOR\" \/>\n\t<meta name=\"twitter:label2\" content=\"Tiempo de lectura\" \/>\n\t<meta name=\"twitter:data2\" content=\"2 minutos\" \/>\n<script type=\"application\/ld+json\" class=\"yoast-schema-graph\">{\"@context\":\"https:\/\/schema.org\",\"@graph\":[{\"@type\":\"WebPage\",\"@id\":\"https:\/\/laprensacristiana.com\/?p=5877\",\"url\":\"https:\/\/laprensacristiana.com\/?p=5877\",\"name\":\"Celebran Congreso Corazones de Fuego con una fe sin limites - La Prensa Cristiana\",\"isPartOf\":{\"@id\":\"https:\/\/laprensacristiana.com\/#website\"},\"datePublished\":\"2019-05-22T18:55:19+00:00\",\"dateModified\":\"2019-05-22T18:55:23+00:00\",\"author\":{\"@id\":\"https:\/\/laprensacristiana.com\/#\/schema\/person\/3e7d82c6bfd6b1fa67010f8f7cd5256e\"},\"breadcrumb\":{\"@id\":\"https:\/\/laprensacristiana.com\/?p=5877#breadcrumb\"},\"inLanguage\":\"es\",\"potentialAction\":[{\"@type\":\"ReadAction\",\"target\":[\"https:\/\/laprensacristiana.com\/?p=5877\"]}]},{\"@type\":\"BreadcrumbList\",\"@id\":\"https:\/\/laprensacristiana.com\/?p=5877#breadcrumb\",\"itemListElement\":[{\"@type\":\"ListItem\",\"position\":1,\"name\":\"Portada\",\"item\":\"https:\/\/laprensacristiana.com\/\"},{\"@type\":\"ListItem\",\"position\":2,\"name\":\"Celebran Congreso Corazones de Fuego con una fe sin limites\"}]},{\"@type\":\"WebSite\",\"@id\":\"https:\/\/laprensacristiana.com\/#website\",\"url\":\"https:\/\/laprensacristiana.com\/\",\"name\":\"La Prensa Cristiana\",\"description\":\"Anunciando Las Buenas Nuevas\",\"potentialAction\":[{\"@type\":\"SearchAction\",\"target\":{\"@type\":\"EntryPoint\",\"urlTemplate\":\"https:\/\/laprensacristiana.com\/?s={search_term_string}\"},\"query-input\":\"required name=search_term_string\"}],\"inLanguage\":\"es\"},{\"@type\":\"Person\",\"@id\":\"https:\/\/laprensacristiana.com\/#\/schema\/person\/3e7d82c6bfd6b1fa67010f8f7cd5256e\",\"name\":\"EDITOR\",\"image\":{\"@type\":\"ImageObject\",\"inLanguage\":\"es\",\"@id\":\"https:\/\/laprensacristiana.com\/#\/schema\/person\/image\/\",\"url\":\"https:\/\/secure.gravatar.com\/avatar\/72069dfb6c13772d9e8381e3638666d2?s=96&d=mm&r=g\",\"contentUrl\":\"https:\/\/secure.gravatar.com\/avatar\/72069dfb6c13772d9e8381e3638666d2?s=96&d=mm&r=g\",\"caption\":\"EDITOR\"},\"url\":\"https:\/\/laprensacristiana.com\/?author=3\"}]}<\/script>\n<!-- \/ Yoast SEO plugin. -->","yoast_head_json":{"title":"Celebran Congreso Corazones de Fuego con una fe sin limites - La Prensa Cristiana","robots":{"index":"index","follow":"follow","max-snippet":"max-snippet:-1","max-image-preview":"max-image-preview:large","max-video-preview":"max-video-preview:-1"},"canonical":"https:\/\/laprensacristiana.com\/?p=5877","og_locale":"es_ES","og_type":"article","og_title":"Celebran Congreso Corazones de Fuego con una fe sin limites - La Prensa Cristiana","og_description":"Cientos de j\u00f3venes dijeron presente al quinto congreso Corazones de Fuego (CDF). Lo principal fue exaltar el nombre de Jes\u00fas. Cada dos a\u00f1os la juventud de la Iglesia Monte Carmelo celebran el congreso Corazones de fuego, para exaltar y mostrar el prop\u00f3sito que Dios tiene en la vida del ser humano. Dicho congreso se realiz\u00f3 [&hellip;]","og_url":"https:\/\/laprensacristiana.com\/?p=5877","og_site_name":"La Prensa Cristiana","article_published_time":"2019-05-22T18:55:19+00:00","article_modified_time":"2019-05-22T18:55:23+00:00","og_image":[{"width":720,"height":376,"url":"https:\/\/laprensacristiana.com\/wp-content\/uploads\/2019\/05\/WhatsApp-Image-2019-05-22-at-12.47.35-PM.jpeg","type":"image\/jpeg"}],"author":"EDITOR","twitter_card":"summary_large_image","twitter_misc":{"Escrito por":"EDITOR","Tiempo de lectura":"2 minutos"},"schema":{"@context":"https:\/\/schema.org","@graph":[{"@type":"WebPage","@id":"https:\/\/laprensacristiana.com\/?p=5877","url":"https:\/\/laprensacristiana.com\/?p=5877","name":"Celebran Congreso Corazones de Fuego con una fe sin limites - La Prensa Cristiana","isPartOf":{"@id":"https:\/\/laprensacristiana.com\/#website"},"datePublished":"2019-05-22T18:55:19+00:00","dateModified":"2019-05-22T18:55:23+00:00","author":{"@id":"https:\/\/laprensacristiana.com\/#\/schema\/person\/3e7d82c6bfd6b1fa67010f8f7cd5256e"},"breadcrumb":{"@id":"https:\/\/laprensacristiana.com\/?p=5877#breadcrumb"},"inLanguage":"es","potentialAction":[{"@type":"ReadAction","target":["https:\/\/laprensacristiana.com\/?p=5877"]}]},{"@type":"BreadcrumbList","@id":"https:\/\/laprensacristiana.com\/?p=5877#breadcrumb","itemListElement":[{"@type":"ListItem","position":1,"name":"Portada","item":"https:\/\/laprensacristiana.com\/"},{"@type":"ListItem","position":2,"name":"Celebran Congreso Corazones de Fuego con una fe sin limites"}]},{"@type":"WebSite","@id":"https:\/\/laprensacristiana.com\/#website","url":"https:\/\/laprensacristiana.com\/","name":"La Prensa Cristiana","description":"Anunciando Las Buenas Nuevas","potentialAction":[{"@type":"SearchAction","target":{"@type":"EntryPoint","urlTemplate":"https:\/\/laprensacristiana.com\/?s={search_term_string}"},"query-input":"required name=search_term_string"}],"inLanguage":"es"},{"@type":"Person","@id":"https:\/\/laprensacristiana.com\/#\/schema\/person\/3e7d82c6bfd6b1fa67010f8f7cd5256e","name":"EDITOR","image":{"@type":"ImageObject","inLanguage":"es","@id":"https:\/\/laprensacristiana.com\/#\/schema\/person\/image\/","url":"https:\/\/secure.gravatar.com\/avatar\/72069dfb6c13772d9e8381e3638666d2?s=96&d=mm&r=g","contentUrl":"https:\/\/secure.gravatar.com\/avatar\/72069dfb6c13772d9e8381e3638666d2?s=96&d=mm&r=g","caption":"EDITOR"},"url":"https:\/\/laprensacristiana.com\/?author=3"}]}},"_links":{"self":[{"href":"https:\/\/laprensacristiana.com\/index.php?rest_route=\/wp\/v2\/posts\/5877"}],"collection":[{"href":"https:\/\/laprensacristiana.com\/index.php?rest_route=\/wp\/v2\/posts"}],"about":[{"href":"https:\/\/laprensacristiana.com\/index.php?rest_route=\/wp\/v2\/types\/post"}],"author":[{"embeddable":true,"href":"https:\/\/laprensacristiana.com\/index.php?rest_route=\/wp\/v2\/users\/3"}],"replies":[{"embeddable":true,"href":"https:\/\/laprensacristiana.com\/index.php?rest_route=%2Fwp%2Fv2%2Fcomments&post=5877"}],"version-history":[{"count":1,"href":"https:\/\/laprensacristiana.com\/index.php?rest_route=\/wp\/v2\/posts\/5877\/revisions"}],"predecessor-version":[{"id":5878,"href":"https:\/\/laprensacristiana.com\/index.php?rest_route=\/wp\/v2\/posts\/5877\/revisions\/5878"}],"wp:featuredmedia":[{"embeddable":true,"href":"https:\/\/laprensacristiana.com\/index.php?rest_route=\/wp\/v2\/media\/5879"}],"wp:attachment":[{"href":"https:\/\/laprensacristiana.com\/index.php?rest_route=%2Fwp%2Fv2%2Fmedia&parent=5877"}],"wp:term":[{"taxonomy":"category","embeddable":true,"href":"https:\/\/laprensacristiana.com\/index.php?rest_route=%2Fwp%2Fv2%2Fcategories&post=5877"},{"taxonomy":"post_tag","embeddable":true,"href":"https:\/\/laprensacristiana.com\/index.php?rest_route=%2Fwp%2Fv2%2Ftags&post=5877"}],"curies":[{"name":"wp","href":"https:\/\/api.w.org\/{rel}","templated":true}]}}