{"id":5886,"date":"2019-05-24T18:35:59","date_gmt":"2019-05-24T18:35:59","guid":{"rendered":"https:\/\/laprensacristiana.com\/?p=5886"},"modified":"2019-05-24T18:36:02","modified_gmt":"2019-05-24T18:36:02","slug":"unete-este-25-de-mayo-al-dia-de-evangelismo-global","status":"publish","type":"post","link":"https:\/\/laprensacristiana.com\/?p=5886","title":{"rendered":"\u00danete este 25 de mayo al \u201cD\u00eda de evangelismo global\u201d"},"content":{"rendered":"\n<p>El Global Outreach Day es un movimiento masivo de movilizaci\u00f3n\nde la iglesia a nivel mundial &nbsp;para cumplir\nla Gran Comisi\u00f3n en esta&nbsp; generaci\u00f3n.<\/p>\n\n\n\n<p>La meta de este movimiento es movilizar a toda la iglesia, a\ncada creyente, no solo a las personas que ya forman parte de un ministerio dedicado\na la evangelizaci\u00f3n. Todo esto con el fin que cada persona dentro de una congregaci\u00f3n\ntome acci\u00f3n para alcanzar a los perdidos. <\/p>\n\n\n\n<p>Global Outreach cree se puede llevar el evangelio de una\nmanera diferente y as\u00ed cambiar y revolucionar la cultura y la manera de pensar\ndentro de la iglesia en cuanto al evangelismo.<\/p>\n\n\n\n<p>Est\u00e1n convencidos que para lograr el trabajo de la gran comisi\u00f3n\ndel Se\u00f1or, se requiere de cada creyente, cada iglesia para alcanzar las almas.<\/p>\n\n\n\n<p>Este movimiento incentiva a la evangelizaci\u00f3n de m\u00faltiples\nmaneras; invitando a alguien para comer un helado, a tomar un caf\u00e9, visitando a\nlos pobres, publicando el testimonio a trav\u00e9s de las redes sociales, orando por\nalguien, entregando literatura en las calles, no importa como lo hagas, lo m\u00e1s\nimportante es que puedas compartir el amor de Jes\u00fas con al menos una persona. <\/p>\n\n\n\n<p>En diferentes pa\u00edses se est\u00e1n llevando a cabo los\npreparativos para este gran evento, <\/p>\n\n\n\n<p>Cada ultimo s\u00e1bado de mayo 193 naciones y millones de cristianos se mueven, oran y act\u00faan todos en el mismo d\u00eda y as\u00ed se animan e inspiran los unos a los otros. Una ola de evangelismo y salvaci\u00f3n cubre al mundo.<\/p>\n\n\n\n<figure class=\"wp-block-embed-youtube wp-block-embed is-type-video is-provider-youtube wp-embed-aspect-16-9 wp-has-aspect-ratio\"><div class=\"wp-block-embed__wrapper\">\n<div class=\"youtube-embed\" data-video_id=\"nKVC7Cbg3ok\"><iframe loading=\"lazy\" title=\"D\u00eda de Evangelismo Global 2019 - Official Trailer Spanish\" width=\"696\" height=\"392\" src=\"https:\/\/www.youtube.com\/embed\/nKVC7Cbg3ok?feature=oembed&#038;enablejsapi=1&#038;enablejsapi=1\" frameborder=\"0\" allow=\"accelerometer; autoplay; encrypted-media; gyroscope; picture-in-picture\" allowfullscreen><\/iframe><\/div>\n<\/div><\/figure>\n","protected":false},"excerpt":{"rendered":"<p>El Global Outreach Day es un movimiento masivo de movilizaci\u00f3n de la iglesia a nivel mundial &nbsp;para cumplir la Gran Comisi\u00f3n en esta&nbsp; generaci\u00f3n. La meta de este movimiento es movilizar a toda la iglesia, a cada creyente, no solo a las personas que ya forman parte de un ministerio dedicado a la evangelizaci\u00f3n. Todo [&hellip;]<\/p>\n","protected":false},"author":3,"featured_media":5887,"comment_status":"open","ping_status":"open","sticky":false,"template":"","format":"standard","meta":[],"categories":[56],"tags":[],"yoast_head":"<!-- This site is optimized with the Yoast SEO plugin v20.8 - https:\/\/yoast.com\/wordpress\/plugins\/seo\/ -->\n<title>\u00danete este 25 de mayo al \u201cD\u00eda de evangelismo global\u201d - La Prensa Cristiana<\/title>\n<meta name=\"robots\" content=\"index, follow, max-snippet:-1, max-image-preview:large, max-video-preview:-1\" \/>\n<link rel=\"canonical\" href=\"https:\/\/laprensacristiana.com\/?p=5886\" \/>\n<meta property=\"og:locale\" content=\"es_ES\" \/>\n<meta property=\"og:type\" content=\"article\" \/>\n<meta property=\"og:title\" content=\"\u00danete este 25 de mayo al \u201cD\u00eda de evangelismo global\u201d - La Prensa Cristiana\" \/>\n<meta property=\"og:description\" content=\"El Global Outreach Day es un movimiento masivo de movilizaci\u00f3n de la iglesia a nivel mundial &nbsp;para cumplir la Gran Comisi\u00f3n en esta&nbsp; generaci\u00f3n. La meta de este movimiento es movilizar a toda la iglesia, a cada creyente, no solo a las personas que ya forman parte de un ministerio dedicado a la evangelizaci\u00f3n. Todo [&hellip;]\" \/>\n<meta property=\"og:url\" content=\"https:\/\/laprensacristiana.com\/?p=5886\" \/>\n<meta property=\"og:site_name\" content=\"La Prensa Cristiana\" \/>\n<meta property=\"article:published_time\" content=\"2019-05-24T18:35:59+00:00\" \/>\n<meta property=\"article:modified_time\" content=\"2019-05-24T18:36:02+00:00\" \/>\n<meta property=\"og:image\" content=\"https:\/\/laprensacristiana.com\/wp-content\/uploads\/2019\/05\/54409193_2500849003318771_4758831061117435904_n.jpg\" \/>\n\t<meta property=\"og:image:width\" content=\"960\" \/>\n\t<meta property=\"og:image:height\" content=\"960\" \/>\n\t<meta property=\"og:image:type\" content=\"image\/jpeg\" \/>\n<meta name=\"author\" content=\"EDITOR\" \/>\n<meta name=\"twitter:card\" content=\"summary_large_image\" \/>\n<meta name=\"twitter:label1\" content=\"Escrito por\" \/>\n\t<meta name=\"twitter:data1\" content=\"EDITOR\" \/>\n\t<meta name=\"twitter:label2\" content=\"Tiempo de lectura\" \/>\n\t<meta name=\"twitter:data2\" content=\"1 minuto\" \/>\n<script type=\"application\/ld+json\" class=\"yoast-schema-graph\">{\"@context\":\"https:\/\/schema.org\",\"@graph\":[{\"@type\":\"WebPage\",\"@id\":\"https:\/\/laprensacristiana.com\/?p=5886\",\"url\":\"https:\/\/laprensacristiana.com\/?p=5886\",\"name\":\"\u00danete este 25 de mayo al \u201cD\u00eda de evangelismo global\u201d - La Prensa Cristiana\",\"isPartOf\":{\"@id\":\"https:\/\/laprensacristiana.com\/#website\"},\"datePublished\":\"2019-05-24T18:35:59+00:00\",\"dateModified\":\"2019-05-24T18:36:02+00:00\",\"author\":{\"@id\":\"https:\/\/laprensacristiana.com\/#\/schema\/person\/3e7d82c6bfd6b1fa67010f8f7cd5256e\"},\"breadcrumb\":{\"@id\":\"https:\/\/laprensacristiana.com\/?p=5886#breadcrumb\"},\"inLanguage\":\"es\",\"potentialAction\":[{\"@type\":\"ReadAction\",\"target\":[\"https:\/\/laprensacristiana.com\/?p=5886\"]}]},{\"@type\":\"BreadcrumbList\",\"@id\":\"https:\/\/laprensacristiana.com\/?p=5886#breadcrumb\",\"itemListElement\":[{\"@type\":\"ListItem\",\"position\":1,\"name\":\"Portada\",\"item\":\"https:\/\/laprensacristiana.com\/\"},{\"@type\":\"ListItem\",\"position\":2,\"name\":\"\u00danete este 25 de mayo al \u201cD\u00eda de evangelismo global\u201d\"}]},{\"@type\":\"WebSite\",\"@id\":\"https:\/\/laprensacristiana.com\/#website\",\"url\":\"https:\/\/laprensacristiana.com\/\",\"name\":\"La Prensa Cristiana\",\"description\":\"Anunciando Las Buenas Nuevas\",\"potentialAction\":[{\"@type\":\"SearchAction\",\"target\":{\"@type\":\"EntryPoint\",\"urlTemplate\":\"https:\/\/laprensacristiana.com\/?s={search_term_string}\"},\"query-input\":\"required name=search_term_string\"}],\"inLanguage\":\"es\"},{\"@type\":\"Person\",\"@id\":\"https:\/\/laprensacristiana.com\/#\/schema\/person\/3e7d82c6bfd6b1fa67010f8f7cd5256e\",\"name\":\"EDITOR\",\"image\":{\"@type\":\"ImageObject\",\"inLanguage\":\"es\",\"@id\":\"https:\/\/laprensacristiana.com\/#\/schema\/person\/image\/\",\"url\":\"https:\/\/secure.gravatar.com\/avatar\/72069dfb6c13772d9e8381e3638666d2?s=96&d=mm&r=g\",\"contentUrl\":\"https:\/\/secure.gravatar.com\/avatar\/72069dfb6c13772d9e8381e3638666d2?s=96&d=mm&r=g\",\"caption\":\"EDITOR\"},\"url\":\"https:\/\/laprensacristiana.com\/?author=3\"}]}<\/script>\n<!-- \/ Yoast SEO plugin. -->","yoast_head_json":{"title":"\u00danete este 25 de mayo al \u201cD\u00eda de evangelismo global\u201d - La Prensa Cristiana","robots":{"index":"index","follow":"follow","max-snippet":"max-snippet:-1","max-image-preview":"max-image-preview:large","max-video-preview":"max-video-preview:-1"},"canonical":"https:\/\/laprensacristiana.com\/?p=5886","og_locale":"es_ES","og_type":"article","og_title":"\u00danete este 25 de mayo al \u201cD\u00eda de evangelismo global\u201d - La Prensa Cristiana","og_description":"El Global Outreach Day es un movimiento masivo de movilizaci\u00f3n de la iglesia a nivel mundial &nbsp;para cumplir la Gran Comisi\u00f3n en esta&nbsp; generaci\u00f3n. La meta de este movimiento es movilizar a toda la iglesia, a cada creyente, no solo a las personas que ya forman parte de un ministerio dedicado a la evangelizaci\u00f3n. Todo [&hellip;]","og_url":"https:\/\/laprensacristiana.com\/?p=5886","og_site_name":"La Prensa Cristiana","article_published_time":"2019-05-24T18:35:59+00:00","article_modified_time":"2019-05-24T18:36:02+00:00","og_image":[{"width":960,"height":960,"url":"https:\/\/laprensacristiana.com\/wp-content\/uploads\/2019\/05\/54409193_2500849003318771_4758831061117435904_n.jpg","type":"image\/jpeg"}],"author":"EDITOR","twitter_card":"summary_large_image","twitter_misc":{"Escrito por":"EDITOR","Tiempo de lectura":"1 minuto"},"schema":{"@context":"https:\/\/schema.org","@graph":[{"@type":"WebPage","@id":"https:\/\/laprensacristiana.com\/?p=5886","url":"https:\/\/laprensacristiana.com\/?p=5886","name":"\u00danete este 25 de mayo al \u201cD\u00eda de evangelismo global\u201d - La Prensa Cristiana","isPartOf":{"@id":"https:\/\/laprensacristiana.com\/#website"},"datePublished":"2019-05-24T18:35:59+00:00","dateModified":"2019-05-24T18:36:02+00:00","author":{"@id":"https:\/\/laprensacristiana.com\/#\/schema\/person\/3e7d82c6bfd6b1fa67010f8f7cd5256e"},"breadcrumb":{"@id":"https:\/\/laprensacristiana.com\/?p=5886#breadcrumb"},"inLanguage":"es","potentialAction":[{"@type":"ReadAction","target":["https:\/\/laprensacristiana.com\/?p=5886"]}]},{"@type":"BreadcrumbList","@id":"https:\/\/laprensacristiana.com\/?p=5886#breadcrumb","itemListElement":[{"@type":"ListItem","position":1,"name":"Portada","item":"https:\/\/laprensacristiana.com\/"},{"@type":"ListItem","position":2,"name":"\u00danete este 25 de mayo al \u201cD\u00eda de evangelismo global\u201d"}]},{"@type":"WebSite","@id":"https:\/\/laprensacristiana.com\/#website","url":"https:\/\/laprensacristiana.com\/","name":"La Prensa Cristiana","description":"Anunciando Las Buenas Nuevas","potentialAction":[{"@type":"SearchAction","target":{"@type":"EntryPoint","urlTemplate":"https:\/\/laprensacristiana.com\/?s={search_term_string}"},"query-input":"required name=search_term_string"}],"inLanguage":"es"},{"@type":"Person","@id":"https:\/\/laprensacristiana.com\/#\/schema\/person\/3e7d82c6bfd6b1fa67010f8f7cd5256e","name":"EDITOR","image":{"@type":"ImageObject","inLanguage":"es","@id":"https:\/\/laprensacristiana.com\/#\/schema\/person\/image\/","url":"https:\/\/secure.gravatar.com\/avatar\/72069dfb6c13772d9e8381e3638666d2?s=96&d=mm&r=g","contentUrl":"https:\/\/secure.gravatar.com\/avatar\/72069dfb6c13772d9e8381e3638666d2?s=96&d=mm&r=g","caption":"EDITOR"},"url":"https:\/\/laprensacristiana.com\/?author=3"}]}},"_links":{"self":[{"href":"https:\/\/laprensacristiana.com\/index.php?rest_route=\/wp\/v2\/posts\/5886"}],"collection":[{"href":"https:\/\/laprensacristiana.com\/index.php?rest_route=\/wp\/v2\/posts"}],"about":[{"href":"https:\/\/laprensacristiana.com\/index.php?rest_route=\/wp\/v2\/types\/post"}],"author":[{"embeddable":true,"href":"https:\/\/laprensacristiana.com\/index.php?rest_route=\/wp\/v2\/users\/3"}],"replies":[{"embeddable":true,"href":"https:\/\/laprensacristiana.com\/index.php?rest_route=%2Fwp%2Fv2%2Fcomments&post=5886"}],"version-history":[{"count":1,"href":"https:\/\/laprensacristiana.com\/index.php?rest_route=\/wp\/v2\/posts\/5886\/revisions"}],"predecessor-version":[{"id":5888,"href":"https:\/\/laprensacristiana.com\/index.php?rest_route=\/wp\/v2\/posts\/5886\/revisions\/5888"}],"wp:featuredmedia":[{"embeddable":true,"href":"https:\/\/laprensacristiana.com\/index.php?rest_route=\/wp\/v2\/media\/5887"}],"wp:attachment":[{"href":"https:\/\/laprensacristiana.com\/index.php?rest_route=%2Fwp%2Fv2%2Fmedia&parent=5886"}],"wp:term":[{"taxonomy":"category","embeddable":true,"href":"https:\/\/laprensacristiana.com\/index.php?rest_route=%2Fwp%2Fv2%2Fcategories&post=5886"},{"taxonomy":"post_tag","embeddable":true,"href":"https:\/\/laprensacristiana.com\/index.php?rest_route=%2Fwp%2Fv2%2Ftags&post=5886"}],"curies":[{"name":"wp","href":"https:\/\/api.w.org\/{rel}","templated":true}]}}