{"id":5889,"date":"2019-05-24T19:24:04","date_gmt":"2019-05-24T19:24:04","guid":{"rendered":"https:\/\/laprensacristiana.com\/?p=5889"},"modified":"2019-06-25T21:24:21","modified_gmt":"2019-06-25T21:24:21","slug":"luz-y-vida-preparan-cruzada-tiempos-de-avivamientos","status":"publish","type":"post","link":"https:\/\/laprensacristiana.com\/?p=5889","title":{"rendered":"Luz y Vida preparan Cruzada Tiempos de Avivamientos."},"content":{"rendered":"\n<p>Ministerio Luz y vida Internacional regresa a el salvador con la cruzada evangelistica \u201cTiempos de Avivamiento\u201d, el ministerio a trav\u00e9s de las cruzadas internacionales ministra a los enfermos e imparten el mensaje de Dios para salvar almas.<\/p>\n\n\n\n<p>Su enfoque es ense\u00f1ar a los creyentes a trav\u00e9s de\nconferencias sobre avivamiento y evangelismo. Su lema es \u00a1Pasi\u00f3n y Compasi\u00f3n!<\/p>\n\n\n\n<figure class=\"wp-block-image\"><img decoding=\"async\" loading=\"lazy\" width=\"819\" height=\"1024\" src=\"https:\/\/laprensacristiana.com\/wp-content\/uploads\/2019\/06\/WhatsApp-Image-2019-06-25-at-15.16.07-819x1024.jpeg\" alt=\"\" class=\"wp-image-6076\" srcset=\"https:\/\/laprensacristiana.com\/wp-content\/uploads\/2019\/06\/WhatsApp-Image-2019-06-25-at-15.16.07-819x1024.jpeg 819w, https:\/\/laprensacristiana.com\/wp-content\/uploads\/2019\/06\/WhatsApp-Image-2019-06-25-at-15.16.07-600x750.jpeg 600w, https:\/\/laprensacristiana.com\/wp-content\/uploads\/2019\/06\/WhatsApp-Image-2019-06-25-at-15.16.07-240x300.jpeg 240w, https:\/\/laprensacristiana.com\/wp-content\/uploads\/2019\/06\/WhatsApp-Image-2019-06-25-at-15.16.07-768x960.jpeg 768w, https:\/\/laprensacristiana.com\/wp-content\/uploads\/2019\/06\/WhatsApp-Image-2019-06-25-at-15.16.07-696x870.jpeg 696w, https:\/\/laprensacristiana.com\/wp-content\/uploads\/2019\/06\/WhatsApp-Image-2019-06-25-at-15.16.07-336x420.jpeg 336w, https:\/\/laprensacristiana.com\/wp-content\/uploads\/2019\/06\/WhatsApp-Image-2019-06-25-at-15.16.07.jpeg 1024w\" sizes=\"(max-width: 819px) 100vw, 819px\" \/><\/figure>\n\n\n\n<p>El ministerio Luz De Vida es parte de Bethesda\nCommunity Church, que es la iglesia donde el Evangelista Stephen Evans le\nentrego la vida al Se\u00f1or a la edad de 4 a\u00f1os, luego de un encuentro con Jes\u00fas\nen Arkansas y 7 a\u00f1os despu\u00e9s fue el inicio de su ministerio, desde su\nadolescencia ha viajado junto a su padre Desmond Evans alrededor del mundo.<\/p>\n\n\n\n<p>A principios del mes de mayo se realiz\u00f3 una\nconferencia de prensa en un hotel capitalino para dar a conocer detalles sobre\nesta cruza evangel\u00edstica, en la que se hicieron presente diferentes pastores y\nmedio de comunicaci\u00f3n cristiano. <\/p>\n\n\n\n<p>\u201cAqu\u00ed estamos la iglesia de cristo, sin banderas, sin\ndenominaciones, sin nombres, nosotros fuimos bendecidos en Santa Tecla fuimos\nlos primeros en recibir del ministerio luego de haber visto lo que Dios hizo en\nHonduras, vemos como el poder del esp\u00edritu Santo decenio sobre ese estadio y\nese mismo poder es el que se manifest\u00f3 all\u00e1 en Santa Tecla\u201d expres\u00f3 Pastor\nRafael Reyes, presidente Santa Tecla Organizada para Cristo. &nbsp;&nbsp;&nbsp;<\/p>\n\n\n\n<p>\u201cSi algo tuvimos como tesoro grande del Ministerio Luz\ny Vida, es el ejercicio espiritual en que nos sometemos\u201d&nbsp; Pastor Sa\u00fal Henr\u00edquez presidente Asociaci\u00f3n\nde Pastores de Quezaltepeque. <\/p>\n\n\n\n<p>\u201cDios est\u00e1 encaminando un trabajo de naci\u00f3n a trav\u00e9s\ndel Ministerio Luz y Vida\u201d Coment\u00f3 Dennis Aplicano director de log\u00edstica y\ncomunicaciones Luz de Vida Internacional. <\/p>\n\n\n\n<p>Esta es la cuarta ocasi\u00f3n en que el Ministerio Luz y Vida Internacional realiza una cruza evangel\u00edstica en El Salvador, la primera oraci\u00f3n fue en Santa Ana, La segunda ocasi\u00f3n se realiz\u00f3 en Santa Tecla, las terceras en Quezaltepeque y este pr\u00f3ximo 26 y 27 de julio se llevara a cabo en el municipio de Soyapango.<\/p>\n\n\n\n<p><\/p>\n\n\n\n<figure class=\"wp-block-image\"><img decoding=\"async\" loading=\"lazy\" width=\"720\" height=\"540\" src=\"https:\/\/laprensacristiana.com\/wp-content\/uploads\/2019\/05\/60871609_2418979238336210_1752672657670668288_n.jpg\" alt=\"\" class=\"wp-image-5892\" srcset=\"https:\/\/laprensacristiana.com\/wp-content\/uploads\/2019\/05\/60871609_2418979238336210_1752672657670668288_n.jpg 720w, https:\/\/laprensacristiana.com\/wp-content\/uploads\/2019\/05\/60871609_2418979238336210_1752672657670668288_n-600x450.jpg 600w, https:\/\/laprensacristiana.com\/wp-content\/uploads\/2019\/05\/60871609_2418979238336210_1752672657670668288_n-300x225.jpg 300w, https:\/\/laprensacristiana.com\/wp-content\/uploads\/2019\/05\/60871609_2418979238336210_1752672657670668288_n-80x60.jpg 80w, https:\/\/laprensacristiana.com\/wp-content\/uploads\/2019\/05\/60871609_2418979238336210_1752672657670668288_n-265x198.jpg 265w, https:\/\/laprensacristiana.com\/wp-content\/uploads\/2019\/05\/60871609_2418979238336210_1752672657670668288_n-696x522.jpg 696w, https:\/\/laprensacristiana.com\/wp-content\/uploads\/2019\/05\/60871609_2418979238336210_1752672657670668288_n-560x420.jpg 560w\" sizes=\"(max-width: 720px) 100vw, 720px\" \/><\/figure>\n\n\n\n<figure class=\"wp-block-image\"><img decoding=\"async\" loading=\"lazy\" width=\"720\" height=\"540\" src=\"https:\/\/laprensacristiana.com\/wp-content\/uploads\/2019\/05\/61106212_422094611706062_2912052680694169600_n.jpg\" alt=\"\" class=\"wp-image-5891\" srcset=\"https:\/\/laprensacristiana.com\/wp-content\/uploads\/2019\/05\/61106212_422094611706062_2912052680694169600_n.jpg 720w, https:\/\/laprensacristiana.com\/wp-content\/uploads\/2019\/05\/61106212_422094611706062_2912052680694169600_n-600x450.jpg 600w, https:\/\/laprensacristiana.com\/wp-content\/uploads\/2019\/05\/61106212_422094611706062_2912052680694169600_n-300x225.jpg 300w, https:\/\/laprensacristiana.com\/wp-content\/uploads\/2019\/05\/61106212_422094611706062_2912052680694169600_n-80x60.jpg 80w, https:\/\/laprensacristiana.com\/wp-content\/uploads\/2019\/05\/61106212_422094611706062_2912052680694169600_n-265x198.jpg 265w, https:\/\/laprensacristiana.com\/wp-content\/uploads\/2019\/05\/61106212_422094611706062_2912052680694169600_n-696x522.jpg 696w, https:\/\/laprensacristiana.com\/wp-content\/uploads\/2019\/05\/61106212_422094611706062_2912052680694169600_n-560x420.jpg 560w\" sizes=\"(max-width: 720px) 100vw, 720px\" \/><\/figure>\n","protected":false},"excerpt":{"rendered":"<p>Ministerio Luz y vida Internacional regresa a el salvador con la cruzada evangelistica \u201cTiempos de Avivamiento\u201d, el ministerio a trav\u00e9s de las cruzadas internacionales ministra a los enfermos e imparten el mensaje de Dios para salvar almas. Su enfoque es ense\u00f1ar a los creyentes a trav\u00e9s de conferencias sobre avivamiento y evangelismo. Su lema es [&hellip;]<\/p>\n","protected":false},"author":3,"featured_media":5890,"comment_status":"open","ping_status":"open","sticky":false,"template":"","format":"standard","meta":[],"categories":[56],"tags":[],"yoast_head":"<!-- This site is optimized with the Yoast SEO plugin v20.8 - https:\/\/yoast.com\/wordpress\/plugins\/seo\/ -->\n<title>Luz y Vida preparan Cruzada Tiempos de Avivamientos. - La Prensa Cristiana<\/title>\n<meta name=\"robots\" content=\"index, follow, max-snippet:-1, max-image-preview:large, max-video-preview:-1\" \/>\n<link rel=\"canonical\" href=\"https:\/\/laprensacristiana.com\/?p=5889\" \/>\n<meta property=\"og:locale\" content=\"es_ES\" \/>\n<meta property=\"og:type\" content=\"article\" \/>\n<meta property=\"og:title\" content=\"Luz y Vida preparan Cruzada Tiempos de Avivamientos. - La Prensa Cristiana\" \/>\n<meta property=\"og:description\" content=\"Ministerio Luz y vida Internacional regresa a el salvador con la cruzada evangelistica \u201cTiempos de Avivamiento\u201d, el ministerio a trav\u00e9s de las cruzadas internacionales ministra a los enfermos e imparten el mensaje de Dios para salvar almas. Su enfoque es ense\u00f1ar a los creyentes a trav\u00e9s de conferencias sobre avivamiento y evangelismo. Su lema es [&hellip;]\" \/>\n<meta property=\"og:url\" content=\"https:\/\/laprensacristiana.com\/?p=5889\" \/>\n<meta property=\"og:site_name\" content=\"La Prensa Cristiana\" \/>\n<meta property=\"article:published_time\" content=\"2019-05-24T19:24:04+00:00\" \/>\n<meta property=\"article:modified_time\" content=\"2019-06-25T21:24:21+00:00\" \/>\n<meta property=\"og:image\" content=\"https:\/\/laprensacristiana.com\/wp-content\/uploads\/2019\/05\/61027909_359785401314733_9186088349176168448_n.jpg\" \/>\n\t<meta property=\"og:image:width\" content=\"720\" \/>\n\t<meta property=\"og:image:height\" content=\"893\" \/>\n\t<meta property=\"og:image:type\" content=\"image\/jpeg\" \/>\n<meta name=\"author\" content=\"EDITOR\" \/>\n<meta name=\"twitter:card\" content=\"summary_large_image\" \/>\n<meta name=\"twitter:label1\" content=\"Escrito por\" \/>\n\t<meta name=\"twitter:data1\" content=\"EDITOR\" \/>\n\t<meta name=\"twitter:label2\" content=\"Tiempo de lectura\" \/>\n\t<meta name=\"twitter:data2\" content=\"2 minutos\" \/>\n<script type=\"application\/ld+json\" class=\"yoast-schema-graph\">{\"@context\":\"https:\/\/schema.org\",\"@graph\":[{\"@type\":\"WebPage\",\"@id\":\"https:\/\/laprensacristiana.com\/?p=5889\",\"url\":\"https:\/\/laprensacristiana.com\/?p=5889\",\"name\":\"Luz y Vida preparan Cruzada Tiempos de Avivamientos. - La Prensa Cristiana\",\"isPartOf\":{\"@id\":\"https:\/\/laprensacristiana.com\/#website\"},\"datePublished\":\"2019-05-24T19:24:04+00:00\",\"dateModified\":\"2019-06-25T21:24:21+00:00\",\"author\":{\"@id\":\"https:\/\/laprensacristiana.com\/#\/schema\/person\/3e7d82c6bfd6b1fa67010f8f7cd5256e\"},\"breadcrumb\":{\"@id\":\"https:\/\/laprensacristiana.com\/?p=5889#breadcrumb\"},\"inLanguage\":\"es\",\"potentialAction\":[{\"@type\":\"ReadAction\",\"target\":[\"https:\/\/laprensacristiana.com\/?p=5889\"]}]},{\"@type\":\"BreadcrumbList\",\"@id\":\"https:\/\/laprensacristiana.com\/?p=5889#breadcrumb\",\"itemListElement\":[{\"@type\":\"ListItem\",\"position\":1,\"name\":\"Portada\",\"item\":\"https:\/\/laprensacristiana.com\/\"},{\"@type\":\"ListItem\",\"position\":2,\"name\":\"Luz y Vida preparan Cruzada Tiempos de Avivamientos.\"}]},{\"@type\":\"WebSite\",\"@id\":\"https:\/\/laprensacristiana.com\/#website\",\"url\":\"https:\/\/laprensacristiana.com\/\",\"name\":\"La Prensa Cristiana\",\"description\":\"Anunciando Las Buenas Nuevas\",\"potentialAction\":[{\"@type\":\"SearchAction\",\"target\":{\"@type\":\"EntryPoint\",\"urlTemplate\":\"https:\/\/laprensacristiana.com\/?s={search_term_string}\"},\"query-input\":\"required name=search_term_string\"}],\"inLanguage\":\"es\"},{\"@type\":\"Person\",\"@id\":\"https:\/\/laprensacristiana.com\/#\/schema\/person\/3e7d82c6bfd6b1fa67010f8f7cd5256e\",\"name\":\"EDITOR\",\"image\":{\"@type\":\"ImageObject\",\"inLanguage\":\"es\",\"@id\":\"https:\/\/laprensacristiana.com\/#\/schema\/person\/image\/\",\"url\":\"https:\/\/secure.gravatar.com\/avatar\/72069dfb6c13772d9e8381e3638666d2?s=96&d=mm&r=g\",\"contentUrl\":\"https:\/\/secure.gravatar.com\/avatar\/72069dfb6c13772d9e8381e3638666d2?s=96&d=mm&r=g\",\"caption\":\"EDITOR\"},\"url\":\"https:\/\/laprensacristiana.com\/?author=3\"}]}<\/script>\n<!-- \/ Yoast SEO plugin. -->","yoast_head_json":{"title":"Luz y Vida preparan Cruzada Tiempos de Avivamientos. - La Prensa Cristiana","robots":{"index":"index","follow":"follow","max-snippet":"max-snippet:-1","max-image-preview":"max-image-preview:large","max-video-preview":"max-video-preview:-1"},"canonical":"https:\/\/laprensacristiana.com\/?p=5889","og_locale":"es_ES","og_type":"article","og_title":"Luz y Vida preparan Cruzada Tiempos de Avivamientos. - La Prensa Cristiana","og_description":"Ministerio Luz y vida Internacional regresa a el salvador con la cruzada evangelistica \u201cTiempos de Avivamiento\u201d, el ministerio a trav\u00e9s de las cruzadas internacionales ministra a los enfermos e imparten el mensaje de Dios para salvar almas. Su enfoque es ense\u00f1ar a los creyentes a trav\u00e9s de conferencias sobre avivamiento y evangelismo. Su lema es [&hellip;]","og_url":"https:\/\/laprensacristiana.com\/?p=5889","og_site_name":"La Prensa Cristiana","article_published_time":"2019-05-24T19:24:04+00:00","article_modified_time":"2019-06-25T21:24:21+00:00","og_image":[{"width":720,"height":893,"url":"https:\/\/laprensacristiana.com\/wp-content\/uploads\/2019\/05\/61027909_359785401314733_9186088349176168448_n.jpg","type":"image\/jpeg"}],"author":"EDITOR","twitter_card":"summary_large_image","twitter_misc":{"Escrito por":"EDITOR","Tiempo de lectura":"2 minutos"},"schema":{"@context":"https:\/\/schema.org","@graph":[{"@type":"WebPage","@id":"https:\/\/laprensacristiana.com\/?p=5889","url":"https:\/\/laprensacristiana.com\/?p=5889","name":"Luz y Vida preparan Cruzada Tiempos de Avivamientos. - La Prensa Cristiana","isPartOf":{"@id":"https:\/\/laprensacristiana.com\/#website"},"datePublished":"2019-05-24T19:24:04+00:00","dateModified":"2019-06-25T21:24:21+00:00","author":{"@id":"https:\/\/laprensacristiana.com\/#\/schema\/person\/3e7d82c6bfd6b1fa67010f8f7cd5256e"},"breadcrumb":{"@id":"https:\/\/laprensacristiana.com\/?p=5889#breadcrumb"},"inLanguage":"es","potentialAction":[{"@type":"ReadAction","target":["https:\/\/laprensacristiana.com\/?p=5889"]}]},{"@type":"BreadcrumbList","@id":"https:\/\/laprensacristiana.com\/?p=5889#breadcrumb","itemListElement":[{"@type":"ListItem","position":1,"name":"Portada","item":"https:\/\/laprensacristiana.com\/"},{"@type":"ListItem","position":2,"name":"Luz y Vida preparan Cruzada Tiempos de Avivamientos."}]},{"@type":"WebSite","@id":"https:\/\/laprensacristiana.com\/#website","url":"https:\/\/laprensacristiana.com\/","name":"La Prensa Cristiana","description":"Anunciando Las Buenas Nuevas","potentialAction":[{"@type":"SearchAction","target":{"@type":"EntryPoint","urlTemplate":"https:\/\/laprensacristiana.com\/?s={search_term_string}"},"query-input":"required name=search_term_string"}],"inLanguage":"es"},{"@type":"Person","@id":"https:\/\/laprensacristiana.com\/#\/schema\/person\/3e7d82c6bfd6b1fa67010f8f7cd5256e","name":"EDITOR","image":{"@type":"ImageObject","inLanguage":"es","@id":"https:\/\/laprensacristiana.com\/#\/schema\/person\/image\/","url":"https:\/\/secure.gravatar.com\/avatar\/72069dfb6c13772d9e8381e3638666d2?s=96&d=mm&r=g","contentUrl":"https:\/\/secure.gravatar.com\/avatar\/72069dfb6c13772d9e8381e3638666d2?s=96&d=mm&r=g","caption":"EDITOR"},"url":"https:\/\/laprensacristiana.com\/?author=3"}]}},"_links":{"self":[{"href":"https:\/\/laprensacristiana.com\/index.php?rest_route=\/wp\/v2\/posts\/5889"}],"collection":[{"href":"https:\/\/laprensacristiana.com\/index.php?rest_route=\/wp\/v2\/posts"}],"about":[{"href":"https:\/\/laprensacristiana.com\/index.php?rest_route=\/wp\/v2\/types\/post"}],"author":[{"embeddable":true,"href":"https:\/\/laprensacristiana.com\/index.php?rest_route=\/wp\/v2\/users\/3"}],"replies":[{"embeddable":true,"href":"https:\/\/laprensacristiana.com\/index.php?rest_route=%2Fwp%2Fv2%2Fcomments&post=5889"}],"version-history":[{"count":2,"href":"https:\/\/laprensacristiana.com\/index.php?rest_route=\/wp\/v2\/posts\/5889\/revisions"}],"predecessor-version":[{"id":6077,"href":"https:\/\/laprensacristiana.com\/index.php?rest_route=\/wp\/v2\/posts\/5889\/revisions\/6077"}],"wp:featuredmedia":[{"embeddable":true,"href":"https:\/\/laprensacristiana.com\/index.php?rest_route=\/wp\/v2\/media\/5890"}],"wp:attachment":[{"href":"https:\/\/laprensacristiana.com\/index.php?rest_route=%2Fwp%2Fv2%2Fmedia&parent=5889"}],"wp:term":[{"taxonomy":"category","embeddable":true,"href":"https:\/\/laprensacristiana.com\/index.php?rest_route=%2Fwp%2Fv2%2Fcategories&post=5889"},{"taxonomy":"post_tag","embeddable":true,"href":"https:\/\/laprensacristiana.com\/index.php?rest_route=%2Fwp%2Fv2%2Ftags&post=5889"}],"curies":[{"name":"wp","href":"https:\/\/api.w.org\/{rel}","templated":true}]}}