{"id":5900,"date":"2019-05-24T19:49:16","date_gmt":"2019-05-24T19:49:16","guid":{"rendered":"https:\/\/laprensacristiana.com\/?p=5900"},"modified":"2019-05-24T19:49:18","modified_gmt":"2019-05-24T19:49:18","slug":"comic-no-temas","status":"publish","type":"post","link":"https:\/\/laprensacristiana.com\/?p=5900","title":{"rendered":"Comic No Temas"},"content":{"rendered":"\n<p>Sociedades B\u00edblicas de El Salvador hizo una\nevangelizaci\u00f3n a ni\u00f1os de la Comunidad Primero de Diciembre en Soyapango, donde\nasistieron 45 ni\u00f1os que recibieron la palabra de Dios a trav\u00e9s del comic\n\u00abNo temas\u00bb. <\/p>\n\n\n\n<p>En una publicaci\u00f3n reciente a trav\u00e9s de sus\nredes sociales, Sociedades B\u00edblicas de El Salvador se pronunci\u00f3 diciendo:\n\u201cDeseamos que m\u00e1s ni\u00f1os conozcan las verdades B\u00edblicas con materiales creativos\ny llenos del amor de Dios\u201d. Bajo esta pr\u00e1ctica, seg\u00fan Sociedades B\u00edblicas, los\nni\u00f1os expresaban diversas emociones ante el comic. Por lo general llego al\ncoraz\u00f3n de los infantes y, por ende, el mensaje tambi\u00e9n fue transmitido a los\npadres. <\/p>\n\n\n\n<p>En el video que proporcionan a treves de\nFacebook sobre el comic, relata que un antiguo enemigo se dedica a matar,\nhurtar y destruir, pero un ni\u00f1o con miedo e inocencia, se enfrenta cara a cara\ncon \u00e9l. El mensaje transmitido refleja que, aunque exista temor, y las fuerzas\nhayan desparecido, alguien iluminar\u00e1 la vida del ni\u00f1o y dar\u00e1 fuerzas para\nvencer adversidades, sin temor.<\/p>\n\n\n\n<figure class=\"wp-block-image\"><img decoding=\"async\" loading=\"lazy\" width=\"960\" height=\"960\" src=\"https:\/\/laprensacristiana.com\/wp-content\/uploads\/2019\/05\/60951873_2305747452996202_8364105001122922496_n.jpg\" alt=\"\" class=\"wp-image-5902\" srcset=\"https:\/\/laprensacristiana.com\/wp-content\/uploads\/2019\/05\/60951873_2305747452996202_8364105001122922496_n.jpg 960w, https:\/\/laprensacristiana.com\/wp-content\/uploads\/2019\/05\/60951873_2305747452996202_8364105001122922496_n-300x300.jpg 300w, https:\/\/laprensacristiana.com\/wp-content\/uploads\/2019\/05\/60951873_2305747452996202_8364105001122922496_n-100x100.jpg 100w, https:\/\/laprensacristiana.com\/wp-content\/uploads\/2019\/05\/60951873_2305747452996202_8364105001122922496_n-600x600.jpg 600w, https:\/\/laprensacristiana.com\/wp-content\/uploads\/2019\/05\/60951873_2305747452996202_8364105001122922496_n-150x150.jpg 150w, https:\/\/laprensacristiana.com\/wp-content\/uploads\/2019\/05\/60951873_2305747452996202_8364105001122922496_n-768x768.jpg 768w, https:\/\/laprensacristiana.com\/wp-content\/uploads\/2019\/05\/60951873_2305747452996202_8364105001122922496_n-696x696.jpg 696w, https:\/\/laprensacristiana.com\/wp-content\/uploads\/2019\/05\/60951873_2305747452996202_8364105001122922496_n-420x420.jpg 420w\" sizes=\"(max-width: 960px) 100vw, 960px\" \/><\/figure>\n","protected":false},"excerpt":{"rendered":"<p>Sociedades B\u00edblicas de El Salvador hizo una evangelizaci\u00f3n a ni\u00f1os de la Comunidad Primero de Diciembre en Soyapango, donde asistieron 45 ni\u00f1os que recibieron la palabra de Dios a trav\u00e9s del comic \u00abNo temas\u00bb. En una publicaci\u00f3n reciente a trav\u00e9s de sus redes sociales, Sociedades B\u00edblicas de El Salvador se pronunci\u00f3 diciendo: \u201cDeseamos que m\u00e1s [&hellip;]<\/p>\n","protected":false},"author":3,"featured_media":5901,"comment_status":"open","ping_status":"open","sticky":false,"template":"","format":"standard","meta":[],"categories":[56],"tags":[],"yoast_head":"<!-- This site is optimized with the Yoast SEO plugin v20.8 - https:\/\/yoast.com\/wordpress\/plugins\/seo\/ -->\n<title>Comic No Temas - La Prensa Cristiana<\/title>\n<meta name=\"robots\" content=\"index, follow, max-snippet:-1, max-image-preview:large, max-video-preview:-1\" \/>\n<link rel=\"canonical\" href=\"https:\/\/laprensacristiana.com\/?p=5900\" \/>\n<meta property=\"og:locale\" content=\"es_ES\" \/>\n<meta property=\"og:type\" content=\"article\" \/>\n<meta property=\"og:title\" content=\"Comic No Temas - La Prensa Cristiana\" \/>\n<meta property=\"og:description\" content=\"Sociedades B\u00edblicas de El Salvador hizo una evangelizaci\u00f3n a ni\u00f1os de la Comunidad Primero de Diciembre en Soyapango, donde asistieron 45 ni\u00f1os que recibieron la palabra de Dios a trav\u00e9s del comic \u00abNo temas\u00bb. En una publicaci\u00f3n reciente a trav\u00e9s de sus redes sociales, Sociedades B\u00edblicas de El Salvador se pronunci\u00f3 diciendo: \u201cDeseamos que m\u00e1s [&hellip;]\" \/>\n<meta property=\"og:url\" content=\"https:\/\/laprensacristiana.com\/?p=5900\" \/>\n<meta property=\"og:site_name\" content=\"La Prensa Cristiana\" \/>\n<meta property=\"article:published_time\" content=\"2019-05-24T19:49:16+00:00\" \/>\n<meta property=\"article:modified_time\" content=\"2019-05-24T19:49:18+00:00\" \/>\n<meta property=\"og:image\" content=\"https:\/\/laprensacristiana.com\/wp-content\/uploads\/2019\/05\/60454887_2306367142934233_1890348719107211264_n.png\" \/>\n\t<meta property=\"og:image:width\" content=\"940\" \/>\n\t<meta property=\"og:image:height\" content=\"788\" \/>\n\t<meta property=\"og:image:type\" content=\"image\/png\" \/>\n<meta name=\"author\" content=\"EDITOR\" \/>\n<meta name=\"twitter:card\" content=\"summary_large_image\" \/>\n<meta name=\"twitter:label1\" content=\"Escrito por\" \/>\n\t<meta name=\"twitter:data1\" content=\"EDITOR\" \/>\n\t<meta name=\"twitter:label2\" content=\"Tiempo de lectura\" \/>\n\t<meta name=\"twitter:data2\" content=\"1 minuto\" \/>\n<script type=\"application\/ld+json\" class=\"yoast-schema-graph\">{\"@context\":\"https:\/\/schema.org\",\"@graph\":[{\"@type\":\"WebPage\",\"@id\":\"https:\/\/laprensacristiana.com\/?p=5900\",\"url\":\"https:\/\/laprensacristiana.com\/?p=5900\",\"name\":\"Comic No Temas - La Prensa Cristiana\",\"isPartOf\":{\"@id\":\"https:\/\/laprensacristiana.com\/#website\"},\"datePublished\":\"2019-05-24T19:49:16+00:00\",\"dateModified\":\"2019-05-24T19:49:18+00:00\",\"author\":{\"@id\":\"https:\/\/laprensacristiana.com\/#\/schema\/person\/3e7d82c6bfd6b1fa67010f8f7cd5256e\"},\"breadcrumb\":{\"@id\":\"https:\/\/laprensacristiana.com\/?p=5900#breadcrumb\"},\"inLanguage\":\"es\",\"potentialAction\":[{\"@type\":\"ReadAction\",\"target\":[\"https:\/\/laprensacristiana.com\/?p=5900\"]}]},{\"@type\":\"BreadcrumbList\",\"@id\":\"https:\/\/laprensacristiana.com\/?p=5900#breadcrumb\",\"itemListElement\":[{\"@type\":\"ListItem\",\"position\":1,\"name\":\"Portada\",\"item\":\"https:\/\/laprensacristiana.com\/\"},{\"@type\":\"ListItem\",\"position\":2,\"name\":\"Comic No Temas\"}]},{\"@type\":\"WebSite\",\"@id\":\"https:\/\/laprensacristiana.com\/#website\",\"url\":\"https:\/\/laprensacristiana.com\/\",\"name\":\"La Prensa Cristiana\",\"description\":\"Anunciando Las Buenas Nuevas\",\"potentialAction\":[{\"@type\":\"SearchAction\",\"target\":{\"@type\":\"EntryPoint\",\"urlTemplate\":\"https:\/\/laprensacristiana.com\/?s={search_term_string}\"},\"query-input\":\"required name=search_term_string\"}],\"inLanguage\":\"es\"},{\"@type\":\"Person\",\"@id\":\"https:\/\/laprensacristiana.com\/#\/schema\/person\/3e7d82c6bfd6b1fa67010f8f7cd5256e\",\"name\":\"EDITOR\",\"image\":{\"@type\":\"ImageObject\",\"inLanguage\":\"es\",\"@id\":\"https:\/\/laprensacristiana.com\/#\/schema\/person\/image\/\",\"url\":\"https:\/\/secure.gravatar.com\/avatar\/72069dfb6c13772d9e8381e3638666d2?s=96&d=mm&r=g\",\"contentUrl\":\"https:\/\/secure.gravatar.com\/avatar\/72069dfb6c13772d9e8381e3638666d2?s=96&d=mm&r=g\",\"caption\":\"EDITOR\"},\"url\":\"https:\/\/laprensacristiana.com\/?author=3\"}]}<\/script>\n<!-- \/ Yoast SEO plugin. -->","yoast_head_json":{"title":"Comic No Temas - La Prensa Cristiana","robots":{"index":"index","follow":"follow","max-snippet":"max-snippet:-1","max-image-preview":"max-image-preview:large","max-video-preview":"max-video-preview:-1"},"canonical":"https:\/\/laprensacristiana.com\/?p=5900","og_locale":"es_ES","og_type":"article","og_title":"Comic No Temas - La Prensa Cristiana","og_description":"Sociedades B\u00edblicas de El Salvador hizo una evangelizaci\u00f3n a ni\u00f1os de la Comunidad Primero de Diciembre en Soyapango, donde asistieron 45 ni\u00f1os que recibieron la palabra de Dios a trav\u00e9s del comic \u00abNo temas\u00bb. En una publicaci\u00f3n reciente a trav\u00e9s de sus redes sociales, Sociedades B\u00edblicas de El Salvador se pronunci\u00f3 diciendo: \u201cDeseamos que m\u00e1s [&hellip;]","og_url":"https:\/\/laprensacristiana.com\/?p=5900","og_site_name":"La Prensa Cristiana","article_published_time":"2019-05-24T19:49:16+00:00","article_modified_time":"2019-05-24T19:49:18+00:00","og_image":[{"width":940,"height":788,"url":"https:\/\/laprensacristiana.com\/wp-content\/uploads\/2019\/05\/60454887_2306367142934233_1890348719107211264_n.png","type":"image\/png"}],"author":"EDITOR","twitter_card":"summary_large_image","twitter_misc":{"Escrito por":"EDITOR","Tiempo de lectura":"1 minuto"},"schema":{"@context":"https:\/\/schema.org","@graph":[{"@type":"WebPage","@id":"https:\/\/laprensacristiana.com\/?p=5900","url":"https:\/\/laprensacristiana.com\/?p=5900","name":"Comic No Temas - La Prensa Cristiana","isPartOf":{"@id":"https:\/\/laprensacristiana.com\/#website"},"datePublished":"2019-05-24T19:49:16+00:00","dateModified":"2019-05-24T19:49:18+00:00","author":{"@id":"https:\/\/laprensacristiana.com\/#\/schema\/person\/3e7d82c6bfd6b1fa67010f8f7cd5256e"},"breadcrumb":{"@id":"https:\/\/laprensacristiana.com\/?p=5900#breadcrumb"},"inLanguage":"es","potentialAction":[{"@type":"ReadAction","target":["https:\/\/laprensacristiana.com\/?p=5900"]}]},{"@type":"BreadcrumbList","@id":"https:\/\/laprensacristiana.com\/?p=5900#breadcrumb","itemListElement":[{"@type":"ListItem","position":1,"name":"Portada","item":"https:\/\/laprensacristiana.com\/"},{"@type":"ListItem","position":2,"name":"Comic No Temas"}]},{"@type":"WebSite","@id":"https:\/\/laprensacristiana.com\/#website","url":"https:\/\/laprensacristiana.com\/","name":"La Prensa Cristiana","description":"Anunciando Las Buenas Nuevas","potentialAction":[{"@type":"SearchAction","target":{"@type":"EntryPoint","urlTemplate":"https:\/\/laprensacristiana.com\/?s={search_term_string}"},"query-input":"required name=search_term_string"}],"inLanguage":"es"},{"@type":"Person","@id":"https:\/\/laprensacristiana.com\/#\/schema\/person\/3e7d82c6bfd6b1fa67010f8f7cd5256e","name":"EDITOR","image":{"@type":"ImageObject","inLanguage":"es","@id":"https:\/\/laprensacristiana.com\/#\/schema\/person\/image\/","url":"https:\/\/secure.gravatar.com\/avatar\/72069dfb6c13772d9e8381e3638666d2?s=96&d=mm&r=g","contentUrl":"https:\/\/secure.gravatar.com\/avatar\/72069dfb6c13772d9e8381e3638666d2?s=96&d=mm&r=g","caption":"EDITOR"},"url":"https:\/\/laprensacristiana.com\/?author=3"}]}},"_links":{"self":[{"href":"https:\/\/laprensacristiana.com\/index.php?rest_route=\/wp\/v2\/posts\/5900"}],"collection":[{"href":"https:\/\/laprensacristiana.com\/index.php?rest_route=\/wp\/v2\/posts"}],"about":[{"href":"https:\/\/laprensacristiana.com\/index.php?rest_route=\/wp\/v2\/types\/post"}],"author":[{"embeddable":true,"href":"https:\/\/laprensacristiana.com\/index.php?rest_route=\/wp\/v2\/users\/3"}],"replies":[{"embeddable":true,"href":"https:\/\/laprensacristiana.com\/index.php?rest_route=%2Fwp%2Fv2%2Fcomments&post=5900"}],"version-history":[{"count":1,"href":"https:\/\/laprensacristiana.com\/index.php?rest_route=\/wp\/v2\/posts\/5900\/revisions"}],"predecessor-version":[{"id":5903,"href":"https:\/\/laprensacristiana.com\/index.php?rest_route=\/wp\/v2\/posts\/5900\/revisions\/5903"}],"wp:featuredmedia":[{"embeddable":true,"href":"https:\/\/laprensacristiana.com\/index.php?rest_route=\/wp\/v2\/media\/5901"}],"wp:attachment":[{"href":"https:\/\/laprensacristiana.com\/index.php?rest_route=%2Fwp%2Fv2%2Fmedia&parent=5900"}],"wp:term":[{"taxonomy":"category","embeddable":true,"href":"https:\/\/laprensacristiana.com\/index.php?rest_route=%2Fwp%2Fv2%2Fcategories&post=5900"},{"taxonomy":"post_tag","embeddable":true,"href":"https:\/\/laprensacristiana.com\/index.php?rest_route=%2Fwp%2Fv2%2Ftags&post=5900"}],"curies":[{"name":"wp","href":"https:\/\/api.w.org\/{rel}","templated":true}]}}