{"id":5908,"date":"2019-05-27T15:51:34","date_gmt":"2019-05-27T15:51:34","guid":{"rendered":"https:\/\/laprensacristiana.com\/?p=5908"},"modified":"2019-05-27T15:53:57","modified_gmt":"2019-05-27T15:53:57","slug":"un-buen-hombre","status":"publish","type":"post","link":"https:\/\/laprensacristiana.com\/?p=5908","title":{"rendered":"Un buen nombre"},"content":{"rendered":"\n<p>G\u00e8nesis 12:2 \u201cY har\u00e9 de ti una naci\u00f3n\ngrande, y te bendecir\u00e9, y engrandecer\u00e9\ntu nombre, y ser\u00e1s bendici\u00f3n\u201d<\/p>\n\n\n\n<p>Bueno, \u00bfes importante entonces, un buen\nnombre? \u00bfQu\u00e9 tiene que ver un buen nombre con nosotros? Much\u00edsimo por supuesto.<\/p>\n\n\n\n<p>Una de las causas de por qu\u00e9 el Nombre del\nSe\u00f1or ha sido tan manchado a lo largo de los a\u00f1os es porque nosotros los que\nnos llamamos cristianos no lo hemos cuidado. No hemos representado Su Nombre\nconforme lo que \u00c8l es. Y hemos provocado que su Nombre sea ultrajado y\nmancillado. Se nos olvida que \u00c8l es tres veces Santo y que desea ser\nglorificado a trav\u00e9s de la conducta de sus hijos. Esto no es ning\u00fan misterio ya\nque nosotros mismos como padres deseamos ser honrados por nuestros hijos. Que\nnadie hable mal de nosotros por su mal comportamiento. Que no manchen nuestro\nnombre pues.<\/p>\n\n\n\n<p>Y aqu\u00ed es donde entra en juego la situaci\u00f3n\ndel mal nombre que muchos padres de familia le heredan a sus hijos. <\/p>\n\n\n\n<p>Violentos, pandilleros, corruptos, ad\u00falteros\ny muchas cosas m\u00e1s han provocado que su nombre sea un mal recuerdo en la\nsiguiente generaci\u00f3n. L\u00f3gicamente habr\u00e1 hijos que se averg\u00fcencen del apellido\nque llevan a causa de las malas acciones de sus padres. <\/p>\n\n\n\n<p>Hoy vemos en la Iglesia que muchos pastores\nno le est\u00e1n heredando un buen nombre a sus descendientes. Se comportaron de una\nforma tan carnal e hip\u00f3crita, fingieron ser ministros de Dios y en lo privado\nfueron otra cosa en su congregaci\u00f3n que la gente empez\u00f3 a darse cuenta de la\ndoble moral que viv\u00eda su l\u00edder o pastor. Ahora sus hijos heredan esa mala fama.\nHeredaron descr\u00e8dito. Desconfianza. Irrespeto. Todo por causa de que su padre\nno supo cuidar su nombre. <\/p>\n\n\n\n<p>El nombre es lo m\u00e1s valioso que tenemos\ndespu\u00e9s de nuestra palabra. Cuando yo declar\u00e9 que aceptaba a Jesus como mi\nSe\u00f1or y Salvador, en ese momento contraje un compromiso de vivir seg\u00fan sus\nnormas.&nbsp; Olvidarme de m\u00ed, olvidarme de\nmis m\u00e9todos, mis par\u00e1metros y cultura y adoptar las de Jesus para que hablaran\nbien de \u00c8l y otros quisieran aceptarlo de igual manera. Pero en el camino se me\nolvidaron las palabras de compromiso y empec\u00e9 a vivir de acuerdo a mis\nparadigmas humanos y rebaj\u00e9 mi palabra en consecuencia perd\u00ed el rumbo de mi\nconfesi\u00f3n y tuve que inventarme un estilo de vida que neg\u00f3 la verdad de Dios en\nmi conducta.<\/p>\n\n\n\n<p>El Se\u00f1or le prometi\u00f3 a Abraham que El iba a\nengrandecer su nombre. Y lo cumpli\u00f2. Hasta el d\u00eca de hoy Abraham es conocido\ncomo el amigo de Dios. Cuid\u00f3 mucho su relaci\u00f3n que aunque no fue perfecto, lo\nrepresent\u00f3 dignamente que muchos no se averg\u00fcenzan de ser llamados sus hijos.\nPablo lo confirma en una de sus cartas. Si soy de fe, soy hijo de Abraham. <\/p>\n\n\n\n<p>\u00bfQu\u00e9 nombre le estamos heredando a nuestros\nhijos? \u00bfNo se averg\u00fcenzan ellos de llamarse nuestros hijos o nietos? Todo mi\ninter\u00e9s en cuidarme y vivir con un est\u00e1ndar m\u00e1s alto que los dem\u00e1s es porque no\nquiero que ni mi esposa ni mis hijos se averg\u00fcencen de m\u00ed. Quiero que ellos se\nsientan satisfechos que en el Salvador su padre es un fiel representante del\nSe\u00f1or antes los dem\u00e1s. Quiero que me conozcan por mi conducta no perfecta pero\ns\u00ed bajo las normas b\u00edblicas de santidad y respeto para que ellos no tengan que\nbajar la vista cuando les pregunten si son familiares de un tal Berges que vive\nen el Salvador.<\/p>\n\n\n\n<p>Legarles un buen nombre a nuestros\ndescendientes es importante para que el linaje no se pierda. Para que nuestro\nsacerdocio realmente sea del agrado del Se\u00f1or que nos llam\u00f3 a servirle como\nrepresentantes y embajadores de su Reino. <\/p>\n\n\n\n<p>He tenido el privilegio de criar a siete\nhijos que el Se\u00f1or me encargo. Tres fueron adoptivos. Todos son cristianos.\nTodos sirven al Se\u00f1or en sus iglesias. Todos son temerosos del Se\u00f1or. Todos\nllevan mi sello personal. Todos fueron ense\u00f1ados en el respeto al Nombre de\nDios y al de ellos mismos. Fueron ense\u00f1ados que lo mejor que les pude haber\ndejado fue un buen nombre para que a pesar que el tiempo transcurra y yo vaya\nenvejeciendo, ellos sepan que tuvieron un tutor que se esmer\u00f2 por dejarles un\nbuen ejemplo de vida para que lo transmitieran a su siguiente generaci\u00f3n. <\/p>\n\n\n\n<p>Padre, es cierto: su esposa es importante y\nvital para la formaci\u00f3n del hogar, pero usted debe saber que es sobre usted, el\nhombre de la casa, sobre qui\u00e9n recae la responsabilidad de heredarles un buen\nnombre a sus hijos. Le guste o no, lo crea o no, para eso fue usted formado\nhombre. <\/p>\n","protected":false},"excerpt":{"rendered":"<p>G\u00e8nesis 12:2 \u201cY har\u00e9 de ti una naci\u00f3n grande, y te bendecir\u00e9, y engrandecer\u00e9 tu nombre, y ser\u00e1s bendici\u00f3n\u201d Bueno, \u00bfes importante entonces, un buen nombre? \u00bfQu\u00e9 tiene que ver un buen nombre con nosotros? Much\u00edsimo por supuesto. Una de las causas de por qu\u00e9 el Nombre del Se\u00f1or ha sido tan manchado a lo [&hellip;]<\/p>\n","protected":false},"author":3,"featured_media":5592,"comment_status":"open","ping_status":"open","sticky":false,"template":"","format":"standard","meta":[],"categories":[36],"tags":[],"yoast_head":"<!-- This site is optimized with the Yoast SEO plugin v20.8 - https:\/\/yoast.com\/wordpress\/plugins\/seo\/ -->\n<title>Un buen nombre - La Prensa Cristiana<\/title>\n<meta name=\"robots\" content=\"index, follow, max-snippet:-1, max-image-preview:large, max-video-preview:-1\" \/>\n<link rel=\"canonical\" href=\"https:\/\/laprensacristiana.com\/?p=5908\" \/>\n<meta property=\"og:locale\" content=\"es_ES\" \/>\n<meta property=\"og:type\" content=\"article\" \/>\n<meta property=\"og:title\" content=\"Un buen nombre - La Prensa Cristiana\" \/>\n<meta property=\"og:description\" content=\"G\u00e8nesis 12:2 \u201cY har\u00e9 de ti una naci\u00f3n grande, y te bendecir\u00e9, y engrandecer\u00e9 tu nombre, y ser\u00e1s bendici\u00f3n\u201d Bueno, \u00bfes importante entonces, un buen nombre? \u00bfQu\u00e9 tiene que ver un buen nombre con nosotros? Much\u00edsimo por supuesto. Una de las causas de por qu\u00e9 el Nombre del Se\u00f1or ha sido tan manchado a lo [&hellip;]\" \/>\n<meta property=\"og:url\" content=\"https:\/\/laprensacristiana.com\/?p=5908\" \/>\n<meta property=\"og:site_name\" content=\"La Prensa Cristiana\" \/>\n<meta property=\"article:published_time\" content=\"2019-05-27T15:51:34+00:00\" \/>\n<meta property=\"article:modified_time\" content=\"2019-05-27T15:53:57+00:00\" \/>\n<meta property=\"og:image\" content=\"https:\/\/laprensacristiana.com\/wp-content\/uploads\/2019\/04\/pastor-carlos.jpg\" \/>\n\t<meta property=\"og:image:width\" content=\"696\" \/>\n\t<meta property=\"og:image:height\" content=\"388\" \/>\n\t<meta property=\"og:image:type\" content=\"image\/jpeg\" \/>\n<meta name=\"author\" content=\"EDITOR\" \/>\n<meta name=\"twitter:card\" content=\"summary_large_image\" \/>\n<meta name=\"twitter:label1\" content=\"Escrito por\" \/>\n\t<meta name=\"twitter:data1\" content=\"EDITOR\" \/>\n\t<meta name=\"twitter:label2\" content=\"Tiempo de lectura\" \/>\n\t<meta name=\"twitter:data2\" content=\"4 minutos\" \/>\n<script type=\"application\/ld+json\" class=\"yoast-schema-graph\">{\"@context\":\"https:\/\/schema.org\",\"@graph\":[{\"@type\":\"WebPage\",\"@id\":\"https:\/\/laprensacristiana.com\/?p=5908\",\"url\":\"https:\/\/laprensacristiana.com\/?p=5908\",\"name\":\"Un buen nombre - La Prensa Cristiana\",\"isPartOf\":{\"@id\":\"https:\/\/laprensacristiana.com\/#website\"},\"datePublished\":\"2019-05-27T15:51:34+00:00\",\"dateModified\":\"2019-05-27T15:53:57+00:00\",\"author\":{\"@id\":\"https:\/\/laprensacristiana.com\/#\/schema\/person\/3e7d82c6bfd6b1fa67010f8f7cd5256e\"},\"breadcrumb\":{\"@id\":\"https:\/\/laprensacristiana.com\/?p=5908#breadcrumb\"},\"inLanguage\":\"es\",\"potentialAction\":[{\"@type\":\"ReadAction\",\"target\":[\"https:\/\/laprensacristiana.com\/?p=5908\"]}]},{\"@type\":\"BreadcrumbList\",\"@id\":\"https:\/\/laprensacristiana.com\/?p=5908#breadcrumb\",\"itemListElement\":[{\"@type\":\"ListItem\",\"position\":1,\"name\":\"Portada\",\"item\":\"https:\/\/laprensacristiana.com\/\"},{\"@type\":\"ListItem\",\"position\":2,\"name\":\"Un buen nombre\"}]},{\"@type\":\"WebSite\",\"@id\":\"https:\/\/laprensacristiana.com\/#website\",\"url\":\"https:\/\/laprensacristiana.com\/\",\"name\":\"La Prensa Cristiana\",\"description\":\"Anunciando Las Buenas Nuevas\",\"potentialAction\":[{\"@type\":\"SearchAction\",\"target\":{\"@type\":\"EntryPoint\",\"urlTemplate\":\"https:\/\/laprensacristiana.com\/?s={search_term_string}\"},\"query-input\":\"required name=search_term_string\"}],\"inLanguage\":\"es\"},{\"@type\":\"Person\",\"@id\":\"https:\/\/laprensacristiana.com\/#\/schema\/person\/3e7d82c6bfd6b1fa67010f8f7cd5256e\",\"name\":\"EDITOR\",\"image\":{\"@type\":\"ImageObject\",\"inLanguage\":\"es\",\"@id\":\"https:\/\/laprensacristiana.com\/#\/schema\/person\/image\/\",\"url\":\"https:\/\/secure.gravatar.com\/avatar\/72069dfb6c13772d9e8381e3638666d2?s=96&d=mm&r=g\",\"contentUrl\":\"https:\/\/secure.gravatar.com\/avatar\/72069dfb6c13772d9e8381e3638666d2?s=96&d=mm&r=g\",\"caption\":\"EDITOR\"},\"url\":\"https:\/\/laprensacristiana.com\/?author=3\"}]}<\/script>\n<!-- \/ Yoast SEO plugin. -->","yoast_head_json":{"title":"Un buen nombre - La Prensa Cristiana","robots":{"index":"index","follow":"follow","max-snippet":"max-snippet:-1","max-image-preview":"max-image-preview:large","max-video-preview":"max-video-preview:-1"},"canonical":"https:\/\/laprensacristiana.com\/?p=5908","og_locale":"es_ES","og_type":"article","og_title":"Un buen nombre - La Prensa Cristiana","og_description":"G\u00e8nesis 12:2 \u201cY har\u00e9 de ti una naci\u00f3n grande, y te bendecir\u00e9, y engrandecer\u00e9 tu nombre, y ser\u00e1s bendici\u00f3n\u201d Bueno, \u00bfes importante entonces, un buen nombre? \u00bfQu\u00e9 tiene que ver un buen nombre con nosotros? Much\u00edsimo por supuesto. Una de las causas de por qu\u00e9 el Nombre del Se\u00f1or ha sido tan manchado a lo [&hellip;]","og_url":"https:\/\/laprensacristiana.com\/?p=5908","og_site_name":"La Prensa Cristiana","article_published_time":"2019-05-27T15:51:34+00:00","article_modified_time":"2019-05-27T15:53:57+00:00","og_image":[{"width":696,"height":388,"url":"https:\/\/laprensacristiana.com\/wp-content\/uploads\/2019\/04\/pastor-carlos.jpg","type":"image\/jpeg"}],"author":"EDITOR","twitter_card":"summary_large_image","twitter_misc":{"Escrito por":"EDITOR","Tiempo de lectura":"4 minutos"},"schema":{"@context":"https:\/\/schema.org","@graph":[{"@type":"WebPage","@id":"https:\/\/laprensacristiana.com\/?p=5908","url":"https:\/\/laprensacristiana.com\/?p=5908","name":"Un buen nombre - La Prensa Cristiana","isPartOf":{"@id":"https:\/\/laprensacristiana.com\/#website"},"datePublished":"2019-05-27T15:51:34+00:00","dateModified":"2019-05-27T15:53:57+00:00","author":{"@id":"https:\/\/laprensacristiana.com\/#\/schema\/person\/3e7d82c6bfd6b1fa67010f8f7cd5256e"},"breadcrumb":{"@id":"https:\/\/laprensacristiana.com\/?p=5908#breadcrumb"},"inLanguage":"es","potentialAction":[{"@type":"ReadAction","target":["https:\/\/laprensacristiana.com\/?p=5908"]}]},{"@type":"BreadcrumbList","@id":"https:\/\/laprensacristiana.com\/?p=5908#breadcrumb","itemListElement":[{"@type":"ListItem","position":1,"name":"Portada","item":"https:\/\/laprensacristiana.com\/"},{"@type":"ListItem","position":2,"name":"Un buen nombre"}]},{"@type":"WebSite","@id":"https:\/\/laprensacristiana.com\/#website","url":"https:\/\/laprensacristiana.com\/","name":"La Prensa Cristiana","description":"Anunciando Las Buenas Nuevas","potentialAction":[{"@type":"SearchAction","target":{"@type":"EntryPoint","urlTemplate":"https:\/\/laprensacristiana.com\/?s={search_term_string}"},"query-input":"required name=search_term_string"}],"inLanguage":"es"},{"@type":"Person","@id":"https:\/\/laprensacristiana.com\/#\/schema\/person\/3e7d82c6bfd6b1fa67010f8f7cd5256e","name":"EDITOR","image":{"@type":"ImageObject","inLanguage":"es","@id":"https:\/\/laprensacristiana.com\/#\/schema\/person\/image\/","url":"https:\/\/secure.gravatar.com\/avatar\/72069dfb6c13772d9e8381e3638666d2?s=96&d=mm&r=g","contentUrl":"https:\/\/secure.gravatar.com\/avatar\/72069dfb6c13772d9e8381e3638666d2?s=96&d=mm&r=g","caption":"EDITOR"},"url":"https:\/\/laprensacristiana.com\/?author=3"}]}},"_links":{"self":[{"href":"https:\/\/laprensacristiana.com\/index.php?rest_route=\/wp\/v2\/posts\/5908"}],"collection":[{"href":"https:\/\/laprensacristiana.com\/index.php?rest_route=\/wp\/v2\/posts"}],"about":[{"href":"https:\/\/laprensacristiana.com\/index.php?rest_route=\/wp\/v2\/types\/post"}],"author":[{"embeddable":true,"href":"https:\/\/laprensacristiana.com\/index.php?rest_route=\/wp\/v2\/users\/3"}],"replies":[{"embeddable":true,"href":"https:\/\/laprensacristiana.com\/index.php?rest_route=%2Fwp%2Fv2%2Fcomments&post=5908"}],"version-history":[{"count":2,"href":"https:\/\/laprensacristiana.com\/index.php?rest_route=\/wp\/v2\/posts\/5908\/revisions"}],"predecessor-version":[{"id":5910,"href":"https:\/\/laprensacristiana.com\/index.php?rest_route=\/wp\/v2\/posts\/5908\/revisions\/5910"}],"wp:featuredmedia":[{"embeddable":true,"href":"https:\/\/laprensacristiana.com\/index.php?rest_route=\/wp\/v2\/media\/5592"}],"wp:attachment":[{"href":"https:\/\/laprensacristiana.com\/index.php?rest_route=%2Fwp%2Fv2%2Fmedia&parent=5908"}],"wp:term":[{"taxonomy":"category","embeddable":true,"href":"https:\/\/laprensacristiana.com\/index.php?rest_route=%2Fwp%2Fv2%2Fcategories&post=5908"},{"taxonomy":"post_tag","embeddable":true,"href":"https:\/\/laprensacristiana.com\/index.php?rest_route=%2Fwp%2Fv2%2Ftags&post=5908"}],"curies":[{"name":"wp","href":"https:\/\/api.w.org\/{rel}","templated":true}]}}