{"id":5921,"date":"2019-05-27T23:37:36","date_gmt":"2019-05-27T23:37:36","guid":{"rendered":"https:\/\/laprensacristiana.com\/?p=5921"},"modified":"2019-05-27T23:37:41","modified_gmt":"2019-05-27T23:37:41","slug":"ellos-son-como-tu-los-balcanes","status":"publish","type":"post","link":"https:\/\/laprensacristiana.com\/?p=5921","title":{"rendered":"Ellos son como T\u00fa: \u201cLos Balcanes\u201d"},"content":{"rendered":"\n<p>\u201cLos latinoamericanos pueden ser muy\nefectivos en ministrar y alcanzar a personas de los pa\u00edses del sudeste de\nEuropa [&#8230;] porque entienden retos socioecon\u00f3micos como la pobreza, la injusticia,\nla corrupci\u00f3n y la falta de oportunidades en general\u201d<\/p>\n\n\n\n<p>Por: Tirza Mart\u00ednez&nbsp;&nbsp;&nbsp;&nbsp;&nbsp;&nbsp;&nbsp;&nbsp;&nbsp;&nbsp;&nbsp;&nbsp;&nbsp;&nbsp;&nbsp;&nbsp;&nbsp;&nbsp;&nbsp;&nbsp;&nbsp;&nbsp;&nbsp;&nbsp;&nbsp;&nbsp;&nbsp;&nbsp;&nbsp;&nbsp;&nbsp;&nbsp;&nbsp;&nbsp;&nbsp;&nbsp;&nbsp;&nbsp;&nbsp;&nbsp;&nbsp;&nbsp;&nbsp;&nbsp;&nbsp;&nbsp;&nbsp;&nbsp;&nbsp;&nbsp;&nbsp;&nbsp;&nbsp;&nbsp;&nbsp;&nbsp;&nbsp;&nbsp;&nbsp;&nbsp;&nbsp;&nbsp;&nbsp;&nbsp;&nbsp;&nbsp;&nbsp;&nbsp;&nbsp;&nbsp;&nbsp;&nbsp;&nbsp;&nbsp;&nbsp;&nbsp;&nbsp;&nbsp;&nbsp;&nbsp;&nbsp;&nbsp;&nbsp;&nbsp;&nbsp;&nbsp;&nbsp;&nbsp;&nbsp;&nbsp;&nbsp;&nbsp;&nbsp;&nbsp;&nbsp;&nbsp;&nbsp;&nbsp;&nbsp;&nbsp;&nbsp;&nbsp;&nbsp;&nbsp;&nbsp;&nbsp;&nbsp;&nbsp;&nbsp;&nbsp;&nbsp;&nbsp;&nbsp;&nbsp;&nbsp;&nbsp;&nbsp;&nbsp;&nbsp;&nbsp;&nbsp;&nbsp;&nbsp;&nbsp;&nbsp;&nbsp;&nbsp;&nbsp;&nbsp;&nbsp;&nbsp;&nbsp;&nbsp;&nbsp;&nbsp;&nbsp;&nbsp;&nbsp;&nbsp;&nbsp;&nbsp;&nbsp;&nbsp;&nbsp;&nbsp;&nbsp;&nbsp;&nbsp;&nbsp;&nbsp;&nbsp;&nbsp;&nbsp;&nbsp;&nbsp;&nbsp;&nbsp;&nbsp;&nbsp;&nbsp;&nbsp;&nbsp;&nbsp;&nbsp;&nbsp;&nbsp;&nbsp;&nbsp;&nbsp;&nbsp;\n&nbsp;&nbsp;&nbsp;&nbsp;&nbsp;&nbsp;&nbsp;&nbsp;Redacci\u00f3n de OM El\nSalvador<\/p>\n\n\n\n<p>Hace unas semanas se comparti\u00f3 a trav\u00e9s de\neste medio la visi\u00f3n de OM (Operaci\u00f3n Movilizaci\u00f3n) en Latinoam\u00e9rica,\ndenominada \u201cEllos son como T\u00fa\u201d, &nbsp;la cual\nconsiste en explorar las similitudes que existen entre las culturas del Norte\nde \u00c1frica, o bien el Sudeste Asi\u00e1tico y la cultura en Am\u00e9rica Latina &nbsp;a pesar de la distancia geogr\u00e1fica, pol\u00edtica o\nsocial. <\/p>\n\n\n\n<p>La meta de la nueva visi\u00f3n de OM consiste &nbsp;en: Enviar 2000 latinos a trabajar entre los\nmenos alcanzados para el 2028.<a href=\"#_ftn1\">[1]<\/a><\/p>\n\n\n\n<p>Este art\u00edculo es el primero de una serie de cinco entregas que se enfocar\u00e1n en las regiones de env\u00edo de \u201cEllos son como T\u00fa\u201d. Las \u00a0zonas geogr\u00e1ficas en cuesti\u00f3n son equivalentes a lo que la iglesia reconoce como La ventana 10\/40.<\/p>\n\n\n\n<p>En total son cinco \u00e1reas: los Balcanes,\nSudeste Asi\u00e1tico y el Pac\u00edfico, Asia Central y Oeste, Medio Oriente y Norte de\n\u00c1frica, y la Pen\u00ednsula Ar\u00e1bica.<\/p>\n\n\n\n<p>En esta oportunidad conocer\u00e1 sobre los Balcanes, ubicados en Europa del Este. Esta regi\u00f3n comprende una superficie total de m\u00e1s de 550,000\u00a0km\u00b2 y tiene una poblaci\u00f3n de casi 53 millones de habitantes. Su nombre proviene de la cadena monta\u00f1osa hom\u00f3nima en turco, situada en el centro de Bulgaria.<a href=\"#_ftn2\">[2]<\/a><\/p>\n\n\n\n<figure class=\"wp-block-image\"><img decoding=\"async\" loading=\"lazy\" width=\"1024\" height=\"725\" src=\"https:\/\/laprensacristiana.com\/wp-content\/uploads\/2019\/05\/Europa-Balcanes-Yugoslavia-Etnias-Eslovenia-Croacia-Serbia-Bosnia-y-Herzegovina-Montenegro-Kosovo-Albania-Macedonia-Mapa-1310x928-1024x725.png\" alt=\"\" class=\"wp-image-5922\" srcset=\"https:\/\/laprensacristiana.com\/wp-content\/uploads\/2019\/05\/Europa-Balcanes-Yugoslavia-Etnias-Eslovenia-Croacia-Serbia-Bosnia-y-Herzegovina-Montenegro-Kosovo-Albania-Macedonia-Mapa-1310x928-1024x725.png 1024w, https:\/\/laprensacristiana.com\/wp-content\/uploads\/2019\/05\/Europa-Balcanes-Yugoslavia-Etnias-Eslovenia-Croacia-Serbia-Bosnia-y-Herzegovina-Montenegro-Kosovo-Albania-Macedonia-Mapa-1310x928-600x425.png 600w, https:\/\/laprensacristiana.com\/wp-content\/uploads\/2019\/05\/Europa-Balcanes-Yugoslavia-Etnias-Eslovenia-Croacia-Serbia-Bosnia-y-Herzegovina-Montenegro-Kosovo-Albania-Macedonia-Mapa-1310x928-300x213.png 300w, https:\/\/laprensacristiana.com\/wp-content\/uploads\/2019\/05\/Europa-Balcanes-Yugoslavia-Etnias-Eslovenia-Croacia-Serbia-Bosnia-y-Herzegovina-Montenegro-Kosovo-Albania-Macedonia-Mapa-1310x928-768x544.png 768w, https:\/\/laprensacristiana.com\/wp-content\/uploads\/2019\/05\/Europa-Balcanes-Yugoslavia-Etnias-Eslovenia-Croacia-Serbia-Bosnia-y-Herzegovina-Montenegro-Kosovo-Albania-Macedonia-Mapa-1310x928-100x70.png 100w, https:\/\/laprensacristiana.com\/wp-content\/uploads\/2019\/05\/Europa-Balcanes-Yugoslavia-Etnias-Eslovenia-Croacia-Serbia-Bosnia-y-Herzegovina-Montenegro-Kosovo-Albania-Macedonia-Mapa-1310x928-696x493.png 696w, https:\/\/laprensacristiana.com\/wp-content\/uploads\/2019\/05\/Europa-Balcanes-Yugoslavia-Etnias-Eslovenia-Croacia-Serbia-Bosnia-y-Herzegovina-Montenegro-Kosovo-Albania-Macedonia-Mapa-1310x928-1068x757.png 1068w, https:\/\/laprensacristiana.com\/wp-content\/uploads\/2019\/05\/Europa-Balcanes-Yugoslavia-Etnias-Eslovenia-Croacia-Serbia-Bosnia-y-Herzegovina-Montenegro-Kosovo-Albania-Macedonia-Mapa-1310x928-593x420.png 593w, https:\/\/laprensacristiana.com\/wp-content\/uploads\/2019\/05\/Europa-Balcanes-Yugoslavia-Etnias-Eslovenia-Croacia-Serbia-Bosnia-y-Herzegovina-Montenegro-Kosovo-Albania-Macedonia-Mapa-1310x928.png 1310w\" sizes=\"(max-width: 1024px) 100vw, 1024px\" \/><figcaption>Tomado de <a href=\"https:\/\/elordenmundial.com\/mapas\/el-mosaico-etnico-de-los-balcanes\/\">https:\/\/elordenmundial.com\/mapas\/el-mosaico-etnico-de-los-balcanes\/<\/a>, del art\u00edculo <em>\u201cEl mosaico \u00e9tnico de los Balcanes\u201d<\/em> <\/figcaption><\/figure>\n\n\n<p>La Pen\u00ednsula Balc\u00e1nica, como tambi\u00e9n se le conoce, administrativamente pertenece a los Estados de Albania, Bosnia y Herzegovina, Bulgaria, Croacia, Eslovenia, Grecia, Italia, Macedonia del Norte, Montenegro, Rumania, Serbia y la regi\u00f3n turca de Tracia Oriental. La historia de la regi\u00f3n est\u00e1 caracterizada por las frecuentes divisiones y subdivisiones de los Estados desde la segunda mitad del siglo XIX, esto ha dado origen al concepto de \u00abbalcanizaci\u00f3n\u00bb que se aplica, incluso, a territorios muy distantes de los Balcanes, se refiere a la divisi\u00f3n generalmente violenta y artificial de los pa\u00edses que integran la regi\u00f3n.<\/p>\n<p>De acuerdo a la Agencia de la ONU (Organizaci\u00f3n de las Naciones Unidas) para los Refugiados, el 12 de noviembre de 2001, despu\u00e9s de casi 11 a\u00f1os de conflicto, termin\u00f3 por fin la llamada guerra de los Balcanes o guerras Yugoslavas. Decenas de miles de personas perdieron la vida en los dos grupos de guerras que se sucedieron en la pen\u00ednsula balc\u00e1nica convirti\u00e9ndose en un crimen de lesa humanidad y en <a href=\"https:\/\/eacnur.org\/es\/actualidad\/noticias\/emergencias\/los-mayores-conflictos-belicos-de-la-historia\">uno de los mayores conflictos b\u00e9licos de nuestra historia<\/a>.<\/p>\n<p>Este panorama hist\u00f3rico, permite diagnosticar que tipo de cultura y sociedad envuelve a los Balcanes. Por lo tanto, esto facilita a la comunidad cristiana\u00a0 dise\u00f1ar un m\u00e9todo efectivo para compartir el plan de salvaci\u00f3n en esta parte del mundo.<\/p>\n<p>All\u00ed, OM se enfoca en cuatro pa\u00edses, cuya poblaci\u00f3n combinada es de 25 millones; 72% se identifican como ortodoxos, 19% como musulmanes, 5% con otras filiaciones religiosas y 4% son cristianos evang\u00e9licos. El ministerio en estos pa\u00edses se enfoca en el discipulado y la plantaci\u00f3n de iglesias.<\/p>\n<p>Con el fin de crear relaciones y conexiones con la gente en el \u00e1rea de los Balcanes, los equipos utilizan expresiones art\u00edsticas como la m\u00fasica y las actividades creativas para atraer a las personas. Una de las principales formas en que las amistades se desarrollan y crecen en esta \u00e1rea es a trav\u00e9s de reunirse con la gente para una taza de caf\u00e9 o un plato caliente de alimentos.<\/p>\n<p><br \/><br \/><!--StartFragment--><\/p>\n\n\n<p> Para ser parte de estos programas es necesario saber Ingl\u00e9s, tambi\u00e9n hay disponible un curso de idiomas de seis meses.<\/p>\n\n\n\n<figure class=\"wp-block-image\"><img decoding=\"async\" loading=\"lazy\" width=\"1000\" height=\"750\" src=\"https:\/\/laprensacristiana.com\/wp-content\/uploads\/2019\/05\/m61524-1.jpg\" alt=\"\" class=\"wp-image-5923\" srcset=\"https:\/\/laprensacristiana.com\/wp-content\/uploads\/2019\/05\/m61524-1.jpg 1000w, https:\/\/laprensacristiana.com\/wp-content\/uploads\/2019\/05\/m61524-1-600x450.jpg 600w, https:\/\/laprensacristiana.com\/wp-content\/uploads\/2019\/05\/m61524-1-300x225.jpg 300w, https:\/\/laprensacristiana.com\/wp-content\/uploads\/2019\/05\/m61524-1-768x576.jpg 768w, https:\/\/laprensacristiana.com\/wp-content\/uploads\/2019\/05\/m61524-1-80x60.jpg 80w, https:\/\/laprensacristiana.com\/wp-content\/uploads\/2019\/05\/m61524-1-265x198.jpg 265w, https:\/\/laprensacristiana.com\/wp-content\/uploads\/2019\/05\/m61524-1-696x522.jpg 696w, https:\/\/laprensacristiana.com\/wp-content\/uploads\/2019\/05\/m61524-1-560x420.jpg 560w\" sizes=\"(max-width: 1000px) 100vw, 1000px\" \/><figcaption><br><strong>Los participantes de \u2018Journey to the North\u2019<\/strong> (un ministerio de discipulado itinerante) junto con miembros de una iglesia local y ni\u00f1os locales oran durante un evento de un d\u00eda para ni\u00f1os en el norte de Albania monta\u00f1oso. <br><br><br><\/figcaption><\/figure>\n\n\n\n<p>Un latino entre los Balcanes<\/p>\n\n\n\n<p>En 2011, un costarricense de 29 a\u00f1os se\nbaj\u00f3 del avi\u00f3n con grandes esperanzas; reci\u00e9n hab\u00eda aterrizado en\nBosnia-Herzegovina, un pa\u00eds en el \u00e1rea de los Balcanes en el sudeste europeo,\npara servir como misionero, dispuesto a servir en lo que fuera necesario. Por\ncuatro a\u00f1os se involucr\u00f3 en una variedad de ministerios incluyendo la\nplantaci\u00f3n de iglesias, apoyo a congregaciones locales y en proyectos de\nalabanza.<\/p>\n\n\n\n<p>Tambi\u00e9n motiv\u00f3 a j\u00f3venes bosnios a unirse a\nTeenStreet Europe (un ministerio de OM), ense\u00f1\u00f3 espa\u00f1ol como segundo idioma y sirvi\u00f3\nen medio de la crisis de refugiados en los pa\u00edses vecinos. <\/p>\n\n\n\n<p>Rafael not\u00f3 muchas fortalezas y ventajas de\nser un latino en la regi\u00f3n de los Balcanes: \u201cLos latinoamericanos pueden ser\nmuy efectivos en ministrar y alcanzar a personas de los pa\u00edses del sudeste de\nEuropa; no s\u00f3lo por sus muchas semejanzas culturales como el ser relacionales,\napasionados hinchas furibundos de f\u00fatbol y por tener un relajado estilo de\nvida; sino tambi\u00e9n porque entienden retos socioecon\u00f3micos como la pobreza, la\ninjusticia, la corrupci\u00f3n y la falta de oportunidades en general. Esto hace que\nel proceso de adaptaci\u00f3n cultural sea m\u00e1s f\u00e1cil para los latinos.\u201d<\/p>\n\n\n\n<p>\u201cMi oraci\u00f3n es que m\u00e1s latinos se unan al\nesfuerzo de alcanzar a los musulmanes europeos y a la gente ortodoxa en la\nregi\u00f3n de los Balcanes. Veo la gran puerta que Dios est\u00e1 abriendo en esta \u00e1rea\npara testificarles a muchos musulmanes \u00e1rabes que vienen a Europa como refugiados.\nEstoy seguro de que este es realmente el tiempo para que la iglesia\nlatinoamericana se movilice y empiece a enviar m\u00e1s gente a estos campos.\u201d<a href=\"#_ftn1\">[1]<\/a><\/p>\n\n\n\n<p>Sin duda, para este latino, la\ncompatibilidad entre culturas es una herramienta \u00fatil para acercarse,\nestablecer lazos de comunicaci\u00f3n e inspirar confianza. <\/p>\n\n\n\n<p>La historia de Rafael es capaz de conmover\nla sensibilidad del creyente, sin embargo eso no es suficiente, es necesario\navanzar y llevar esa sensibilidad al siguiente nivel, a la empat\u00eda y &nbsp;convicci\u00f3n. Los Balcanes a pesar de ser una\nregi\u00f3n golpeada por crisis pol\u00edticas, sociales y raciales, todav\u00eda posee la\noportunidad de ser alcanzada para Cristo. <\/p>\n\n\n\n<p>\u00danete a la causa, termina la tarea\u2026es una\nde las insignias con las que OM motiva a sus voluntarios y colaboradores a\ncontinuar en la carrera donde el \u00fanico ganador es Jes\u00fas, \u00a1Proclama su nombre\nentre las naciones!<br><\/p>\n\n\n\n<hr class=\"wp-block-separator\"\/>\n\n\n\n<p><a href=\"#_ftnref1\">[1]<\/a> Testimonio extra\u00eddo de la revista \u201cEllos son como T\u00fa\u201d, Operaci\u00f3n Movilizaci\u00f3n Latinoam\u00e9rica, 2018.<\/p>\n\n\n\n<p>[1]\nTestimonio extra\u00eddo de la revista \u201cEllos son como T\u00fa\u201d, Operaci\u00f3n Movilizaci\u00f3n\nLatinoam\u00e9rica, 2018.<\/p>\n\n\n\n<figure class=\"wp-block-image\"><img decoding=\"async\" loading=\"lazy\" width=\"1000\" height=\"750\" src=\"https:\/\/laprensacristiana.com\/wp-content\/uploads\/2019\/05\/m61515.jpg\" alt=\"\" class=\"wp-image-5924\" srcset=\"https:\/\/laprensacristiana.com\/wp-content\/uploads\/2019\/05\/m61515.jpg 1000w, https:\/\/laprensacristiana.com\/wp-content\/uploads\/2019\/05\/m61515-600x450.jpg 600w, https:\/\/laprensacristiana.com\/wp-content\/uploads\/2019\/05\/m61515-300x225.jpg 300w, https:\/\/laprensacristiana.com\/wp-content\/uploads\/2019\/05\/m61515-768x576.jpg 768w, https:\/\/laprensacristiana.com\/wp-content\/uploads\/2019\/05\/m61515-80x60.jpg 80w, https:\/\/laprensacristiana.com\/wp-content\/uploads\/2019\/05\/m61515-265x198.jpg 265w, https:\/\/laprensacristiana.com\/wp-content\/uploads\/2019\/05\/m61515-696x522.jpg 696w, https:\/\/laprensacristiana.com\/wp-content\/uploads\/2019\/05\/m61515-560x420.jpg 560w\" sizes=\"(max-width: 1000px) 100vw, 1000px\" \/><figcaption><br> <strong>El grupo itinerante de discipulado<\/strong> dirige un campamento de ni\u00f1os en el norte monta\u00f1oso de Albania. <\/figcaption><\/figure>\n\n\n\n<p>Para m\u00e1s informaci\u00f3n\nescriba al correo: <a href=\"mailto:contacto.es.sv@om.org\">contacto.es.sv@om.org<\/a> <\/p>\n\n\n\n<p>B\u00fasquenos en Facebook\ncomo: OM El Salvador.<\/p>\n","protected":false},"excerpt":{"rendered":"<p>\u201cLos latinoamericanos pueden ser muy efectivos en ministrar y alcanzar a personas de los pa\u00edses del sudeste de Europa [&#8230;] porque entienden retos socioecon\u00f3micos como la pobreza, la injusticia, la corrupci\u00f3n y la falta de oportunidades en general\u201d Por: Tirza Mart\u00ednez&nbsp;&nbsp;&nbsp;&nbsp;&nbsp;&nbsp;&nbsp;&nbsp;&nbsp;&nbsp;&nbsp;&nbsp;&nbsp;&nbsp;&nbsp;&nbsp;&nbsp;&nbsp;&nbsp;&nbsp;&nbsp;&nbsp;&nbsp;&nbsp;&nbsp;&nbsp;&nbsp;&nbsp;&nbsp;&nbsp;&nbsp;&nbsp;&nbsp;&nbsp;&nbsp;&nbsp;&nbsp;&nbsp;&nbsp;&nbsp;&nbsp;&nbsp;&nbsp;&nbsp;&nbsp;&nbsp;&nbsp;&nbsp;&nbsp;&nbsp;&nbsp;&nbsp;&nbsp;&nbsp;&nbsp;&nbsp;&nbsp;&nbsp;&nbsp;&nbsp;&nbsp;&nbsp;&nbsp;&nbsp;&nbsp;&nbsp;&nbsp;&nbsp;&nbsp;&nbsp;&nbsp;&nbsp;&nbsp;&nbsp;&nbsp;&nbsp;&nbsp;&nbsp;&nbsp;&nbsp;&nbsp;&nbsp;&nbsp;&nbsp;&nbsp;&nbsp;&nbsp;&nbsp;&nbsp;&nbsp;&nbsp;&nbsp;&nbsp;&nbsp;&nbsp;&nbsp;&nbsp;&nbsp;&nbsp;&nbsp;&nbsp;&nbsp;&nbsp;&nbsp;&nbsp;&nbsp;&nbsp;&nbsp;&nbsp;&nbsp;&nbsp;&nbsp;&nbsp;&nbsp;&nbsp;&nbsp;&nbsp;&nbsp;&nbsp;&nbsp;&nbsp;&nbsp;&nbsp;&nbsp;&nbsp;&nbsp;&nbsp;&nbsp;&nbsp;&nbsp;&nbsp;&nbsp;&nbsp;&nbsp;&nbsp;&nbsp;&nbsp;&nbsp;&nbsp;&nbsp;&nbsp;&nbsp;&nbsp;&nbsp;&nbsp;&nbsp;&nbsp;&nbsp;&nbsp;&nbsp;&nbsp;&nbsp;&nbsp;&nbsp;&nbsp;&nbsp;&nbsp;&nbsp;&nbsp;&nbsp;&nbsp;&nbsp;&nbsp;&nbsp;&nbsp;&nbsp;&nbsp;&nbsp;&nbsp;&nbsp; &nbsp;&nbsp;&nbsp;&nbsp;&nbsp;&nbsp;&nbsp;&nbsp;Redacci\u00f3n de OM El Salvador Hace unas semanas se comparti\u00f3 a trav\u00e9s de este [&hellip;]<\/p>\n","protected":false},"author":3,"featured_media":5923,"comment_status":"open","ping_status":"open","sticky":false,"template":"","format":"standard","meta":[],"categories":[57],"tags":[],"yoast_head":"<!-- This site is optimized with the Yoast SEO plugin v20.8 - https:\/\/yoast.com\/wordpress\/plugins\/seo\/ -->\n<title>Ellos son como T\u00fa: \u201cLos Balcanes\u201d - La Prensa Cristiana<\/title>\n<meta name=\"robots\" content=\"index, follow, max-snippet:-1, max-image-preview:large, max-video-preview:-1\" \/>\n<link rel=\"canonical\" href=\"https:\/\/laprensacristiana.com\/?p=5921\" \/>\n<meta property=\"og:locale\" content=\"es_ES\" \/>\n<meta property=\"og:type\" content=\"article\" \/>\n<meta property=\"og:title\" content=\"Ellos son como T\u00fa: \u201cLos Balcanes\u201d - La Prensa Cristiana\" \/>\n<meta property=\"og:description\" content=\"\u201cLos latinoamericanos pueden ser muy efectivos en ministrar y alcanzar a personas de los pa\u00edses del sudeste de Europa [&#8230;] porque entienden retos socioecon\u00f3micos como la pobreza, la injusticia, la corrupci\u00f3n y la falta de oportunidades en general\u201d Por: Tirza Mart\u00ednez&nbsp;&nbsp;&nbsp;&nbsp;&nbsp;&nbsp;&nbsp;&nbsp;&nbsp;&nbsp;&nbsp;&nbsp;&nbsp;&nbsp;&nbsp;&nbsp;&nbsp;&nbsp;&nbsp;&nbsp;&nbsp;&nbsp;&nbsp;&nbsp;&nbsp;&nbsp;&nbsp;&nbsp;&nbsp;&nbsp;&nbsp;&nbsp;&nbsp;&nbsp;&nbsp;&nbsp;&nbsp;&nbsp;&nbsp;&nbsp;&nbsp;&nbsp;&nbsp;&nbsp;&nbsp;&nbsp;&nbsp;&nbsp;&nbsp;&nbsp;&nbsp;&nbsp;&nbsp;&nbsp;&nbsp;&nbsp;&nbsp;&nbsp;&nbsp;&nbsp;&nbsp;&nbsp;&nbsp;&nbsp;&nbsp;&nbsp;&nbsp;&nbsp;&nbsp;&nbsp;&nbsp;&nbsp;&nbsp;&nbsp;&nbsp;&nbsp;&nbsp;&nbsp;&nbsp;&nbsp;&nbsp;&nbsp;&nbsp;&nbsp;&nbsp;&nbsp;&nbsp;&nbsp;&nbsp;&nbsp;&nbsp;&nbsp;&nbsp;&nbsp;&nbsp;&nbsp;&nbsp;&nbsp;&nbsp;&nbsp;&nbsp;&nbsp;&nbsp;&nbsp;&nbsp;&nbsp;&nbsp;&nbsp;&nbsp;&nbsp;&nbsp;&nbsp;&nbsp;&nbsp;&nbsp;&nbsp;&nbsp;&nbsp;&nbsp;&nbsp;&nbsp;&nbsp;&nbsp;&nbsp;&nbsp;&nbsp;&nbsp;&nbsp;&nbsp;&nbsp;&nbsp;&nbsp;&nbsp;&nbsp;&nbsp;&nbsp;&nbsp;&nbsp;&nbsp;&nbsp;&nbsp;&nbsp;&nbsp;&nbsp;&nbsp;&nbsp;&nbsp;&nbsp;&nbsp;&nbsp;&nbsp;&nbsp;&nbsp;&nbsp;&nbsp;&nbsp;&nbsp;&nbsp;&nbsp;&nbsp;&nbsp;&nbsp;&nbsp;&nbsp;&nbsp;&nbsp;&nbsp;&nbsp;&nbsp;&nbsp; &nbsp;&nbsp;&nbsp;&nbsp;&nbsp;&nbsp;&nbsp;&nbsp;Redacci\u00f3n de OM El Salvador Hace unas semanas se comparti\u00f3 a trav\u00e9s de este [&hellip;]\" \/>\n<meta property=\"og:url\" content=\"https:\/\/laprensacristiana.com\/?p=5921\" \/>\n<meta property=\"og:site_name\" content=\"La Prensa Cristiana\" \/>\n<meta property=\"article:published_time\" content=\"2019-05-27T23:37:36+00:00\" \/>\n<meta property=\"article:modified_time\" content=\"2019-05-27T23:37:41+00:00\" \/>\n<meta property=\"og:image\" content=\"https:\/\/laprensacristiana.com\/wp-content\/uploads\/2019\/05\/m61524-1.jpg\" \/>\n\t<meta property=\"og:image:width\" content=\"1000\" \/>\n\t<meta property=\"og:image:height\" content=\"750\" \/>\n\t<meta property=\"og:image:type\" content=\"image\/jpeg\" \/>\n<meta name=\"author\" content=\"EDITOR\" \/>\n<meta name=\"twitter:card\" content=\"summary_large_image\" \/>\n<meta name=\"twitter:label1\" content=\"Escrito por\" \/>\n\t<meta name=\"twitter:data1\" content=\"EDITOR\" \/>\n\t<meta name=\"twitter:label2\" content=\"Tiempo de lectura\" \/>\n\t<meta name=\"twitter:data2\" content=\"7 minutos\" \/>\n<script type=\"application\/ld+json\" class=\"yoast-schema-graph\">{\"@context\":\"https:\/\/schema.org\",\"@graph\":[{\"@type\":\"WebPage\",\"@id\":\"https:\/\/laprensacristiana.com\/?p=5921\",\"url\":\"https:\/\/laprensacristiana.com\/?p=5921\",\"name\":\"Ellos son como T\u00fa: \u201cLos Balcanes\u201d - La Prensa Cristiana\",\"isPartOf\":{\"@id\":\"https:\/\/laprensacristiana.com\/#website\"},\"datePublished\":\"2019-05-27T23:37:36+00:00\",\"dateModified\":\"2019-05-27T23:37:41+00:00\",\"author\":{\"@id\":\"https:\/\/laprensacristiana.com\/#\/schema\/person\/3e7d82c6bfd6b1fa67010f8f7cd5256e\"},\"breadcrumb\":{\"@id\":\"https:\/\/laprensacristiana.com\/?p=5921#breadcrumb\"},\"inLanguage\":\"es\",\"potentialAction\":[{\"@type\":\"ReadAction\",\"target\":[\"https:\/\/laprensacristiana.com\/?p=5921\"]}]},{\"@type\":\"BreadcrumbList\",\"@id\":\"https:\/\/laprensacristiana.com\/?p=5921#breadcrumb\",\"itemListElement\":[{\"@type\":\"ListItem\",\"position\":1,\"name\":\"Portada\",\"item\":\"https:\/\/laprensacristiana.com\/\"},{\"@type\":\"ListItem\",\"position\":2,\"name\":\"Ellos son como T\u00fa: \u201cLos Balcanes\u201d\"}]},{\"@type\":\"WebSite\",\"@id\":\"https:\/\/laprensacristiana.com\/#website\",\"url\":\"https:\/\/laprensacristiana.com\/\",\"name\":\"La Prensa Cristiana\",\"description\":\"Anunciando Las Buenas Nuevas\",\"potentialAction\":[{\"@type\":\"SearchAction\",\"target\":{\"@type\":\"EntryPoint\",\"urlTemplate\":\"https:\/\/laprensacristiana.com\/?s={search_term_string}\"},\"query-input\":\"required name=search_term_string\"}],\"inLanguage\":\"es\"},{\"@type\":\"Person\",\"@id\":\"https:\/\/laprensacristiana.com\/#\/schema\/person\/3e7d82c6bfd6b1fa67010f8f7cd5256e\",\"name\":\"EDITOR\",\"image\":{\"@type\":\"ImageObject\",\"inLanguage\":\"es\",\"@id\":\"https:\/\/laprensacristiana.com\/#\/schema\/person\/image\/\",\"url\":\"https:\/\/secure.gravatar.com\/avatar\/72069dfb6c13772d9e8381e3638666d2?s=96&d=mm&r=g\",\"contentUrl\":\"https:\/\/secure.gravatar.com\/avatar\/72069dfb6c13772d9e8381e3638666d2?s=96&d=mm&r=g\",\"caption\":\"EDITOR\"},\"url\":\"https:\/\/laprensacristiana.com\/?author=3\"}]}<\/script>\n<!-- \/ Yoast SEO plugin. -->","yoast_head_json":{"title":"Ellos son como T\u00fa: \u201cLos Balcanes\u201d - La Prensa Cristiana","robots":{"index":"index","follow":"follow","max-snippet":"max-snippet:-1","max-image-preview":"max-image-preview:large","max-video-preview":"max-video-preview:-1"},"canonical":"https:\/\/laprensacristiana.com\/?p=5921","og_locale":"es_ES","og_type":"article","og_title":"Ellos son como T\u00fa: \u201cLos Balcanes\u201d - La Prensa Cristiana","og_description":"\u201cLos latinoamericanos pueden ser muy efectivos en ministrar y alcanzar a personas de los pa\u00edses del sudeste de Europa [&#8230;] porque entienden retos socioecon\u00f3micos como la pobreza, la injusticia, la corrupci\u00f3n y la falta de oportunidades en general\u201d Por: Tirza Mart\u00ednez&nbsp;&nbsp;&nbsp;&nbsp;&nbsp;&nbsp;&nbsp;&nbsp;&nbsp;&nbsp;&nbsp;&nbsp;&nbsp;&nbsp;&nbsp;&nbsp;&nbsp;&nbsp;&nbsp;&nbsp;&nbsp;&nbsp;&nbsp;&nbsp;&nbsp;&nbsp;&nbsp;&nbsp;&nbsp;&nbsp;&nbsp;&nbsp;&nbsp;&nbsp;&nbsp;&nbsp;&nbsp;&nbsp;&nbsp;&nbsp;&nbsp;&nbsp;&nbsp;&nbsp;&nbsp;&nbsp;&nbsp;&nbsp;&nbsp;&nbsp;&nbsp;&nbsp;&nbsp;&nbsp;&nbsp;&nbsp;&nbsp;&nbsp;&nbsp;&nbsp;&nbsp;&nbsp;&nbsp;&nbsp;&nbsp;&nbsp;&nbsp;&nbsp;&nbsp;&nbsp;&nbsp;&nbsp;&nbsp;&nbsp;&nbsp;&nbsp;&nbsp;&nbsp;&nbsp;&nbsp;&nbsp;&nbsp;&nbsp;&nbsp;&nbsp;&nbsp;&nbsp;&nbsp;&nbsp;&nbsp;&nbsp;&nbsp;&nbsp;&nbsp;&nbsp;&nbsp;&nbsp;&nbsp;&nbsp;&nbsp;&nbsp;&nbsp;&nbsp;&nbsp;&nbsp;&nbsp;&nbsp;&nbsp;&nbsp;&nbsp;&nbsp;&nbsp;&nbsp;&nbsp;&nbsp;&nbsp;&nbsp;&nbsp;&nbsp;&nbsp;&nbsp;&nbsp;&nbsp;&nbsp;&nbsp;&nbsp;&nbsp;&nbsp;&nbsp;&nbsp;&nbsp;&nbsp;&nbsp;&nbsp;&nbsp;&nbsp;&nbsp;&nbsp;&nbsp;&nbsp;&nbsp;&nbsp;&nbsp;&nbsp;&nbsp;&nbsp;&nbsp;&nbsp;&nbsp;&nbsp;&nbsp;&nbsp;&nbsp;&nbsp;&nbsp;&nbsp;&nbsp;&nbsp;&nbsp;&nbsp;&nbsp;&nbsp;&nbsp;&nbsp;&nbsp;&nbsp;&nbsp;&nbsp;&nbsp;&nbsp; &nbsp;&nbsp;&nbsp;&nbsp;&nbsp;&nbsp;&nbsp;&nbsp;Redacci\u00f3n de OM El Salvador Hace unas semanas se comparti\u00f3 a trav\u00e9s de este [&hellip;]","og_url":"https:\/\/laprensacristiana.com\/?p=5921","og_site_name":"La Prensa Cristiana","article_published_time":"2019-05-27T23:37:36+00:00","article_modified_time":"2019-05-27T23:37:41+00:00","og_image":[{"width":1000,"height":750,"url":"https:\/\/laprensacristiana.com\/wp-content\/uploads\/2019\/05\/m61524-1.jpg","type":"image\/jpeg"}],"author":"EDITOR","twitter_card":"summary_large_image","twitter_misc":{"Escrito por":"EDITOR","Tiempo de lectura":"7 minutos"},"schema":{"@context":"https:\/\/schema.org","@graph":[{"@type":"WebPage","@id":"https:\/\/laprensacristiana.com\/?p=5921","url":"https:\/\/laprensacristiana.com\/?p=5921","name":"Ellos son como T\u00fa: \u201cLos Balcanes\u201d - La Prensa Cristiana","isPartOf":{"@id":"https:\/\/laprensacristiana.com\/#website"},"datePublished":"2019-05-27T23:37:36+00:00","dateModified":"2019-05-27T23:37:41+00:00","author":{"@id":"https:\/\/laprensacristiana.com\/#\/schema\/person\/3e7d82c6bfd6b1fa67010f8f7cd5256e"},"breadcrumb":{"@id":"https:\/\/laprensacristiana.com\/?p=5921#breadcrumb"},"inLanguage":"es","potentialAction":[{"@type":"ReadAction","target":["https:\/\/laprensacristiana.com\/?p=5921"]}]},{"@type":"BreadcrumbList","@id":"https:\/\/laprensacristiana.com\/?p=5921#breadcrumb","itemListElement":[{"@type":"ListItem","position":1,"name":"Portada","item":"https:\/\/laprensacristiana.com\/"},{"@type":"ListItem","position":2,"name":"Ellos son como T\u00fa: \u201cLos Balcanes\u201d"}]},{"@type":"WebSite","@id":"https:\/\/laprensacristiana.com\/#website","url":"https:\/\/laprensacristiana.com\/","name":"La Prensa Cristiana","description":"Anunciando Las Buenas Nuevas","potentialAction":[{"@type":"SearchAction","target":{"@type":"EntryPoint","urlTemplate":"https:\/\/laprensacristiana.com\/?s={search_term_string}"},"query-input":"required name=search_term_string"}],"inLanguage":"es"},{"@type":"Person","@id":"https:\/\/laprensacristiana.com\/#\/schema\/person\/3e7d82c6bfd6b1fa67010f8f7cd5256e","name":"EDITOR","image":{"@type":"ImageObject","inLanguage":"es","@id":"https:\/\/laprensacristiana.com\/#\/schema\/person\/image\/","url":"https:\/\/secure.gravatar.com\/avatar\/72069dfb6c13772d9e8381e3638666d2?s=96&d=mm&r=g","contentUrl":"https:\/\/secure.gravatar.com\/avatar\/72069dfb6c13772d9e8381e3638666d2?s=96&d=mm&r=g","caption":"EDITOR"},"url":"https:\/\/laprensacristiana.com\/?author=3"}]}},"_links":{"self":[{"href":"https:\/\/laprensacristiana.com\/index.php?rest_route=\/wp\/v2\/posts\/5921"}],"collection":[{"href":"https:\/\/laprensacristiana.com\/index.php?rest_route=\/wp\/v2\/posts"}],"about":[{"href":"https:\/\/laprensacristiana.com\/index.php?rest_route=\/wp\/v2\/types\/post"}],"author":[{"embeddable":true,"href":"https:\/\/laprensacristiana.com\/index.php?rest_route=\/wp\/v2\/users\/3"}],"replies":[{"embeddable":true,"href":"https:\/\/laprensacristiana.com\/index.php?rest_route=%2Fwp%2Fv2%2Fcomments&post=5921"}],"version-history":[{"count":1,"href":"https:\/\/laprensacristiana.com\/index.php?rest_route=\/wp\/v2\/posts\/5921\/revisions"}],"predecessor-version":[{"id":5925,"href":"https:\/\/laprensacristiana.com\/index.php?rest_route=\/wp\/v2\/posts\/5921\/revisions\/5925"}],"wp:featuredmedia":[{"embeddable":true,"href":"https:\/\/laprensacristiana.com\/index.php?rest_route=\/wp\/v2\/media\/5923"}],"wp:attachment":[{"href":"https:\/\/laprensacristiana.com\/index.php?rest_route=%2Fwp%2Fv2%2Fmedia&parent=5921"}],"wp:term":[{"taxonomy":"category","embeddable":true,"href":"https:\/\/laprensacristiana.com\/index.php?rest_route=%2Fwp%2Fv2%2Fcategories&post=5921"},{"taxonomy":"post_tag","embeddable":true,"href":"https:\/\/laprensacristiana.com\/index.php?rest_route=%2Fwp%2Fv2%2Ftags&post=5921"}],"curies":[{"name":"wp","href":"https:\/\/api.w.org\/{rel}","templated":true}]}}