{"id":5935,"date":"2019-05-29T14:50:27","date_gmt":"2019-05-29T14:50:27","guid":{"rendered":"https:\/\/laprensacristiana.com\/?p=5935"},"modified":"2019-05-29T15:08:04","modified_gmt":"2019-05-29T15:08:04","slug":"fraternidad-hispana-mundial-de-las-asambleas-de-dios-realiza-1er-foro-en-el-salvador","status":"publish","type":"post","link":"https:\/\/laprensacristiana.com\/?p=5935","title":{"rendered":"Fraternidad Hispana Mundial de las Asambleas de Dios realiza 1er foro en Guatemala"},"content":{"rendered":"\n<p>Por: Pep Martinez \/ Corresponsal de Frahmad<\/p>\n\n\n\n<p>El pasado jueves 23 de mayo, concluy\u00f3 el 1er. Foro Centroamericano de FRAHMAD (Fraternidad Hispana mundial de las Asambleas de Dios) denominado \u201cRevitalizando nuestro Pentecostalismo\u201d; tres d\u00edas impactantes llenos de contenido edificante a los 157 asistentes de m\u00e1s de 12 pa\u00edses, resaltando la comitiva salvadore\u00f1a con 45 representantes. Se cont\u00f3 con expositores de alto nivel, elocuentes, estudiados y servidores de Cristo los cuales se enfocaron en mostrar un panorama de la actual y triste condici\u00f3n de este mundo. Desafiaron con las palabras de Cristo quien nos dice, yo les env\u00edo al mundo como corderos en medio de lobos.  <\/p>\n\n\n\n<p>Por su parte el Superintendente de Guatemala Miguel \u00c1ngel Monterroso dijo: \u201cLos huesos secos que necesitan vida del Esp\u00edritu son primeramente los nuestros, esta generaci\u00f3n espera la manifestaci\u00f3n de verdaderos hijos de Dios\u201d. La iglesia no est\u00e1 para cambiar al mundo; Pero si el destino de las personas expres\u00f3 en una de las conferencias Juan Carlos Escobar (Superintendente de Espa\u00f1a); por su parte Ricardo Castillo (presidente de FRAHMAD) dijo: Si nos quedamos sin buscar que cada cristiano sea lleno del Esp\u00edritu Santo, no seremos pentecostales, s\u00f3lo nos quedaremos con costales. <\/p>\n\n\n\n<p>Los congregados fueron desafiados para decir \u00abpresente\u00bb en un mundo en crisis donde Dios ser\u00e1 engrandecido. <\/p>\n\n\n\n<p>\u00abLa sociedad quiere progresar basando su cultura totalmente independiente de Dios. Esta epidemia espiritual tiene un ant\u00eddoto, \u00abLa luz resplandece en las tinieblas, y las tinieblas no prevalecieron contra ella.\u00bb (Juan 1.5) fue un foro en donde no solo hubo Palabra sino tambi\u00e9n alabanza y oraci\u00f3n por cada pa\u00eds representado, se anunci\u00f3 que ya se est\u00e1 planeado el 2\u00b0 foro de FRADMAD en donde el \u00fanico objetivo de este evento ser\u00e1 empoderar a nuestros lideres para desarrollar la buena obra a la cual hemos sido enviados\u00bb expres\u00f3, el organizador de este primer foro Centroamericano, Roberto Brenes.<\/p>\n\n\n\n<p>Dicho foro cerro con la firma de un compromiso, asumido por parte de los Superintendentes de Centroam\u00e9rica; del cual podemos resaltar los siguientes numerales:<\/p>\n\n\n\n<ol><li>Cumplir la tarea suprema de Evangelizaci\u00f3n y el hacer disc\u00edpulos como prioridad en el quehacer de la iglesia expres\u00e1ndose a trav\u00e9s de un movimiento de plantaci\u00f3n de nuevas iglesias desde cada comunidad y hasta lo \u00faltimo de la tierra.<\/li><li>Asumimos con responsabilidad la urgencia de la renovaci\u00f3n espiritual de Ministro y de la iglesia a trav\u00e9s de nuestras ra\u00edces pentecostales.<\/li><li>Nos comprometemos a cuidar del planeta, defender la familia, la vida de los indefensos<\/li><li>Asumimos el compromiso de asumir de promover el relevo Generacional d\u00e1ndole espacio a las nuevas generaciones en las mesas de Liderazgo y en acciones conjuntas.<\/li><li>Declaramos a la ni\u00f1ez y a la adolescencia en estado de emergencia, por lo tanto nos comprometemos a hacer inversiones intencionales para alcanzarlos, discipularlos y proveerles experiencias pentecostales que afirmen su compromiso cristiano.<\/li><li>Incorporar a nuestras agendas nacionales, las iniciativas que fueron propuestas en la discusi\u00f3n del foro.<\/li><\/ol>\n\n\n\n<figure class=\"wp-block-image\"><img decoding=\"async\" loading=\"lazy\" width=\"1024\" height=\"667\" src=\"https:\/\/laprensacristiana.com\/wp-content\/uploads\/2019\/05\/IMG_0857-1-1024x667.jpg\" alt=\"\" class=\"wp-image-5936\" srcset=\"https:\/\/laprensacristiana.com\/wp-content\/uploads\/2019\/05\/IMG_0857-1-1024x667.jpg 1024w, https:\/\/laprensacristiana.com\/wp-content\/uploads\/2019\/05\/IMG_0857-1-600x391.jpg 600w, https:\/\/laprensacristiana.com\/wp-content\/uploads\/2019\/05\/IMG_0857-1-300x195.jpg 300w, https:\/\/laprensacristiana.com\/wp-content\/uploads\/2019\/05\/IMG_0857-1-768x500.jpg 768w, https:\/\/laprensacristiana.com\/wp-content\/uploads\/2019\/05\/IMG_0857-1-696x453.jpg 696w, https:\/\/laprensacristiana.com\/wp-content\/uploads\/2019\/05\/IMG_0857-1-1068x696.jpg 1068w, https:\/\/laprensacristiana.com\/wp-content\/uploads\/2019\/05\/IMG_0857-1-645x420.jpg 645w, https:\/\/laprensacristiana.com\/wp-content\/uploads\/2019\/05\/IMG_0857-1.jpg 1179w\" sizes=\"(max-width: 1024px) 100vw, 1024px\" \/><\/figure>\n","protected":false},"excerpt":{"rendered":"<p>Por: Pep Martinez \/ Corresponsal de Frahmad El pasado jueves 23 de mayo, concluy\u00f3 el 1er. Foro Centroamericano de FRAHMAD (Fraternidad Hispana mundial de las Asambleas de Dios) denominado \u201cRevitalizando nuestro Pentecostalismo\u201d; tres d\u00edas impactantes llenos de contenido edificante a los 157 asistentes de m\u00e1s de 12 pa\u00edses, resaltando la comitiva salvadore\u00f1a con 45 representantes. [&hellip;]<\/p>\n","protected":false},"author":3,"featured_media":5932,"comment_status":"open","ping_status":"open","sticky":false,"template":"","format":"standard","meta":[],"categories":[56],"tags":[],"yoast_head":"<!-- This site is optimized with the Yoast SEO plugin v20.8 - https:\/\/yoast.com\/wordpress\/plugins\/seo\/ -->\n<title>Fraternidad Hispana Mundial de las Asambleas de Dios realiza 1er foro en Guatemala - La Prensa Cristiana<\/title>\n<meta name=\"robots\" content=\"index, follow, max-snippet:-1, max-image-preview:large, max-video-preview:-1\" \/>\n<link rel=\"canonical\" href=\"https:\/\/laprensacristiana.com\/?p=5935\" \/>\n<meta property=\"og:locale\" content=\"es_ES\" \/>\n<meta property=\"og:type\" content=\"article\" \/>\n<meta property=\"og:title\" content=\"Fraternidad Hispana Mundial de las Asambleas de Dios realiza 1er foro en Guatemala - La Prensa Cristiana\" \/>\n<meta property=\"og:description\" content=\"Por: Pep Martinez \/ Corresponsal de Frahmad El pasado jueves 23 de mayo, concluy\u00f3 el 1er. Foro Centroamericano de FRAHMAD (Fraternidad Hispana mundial de las Asambleas de Dios) denominado \u201cRevitalizando nuestro Pentecostalismo\u201d; tres d\u00edas impactantes llenos de contenido edificante a los 157 asistentes de m\u00e1s de 12 pa\u00edses, resaltando la comitiva salvadore\u00f1a con 45 representantes. [&hellip;]\" \/>\n<meta property=\"og:url\" content=\"https:\/\/laprensacristiana.com\/?p=5935\" \/>\n<meta property=\"og:site_name\" content=\"La Prensa Cristiana\" \/>\n<meta property=\"article:published_time\" content=\"2019-05-29T14:50:27+00:00\" \/>\n<meta property=\"article:modified_time\" content=\"2019-05-29T15:08:04+00:00\" \/>\n<meta property=\"og:image\" content=\"https:\/\/laprensacristiana.com\/wp-content\/uploads\/2019\/05\/IMG_0987-scaled.jpg\" \/>\n\t<meta property=\"og:image:width\" content=\"2560\" \/>\n\t<meta property=\"og:image:height\" content=\"1506\" \/>\n\t<meta property=\"og:image:type\" content=\"image\/jpeg\" \/>\n<meta name=\"author\" content=\"EDITOR\" \/>\n<meta name=\"twitter:card\" content=\"summary_large_image\" \/>\n<meta name=\"twitter:label1\" content=\"Escrito por\" \/>\n\t<meta name=\"twitter:data1\" content=\"EDITOR\" \/>\n\t<meta name=\"twitter:label2\" content=\"Tiempo de lectura\" \/>\n\t<meta name=\"twitter:data2\" content=\"2 minutos\" \/>\n<script type=\"application\/ld+json\" class=\"yoast-schema-graph\">{\"@context\":\"https:\/\/schema.org\",\"@graph\":[{\"@type\":\"WebPage\",\"@id\":\"https:\/\/laprensacristiana.com\/?p=5935\",\"url\":\"https:\/\/laprensacristiana.com\/?p=5935\",\"name\":\"Fraternidad Hispana Mundial de las Asambleas de Dios realiza 1er foro en Guatemala - La Prensa Cristiana\",\"isPartOf\":{\"@id\":\"https:\/\/laprensacristiana.com\/#website\"},\"datePublished\":\"2019-05-29T14:50:27+00:00\",\"dateModified\":\"2019-05-29T15:08:04+00:00\",\"author\":{\"@id\":\"https:\/\/laprensacristiana.com\/#\/schema\/person\/3e7d82c6bfd6b1fa67010f8f7cd5256e\"},\"breadcrumb\":{\"@id\":\"https:\/\/laprensacristiana.com\/?p=5935#breadcrumb\"},\"inLanguage\":\"es\",\"potentialAction\":[{\"@type\":\"ReadAction\",\"target\":[\"https:\/\/laprensacristiana.com\/?p=5935\"]}]},{\"@type\":\"BreadcrumbList\",\"@id\":\"https:\/\/laprensacristiana.com\/?p=5935#breadcrumb\",\"itemListElement\":[{\"@type\":\"ListItem\",\"position\":1,\"name\":\"Portada\",\"item\":\"https:\/\/laprensacristiana.com\/\"},{\"@type\":\"ListItem\",\"position\":2,\"name\":\"Fraternidad Hispana Mundial de las Asambleas de Dios realiza 1er foro en Guatemala\"}]},{\"@type\":\"WebSite\",\"@id\":\"https:\/\/laprensacristiana.com\/#website\",\"url\":\"https:\/\/laprensacristiana.com\/\",\"name\":\"La Prensa Cristiana\",\"description\":\"Anunciando Las Buenas Nuevas\",\"potentialAction\":[{\"@type\":\"SearchAction\",\"target\":{\"@type\":\"EntryPoint\",\"urlTemplate\":\"https:\/\/laprensacristiana.com\/?s={search_term_string}\"},\"query-input\":\"required name=search_term_string\"}],\"inLanguage\":\"es\"},{\"@type\":\"Person\",\"@id\":\"https:\/\/laprensacristiana.com\/#\/schema\/person\/3e7d82c6bfd6b1fa67010f8f7cd5256e\",\"name\":\"EDITOR\",\"image\":{\"@type\":\"ImageObject\",\"inLanguage\":\"es\",\"@id\":\"https:\/\/laprensacristiana.com\/#\/schema\/person\/image\/\",\"url\":\"https:\/\/secure.gravatar.com\/avatar\/72069dfb6c13772d9e8381e3638666d2?s=96&d=mm&r=g\",\"contentUrl\":\"https:\/\/secure.gravatar.com\/avatar\/72069dfb6c13772d9e8381e3638666d2?s=96&d=mm&r=g\",\"caption\":\"EDITOR\"},\"url\":\"https:\/\/laprensacristiana.com\/?author=3\"}]}<\/script>\n<!-- \/ Yoast SEO plugin. -->","yoast_head_json":{"title":"Fraternidad Hispana Mundial de las Asambleas de Dios realiza 1er foro en Guatemala - La Prensa Cristiana","robots":{"index":"index","follow":"follow","max-snippet":"max-snippet:-1","max-image-preview":"max-image-preview:large","max-video-preview":"max-video-preview:-1"},"canonical":"https:\/\/laprensacristiana.com\/?p=5935","og_locale":"es_ES","og_type":"article","og_title":"Fraternidad Hispana Mundial de las Asambleas de Dios realiza 1er foro en Guatemala - La Prensa Cristiana","og_description":"Por: Pep Martinez \/ Corresponsal de Frahmad El pasado jueves 23 de mayo, concluy\u00f3 el 1er. Foro Centroamericano de FRAHMAD (Fraternidad Hispana mundial de las Asambleas de Dios) denominado \u201cRevitalizando nuestro Pentecostalismo\u201d; tres d\u00edas impactantes llenos de contenido edificante a los 157 asistentes de m\u00e1s de 12 pa\u00edses, resaltando la comitiva salvadore\u00f1a con 45 representantes. [&hellip;]","og_url":"https:\/\/laprensacristiana.com\/?p=5935","og_site_name":"La Prensa Cristiana","article_published_time":"2019-05-29T14:50:27+00:00","article_modified_time":"2019-05-29T15:08:04+00:00","og_image":[{"width":2560,"height":1506,"url":"https:\/\/laprensacristiana.com\/wp-content\/uploads\/2019\/05\/IMG_0987-scaled.jpg","type":"image\/jpeg"}],"author":"EDITOR","twitter_card":"summary_large_image","twitter_misc":{"Escrito por":"EDITOR","Tiempo de lectura":"2 minutos"},"schema":{"@context":"https:\/\/schema.org","@graph":[{"@type":"WebPage","@id":"https:\/\/laprensacristiana.com\/?p=5935","url":"https:\/\/laprensacristiana.com\/?p=5935","name":"Fraternidad Hispana Mundial de las Asambleas de Dios realiza 1er foro en Guatemala - La Prensa Cristiana","isPartOf":{"@id":"https:\/\/laprensacristiana.com\/#website"},"datePublished":"2019-05-29T14:50:27+00:00","dateModified":"2019-05-29T15:08:04+00:00","author":{"@id":"https:\/\/laprensacristiana.com\/#\/schema\/person\/3e7d82c6bfd6b1fa67010f8f7cd5256e"},"breadcrumb":{"@id":"https:\/\/laprensacristiana.com\/?p=5935#breadcrumb"},"inLanguage":"es","potentialAction":[{"@type":"ReadAction","target":["https:\/\/laprensacristiana.com\/?p=5935"]}]},{"@type":"BreadcrumbList","@id":"https:\/\/laprensacristiana.com\/?p=5935#breadcrumb","itemListElement":[{"@type":"ListItem","position":1,"name":"Portada","item":"https:\/\/laprensacristiana.com\/"},{"@type":"ListItem","position":2,"name":"Fraternidad Hispana Mundial de las Asambleas de Dios realiza 1er foro en Guatemala"}]},{"@type":"WebSite","@id":"https:\/\/laprensacristiana.com\/#website","url":"https:\/\/laprensacristiana.com\/","name":"La Prensa Cristiana","description":"Anunciando Las Buenas Nuevas","potentialAction":[{"@type":"SearchAction","target":{"@type":"EntryPoint","urlTemplate":"https:\/\/laprensacristiana.com\/?s={search_term_string}"},"query-input":"required name=search_term_string"}],"inLanguage":"es"},{"@type":"Person","@id":"https:\/\/laprensacristiana.com\/#\/schema\/person\/3e7d82c6bfd6b1fa67010f8f7cd5256e","name":"EDITOR","image":{"@type":"ImageObject","inLanguage":"es","@id":"https:\/\/laprensacristiana.com\/#\/schema\/person\/image\/","url":"https:\/\/secure.gravatar.com\/avatar\/72069dfb6c13772d9e8381e3638666d2?s=96&d=mm&r=g","contentUrl":"https:\/\/secure.gravatar.com\/avatar\/72069dfb6c13772d9e8381e3638666d2?s=96&d=mm&r=g","caption":"EDITOR"},"url":"https:\/\/laprensacristiana.com\/?author=3"}]}},"_links":{"self":[{"href":"https:\/\/laprensacristiana.com\/index.php?rest_route=\/wp\/v2\/posts\/5935"}],"collection":[{"href":"https:\/\/laprensacristiana.com\/index.php?rest_route=\/wp\/v2\/posts"}],"about":[{"href":"https:\/\/laprensacristiana.com\/index.php?rest_route=\/wp\/v2\/types\/post"}],"author":[{"embeddable":true,"href":"https:\/\/laprensacristiana.com\/index.php?rest_route=\/wp\/v2\/users\/3"}],"replies":[{"embeddable":true,"href":"https:\/\/laprensacristiana.com\/index.php?rest_route=%2Fwp%2Fv2%2Fcomments&post=5935"}],"version-history":[{"count":4,"href":"https:\/\/laprensacristiana.com\/index.php?rest_route=\/wp\/v2\/posts\/5935\/revisions"}],"predecessor-version":[{"id":5941,"href":"https:\/\/laprensacristiana.com\/index.php?rest_route=\/wp\/v2\/posts\/5935\/revisions\/5941"}],"wp:featuredmedia":[{"embeddable":true,"href":"https:\/\/laprensacristiana.com\/index.php?rest_route=\/wp\/v2\/media\/5932"}],"wp:attachment":[{"href":"https:\/\/laprensacristiana.com\/index.php?rest_route=%2Fwp%2Fv2%2Fmedia&parent=5935"}],"wp:term":[{"taxonomy":"category","embeddable":true,"href":"https:\/\/laprensacristiana.com\/index.php?rest_route=%2Fwp%2Fv2%2Fcategories&post=5935"},{"taxonomy":"post_tag","embeddable":true,"href":"https:\/\/laprensacristiana.com\/index.php?rest_route=%2Fwp%2Fv2%2Ftags&post=5935"}],"curies":[{"name":"wp","href":"https:\/\/api.w.org\/{rel}","templated":true}]}}