{"id":5961,"date":"2019-06-03T15:40:49","date_gmt":"2019-06-03T15:40:49","guid":{"rendered":"https:\/\/laprensacristiana.com\/?p=5961"},"modified":"2019-06-03T15:40:51","modified_gmt":"2019-06-03T15:40:51","slug":"carta-al-nuevo-presidente","status":"publish","type":"post","link":"https:\/\/laprensacristiana.com\/?p=5961","title":{"rendered":"Carta al Nuevo Presidente"},"content":{"rendered":"\n<p>Por: Pastor Edgar L\u00f3pez Bertrand Jr. \/ Iglesia Bautista Amigos de Israel Central <\/p>\n\n\n\n<p>\u00a1Lleg\u00f3 el momento!<\/p>\n\n\n\n<p>Lleg\u00f3 la hora de brillar, lleg\u00f3 la hora de cumplir con todos aquellos que han cre\u00eddo y creyeron en este proyecto de Gobierno, hoy deja de ser un exitoso pol\u00edtico para convertirse en la esperanza para muchos y El Capit\u00e1n del barco donde navegamos todos.<\/p>\n\n\n\n<p>Lleg\u00f3 la hora de poner en alto el nombre de Dios, de su familia y de nuestro pa\u00eds El Salvador en el mundo; hoy est\u00e1 a cargo de nuestra Salud, Educaci\u00f3n y Desarrollo. No podemos dejarlo solo, es por ello que desde ya estamos orando por su vida y familia.<\/p>\n\n\n\n<p>Lleg\u00f3 la hora de hacer historia, cambios que son m\u00e1s que necesarios para poder dejar una buena herencia a nuestros hijos y nietos, su corta edad me genera confianza ya que tiene Nuevas Ideas a desarrollar y no con los mismos de siempre si no con un equipaso totalmente renovado en visi\u00f3n y misi\u00f3n.<\/p>\n\n\n\n<p>Lleg\u00f3 la hora de demostrar que el dinero alcanza cuando nadie roba, esto implica que el portal de transparencia y la rendici\u00f3n de cuentas tendr\u00e1n que ser b\u00e1sicos en estos 5 a\u00f1os de su gobierno. Estoy seguro que los empresarios nacionales e internacionales estar\u00e1n dispuestos a invertir en nuestro pa\u00eds por la seguridad que su plan de gobierno proyecta.<\/p>\n\n\n\n<p>Lleg\u00f3 la hora de hacer sentir a nuestros j\u00f3venes que El Salvador vale la pena, que no es necesario emigrar para poder alcanzar sus metas personales; ahora es cuando juntos podremos desarrollar una generaci\u00f3n de j\u00f3venes capaces de sostener a sus familias y sue\u00f1os particulares; esto ser\u00e1 posible si todos ponemos de nuestra parte. Presidente, \u00a1Adelante con valor!<\/p>\n\n\n\n<p>Lleg\u00f3 la hora de probar que sus cr\u00edticos y detractores estaban equivocados en sus an\u00e1lisis p\u00edrricos y llenos de dolo, ahora es cuando est\u00e1 hermosa maquinaria llamada sociedad necesita ser motivada por medio de seguridad, educaci\u00f3n y trasparencia, como tambi\u00e9n nuevas oportunidades de desarrollo y crecimiento personal. Juntos si podemos y con la ayuda de Dios ser\u00e1 posible.<\/p>\n\n\n\n<p>Lleg\u00f3 el momento de renunciar al orgullo, antagonismo y soberbia para dar lugar al entendimiento y perd\u00f3n, as\u00ed y solo as\u00ed, podremos avanzar a un buen ritmo y alcanzar nuestras metas como pa\u00eds y como familia. No se rinda Se\u00f1or Presidente, no permita que la cr\u00edtica le robe el tiempo y la Paz de sus proyectos y planes para nuestro pa\u00eds; deje que los perros ladren mientras usted y su equipo avanzan para beneficio de todos.<\/p>\n\n\n\n<p>Se\u00f1or Presidente, \u00a1Lleg\u00f3 el momento!<\/p>\n","protected":false},"excerpt":{"rendered":"<p>Por: Pastor Edgar L\u00f3pez Bertrand Jr. \/ Iglesia Bautista Amigos de Israel Central \u00a1Lleg\u00f3 el momento! Lleg\u00f3 la hora de brillar, lleg\u00f3 la hora de cumplir con todos aquellos que han cre\u00eddo y creyeron en este proyecto de Gobierno, hoy deja de ser un exitoso pol\u00edtico para convertirse en la esperanza para muchos y El [&hellip;]<\/p>\n","protected":false},"author":3,"featured_media":5227,"comment_status":"open","ping_status":"open","sticky":false,"template":"","format":"standard","meta":[],"categories":[23],"tags":[],"yoast_head":"<!-- This site is optimized with the Yoast SEO plugin v20.8 - https:\/\/yoast.com\/wordpress\/plugins\/seo\/ -->\n<title>Carta al Nuevo Presidente - La Prensa Cristiana<\/title>\n<meta name=\"robots\" content=\"index, follow, max-snippet:-1, max-image-preview:large, max-video-preview:-1\" \/>\n<link rel=\"canonical\" href=\"https:\/\/laprensacristiana.com\/?p=5961\" \/>\n<meta property=\"og:locale\" content=\"es_ES\" \/>\n<meta property=\"og:type\" content=\"article\" \/>\n<meta property=\"og:title\" content=\"Carta al Nuevo Presidente - La Prensa Cristiana\" \/>\n<meta property=\"og:description\" content=\"Por: Pastor Edgar L\u00f3pez Bertrand Jr. \/ Iglesia Bautista Amigos de Israel Central \u00a1Lleg\u00f3 el momento! Lleg\u00f3 la hora de brillar, lleg\u00f3 la hora de cumplir con todos aquellos que han cre\u00eddo y creyeron en este proyecto de Gobierno, hoy deja de ser un exitoso pol\u00edtico para convertirse en la esperanza para muchos y El [&hellip;]\" \/>\n<meta property=\"og:url\" content=\"https:\/\/laprensacristiana.com\/?p=5961\" \/>\n<meta property=\"og:site_name\" content=\"La Prensa Cristiana\" \/>\n<meta property=\"article:published_time\" content=\"2019-06-03T15:40:49+00:00\" \/>\n<meta property=\"article:modified_time\" content=\"2019-06-03T15:40:51+00:00\" \/>\n<meta property=\"og:image\" content=\"https:\/\/laprensacristiana.com\/wp-content\/uploads\/2019\/02\/OPINION-PASTOR-TOBY-JR-01-scaled.jpg\" \/>\n\t<meta property=\"og:image:width\" content=\"2560\" \/>\n\t<meta property=\"og:image:height\" content=\"1429\" \/>\n\t<meta property=\"og:image:type\" content=\"image\/jpeg\" \/>\n<meta name=\"author\" content=\"EDITOR\" \/>\n<meta name=\"twitter:card\" content=\"summary_large_image\" \/>\n<meta name=\"twitter:label1\" content=\"Escrito por\" \/>\n\t<meta name=\"twitter:data1\" content=\"EDITOR\" \/>\n\t<meta name=\"twitter:label2\" content=\"Tiempo de lectura\" \/>\n\t<meta name=\"twitter:data2\" content=\"2 minutos\" \/>\n<script type=\"application\/ld+json\" class=\"yoast-schema-graph\">{\"@context\":\"https:\/\/schema.org\",\"@graph\":[{\"@type\":\"WebPage\",\"@id\":\"https:\/\/laprensacristiana.com\/?p=5961\",\"url\":\"https:\/\/laprensacristiana.com\/?p=5961\",\"name\":\"Carta al Nuevo Presidente - La Prensa Cristiana\",\"isPartOf\":{\"@id\":\"https:\/\/laprensacristiana.com\/#website\"},\"datePublished\":\"2019-06-03T15:40:49+00:00\",\"dateModified\":\"2019-06-03T15:40:51+00:00\",\"author\":{\"@id\":\"https:\/\/laprensacristiana.com\/#\/schema\/person\/3e7d82c6bfd6b1fa67010f8f7cd5256e\"},\"breadcrumb\":{\"@id\":\"https:\/\/laprensacristiana.com\/?p=5961#breadcrumb\"},\"inLanguage\":\"es\",\"potentialAction\":[{\"@type\":\"ReadAction\",\"target\":[\"https:\/\/laprensacristiana.com\/?p=5961\"]}]},{\"@type\":\"BreadcrumbList\",\"@id\":\"https:\/\/laprensacristiana.com\/?p=5961#breadcrumb\",\"itemListElement\":[{\"@type\":\"ListItem\",\"position\":1,\"name\":\"Portada\",\"item\":\"https:\/\/laprensacristiana.com\/\"},{\"@type\":\"ListItem\",\"position\":2,\"name\":\"Carta al Nuevo Presidente\"}]},{\"@type\":\"WebSite\",\"@id\":\"https:\/\/laprensacristiana.com\/#website\",\"url\":\"https:\/\/laprensacristiana.com\/\",\"name\":\"La Prensa Cristiana\",\"description\":\"Anunciando Las Buenas Nuevas\",\"potentialAction\":[{\"@type\":\"SearchAction\",\"target\":{\"@type\":\"EntryPoint\",\"urlTemplate\":\"https:\/\/laprensacristiana.com\/?s={search_term_string}\"},\"query-input\":\"required name=search_term_string\"}],\"inLanguage\":\"es\"},{\"@type\":\"Person\",\"@id\":\"https:\/\/laprensacristiana.com\/#\/schema\/person\/3e7d82c6bfd6b1fa67010f8f7cd5256e\",\"name\":\"EDITOR\",\"image\":{\"@type\":\"ImageObject\",\"inLanguage\":\"es\",\"@id\":\"https:\/\/laprensacristiana.com\/#\/schema\/person\/image\/\",\"url\":\"https:\/\/secure.gravatar.com\/avatar\/72069dfb6c13772d9e8381e3638666d2?s=96&d=mm&r=g\",\"contentUrl\":\"https:\/\/secure.gravatar.com\/avatar\/72069dfb6c13772d9e8381e3638666d2?s=96&d=mm&r=g\",\"caption\":\"EDITOR\"},\"url\":\"https:\/\/laprensacristiana.com\/?author=3\"}]}<\/script>\n<!-- \/ Yoast SEO plugin. -->","yoast_head_json":{"title":"Carta al Nuevo Presidente - La Prensa Cristiana","robots":{"index":"index","follow":"follow","max-snippet":"max-snippet:-1","max-image-preview":"max-image-preview:large","max-video-preview":"max-video-preview:-1"},"canonical":"https:\/\/laprensacristiana.com\/?p=5961","og_locale":"es_ES","og_type":"article","og_title":"Carta al Nuevo Presidente - La Prensa Cristiana","og_description":"Por: Pastor Edgar L\u00f3pez Bertrand Jr. \/ Iglesia Bautista Amigos de Israel Central \u00a1Lleg\u00f3 el momento! Lleg\u00f3 la hora de brillar, lleg\u00f3 la hora de cumplir con todos aquellos que han cre\u00eddo y creyeron en este proyecto de Gobierno, hoy deja de ser un exitoso pol\u00edtico para convertirse en la esperanza para muchos y El [&hellip;]","og_url":"https:\/\/laprensacristiana.com\/?p=5961","og_site_name":"La Prensa Cristiana","article_published_time":"2019-06-03T15:40:49+00:00","article_modified_time":"2019-06-03T15:40:51+00:00","og_image":[{"width":2560,"height":1429,"url":"https:\/\/laprensacristiana.com\/wp-content\/uploads\/2019\/02\/OPINION-PASTOR-TOBY-JR-01-scaled.jpg","type":"image\/jpeg"}],"author":"EDITOR","twitter_card":"summary_large_image","twitter_misc":{"Escrito por":"EDITOR","Tiempo de lectura":"2 minutos"},"schema":{"@context":"https:\/\/schema.org","@graph":[{"@type":"WebPage","@id":"https:\/\/laprensacristiana.com\/?p=5961","url":"https:\/\/laprensacristiana.com\/?p=5961","name":"Carta al Nuevo Presidente - La Prensa Cristiana","isPartOf":{"@id":"https:\/\/laprensacristiana.com\/#website"},"datePublished":"2019-06-03T15:40:49+00:00","dateModified":"2019-06-03T15:40:51+00:00","author":{"@id":"https:\/\/laprensacristiana.com\/#\/schema\/person\/3e7d82c6bfd6b1fa67010f8f7cd5256e"},"breadcrumb":{"@id":"https:\/\/laprensacristiana.com\/?p=5961#breadcrumb"},"inLanguage":"es","potentialAction":[{"@type":"ReadAction","target":["https:\/\/laprensacristiana.com\/?p=5961"]}]},{"@type":"BreadcrumbList","@id":"https:\/\/laprensacristiana.com\/?p=5961#breadcrumb","itemListElement":[{"@type":"ListItem","position":1,"name":"Portada","item":"https:\/\/laprensacristiana.com\/"},{"@type":"ListItem","position":2,"name":"Carta al Nuevo Presidente"}]},{"@type":"WebSite","@id":"https:\/\/laprensacristiana.com\/#website","url":"https:\/\/laprensacristiana.com\/","name":"La Prensa Cristiana","description":"Anunciando Las Buenas Nuevas","potentialAction":[{"@type":"SearchAction","target":{"@type":"EntryPoint","urlTemplate":"https:\/\/laprensacristiana.com\/?s={search_term_string}"},"query-input":"required name=search_term_string"}],"inLanguage":"es"},{"@type":"Person","@id":"https:\/\/laprensacristiana.com\/#\/schema\/person\/3e7d82c6bfd6b1fa67010f8f7cd5256e","name":"EDITOR","image":{"@type":"ImageObject","inLanguage":"es","@id":"https:\/\/laprensacristiana.com\/#\/schema\/person\/image\/","url":"https:\/\/secure.gravatar.com\/avatar\/72069dfb6c13772d9e8381e3638666d2?s=96&d=mm&r=g","contentUrl":"https:\/\/secure.gravatar.com\/avatar\/72069dfb6c13772d9e8381e3638666d2?s=96&d=mm&r=g","caption":"EDITOR"},"url":"https:\/\/laprensacristiana.com\/?author=3"}]}},"_links":{"self":[{"href":"https:\/\/laprensacristiana.com\/index.php?rest_route=\/wp\/v2\/posts\/5961"}],"collection":[{"href":"https:\/\/laprensacristiana.com\/index.php?rest_route=\/wp\/v2\/posts"}],"about":[{"href":"https:\/\/laprensacristiana.com\/index.php?rest_route=\/wp\/v2\/types\/post"}],"author":[{"embeddable":true,"href":"https:\/\/laprensacristiana.com\/index.php?rest_route=\/wp\/v2\/users\/3"}],"replies":[{"embeddable":true,"href":"https:\/\/laprensacristiana.com\/index.php?rest_route=%2Fwp%2Fv2%2Fcomments&post=5961"}],"version-history":[{"count":1,"href":"https:\/\/laprensacristiana.com\/index.php?rest_route=\/wp\/v2\/posts\/5961\/revisions"}],"predecessor-version":[{"id":5962,"href":"https:\/\/laprensacristiana.com\/index.php?rest_route=\/wp\/v2\/posts\/5961\/revisions\/5962"}],"wp:featuredmedia":[{"embeddable":true,"href":"https:\/\/laprensacristiana.com\/index.php?rest_route=\/wp\/v2\/media\/5227"}],"wp:attachment":[{"href":"https:\/\/laprensacristiana.com\/index.php?rest_route=%2Fwp%2Fv2%2Fmedia&parent=5961"}],"wp:term":[{"taxonomy":"category","embeddable":true,"href":"https:\/\/laprensacristiana.com\/index.php?rest_route=%2Fwp%2Fv2%2Fcategories&post=5961"},{"taxonomy":"post_tag","embeddable":true,"href":"https:\/\/laprensacristiana.com\/index.php?rest_route=%2Fwp%2Fv2%2Ftags&post=5961"}],"curies":[{"name":"wp","href":"https:\/\/api.w.org\/{rel}","templated":true}]}}