{"id":5966,"date":"2019-06-03T16:49:50","date_gmt":"2019-06-03T16:49:50","guid":{"rendered":"https:\/\/laprensacristiana.com\/?p=5966"},"modified":"2020-07-01T22:17:57","modified_gmt":"2020-07-01T22:17:57","slug":"la-marcada-diferencia-en-este-nuevo-quinquenio-de-gobierno","status":"publish","type":"post","link":"https:\/\/laprensacristiana.com\/?p=5966","title":{"rendered":"La marcada diferencia en este nuevo quinquenio de Gobierno"},"content":{"rendered":"\n<p><strong>POR JULY DE SOSA<\/strong><br><\/p>\n\n\n\n<p>Una nueva estrategia de gobierno ha comenzado en mi amado pa\u00eds de El Salvador. El Presidente de la republica, cuenta con un lustro, para desarrollar su plan de gobierno, que a mi parecer goza de una marcada diferencia con todos los anteriores, me refiero a la oportunidad que tendr\u00e1 el g\u00e9nero femenino de mostrar su destreza y capacidad, al frente de diferentes cargos importantes durante los sesenta meses que reci\u00e9n comienzan. Como es el caso de la ministra de vivienda, ministra de Educaci\u00f3n, ministra de Cultura, ministra de desarrollo Local, ministra de econom\u00eda, la Canciller de la rep\u00fablica, y la embajadora de El Salvador ante la organizaci\u00f3n de las Naciones Unidas.&nbsp;<\/p>\n\n\n\n<p>Lo anterior me satisface en gran manera, ya, que, como parte del g\u00e9nero femenino, consciente estoy del ingenio con el que Dios nos cre\u00f3, y descanso en el hecho que las mujeres solo necesitamos una oportunidad para mostrar toda la capacidad mental y de car\u00e1cter para desarrollar cualquier tipo de liderazgo, por esto, no dudo que el aporte que las mujeres escogidas dar\u00e1n al desarrollo del pa\u00eds ser\u00e1 significativo en nuestra historia.&nbsp;<\/p>\n\n\n\n<p>Lamentablemente por nuestra cultura machista la participaci\u00f3n de la mujer en cargos importantes dentro de gabinetes de gobiernos, empresas privadas, y hasta en las diferentes iglesias. Ha sido muy poca; lo que ha servido de freno e incapacidad para ver el potencial de liderazgo que posee. Para comprender y aceptar esto resulta \u00fatil estudiar las santas escrituras, en ellas se muestran el liderazgo de la mujer en diferentes roles, como es el caso de D\u00e9bora quien adem\u00e1s de ser profetiza fue Jueza de Israel, dirigiendo a su pueblo en una batalla muy especial triunfando sobre sus enemigos, Loida y Eunice, abuela y madre de Timoteo, quienes en ausencia de un padre significativo para \u00e9l, asumieron el rol de mentoras exitosamente, Ester una joven hu\u00e9rfana de padre y madre, adoptada por su primo y elegida entre las doncellas para ser reina de las 127 provincias desde la India hasta Etiop\u00eda, que gobernaba su esposo el rey Asuero, en su estatus de reina ella fue sagaz y valiente para salvar a su pueblo, Abigail, esposa de un hombre alcoh\u00f3lico que la maltrataba y humillaba, pero que gracias a su inteligencia y cordura, luego de la muerte de este llego a ser esposa del rey David. Las mencionadas forman parte de lista de mujeres que a trav\u00e9s de la historia han marcado diferencia en ella, con su liderazgo en el desarrollo de diferentes roles.&nbsp;<\/p>\n\n\n\n<p>Convencida estoy que las mujeres contamos con la valent\u00eda que a muchos hombres les falta para tomar decisiones, correr riesgos, ejecutar planes, y alcanzar metas. Pero es importante y de suma urgencia entender que sin Dios nada podemos hacer, que al igual que un hombre la mujer que, no, busca sabidur\u00eda y direcci\u00f3n de Dios no tendr\u00e1 \u00e9xito en su labor. Es necesario que las decisiones a tomar y los planes a ejecutar tengan direcci\u00f3n divina para marcar diferencia.&nbsp;<\/p>\n\n\n\n<p>Yo, esperar\u00eda que la decisi\u00f3n del actual presidente de incluir a mujeres en su gabinete obedezca a su confianza y reconocimiento propio en el aporte importante que la mujer puede brindar al desarrollo del pa\u00eds. Y no, solo a un tema de cuota de g\u00e9nero. Es mi deseo se les permita a las elegidas usar el poder de decisi\u00f3n en su labor, ya que solo as\u00ed valdr\u00e1 la pena contar con ellas para garantizar avances positivos en el presente quinquenio.<\/p>\n\n\n\n<p>Dios bendiga a nuestro pa\u00eds El Salvador<\/p>\n","protected":false},"excerpt":{"rendered":"<p>POR JULY DE SOSA Una nueva estrategia de gobierno ha comenzado en mi amado pa\u00eds de El Salvador. El Presidente de la republica, cuenta con un lustro, para desarrollar su plan de gobierno, que a mi parecer goza de una marcada diferencia con todos los anteriores, me refiero a la oportunidad que tendr\u00e1 el g\u00e9nero [&hellip;]<\/p>\n","protected":false},"author":3,"featured_media":5527,"comment_status":"open","ping_status":"open","sticky":false,"template":"","format":"standard","meta":[],"categories":[23],"tags":[],"yoast_head":"<!-- This site is optimized with the Yoast SEO plugin v20.8 - https:\/\/yoast.com\/wordpress\/plugins\/seo\/ -->\n<title>La marcada diferencia en este nuevo quinquenio de Gobierno - La Prensa Cristiana<\/title>\n<meta name=\"robots\" content=\"index, follow, max-snippet:-1, max-image-preview:large, max-video-preview:-1\" \/>\n<link rel=\"canonical\" href=\"https:\/\/laprensacristiana.com\/?p=5966\" \/>\n<meta property=\"og:locale\" content=\"es_ES\" \/>\n<meta property=\"og:type\" content=\"article\" \/>\n<meta property=\"og:title\" content=\"La marcada diferencia en este nuevo quinquenio de Gobierno - La Prensa Cristiana\" \/>\n<meta property=\"og:description\" content=\"POR JULY DE SOSA Una nueva estrategia de gobierno ha comenzado en mi amado pa\u00eds de El Salvador. El Presidente de la republica, cuenta con un lustro, para desarrollar su plan de gobierno, que a mi parecer goza de una marcada diferencia con todos los anteriores, me refiero a la oportunidad que tendr\u00e1 el g\u00e9nero [&hellip;]\" \/>\n<meta property=\"og:url\" content=\"https:\/\/laprensacristiana.com\/?p=5966\" \/>\n<meta property=\"og:site_name\" content=\"La Prensa Cristiana\" \/>\n<meta property=\"article:published_time\" content=\"2019-06-03T16:49:50+00:00\" \/>\n<meta property=\"article:modified_time\" content=\"2020-07-01T22:17:57+00:00\" \/>\n<meta property=\"og:image\" content=\"https:\/\/laprensacristiana.com\/wp-content\/uploads\/2019\/04\/JULY-LPG-2017.jpg\" \/>\n\t<meta property=\"og:image:width\" content=\"1240\" \/>\n\t<meta property=\"og:image:height\" content=\"692\" \/>\n\t<meta property=\"og:image:type\" content=\"image\/jpeg\" \/>\n<meta name=\"author\" content=\"EDITOR\" \/>\n<meta name=\"twitter:card\" content=\"summary_large_image\" \/>\n<meta name=\"twitter:label1\" content=\"Escrito por\" \/>\n\t<meta name=\"twitter:data1\" content=\"EDITOR\" \/>\n\t<meta name=\"twitter:label2\" content=\"Tiempo de lectura\" \/>\n\t<meta name=\"twitter:data2\" content=\"3 minutos\" \/>\n<script type=\"application\/ld+json\" class=\"yoast-schema-graph\">{\"@context\":\"https:\/\/schema.org\",\"@graph\":[{\"@type\":\"WebPage\",\"@id\":\"https:\/\/laprensacristiana.com\/?p=5966\",\"url\":\"https:\/\/laprensacristiana.com\/?p=5966\",\"name\":\"La marcada diferencia en este nuevo quinquenio de Gobierno - La Prensa Cristiana\",\"isPartOf\":{\"@id\":\"https:\/\/laprensacristiana.com\/#website\"},\"datePublished\":\"2019-06-03T16:49:50+00:00\",\"dateModified\":\"2020-07-01T22:17:57+00:00\",\"author\":{\"@id\":\"https:\/\/laprensacristiana.com\/#\/schema\/person\/3e7d82c6bfd6b1fa67010f8f7cd5256e\"},\"breadcrumb\":{\"@id\":\"https:\/\/laprensacristiana.com\/?p=5966#breadcrumb\"},\"inLanguage\":\"es\",\"potentialAction\":[{\"@type\":\"ReadAction\",\"target\":[\"https:\/\/laprensacristiana.com\/?p=5966\"]}]},{\"@type\":\"BreadcrumbList\",\"@id\":\"https:\/\/laprensacristiana.com\/?p=5966#breadcrumb\",\"itemListElement\":[{\"@type\":\"ListItem\",\"position\":1,\"name\":\"Portada\",\"item\":\"https:\/\/laprensacristiana.com\/\"},{\"@type\":\"ListItem\",\"position\":2,\"name\":\"La marcada diferencia en este nuevo quinquenio de Gobierno\"}]},{\"@type\":\"WebSite\",\"@id\":\"https:\/\/laprensacristiana.com\/#website\",\"url\":\"https:\/\/laprensacristiana.com\/\",\"name\":\"La Prensa Cristiana\",\"description\":\"Anunciando Las Buenas Nuevas\",\"potentialAction\":[{\"@type\":\"SearchAction\",\"target\":{\"@type\":\"EntryPoint\",\"urlTemplate\":\"https:\/\/laprensacristiana.com\/?s={search_term_string}\"},\"query-input\":\"required name=search_term_string\"}],\"inLanguage\":\"es\"},{\"@type\":\"Person\",\"@id\":\"https:\/\/laprensacristiana.com\/#\/schema\/person\/3e7d82c6bfd6b1fa67010f8f7cd5256e\",\"name\":\"EDITOR\",\"image\":{\"@type\":\"ImageObject\",\"inLanguage\":\"es\",\"@id\":\"https:\/\/laprensacristiana.com\/#\/schema\/person\/image\/\",\"url\":\"https:\/\/secure.gravatar.com\/avatar\/72069dfb6c13772d9e8381e3638666d2?s=96&d=mm&r=g\",\"contentUrl\":\"https:\/\/secure.gravatar.com\/avatar\/72069dfb6c13772d9e8381e3638666d2?s=96&d=mm&r=g\",\"caption\":\"EDITOR\"},\"url\":\"https:\/\/laprensacristiana.com\/?author=3\"}]}<\/script>\n<!-- \/ Yoast SEO plugin. -->","yoast_head_json":{"title":"La marcada diferencia en este nuevo quinquenio de Gobierno - La Prensa Cristiana","robots":{"index":"index","follow":"follow","max-snippet":"max-snippet:-1","max-image-preview":"max-image-preview:large","max-video-preview":"max-video-preview:-1"},"canonical":"https:\/\/laprensacristiana.com\/?p=5966","og_locale":"es_ES","og_type":"article","og_title":"La marcada diferencia en este nuevo quinquenio de Gobierno - La Prensa Cristiana","og_description":"POR JULY DE SOSA Una nueva estrategia de gobierno ha comenzado en mi amado pa\u00eds de El Salvador. El Presidente de la republica, cuenta con un lustro, para desarrollar su plan de gobierno, que a mi parecer goza de una marcada diferencia con todos los anteriores, me refiero a la oportunidad que tendr\u00e1 el g\u00e9nero [&hellip;]","og_url":"https:\/\/laprensacristiana.com\/?p=5966","og_site_name":"La Prensa Cristiana","article_published_time":"2019-06-03T16:49:50+00:00","article_modified_time":"2020-07-01T22:17:57+00:00","og_image":[{"width":1240,"height":692,"url":"https:\/\/laprensacristiana.com\/wp-content\/uploads\/2019\/04\/JULY-LPG-2017.jpg","type":"image\/jpeg"}],"author":"EDITOR","twitter_card":"summary_large_image","twitter_misc":{"Escrito por":"EDITOR","Tiempo de lectura":"3 minutos"},"schema":{"@context":"https:\/\/schema.org","@graph":[{"@type":"WebPage","@id":"https:\/\/laprensacristiana.com\/?p=5966","url":"https:\/\/laprensacristiana.com\/?p=5966","name":"La marcada diferencia en este nuevo quinquenio de Gobierno - La Prensa Cristiana","isPartOf":{"@id":"https:\/\/laprensacristiana.com\/#website"},"datePublished":"2019-06-03T16:49:50+00:00","dateModified":"2020-07-01T22:17:57+00:00","author":{"@id":"https:\/\/laprensacristiana.com\/#\/schema\/person\/3e7d82c6bfd6b1fa67010f8f7cd5256e"},"breadcrumb":{"@id":"https:\/\/laprensacristiana.com\/?p=5966#breadcrumb"},"inLanguage":"es","potentialAction":[{"@type":"ReadAction","target":["https:\/\/laprensacristiana.com\/?p=5966"]}]},{"@type":"BreadcrumbList","@id":"https:\/\/laprensacristiana.com\/?p=5966#breadcrumb","itemListElement":[{"@type":"ListItem","position":1,"name":"Portada","item":"https:\/\/laprensacristiana.com\/"},{"@type":"ListItem","position":2,"name":"La marcada diferencia en este nuevo quinquenio de Gobierno"}]},{"@type":"WebSite","@id":"https:\/\/laprensacristiana.com\/#website","url":"https:\/\/laprensacristiana.com\/","name":"La Prensa Cristiana","description":"Anunciando Las Buenas Nuevas","potentialAction":[{"@type":"SearchAction","target":{"@type":"EntryPoint","urlTemplate":"https:\/\/laprensacristiana.com\/?s={search_term_string}"},"query-input":"required name=search_term_string"}],"inLanguage":"es"},{"@type":"Person","@id":"https:\/\/laprensacristiana.com\/#\/schema\/person\/3e7d82c6bfd6b1fa67010f8f7cd5256e","name":"EDITOR","image":{"@type":"ImageObject","inLanguage":"es","@id":"https:\/\/laprensacristiana.com\/#\/schema\/person\/image\/","url":"https:\/\/secure.gravatar.com\/avatar\/72069dfb6c13772d9e8381e3638666d2?s=96&d=mm&r=g","contentUrl":"https:\/\/secure.gravatar.com\/avatar\/72069dfb6c13772d9e8381e3638666d2?s=96&d=mm&r=g","caption":"EDITOR"},"url":"https:\/\/laprensacristiana.com\/?author=3"}]}},"_links":{"self":[{"href":"https:\/\/laprensacristiana.com\/index.php?rest_route=\/wp\/v2\/posts\/5966"}],"collection":[{"href":"https:\/\/laprensacristiana.com\/index.php?rest_route=\/wp\/v2\/posts"}],"about":[{"href":"https:\/\/laprensacristiana.com\/index.php?rest_route=\/wp\/v2\/types\/post"}],"author":[{"embeddable":true,"href":"https:\/\/laprensacristiana.com\/index.php?rest_route=\/wp\/v2\/users\/3"}],"replies":[{"embeddable":true,"href":"https:\/\/laprensacristiana.com\/index.php?rest_route=%2Fwp%2Fv2%2Fcomments&post=5966"}],"version-history":[{"count":1,"href":"https:\/\/laprensacristiana.com\/index.php?rest_route=\/wp\/v2\/posts\/5966\/revisions"}],"predecessor-version":[{"id":5967,"href":"https:\/\/laprensacristiana.com\/index.php?rest_route=\/wp\/v2\/posts\/5966\/revisions\/5967"}],"wp:featuredmedia":[{"embeddable":true,"href":"https:\/\/laprensacristiana.com\/index.php?rest_route=\/wp\/v2\/media\/5527"}],"wp:attachment":[{"href":"https:\/\/laprensacristiana.com\/index.php?rest_route=%2Fwp%2Fv2%2Fmedia&parent=5966"}],"wp:term":[{"taxonomy":"category","embeddable":true,"href":"https:\/\/laprensacristiana.com\/index.php?rest_route=%2Fwp%2Fv2%2Fcategories&post=5966"},{"taxonomy":"post_tag","embeddable":true,"href":"https:\/\/laprensacristiana.com\/index.php?rest_route=%2Fwp%2Fv2%2Ftags&post=5966"}],"curies":[{"name":"wp","href":"https:\/\/api.w.org\/{rel}","templated":true}]}}