{"id":5968,"date":"2019-06-05T20:48:34","date_gmt":"2019-06-05T20:48:34","guid":{"rendered":"https:\/\/laprensacristiana.com\/?p=5968"},"modified":"2019-06-05T21:08:07","modified_gmt":"2019-06-05T21:08:07","slug":"reflexiones-sobre-el-crecimiento-de-la-iglesia-evangelica-ii","status":"publish","type":"post","link":"https:\/\/laprensacristiana.com\/?p=5968","title":{"rendered":"Reflexiones sobre el crecimiento de la Iglesia evang\u00e9lica (II)"},"content":{"rendered":"\n<p>Por: Pastor Mario Vega\/ Misi\u00f3n Cristiana Elim Central  <\/p>\n\n\n\n<p>En el art\u00edculo anterior se hizo referencia a la encuesta publicada por un peri\u00f3dico del pa\u00eds en el que, en 2019, identifica el m\u00e1s alto \u00edndice de salvadore\u00f1os expresando ser evang\u00e9licos que en ning\u00fan otro momento de la historia nacional. Un aspecto de ese crecimiento es que mientras en el a\u00f1o de 1937 se contabilizaban solamente 70 iglesias evang\u00e9licas, en la actualidad existen 1963 iglesias registradas en el Ministerio de Gobernaci\u00f3n. Es dif\u00edcil saber cu\u00e1ntas m\u00e1s hay que no poseen personer\u00eda jur\u00eddica. En todo caso, la pregunta que se formula es \u00bfen qu\u00e9 contribuye al pa\u00eds el crecimiento de los evang\u00e9licos? Es una pregunta que apunta al poco impacto de lo que uno esperar\u00eda de las iglesias en una realidad como la que vive nuestro pa\u00eds. Pero, la pregunta tambi\u00e9n puede ser formulada de otra manera: \u00bfC\u00f3mo ser\u00eda el pa\u00eds si no existiesen iglesias evang\u00e9licas? En este segundo caso, la pregunta se\u00f1ala hacia los beneficios que muchas personas y familias han recibido de las iglesias e instituciones de desarrollo evang\u00e9licas, sin las cuales, la crisis ser\u00eda a\u00fan m\u00e1s aguda. <\/p>\n\n\n\n<p>Lo que es indudable es que la influencia de las iglesias pudo haber sido mayor. Si no lo ha sido es por razones diversas; una de ellas es la confusi\u00f3n que se ha producido entre evangelismo y religiosidad. No hay duda de que ahora tenemos mayores expresiones de religiosidad en nuestro pa\u00eds, pero de lo que se trata es de volver cristiana esa religiosidad y hacerla m\u00e1s eficaz. Para ello, los evang\u00e9licos no deber\u00edan adoptar para su pr\u00e1ctica de vida \u00e9nfasis del primer mundo o del mundillo del espect\u00e1culo religioso sino de las circunstancias hist\u00f3ricas concretas donde se encuentra. S\u00f3lo desde una reflexi\u00f3n que parta de los condicionamientos hist\u00f3ricos propios se puede desarrollar una teolog\u00eda y una pastoral pertinente. Esa reflexi\u00f3n debe comenzar con una conciencia informada de los principales problemas que afectan al pa\u00eds como violencia, desempleo, migraci\u00f3n, marginaci\u00f3n, etc. Frente a ello, el cristiano deber\u00eda adoptar una posici\u00f3n pregunt\u00e1ndose cu\u00e1l es la actitud que Dios espera de sus hijos frente a esa realidad. De qu\u00e9 manera el cristiano evang\u00e9lico puede ser instrumento para que la voluntad de Dios se realice en la historia de los hombres. Es decir, c\u00f3mo la presencia de Dios, tal como se revela en Jes\u00fas, se vuelve parte de los valores y motivaciones de las comunidades donde las iglesias evang\u00e9licas est\u00e1n insertas. Por supuesto que esa vivencia debe ir m\u00e1s all\u00e1 de la espiritualidad individual para poder afectar las relaciones con su familia, su comunidad y el pa\u00eds. Todas las esferas de la vida deben ser permeadas con la sal del evangelio, pero eso, no se alcanzar\u00e1 solamente con las pr\u00e1cticas individuales de espiritualidad, por mucho que se cante o se celebren cultos, hace falta la capacidad, la t\u00e9cnica, los pol\u00edticos cristianos que inauguren una nueva era de \u00e9tica y servicio. En esto, no hay duda de que hay un saldo deudor que el crecimiento de los evang\u00e9licos tiene con el pa\u00eds y que, al mismo tiempo, se convierte en su limitaci\u00f3n para continuar creciendo. Las personas tendr\u00e1n una conversi\u00f3n a la esperanza celeste de los evang\u00e9licos solamente cuando los evang\u00e9licos tengan una conversi\u00f3n a la realidad terrena que los salvadore\u00f1os empobrecidos viven en su d\u00eda a d\u00eda. Una conversi\u00f3n que les mueva a un compromiso transformador emulando al de Jes\u00fas con los marginados de su tiempo. <\/p>\n","protected":false},"excerpt":{"rendered":"<p>Por: Pastor Mario Vega\/ Misi\u00f3n Cristiana Elim Central En el art\u00edculo anterior se hizo referencia a la encuesta publicada por un peri\u00f3dico del pa\u00eds en el que, en 2019, identifica el m\u00e1s alto \u00edndice de salvadore\u00f1os expresando ser evang\u00e9licos que en ning\u00fan otro momento de la historia nacional. Un aspecto de ese crecimiento es que [&hellip;]<\/p>\n","protected":false},"author":3,"featured_media":4600,"comment_status":"open","ping_status":"open","sticky":false,"template":"","format":"standard","meta":[],"categories":[23],"tags":[],"yoast_head":"<!-- This site is optimized with the Yoast SEO plugin v20.8 - https:\/\/yoast.com\/wordpress\/plugins\/seo\/ -->\n<title>Reflexiones sobre el crecimiento de la Iglesia evang\u00e9lica (II) - La Prensa Cristiana<\/title>\n<meta name=\"robots\" content=\"index, follow, max-snippet:-1, max-image-preview:large, max-video-preview:-1\" \/>\n<link rel=\"canonical\" href=\"https:\/\/laprensacristiana.com\/?p=5968\" \/>\n<meta property=\"og:locale\" content=\"es_ES\" \/>\n<meta property=\"og:type\" content=\"article\" \/>\n<meta property=\"og:title\" content=\"Reflexiones sobre el crecimiento de la Iglesia evang\u00e9lica (II) - La Prensa Cristiana\" \/>\n<meta property=\"og:description\" content=\"Por: Pastor Mario Vega\/ Misi\u00f3n Cristiana Elim Central En el art\u00edculo anterior se hizo referencia a la encuesta publicada por un peri\u00f3dico del pa\u00eds en el que, en 2019, identifica el m\u00e1s alto \u00edndice de salvadore\u00f1os expresando ser evang\u00e9licos que en ning\u00fan otro momento de la historia nacional. Un aspecto de ese crecimiento es que [&hellip;]\" \/>\n<meta property=\"og:url\" content=\"https:\/\/laprensacristiana.com\/?p=5968\" \/>\n<meta property=\"og:site_name\" content=\"La Prensa Cristiana\" \/>\n<meta property=\"article:published_time\" content=\"2019-06-05T20:48:34+00:00\" \/>\n<meta property=\"article:modified_time\" content=\"2019-06-05T21:08:07+00:00\" \/>\n<meta property=\"og:image\" content=\"https:\/\/laprensacristiana.com\/wp-content\/uploads\/2018\/10\/OPINION-01-scaled.jpg\" \/>\n\t<meta property=\"og:image:width\" content=\"2560\" \/>\n\t<meta property=\"og:image:height\" content=\"1429\" \/>\n\t<meta property=\"og:image:type\" content=\"image\/jpeg\" \/>\n<meta name=\"author\" content=\"EDITOR\" \/>\n<meta name=\"twitter:card\" content=\"summary_large_image\" \/>\n<meta name=\"twitter:label1\" content=\"Escrito por\" \/>\n\t<meta name=\"twitter:data1\" content=\"EDITOR\" \/>\n\t<meta name=\"twitter:label2\" content=\"Tiempo de lectura\" \/>\n\t<meta name=\"twitter:data2\" content=\"3 minutos\" \/>\n<script type=\"application\/ld+json\" class=\"yoast-schema-graph\">{\"@context\":\"https:\/\/schema.org\",\"@graph\":[{\"@type\":\"WebPage\",\"@id\":\"https:\/\/laprensacristiana.com\/?p=5968\",\"url\":\"https:\/\/laprensacristiana.com\/?p=5968\",\"name\":\"Reflexiones sobre el crecimiento de la Iglesia evang\u00e9lica (II) - La Prensa Cristiana\",\"isPartOf\":{\"@id\":\"https:\/\/laprensacristiana.com\/#website\"},\"datePublished\":\"2019-06-05T20:48:34+00:00\",\"dateModified\":\"2019-06-05T21:08:07+00:00\",\"author\":{\"@id\":\"https:\/\/laprensacristiana.com\/#\/schema\/person\/3e7d82c6bfd6b1fa67010f8f7cd5256e\"},\"breadcrumb\":{\"@id\":\"https:\/\/laprensacristiana.com\/?p=5968#breadcrumb\"},\"inLanguage\":\"es\",\"potentialAction\":[{\"@type\":\"ReadAction\",\"target\":[\"https:\/\/laprensacristiana.com\/?p=5968\"]}]},{\"@type\":\"BreadcrumbList\",\"@id\":\"https:\/\/laprensacristiana.com\/?p=5968#breadcrumb\",\"itemListElement\":[{\"@type\":\"ListItem\",\"position\":1,\"name\":\"Portada\",\"item\":\"https:\/\/laprensacristiana.com\/\"},{\"@type\":\"ListItem\",\"position\":2,\"name\":\"Reflexiones sobre el crecimiento de la Iglesia evang\u00e9lica (II)\"}]},{\"@type\":\"WebSite\",\"@id\":\"https:\/\/laprensacristiana.com\/#website\",\"url\":\"https:\/\/laprensacristiana.com\/\",\"name\":\"La Prensa Cristiana\",\"description\":\"Anunciando Las Buenas Nuevas\",\"potentialAction\":[{\"@type\":\"SearchAction\",\"target\":{\"@type\":\"EntryPoint\",\"urlTemplate\":\"https:\/\/laprensacristiana.com\/?s={search_term_string}\"},\"query-input\":\"required name=search_term_string\"}],\"inLanguage\":\"es\"},{\"@type\":\"Person\",\"@id\":\"https:\/\/laprensacristiana.com\/#\/schema\/person\/3e7d82c6bfd6b1fa67010f8f7cd5256e\",\"name\":\"EDITOR\",\"image\":{\"@type\":\"ImageObject\",\"inLanguage\":\"es\",\"@id\":\"https:\/\/laprensacristiana.com\/#\/schema\/person\/image\/\",\"url\":\"https:\/\/secure.gravatar.com\/avatar\/72069dfb6c13772d9e8381e3638666d2?s=96&d=mm&r=g\",\"contentUrl\":\"https:\/\/secure.gravatar.com\/avatar\/72069dfb6c13772d9e8381e3638666d2?s=96&d=mm&r=g\",\"caption\":\"EDITOR\"},\"url\":\"https:\/\/laprensacristiana.com\/?author=3\"}]}<\/script>\n<!-- \/ Yoast SEO plugin. -->","yoast_head_json":{"title":"Reflexiones sobre el crecimiento de la Iglesia evang\u00e9lica (II) - La Prensa Cristiana","robots":{"index":"index","follow":"follow","max-snippet":"max-snippet:-1","max-image-preview":"max-image-preview:large","max-video-preview":"max-video-preview:-1"},"canonical":"https:\/\/laprensacristiana.com\/?p=5968","og_locale":"es_ES","og_type":"article","og_title":"Reflexiones sobre el crecimiento de la Iglesia evang\u00e9lica (II) - La Prensa Cristiana","og_description":"Por: Pastor Mario Vega\/ Misi\u00f3n Cristiana Elim Central En el art\u00edculo anterior se hizo referencia a la encuesta publicada por un peri\u00f3dico del pa\u00eds en el que, en 2019, identifica el m\u00e1s alto \u00edndice de salvadore\u00f1os expresando ser evang\u00e9licos que en ning\u00fan otro momento de la historia nacional. Un aspecto de ese crecimiento es que [&hellip;]","og_url":"https:\/\/laprensacristiana.com\/?p=5968","og_site_name":"La Prensa Cristiana","article_published_time":"2019-06-05T20:48:34+00:00","article_modified_time":"2019-06-05T21:08:07+00:00","og_image":[{"width":2560,"height":1429,"url":"https:\/\/laprensacristiana.com\/wp-content\/uploads\/2018\/10\/OPINION-01-scaled.jpg","type":"image\/jpeg"}],"author":"EDITOR","twitter_card":"summary_large_image","twitter_misc":{"Escrito por":"EDITOR","Tiempo de lectura":"3 minutos"},"schema":{"@context":"https:\/\/schema.org","@graph":[{"@type":"WebPage","@id":"https:\/\/laprensacristiana.com\/?p=5968","url":"https:\/\/laprensacristiana.com\/?p=5968","name":"Reflexiones sobre el crecimiento de la Iglesia evang\u00e9lica (II) - La Prensa Cristiana","isPartOf":{"@id":"https:\/\/laprensacristiana.com\/#website"},"datePublished":"2019-06-05T20:48:34+00:00","dateModified":"2019-06-05T21:08:07+00:00","author":{"@id":"https:\/\/laprensacristiana.com\/#\/schema\/person\/3e7d82c6bfd6b1fa67010f8f7cd5256e"},"breadcrumb":{"@id":"https:\/\/laprensacristiana.com\/?p=5968#breadcrumb"},"inLanguage":"es","potentialAction":[{"@type":"ReadAction","target":["https:\/\/laprensacristiana.com\/?p=5968"]}]},{"@type":"BreadcrumbList","@id":"https:\/\/laprensacristiana.com\/?p=5968#breadcrumb","itemListElement":[{"@type":"ListItem","position":1,"name":"Portada","item":"https:\/\/laprensacristiana.com\/"},{"@type":"ListItem","position":2,"name":"Reflexiones sobre el crecimiento de la Iglesia evang\u00e9lica (II)"}]},{"@type":"WebSite","@id":"https:\/\/laprensacristiana.com\/#website","url":"https:\/\/laprensacristiana.com\/","name":"La Prensa Cristiana","description":"Anunciando Las Buenas Nuevas","potentialAction":[{"@type":"SearchAction","target":{"@type":"EntryPoint","urlTemplate":"https:\/\/laprensacristiana.com\/?s={search_term_string}"},"query-input":"required name=search_term_string"}],"inLanguage":"es"},{"@type":"Person","@id":"https:\/\/laprensacristiana.com\/#\/schema\/person\/3e7d82c6bfd6b1fa67010f8f7cd5256e","name":"EDITOR","image":{"@type":"ImageObject","inLanguage":"es","@id":"https:\/\/laprensacristiana.com\/#\/schema\/person\/image\/","url":"https:\/\/secure.gravatar.com\/avatar\/72069dfb6c13772d9e8381e3638666d2?s=96&d=mm&r=g","contentUrl":"https:\/\/secure.gravatar.com\/avatar\/72069dfb6c13772d9e8381e3638666d2?s=96&d=mm&r=g","caption":"EDITOR"},"url":"https:\/\/laprensacristiana.com\/?author=3"}]}},"_links":{"self":[{"href":"https:\/\/laprensacristiana.com\/index.php?rest_route=\/wp\/v2\/posts\/5968"}],"collection":[{"href":"https:\/\/laprensacristiana.com\/index.php?rest_route=\/wp\/v2\/posts"}],"about":[{"href":"https:\/\/laprensacristiana.com\/index.php?rest_route=\/wp\/v2\/types\/post"}],"author":[{"embeddable":true,"href":"https:\/\/laprensacristiana.com\/index.php?rest_route=\/wp\/v2\/users\/3"}],"replies":[{"embeddable":true,"href":"https:\/\/laprensacristiana.com\/index.php?rest_route=%2Fwp%2Fv2%2Fcomments&post=5968"}],"version-history":[{"count":2,"href":"https:\/\/laprensacristiana.com\/index.php?rest_route=\/wp\/v2\/posts\/5968\/revisions"}],"predecessor-version":[{"id":5970,"href":"https:\/\/laprensacristiana.com\/index.php?rest_route=\/wp\/v2\/posts\/5968\/revisions\/5970"}],"wp:featuredmedia":[{"embeddable":true,"href":"https:\/\/laprensacristiana.com\/index.php?rest_route=\/wp\/v2\/media\/4600"}],"wp:attachment":[{"href":"https:\/\/laprensacristiana.com\/index.php?rest_route=%2Fwp%2Fv2%2Fmedia&parent=5968"}],"wp:term":[{"taxonomy":"category","embeddable":true,"href":"https:\/\/laprensacristiana.com\/index.php?rest_route=%2Fwp%2Fv2%2Fcategories&post=5968"},{"taxonomy":"post_tag","embeddable":true,"href":"https:\/\/laprensacristiana.com\/index.php?rest_route=%2Fwp%2Fv2%2Ftags&post=5968"}],"curies":[{"name":"wp","href":"https:\/\/api.w.org\/{rel}","templated":true}]}}