{"id":5971,"date":"2019-06-05T22:27:11","date_gmt":"2019-06-05T22:27:11","guid":{"rendered":"https:\/\/laprensacristiana.com\/?p=5971"},"modified":"2019-06-05T22:39:35","modified_gmt":"2019-06-05T22:39:35","slug":"realizaran-concierto-a-beneficio-de-travy-joe-quien-fue-diagnosticado-con-leucemia","status":"publish","type":"post","link":"https:\/\/laprensacristiana.com\/?p=5971","title":{"rendered":"Realizar\u00e1n concierto a beneficio de Travy Joe quien fue diagnosticado con leucemia"},"content":{"rendered":"\n<p>El pasado 20 de marzo el cantante Travy Joe fue diagnosticado con leucemia, sometido a diferentes ex\u00e1menes m\u00e9dicos indicaron que ten\u00eda poco tiempo de vida. Pero Travy ha ido evolucionando mejor de lo esperado, el 10 de mayo fue dado de alta del hospital para continuar tratamiento desde su hogar.<\/p>\n\n\n\n<p>Travy Joe es procedente de Puerto Rico, se considera uno de\nlos pioneros en el g\u00e9nero del reggaet\u00f3n cristiano, Joe ha participado en m\u00e1s de\n22 producciones discogr\u00e1ficas con reconocidos productores musicales en el\ng\u00e9nero urbano cristiano como Lutek, Dj Pablo, Dj Blaster, Barimix, Stereophonic\nentre otros.<\/p>\n\n\n\n<p>Al igual que en el caso de Julio Melgar diferentes artistas se pusieron de acuerdo para participar en un evento a beneficio de la vida y ministerio de Travy con el nombre de Festival Familiar \u201cUnidos con Travy\u201d, los artistas que estar\u00e1n presentes son; Funky, Ingrid Rosario, Alex Zurdo, Julissa, Jacobo Ramos, Christine D\u00b4Clario, Coalo Zamorano, Lilly Goodman y Harold y Elena, esto ser\u00e1 en EEUU Texas, el pr\u00f3ximo 2 de julio. Los fondos recaudados ser\u00e1n para ayudar a los gastos m\u00e9dicos y tratamiento. <\/p>\n\n\n\n<p>Hace 5 d\u00edas Travy fue sometido a una peque\u00f1a cirug\u00eda para introducir un dispositivo que le permitir\u00e1 recibir la quimioterapia por v\u00eda intravenosa. <\/p>\n\n\n\n<p>\u201cEspero que est\u00e9n orando por m\u00ed, pido oraci\u00f3n para que este nuevo tratamiento pues contin\u00fae siendo bien, 28 semanas, ahora terminara todo en diciembre, pero gracias por estar pendientes y estar preguntando, gracias a Dios todo esta saliendo bien, Dios ha sido bueno con nosotros, que Dios les bendiga, gracias por todo lo que est\u00e1n haciendo por nosotros, por m\u00ed, por Jessi, gracias por todo, gracias por estar orando\u201d fueran las palabras de Travy Joe en un reciente video que comparti\u00f3 a trav\u00e9s de sus redes sociales. <\/p>\n\n\n\n<figure class=\"wp-block-image\"><img decoding=\"async\" loading=\"lazy\" width=\"720\" height=\"714\" src=\"https:\/\/laprensacristiana.com\/wp-content\/uploads\/2019\/06\/WhatsApp-Image-2019-06-05-at-16.11.54.jpeg\" alt=\"\" class=\"wp-image-5973\" srcset=\"https:\/\/laprensacristiana.com\/wp-content\/uploads\/2019\/06\/WhatsApp-Image-2019-06-05-at-16.11.54.jpeg 720w, https:\/\/laprensacristiana.com\/wp-content\/uploads\/2019\/06\/WhatsApp-Image-2019-06-05-at-16.11.54-100x100.jpeg 100w, https:\/\/laprensacristiana.com\/wp-content\/uploads\/2019\/06\/WhatsApp-Image-2019-06-05-at-16.11.54-600x595.jpeg 600w, https:\/\/laprensacristiana.com\/wp-content\/uploads\/2019\/06\/WhatsApp-Image-2019-06-05-at-16.11.54-150x150.jpeg 150w, https:\/\/laprensacristiana.com\/wp-content\/uploads\/2019\/06\/WhatsApp-Image-2019-06-05-at-16.11.54-300x298.jpeg 300w, https:\/\/laprensacristiana.com\/wp-content\/uploads\/2019\/06\/WhatsApp-Image-2019-06-05-at-16.11.54-696x690.jpeg 696w, https:\/\/laprensacristiana.com\/wp-content\/uploads\/2019\/06\/WhatsApp-Image-2019-06-05-at-16.11.54-424x420.jpeg 424w\" sizes=\"(max-width: 720px) 100vw, 720px\" \/><figcaption>Cortes\u00eda Adarga Group  <\/figcaption><\/figure>\n","protected":false},"excerpt":{"rendered":"<p>El pasado 20 de marzo el cantante Travy Joe fue diagnosticado con leucemia, sometido a diferentes ex\u00e1menes m\u00e9dicos indicaron que ten\u00eda poco tiempo de vida. Pero Travy ha ido evolucionando mejor de lo esperado, el 10 de mayo fue dado de alta del hospital para continuar tratamiento desde su hogar. Travy Joe es procedente de [&hellip;]<\/p>\n","protected":false},"author":3,"featured_media":5972,"comment_status":"open","ping_status":"open","sticky":false,"template":"","format":"standard","meta":[],"categories":[56],"tags":[],"yoast_head":"<!-- This site is optimized with the Yoast SEO plugin v20.8 - https:\/\/yoast.com\/wordpress\/plugins\/seo\/ -->\n<title>Realizar\u00e1n concierto a beneficio de Travy Joe quien fue diagnosticado con leucemia - La Prensa Cristiana<\/title>\n<meta name=\"robots\" content=\"index, follow, max-snippet:-1, max-image-preview:large, max-video-preview:-1\" \/>\n<link rel=\"canonical\" href=\"https:\/\/laprensacristiana.com\/?p=5971\" \/>\n<meta property=\"og:locale\" content=\"es_ES\" \/>\n<meta property=\"og:type\" content=\"article\" \/>\n<meta property=\"og:title\" content=\"Realizar\u00e1n concierto a beneficio de Travy Joe quien fue diagnosticado con leucemia - La Prensa Cristiana\" \/>\n<meta property=\"og:description\" content=\"El pasado 20 de marzo el cantante Travy Joe fue diagnosticado con leucemia, sometido a diferentes ex\u00e1menes m\u00e9dicos indicaron que ten\u00eda poco tiempo de vida. Pero Travy ha ido evolucionando mejor de lo esperado, el 10 de mayo fue dado de alta del hospital para continuar tratamiento desde su hogar. Travy Joe es procedente de [&hellip;]\" \/>\n<meta property=\"og:url\" content=\"https:\/\/laprensacristiana.com\/?p=5971\" \/>\n<meta property=\"og:site_name\" content=\"La Prensa Cristiana\" \/>\n<meta property=\"article:published_time\" content=\"2019-06-05T22:27:11+00:00\" \/>\n<meta property=\"article:modified_time\" content=\"2019-06-05T22:39:35+00:00\" \/>\n<meta property=\"og:image\" content=\"https:\/\/laprensacristiana.com\/wp-content\/uploads\/2019\/06\/WhatsApp-Image-2019-06-05-at-16.20.00.jpeg\" \/>\n\t<meta property=\"og:image:width\" content=\"720\" \/>\n\t<meta property=\"og:image:height\" content=\"902\" \/>\n\t<meta property=\"og:image:type\" content=\"image\/jpeg\" \/>\n<meta name=\"author\" content=\"EDITOR\" \/>\n<meta name=\"twitter:card\" content=\"summary_large_image\" \/>\n<meta name=\"twitter:label1\" content=\"Escrito por\" \/>\n\t<meta name=\"twitter:data1\" content=\"EDITOR\" \/>\n\t<meta name=\"twitter:label2\" content=\"Tiempo de lectura\" \/>\n\t<meta name=\"twitter:data2\" content=\"2 minutos\" \/>\n<script type=\"application\/ld+json\" class=\"yoast-schema-graph\">{\"@context\":\"https:\/\/schema.org\",\"@graph\":[{\"@type\":\"WebPage\",\"@id\":\"https:\/\/laprensacristiana.com\/?p=5971\",\"url\":\"https:\/\/laprensacristiana.com\/?p=5971\",\"name\":\"Realizar\u00e1n concierto a beneficio de Travy Joe quien fue diagnosticado con leucemia - La Prensa Cristiana\",\"isPartOf\":{\"@id\":\"https:\/\/laprensacristiana.com\/#website\"},\"datePublished\":\"2019-06-05T22:27:11+00:00\",\"dateModified\":\"2019-06-05T22:39:35+00:00\",\"author\":{\"@id\":\"https:\/\/laprensacristiana.com\/#\/schema\/person\/3e7d82c6bfd6b1fa67010f8f7cd5256e\"},\"breadcrumb\":{\"@id\":\"https:\/\/laprensacristiana.com\/?p=5971#breadcrumb\"},\"inLanguage\":\"es\",\"potentialAction\":[{\"@type\":\"ReadAction\",\"target\":[\"https:\/\/laprensacristiana.com\/?p=5971\"]}]},{\"@type\":\"BreadcrumbList\",\"@id\":\"https:\/\/laprensacristiana.com\/?p=5971#breadcrumb\",\"itemListElement\":[{\"@type\":\"ListItem\",\"position\":1,\"name\":\"Portada\",\"item\":\"https:\/\/laprensacristiana.com\/\"},{\"@type\":\"ListItem\",\"position\":2,\"name\":\"Realizar\u00e1n concierto a beneficio de Travy Joe quien fue diagnosticado con leucemia\"}]},{\"@type\":\"WebSite\",\"@id\":\"https:\/\/laprensacristiana.com\/#website\",\"url\":\"https:\/\/laprensacristiana.com\/\",\"name\":\"La Prensa Cristiana\",\"description\":\"Anunciando Las Buenas Nuevas\",\"potentialAction\":[{\"@type\":\"SearchAction\",\"target\":{\"@type\":\"EntryPoint\",\"urlTemplate\":\"https:\/\/laprensacristiana.com\/?s={search_term_string}\"},\"query-input\":\"required name=search_term_string\"}],\"inLanguage\":\"es\"},{\"@type\":\"Person\",\"@id\":\"https:\/\/laprensacristiana.com\/#\/schema\/person\/3e7d82c6bfd6b1fa67010f8f7cd5256e\",\"name\":\"EDITOR\",\"image\":{\"@type\":\"ImageObject\",\"inLanguage\":\"es\",\"@id\":\"https:\/\/laprensacristiana.com\/#\/schema\/person\/image\/\",\"url\":\"https:\/\/secure.gravatar.com\/avatar\/72069dfb6c13772d9e8381e3638666d2?s=96&d=mm&r=g\",\"contentUrl\":\"https:\/\/secure.gravatar.com\/avatar\/72069dfb6c13772d9e8381e3638666d2?s=96&d=mm&r=g\",\"caption\":\"EDITOR\"},\"url\":\"https:\/\/laprensacristiana.com\/?author=3\"}]}<\/script>\n<!-- \/ Yoast SEO plugin. -->","yoast_head_json":{"title":"Realizar\u00e1n concierto a beneficio de Travy Joe quien fue diagnosticado con leucemia - La Prensa Cristiana","robots":{"index":"index","follow":"follow","max-snippet":"max-snippet:-1","max-image-preview":"max-image-preview:large","max-video-preview":"max-video-preview:-1"},"canonical":"https:\/\/laprensacristiana.com\/?p=5971","og_locale":"es_ES","og_type":"article","og_title":"Realizar\u00e1n concierto a beneficio de Travy Joe quien fue diagnosticado con leucemia - La Prensa Cristiana","og_description":"El pasado 20 de marzo el cantante Travy Joe fue diagnosticado con leucemia, sometido a diferentes ex\u00e1menes m\u00e9dicos indicaron que ten\u00eda poco tiempo de vida. Pero Travy ha ido evolucionando mejor de lo esperado, el 10 de mayo fue dado de alta del hospital para continuar tratamiento desde su hogar. Travy Joe es procedente de [&hellip;]","og_url":"https:\/\/laprensacristiana.com\/?p=5971","og_site_name":"La Prensa Cristiana","article_published_time":"2019-06-05T22:27:11+00:00","article_modified_time":"2019-06-05T22:39:35+00:00","og_image":[{"width":720,"height":902,"url":"https:\/\/laprensacristiana.com\/wp-content\/uploads\/2019\/06\/WhatsApp-Image-2019-06-05-at-16.20.00.jpeg","type":"image\/jpeg"}],"author":"EDITOR","twitter_card":"summary_large_image","twitter_misc":{"Escrito por":"EDITOR","Tiempo de lectura":"2 minutos"},"schema":{"@context":"https:\/\/schema.org","@graph":[{"@type":"WebPage","@id":"https:\/\/laprensacristiana.com\/?p=5971","url":"https:\/\/laprensacristiana.com\/?p=5971","name":"Realizar\u00e1n concierto a beneficio de Travy Joe quien fue diagnosticado con leucemia - La Prensa Cristiana","isPartOf":{"@id":"https:\/\/laprensacristiana.com\/#website"},"datePublished":"2019-06-05T22:27:11+00:00","dateModified":"2019-06-05T22:39:35+00:00","author":{"@id":"https:\/\/laprensacristiana.com\/#\/schema\/person\/3e7d82c6bfd6b1fa67010f8f7cd5256e"},"breadcrumb":{"@id":"https:\/\/laprensacristiana.com\/?p=5971#breadcrumb"},"inLanguage":"es","potentialAction":[{"@type":"ReadAction","target":["https:\/\/laprensacristiana.com\/?p=5971"]}]},{"@type":"BreadcrumbList","@id":"https:\/\/laprensacristiana.com\/?p=5971#breadcrumb","itemListElement":[{"@type":"ListItem","position":1,"name":"Portada","item":"https:\/\/laprensacristiana.com\/"},{"@type":"ListItem","position":2,"name":"Realizar\u00e1n concierto a beneficio de Travy Joe quien fue diagnosticado con leucemia"}]},{"@type":"WebSite","@id":"https:\/\/laprensacristiana.com\/#website","url":"https:\/\/laprensacristiana.com\/","name":"La Prensa Cristiana","description":"Anunciando Las Buenas Nuevas","potentialAction":[{"@type":"SearchAction","target":{"@type":"EntryPoint","urlTemplate":"https:\/\/laprensacristiana.com\/?s={search_term_string}"},"query-input":"required name=search_term_string"}],"inLanguage":"es"},{"@type":"Person","@id":"https:\/\/laprensacristiana.com\/#\/schema\/person\/3e7d82c6bfd6b1fa67010f8f7cd5256e","name":"EDITOR","image":{"@type":"ImageObject","inLanguage":"es","@id":"https:\/\/laprensacristiana.com\/#\/schema\/person\/image\/","url":"https:\/\/secure.gravatar.com\/avatar\/72069dfb6c13772d9e8381e3638666d2?s=96&d=mm&r=g","contentUrl":"https:\/\/secure.gravatar.com\/avatar\/72069dfb6c13772d9e8381e3638666d2?s=96&d=mm&r=g","caption":"EDITOR"},"url":"https:\/\/laprensacristiana.com\/?author=3"}]}},"_links":{"self":[{"href":"https:\/\/laprensacristiana.com\/index.php?rest_route=\/wp\/v2\/posts\/5971"}],"collection":[{"href":"https:\/\/laprensacristiana.com\/index.php?rest_route=\/wp\/v2\/posts"}],"about":[{"href":"https:\/\/laprensacristiana.com\/index.php?rest_route=\/wp\/v2\/types\/post"}],"author":[{"embeddable":true,"href":"https:\/\/laprensacristiana.com\/index.php?rest_route=\/wp\/v2\/users\/3"}],"replies":[{"embeddable":true,"href":"https:\/\/laprensacristiana.com\/index.php?rest_route=%2Fwp%2Fv2%2Fcomments&post=5971"}],"version-history":[{"count":2,"href":"https:\/\/laprensacristiana.com\/index.php?rest_route=\/wp\/v2\/posts\/5971\/revisions"}],"predecessor-version":[{"id":5975,"href":"https:\/\/laprensacristiana.com\/index.php?rest_route=\/wp\/v2\/posts\/5971\/revisions\/5975"}],"wp:featuredmedia":[{"embeddable":true,"href":"https:\/\/laprensacristiana.com\/index.php?rest_route=\/wp\/v2\/media\/5972"}],"wp:attachment":[{"href":"https:\/\/laprensacristiana.com\/index.php?rest_route=%2Fwp%2Fv2%2Fmedia&parent=5971"}],"wp:term":[{"taxonomy":"category","embeddable":true,"href":"https:\/\/laprensacristiana.com\/index.php?rest_route=%2Fwp%2Fv2%2Fcategories&post=5971"},{"taxonomy":"post_tag","embeddable":true,"href":"https:\/\/laprensacristiana.com\/index.php?rest_route=%2Fwp%2Fv2%2Ftags&post=5971"}],"curies":[{"name":"wp","href":"https:\/\/api.w.org\/{rel}","templated":true}]}}