{"id":5980,"date":"2019-06-07T22:08:11","date_gmt":"2019-06-07T22:08:11","guid":{"rendered":"https:\/\/laprensacristiana.com\/?p=5980"},"modified":"2019-06-07T22:08:14","modified_gmt":"2019-06-07T22:08:14","slug":"pastor-cash-luna-presenta-demanda-contra-cadena-internacional-de-television-univision","status":"publish","type":"post","link":"https:\/\/laprensacristiana.com\/?p=5980","title":{"rendered":"Pastor Cash Luna presenta demanda contra cadena internacional de televisi\u00f3n \u201cUnivisi\u00f3n\u201d"},"content":{"rendered":"\n<p>El d\u00eda de ayer el pastor Guatemalteco Cash Luna a trav\u00e9s de su canal de YouTube dio a conocer que present\u00f3 una demanda contra la cadena de televisi\u00f3n internacional Univisi\u00f3n, en el v\u00eddeo el pastor hace \u00e9nfasis en que el reportaje presentado por esta cadena estadounidense, vulnero su reputaci\u00f3n y la de la Iglesia que lidera \u201cCasa de Dios\u201d, cuestionando su honorabilidad e\u00a0 integridad. <\/p>\n\n\n\n<p>La demanda fue presentada en EEUU para establecer un precedente\nseg\u00fan el pastor Cash, que sirva de base para la libre expresi\u00f3n de la fe\ncristiana y as\u00ed fortalecer los valores en la sociedad y la iglesia.<\/p>\n\n\n\n<p>\u201cApegados al derecho y a la verdad, confiamos en que esto servir\u00e1\ncomo punto de partida para reflexionar sobre el nocivo impacto de las noticias\nfalsas y el periodismo ejercido irresponsablemente, estamos seguros que a trav\u00e9s\nde estas acciones abriremos un camino que traer\u00e1 luz y verdad, respetamos la\nlabor period\u00edstica, sabemos que ejercida con responsabilidad y \u00e9tica es un\npilar fundamental para el desarrollo de la sociedad, pero tambi\u00e9n respetamos\nlos 10 mandamientos universales de la ley de Dios y el noveno dice : \u201cNo dar\u00e1s\nfalso testimonio contra tu pr\u00f3jimo, no lo difamaras\u201d, nos unimos con todas las\npersonas que han sido v\u00edctimas de este atropello en todo el mundo, oramos por sabidur\u00eda\npara el ejercicio de nuestros derechos y el cumplimiento de nuestros deberes, tambi\u00e9n\noramos porque la verdad prevalezca y la luz resplandezca en Latino Am\u00e9rica y el\nmundo\u201d concluy\u00f3 el Pastor Cash Luna de Iglesia Casa de Dios en Guatemala.<\/p>\n\n\n\n<p>El 3 de diciembre del a\u00f1o 2018, la cadena internacional de televisi\u00f3n\nUnivisi\u00f3n public\u00f3 un reportaje titulado \u201cLos Magnates de Dios\u201d en la cual\nacusaba de forma expl\u00edcita la construcci\u00f3n del templo de la Iglesia Casa de\nDios en Guatemala y a su pastor Cash Luna.<\/p>\n\n\n\n<p>Anteriormente el pastor respondi\u00f3 al se\u00f1alamiento que se le\nhizo en este reportaje:<\/p>\n\n\n\n<p>\u201cHola a todos, es mi oraci\u00f3n que ustedes, su familia y su\ntrabajo se encuentren bajo la bendici\u00f3n de Dios. Como sabr\u00e1n algunos Univisi\u00f3n\npublic\u00f3 un reportaje donde se hablan cosas de mi persona y la iglesia que\npresido Casa de Dios, en donde se dicen cosas muy alejadas de la verdad, y\ndespu\u00e9s que algunos de los medios nacionales de comunicaci\u00f3n lo replicaran y lo\npublicaran, lo primero que hicimos fue ponernos a las \u00f3rdenes del Ministerio\nPublico para lo que ellos requieran, despu\u00e9s de esto ya pudimos hablar con el\nliderazgo nacional, local y la congregaci\u00f3n Casa de Dios para poderles\ncomunicar lo que hoy les digo a ustedes: Nunca ha existido el v\u00ednculo con&nbsp; Marllory Chac\u00f3n que afirma este reportaje y\njam\u00e1s hemos recibido dinero de ella, Casa de Dios se ha construido con las\nofrendas voluntarias de sus miembros a lo largo de m\u00e1s de 22 a\u00f1os, y tambi\u00e9n\ndecirles y afirmarles que seguimos nosotros con la visi\u00f3n que Dios nos dio y la\nvamos a sacar adelante, que es compartir la palabra del Se\u00f1or Jesucristo a todo\nel mundo como lo hemos hecho por 35 a\u00f1os\u201d expres\u00f3 el pastor Luna<\/p>\n\n\n\n<p>El v\u00eddeo ya cuenta con m\u00e1s de 56,000 reproducciones en YouTube, muchos comentarios a favor y en apoyo al pastor Cash Luna. <\/p>\n\n\n\n<figure class=\"wp-block-embed-youtube wp-block-embed is-type-video is-provider-youtube wp-embed-aspect-16-9 wp-has-aspect-ratio\"><div class=\"wp-block-embed__wrapper\">\n<div class=\"youtube-embed\" data-video_id=\"XPR5uoewLnQ\"><iframe loading=\"lazy\" title=\"Pastor Cash Luna rechaza noticias falsas.\" width=\"696\" height=\"392\" src=\"https:\/\/www.youtube.com\/embed\/XPR5uoewLnQ?feature=oembed&#038;enablejsapi=1&#038;enablejsapi=1\" frameborder=\"0\" allow=\"accelerometer; autoplay; encrypted-media; gyroscope; picture-in-picture\" allowfullscreen><\/iframe><\/div>\n<\/div><\/figure>\n","protected":false},"excerpt":{"rendered":"<p>El d\u00eda de ayer el pastor Guatemalteco Cash Luna a trav\u00e9s de su canal de YouTube dio a conocer que present\u00f3 una demanda contra la cadena de televisi\u00f3n internacional Univisi\u00f3n, en el v\u00eddeo el pastor hace \u00e9nfasis en que el reportaje presentado por esta cadena estadounidense, vulnero su reputaci\u00f3n y la de la Iglesia que [&hellip;]<\/p>\n","protected":false},"author":3,"featured_media":4853,"comment_status":"open","ping_status":"open","sticky":false,"template":"","format":"standard","meta":[],"categories":[56],"tags":[],"yoast_head":"<!-- This site is optimized with the Yoast SEO plugin v20.8 - https:\/\/yoast.com\/wordpress\/plugins\/seo\/ -->\n<title>Pastor Cash Luna presenta demanda contra cadena internacional de televisi\u00f3n \u201cUnivisi\u00f3n\u201d - La Prensa Cristiana<\/title>\n<meta name=\"robots\" content=\"index, follow, max-snippet:-1, max-image-preview:large, max-video-preview:-1\" \/>\n<link rel=\"canonical\" href=\"https:\/\/laprensacristiana.com\/?p=5980\" \/>\n<meta property=\"og:locale\" content=\"es_ES\" \/>\n<meta property=\"og:type\" content=\"article\" \/>\n<meta property=\"og:title\" content=\"Pastor Cash Luna presenta demanda contra cadena internacional de televisi\u00f3n \u201cUnivisi\u00f3n\u201d - La Prensa Cristiana\" \/>\n<meta property=\"og:description\" content=\"El d\u00eda de ayer el pastor Guatemalteco Cash Luna a trav\u00e9s de su canal de YouTube dio a conocer que present\u00f3 una demanda contra la cadena de televisi\u00f3n internacional Univisi\u00f3n, en el v\u00eddeo el pastor hace \u00e9nfasis en que el reportaje presentado por esta cadena estadounidense, vulnero su reputaci\u00f3n y la de la Iglesia que [&hellip;]\" \/>\n<meta property=\"og:url\" content=\"https:\/\/laprensacristiana.com\/?p=5980\" \/>\n<meta property=\"og:site_name\" content=\"La Prensa Cristiana\" \/>\n<meta property=\"article:published_time\" content=\"2019-06-07T22:08:11+00:00\" \/>\n<meta property=\"article:modified_time\" content=\"2019-06-07T22:08:14+00:00\" \/>\n<meta property=\"og:image\" content=\"https:\/\/laprensacristiana.com\/wp-content\/uploads\/2018\/12\/WhatsApp-Image-2018-12-12-at-11.49.18-AM.jpeg\" \/>\n\t<meta property=\"og:image:width\" content=\"1280\" \/>\n\t<meta property=\"og:image:height\" content=\"714\" \/>\n\t<meta property=\"og:image:type\" content=\"image\/jpeg\" \/>\n<meta name=\"author\" content=\"EDITOR\" \/>\n<meta name=\"twitter:card\" content=\"summary_large_image\" \/>\n<meta name=\"twitter:label1\" content=\"Escrito por\" \/>\n\t<meta name=\"twitter:data1\" content=\"EDITOR\" \/>\n\t<meta name=\"twitter:label2\" content=\"Tiempo de lectura\" \/>\n\t<meta name=\"twitter:data2\" content=\"3 minutos\" \/>\n<script type=\"application\/ld+json\" class=\"yoast-schema-graph\">{\"@context\":\"https:\/\/schema.org\",\"@graph\":[{\"@type\":\"WebPage\",\"@id\":\"https:\/\/laprensacristiana.com\/?p=5980\",\"url\":\"https:\/\/laprensacristiana.com\/?p=5980\",\"name\":\"Pastor Cash Luna presenta demanda contra cadena internacional de televisi\u00f3n \u201cUnivisi\u00f3n\u201d - La Prensa Cristiana\",\"isPartOf\":{\"@id\":\"https:\/\/laprensacristiana.com\/#website\"},\"datePublished\":\"2019-06-07T22:08:11+00:00\",\"dateModified\":\"2019-06-07T22:08:14+00:00\",\"author\":{\"@id\":\"https:\/\/laprensacristiana.com\/#\/schema\/person\/3e7d82c6bfd6b1fa67010f8f7cd5256e\"},\"breadcrumb\":{\"@id\":\"https:\/\/laprensacristiana.com\/?p=5980#breadcrumb\"},\"inLanguage\":\"es\",\"potentialAction\":[{\"@type\":\"ReadAction\",\"target\":[\"https:\/\/laprensacristiana.com\/?p=5980\"]}]},{\"@type\":\"BreadcrumbList\",\"@id\":\"https:\/\/laprensacristiana.com\/?p=5980#breadcrumb\",\"itemListElement\":[{\"@type\":\"ListItem\",\"position\":1,\"name\":\"Portada\",\"item\":\"https:\/\/laprensacristiana.com\/\"},{\"@type\":\"ListItem\",\"position\":2,\"name\":\"Pastor Cash Luna presenta demanda contra cadena internacional de televisi\u00f3n \u201cUnivisi\u00f3n\u201d\"}]},{\"@type\":\"WebSite\",\"@id\":\"https:\/\/laprensacristiana.com\/#website\",\"url\":\"https:\/\/laprensacristiana.com\/\",\"name\":\"La Prensa Cristiana\",\"description\":\"Anunciando Las Buenas Nuevas\",\"potentialAction\":[{\"@type\":\"SearchAction\",\"target\":{\"@type\":\"EntryPoint\",\"urlTemplate\":\"https:\/\/laprensacristiana.com\/?s={search_term_string}\"},\"query-input\":\"required name=search_term_string\"}],\"inLanguage\":\"es\"},{\"@type\":\"Person\",\"@id\":\"https:\/\/laprensacristiana.com\/#\/schema\/person\/3e7d82c6bfd6b1fa67010f8f7cd5256e\",\"name\":\"EDITOR\",\"image\":{\"@type\":\"ImageObject\",\"inLanguage\":\"es\",\"@id\":\"https:\/\/laprensacristiana.com\/#\/schema\/person\/image\/\",\"url\":\"https:\/\/secure.gravatar.com\/avatar\/72069dfb6c13772d9e8381e3638666d2?s=96&d=mm&r=g\",\"contentUrl\":\"https:\/\/secure.gravatar.com\/avatar\/72069dfb6c13772d9e8381e3638666d2?s=96&d=mm&r=g\",\"caption\":\"EDITOR\"},\"url\":\"https:\/\/laprensacristiana.com\/?author=3\"}]}<\/script>\n<!-- \/ Yoast SEO plugin. -->","yoast_head_json":{"title":"Pastor Cash Luna presenta demanda contra cadena internacional de televisi\u00f3n \u201cUnivisi\u00f3n\u201d - La Prensa Cristiana","robots":{"index":"index","follow":"follow","max-snippet":"max-snippet:-1","max-image-preview":"max-image-preview:large","max-video-preview":"max-video-preview:-1"},"canonical":"https:\/\/laprensacristiana.com\/?p=5980","og_locale":"es_ES","og_type":"article","og_title":"Pastor Cash Luna presenta demanda contra cadena internacional de televisi\u00f3n \u201cUnivisi\u00f3n\u201d - La Prensa Cristiana","og_description":"El d\u00eda de ayer el pastor Guatemalteco Cash Luna a trav\u00e9s de su canal de YouTube dio a conocer que present\u00f3 una demanda contra la cadena de televisi\u00f3n internacional Univisi\u00f3n, en el v\u00eddeo el pastor hace \u00e9nfasis en que el reportaje presentado por esta cadena estadounidense, vulnero su reputaci\u00f3n y la de la Iglesia que [&hellip;]","og_url":"https:\/\/laprensacristiana.com\/?p=5980","og_site_name":"La Prensa Cristiana","article_published_time":"2019-06-07T22:08:11+00:00","article_modified_time":"2019-06-07T22:08:14+00:00","og_image":[{"width":1280,"height":714,"url":"https:\/\/laprensacristiana.com\/wp-content\/uploads\/2018\/12\/WhatsApp-Image-2018-12-12-at-11.49.18-AM.jpeg","type":"image\/jpeg"}],"author":"EDITOR","twitter_card":"summary_large_image","twitter_misc":{"Escrito por":"EDITOR","Tiempo de lectura":"3 minutos"},"schema":{"@context":"https:\/\/schema.org","@graph":[{"@type":"WebPage","@id":"https:\/\/laprensacristiana.com\/?p=5980","url":"https:\/\/laprensacristiana.com\/?p=5980","name":"Pastor Cash Luna presenta demanda contra cadena internacional de televisi\u00f3n \u201cUnivisi\u00f3n\u201d - La Prensa Cristiana","isPartOf":{"@id":"https:\/\/laprensacristiana.com\/#website"},"datePublished":"2019-06-07T22:08:11+00:00","dateModified":"2019-06-07T22:08:14+00:00","author":{"@id":"https:\/\/laprensacristiana.com\/#\/schema\/person\/3e7d82c6bfd6b1fa67010f8f7cd5256e"},"breadcrumb":{"@id":"https:\/\/laprensacristiana.com\/?p=5980#breadcrumb"},"inLanguage":"es","potentialAction":[{"@type":"ReadAction","target":["https:\/\/laprensacristiana.com\/?p=5980"]}]},{"@type":"BreadcrumbList","@id":"https:\/\/laprensacristiana.com\/?p=5980#breadcrumb","itemListElement":[{"@type":"ListItem","position":1,"name":"Portada","item":"https:\/\/laprensacristiana.com\/"},{"@type":"ListItem","position":2,"name":"Pastor Cash Luna presenta demanda contra cadena internacional de televisi\u00f3n \u201cUnivisi\u00f3n\u201d"}]},{"@type":"WebSite","@id":"https:\/\/laprensacristiana.com\/#website","url":"https:\/\/laprensacristiana.com\/","name":"La Prensa Cristiana","description":"Anunciando Las Buenas Nuevas","potentialAction":[{"@type":"SearchAction","target":{"@type":"EntryPoint","urlTemplate":"https:\/\/laprensacristiana.com\/?s={search_term_string}"},"query-input":"required name=search_term_string"}],"inLanguage":"es"},{"@type":"Person","@id":"https:\/\/laprensacristiana.com\/#\/schema\/person\/3e7d82c6bfd6b1fa67010f8f7cd5256e","name":"EDITOR","image":{"@type":"ImageObject","inLanguage":"es","@id":"https:\/\/laprensacristiana.com\/#\/schema\/person\/image\/","url":"https:\/\/secure.gravatar.com\/avatar\/72069dfb6c13772d9e8381e3638666d2?s=96&d=mm&r=g","contentUrl":"https:\/\/secure.gravatar.com\/avatar\/72069dfb6c13772d9e8381e3638666d2?s=96&d=mm&r=g","caption":"EDITOR"},"url":"https:\/\/laprensacristiana.com\/?author=3"}]}},"_links":{"self":[{"href":"https:\/\/laprensacristiana.com\/index.php?rest_route=\/wp\/v2\/posts\/5980"}],"collection":[{"href":"https:\/\/laprensacristiana.com\/index.php?rest_route=\/wp\/v2\/posts"}],"about":[{"href":"https:\/\/laprensacristiana.com\/index.php?rest_route=\/wp\/v2\/types\/post"}],"author":[{"embeddable":true,"href":"https:\/\/laprensacristiana.com\/index.php?rest_route=\/wp\/v2\/users\/3"}],"replies":[{"embeddable":true,"href":"https:\/\/laprensacristiana.com\/index.php?rest_route=%2Fwp%2Fv2%2Fcomments&post=5980"}],"version-history":[{"count":1,"href":"https:\/\/laprensacristiana.com\/index.php?rest_route=\/wp\/v2\/posts\/5980\/revisions"}],"predecessor-version":[{"id":5981,"href":"https:\/\/laprensacristiana.com\/index.php?rest_route=\/wp\/v2\/posts\/5980\/revisions\/5981"}],"wp:featuredmedia":[{"embeddable":true,"href":"https:\/\/laprensacristiana.com\/index.php?rest_route=\/wp\/v2\/media\/4853"}],"wp:attachment":[{"href":"https:\/\/laprensacristiana.com\/index.php?rest_route=%2Fwp%2Fv2%2Fmedia&parent=5980"}],"wp:term":[{"taxonomy":"category","embeddable":true,"href":"https:\/\/laprensacristiana.com\/index.php?rest_route=%2Fwp%2Fv2%2Fcategories&post=5980"},{"taxonomy":"post_tag","embeddable":true,"href":"https:\/\/laprensacristiana.com\/index.php?rest_route=%2Fwp%2Fv2%2Ftags&post=5980"}],"curies":[{"name":"wp","href":"https:\/\/api.w.org\/{rel}","templated":true}]}}