{"id":5982,"date":"2019-06-07T23:23:40","date_gmt":"2019-06-07T23:23:40","guid":{"rendered":"https:\/\/laprensacristiana.com\/?p=5982"},"modified":"2019-06-07T23:23:43","modified_gmt":"2019-06-07T23:23:43","slug":"el-mirador-programa-de-tv-salvadoreno-es-nominado-en-premios-aguila-eeuu","status":"publish","type":"post","link":"https:\/\/laprensacristiana.com\/?p=5982","title":{"rendered":"\u201cEl Mirador\u201d programa de TV Salvadore\u00f1o es nominado en Premios \u00c1guila EEUU"},"content":{"rendered":"\n<p>El Mirador es un programa semanal que forma parte de la franja juvenil del canal de televisi\u00f3n oficial de Misi\u00f3n Cristiana Elim (Elim TV) llamado \u201cFiltro Alternativo\u201d, se transmite semana a semana presentando tres v\u00eddeos nuevos de las diferentes producciones realizadas por las bandas y artistas nacionales e internacionales.<\/p>\n\n\n\n<p>Este programa nace con la finalidad de llegar a muchas vidas\npor medio de la m\u00fasica, El Mirador esta al aire desde el mes de febrero del a\u00f1o\n2017, con el eslogan \u201cDesde ac\u00e1 ves todo lo nuevo\u201d, es producido y conducido\npor el joven Alexis P\u00e9rez quien nos hablo acerca de esta importante nominaci\u00f3n:<br>\n<br>\n<\/p>\n\n\n\n<p>\u201cEstoy orgulloso de poner en alto el nombre de Dios y\nanunciar su mensaje por medio de la m\u00fasica. Nos compromete para seguir haciendo\ncontenido que edifique, muy pronto habr\u00e1 nuevo contenido\u201d concluy\u00f3 P\u00e9rez\npresentador y productor de El Mirador.<\/p>\n\n\n\n<p>Los Premios \u00c1guila se realizan en la ciudad Miami EEUU, en\nel marco de expolit, la convenci\u00f3n hispana m\u00e1s importante de la industria cristiana.\nEsta entrega de premios se fund\u00f3 en el a\u00f1o 2010, para premiar y reconocer a\nnivel internacional a los comunicadores hispanos dentro de la industria\ncristiana. <\/p>\n\n\n\n<p>Nace con el prop\u00f3sito de fomentar el trabajo con excelencia\ny creatividad en los medios de comunicaci\u00f3n como una herramienta de evangelizaci\u00f3n.\nConvocando a los periodistas y comunicadores m\u00e1s influyentes de EEUU, Latinoam\u00e9rica,\nel caribe y Europa.<\/p>\n\n\n\n<p>El mirador est\u00e1 nominado a mejor programa audiovisual junto\na Vive, Vida Dura, Energ\u00eda Total, Hechos y Cr\u00f3nicas. El galardonado es elegido\npor un jurado conformado por un grupo de profesionales con alta experiencia\nprofesional y conocimientos en al menos las \u00e1reas de radio, televisi\u00f3n, prensa,\ndise\u00f1o y diagramaci\u00f3n, redacci\u00f3n period\u00edstica, redes sociales, aplicaciones y\nnuevas tecnolog\u00edas. <\/p>\n\n\n\n<p>El programa es transmitido todos los mi\u00e9rcoles a trav\u00e9s de Elim TV, canal 27 se\u00f1al abierta\u00a0 a las 5:00 de la tarde hora de el Salvador.<\/p>\n\n\n\n<figure class=\"wp-block-image\"><img decoding=\"async\" loading=\"lazy\" width=\"720\" height=\"720\" src=\"https:\/\/laprensacristiana.com\/wp-content\/uploads\/2019\/06\/WhatsApp-Image-2019-06-07-at-17.15.51.jpeg\" alt=\"\" class=\"wp-image-5984\" srcset=\"https:\/\/laprensacristiana.com\/wp-content\/uploads\/2019\/06\/WhatsApp-Image-2019-06-07-at-17.15.51.jpeg 720w, https:\/\/laprensacristiana.com\/wp-content\/uploads\/2019\/06\/WhatsApp-Image-2019-06-07-at-17.15.51-300x300.jpeg 300w, https:\/\/laprensacristiana.com\/wp-content\/uploads\/2019\/06\/WhatsApp-Image-2019-06-07-at-17.15.51-100x100.jpeg 100w, https:\/\/laprensacristiana.com\/wp-content\/uploads\/2019\/06\/WhatsApp-Image-2019-06-07-at-17.15.51-600x600.jpeg 600w, https:\/\/laprensacristiana.com\/wp-content\/uploads\/2019\/06\/WhatsApp-Image-2019-06-07-at-17.15.51-150x150.jpeg 150w, https:\/\/laprensacristiana.com\/wp-content\/uploads\/2019\/06\/WhatsApp-Image-2019-06-07-at-17.15.51-696x696.jpeg 696w, https:\/\/laprensacristiana.com\/wp-content\/uploads\/2019\/06\/WhatsApp-Image-2019-06-07-at-17.15.51-420x420.jpeg 420w\" sizes=\"(max-width: 720px) 100vw, 720px\" \/><figcaption>Cortes\u00eda Premios \u00c1guila <br><br><br><\/figcaption><\/figure>\n","protected":false},"excerpt":{"rendered":"<p>El Mirador es un programa semanal que forma parte de la franja juvenil del canal de televisi\u00f3n oficial de Misi\u00f3n Cristiana Elim (Elim TV) llamado \u201cFiltro Alternativo\u201d, se transmite semana a semana presentando tres v\u00eddeos nuevos de las diferentes producciones realizadas por las bandas y artistas nacionales e internacionales. Este programa nace con la finalidad [&hellip;]<\/p>\n","protected":false},"author":3,"featured_media":5983,"comment_status":"open","ping_status":"open","sticky":false,"template":"","format":"standard","meta":[],"categories":[56],"tags":[],"yoast_head":"<!-- This site is optimized with the Yoast SEO plugin v20.8 - https:\/\/yoast.com\/wordpress\/plugins\/seo\/ -->\n<title>\u201cEl Mirador\u201d programa de TV Salvadore\u00f1o es nominado en Premios \u00c1guila EEUU - La Prensa Cristiana<\/title>\n<meta name=\"robots\" content=\"index, follow, max-snippet:-1, max-image-preview:large, max-video-preview:-1\" \/>\n<link rel=\"canonical\" href=\"https:\/\/laprensacristiana.com\/?p=5982\" \/>\n<meta property=\"og:locale\" content=\"es_ES\" \/>\n<meta property=\"og:type\" content=\"article\" \/>\n<meta property=\"og:title\" content=\"\u201cEl Mirador\u201d programa de TV Salvadore\u00f1o es nominado en Premios \u00c1guila EEUU - La Prensa Cristiana\" \/>\n<meta property=\"og:description\" content=\"El Mirador es un programa semanal que forma parte de la franja juvenil del canal de televisi\u00f3n oficial de Misi\u00f3n Cristiana Elim (Elim TV) llamado \u201cFiltro Alternativo\u201d, se transmite semana a semana presentando tres v\u00eddeos nuevos de las diferentes producciones realizadas por las bandas y artistas nacionales e internacionales. Este programa nace con la finalidad [&hellip;]\" \/>\n<meta property=\"og:url\" content=\"https:\/\/laprensacristiana.com\/?p=5982\" \/>\n<meta property=\"og:site_name\" content=\"La Prensa Cristiana\" \/>\n<meta property=\"article:published_time\" content=\"2019-06-07T23:23:40+00:00\" \/>\n<meta property=\"article:modified_time\" content=\"2019-06-07T23:23:43+00:00\" \/>\n<meta property=\"og:image\" content=\"https:\/\/laprensacristiana.com\/wp-content\/uploads\/2019\/06\/WhatsApp-Image-2019-06-07-at-17.15.55.jpeg\" \/>\n\t<meta property=\"og:image:width\" content=\"720\" \/>\n\t<meta property=\"og:image:height\" content=\"543\" \/>\n\t<meta property=\"og:image:type\" content=\"image\/jpeg\" \/>\n<meta name=\"author\" content=\"EDITOR\" \/>\n<meta name=\"twitter:card\" content=\"summary_large_image\" \/>\n<meta name=\"twitter:label1\" content=\"Escrito por\" \/>\n\t<meta name=\"twitter:data1\" content=\"EDITOR\" \/>\n\t<meta name=\"twitter:label2\" content=\"Tiempo de lectura\" \/>\n\t<meta name=\"twitter:data2\" content=\"2 minutos\" \/>\n<script type=\"application\/ld+json\" class=\"yoast-schema-graph\">{\"@context\":\"https:\/\/schema.org\",\"@graph\":[{\"@type\":\"WebPage\",\"@id\":\"https:\/\/laprensacristiana.com\/?p=5982\",\"url\":\"https:\/\/laprensacristiana.com\/?p=5982\",\"name\":\"\u201cEl Mirador\u201d programa de TV Salvadore\u00f1o es nominado en Premios \u00c1guila EEUU - La Prensa Cristiana\",\"isPartOf\":{\"@id\":\"https:\/\/laprensacristiana.com\/#website\"},\"datePublished\":\"2019-06-07T23:23:40+00:00\",\"dateModified\":\"2019-06-07T23:23:43+00:00\",\"author\":{\"@id\":\"https:\/\/laprensacristiana.com\/#\/schema\/person\/3e7d82c6bfd6b1fa67010f8f7cd5256e\"},\"breadcrumb\":{\"@id\":\"https:\/\/laprensacristiana.com\/?p=5982#breadcrumb\"},\"inLanguage\":\"es\",\"potentialAction\":[{\"@type\":\"ReadAction\",\"target\":[\"https:\/\/laprensacristiana.com\/?p=5982\"]}]},{\"@type\":\"BreadcrumbList\",\"@id\":\"https:\/\/laprensacristiana.com\/?p=5982#breadcrumb\",\"itemListElement\":[{\"@type\":\"ListItem\",\"position\":1,\"name\":\"Portada\",\"item\":\"https:\/\/laprensacristiana.com\/\"},{\"@type\":\"ListItem\",\"position\":2,\"name\":\"\u201cEl Mirador\u201d programa de TV Salvadore\u00f1o es nominado en Premios \u00c1guila EEUU\"}]},{\"@type\":\"WebSite\",\"@id\":\"https:\/\/laprensacristiana.com\/#website\",\"url\":\"https:\/\/laprensacristiana.com\/\",\"name\":\"La Prensa Cristiana\",\"description\":\"Anunciando Las Buenas Nuevas\",\"potentialAction\":[{\"@type\":\"SearchAction\",\"target\":{\"@type\":\"EntryPoint\",\"urlTemplate\":\"https:\/\/laprensacristiana.com\/?s={search_term_string}\"},\"query-input\":\"required name=search_term_string\"}],\"inLanguage\":\"es\"},{\"@type\":\"Person\",\"@id\":\"https:\/\/laprensacristiana.com\/#\/schema\/person\/3e7d82c6bfd6b1fa67010f8f7cd5256e\",\"name\":\"EDITOR\",\"image\":{\"@type\":\"ImageObject\",\"inLanguage\":\"es\",\"@id\":\"https:\/\/laprensacristiana.com\/#\/schema\/person\/image\/\",\"url\":\"https:\/\/secure.gravatar.com\/avatar\/72069dfb6c13772d9e8381e3638666d2?s=96&d=mm&r=g\",\"contentUrl\":\"https:\/\/secure.gravatar.com\/avatar\/72069dfb6c13772d9e8381e3638666d2?s=96&d=mm&r=g\",\"caption\":\"EDITOR\"},\"url\":\"https:\/\/laprensacristiana.com\/?author=3\"}]}<\/script>\n<!-- \/ Yoast SEO plugin. -->","yoast_head_json":{"title":"\u201cEl Mirador\u201d programa de TV Salvadore\u00f1o es nominado en Premios \u00c1guila EEUU - La Prensa Cristiana","robots":{"index":"index","follow":"follow","max-snippet":"max-snippet:-1","max-image-preview":"max-image-preview:large","max-video-preview":"max-video-preview:-1"},"canonical":"https:\/\/laprensacristiana.com\/?p=5982","og_locale":"es_ES","og_type":"article","og_title":"\u201cEl Mirador\u201d programa de TV Salvadore\u00f1o es nominado en Premios \u00c1guila EEUU - La Prensa Cristiana","og_description":"El Mirador es un programa semanal que forma parte de la franja juvenil del canal de televisi\u00f3n oficial de Misi\u00f3n Cristiana Elim (Elim TV) llamado \u201cFiltro Alternativo\u201d, se transmite semana a semana presentando tres v\u00eddeos nuevos de las diferentes producciones realizadas por las bandas y artistas nacionales e internacionales. Este programa nace con la finalidad [&hellip;]","og_url":"https:\/\/laprensacristiana.com\/?p=5982","og_site_name":"La Prensa Cristiana","article_published_time":"2019-06-07T23:23:40+00:00","article_modified_time":"2019-06-07T23:23:43+00:00","og_image":[{"width":720,"height":543,"url":"https:\/\/laprensacristiana.com\/wp-content\/uploads\/2019\/06\/WhatsApp-Image-2019-06-07-at-17.15.55.jpeg","type":"image\/jpeg"}],"author":"EDITOR","twitter_card":"summary_large_image","twitter_misc":{"Escrito por":"EDITOR","Tiempo de lectura":"2 minutos"},"schema":{"@context":"https:\/\/schema.org","@graph":[{"@type":"WebPage","@id":"https:\/\/laprensacristiana.com\/?p=5982","url":"https:\/\/laprensacristiana.com\/?p=5982","name":"\u201cEl Mirador\u201d programa de TV Salvadore\u00f1o es nominado en Premios \u00c1guila EEUU - La Prensa Cristiana","isPartOf":{"@id":"https:\/\/laprensacristiana.com\/#website"},"datePublished":"2019-06-07T23:23:40+00:00","dateModified":"2019-06-07T23:23:43+00:00","author":{"@id":"https:\/\/laprensacristiana.com\/#\/schema\/person\/3e7d82c6bfd6b1fa67010f8f7cd5256e"},"breadcrumb":{"@id":"https:\/\/laprensacristiana.com\/?p=5982#breadcrumb"},"inLanguage":"es","potentialAction":[{"@type":"ReadAction","target":["https:\/\/laprensacristiana.com\/?p=5982"]}]},{"@type":"BreadcrumbList","@id":"https:\/\/laprensacristiana.com\/?p=5982#breadcrumb","itemListElement":[{"@type":"ListItem","position":1,"name":"Portada","item":"https:\/\/laprensacristiana.com\/"},{"@type":"ListItem","position":2,"name":"\u201cEl Mirador\u201d programa de TV Salvadore\u00f1o es nominado en Premios \u00c1guila EEUU"}]},{"@type":"WebSite","@id":"https:\/\/laprensacristiana.com\/#website","url":"https:\/\/laprensacristiana.com\/","name":"La Prensa Cristiana","description":"Anunciando Las Buenas Nuevas","potentialAction":[{"@type":"SearchAction","target":{"@type":"EntryPoint","urlTemplate":"https:\/\/laprensacristiana.com\/?s={search_term_string}"},"query-input":"required name=search_term_string"}],"inLanguage":"es"},{"@type":"Person","@id":"https:\/\/laprensacristiana.com\/#\/schema\/person\/3e7d82c6bfd6b1fa67010f8f7cd5256e","name":"EDITOR","image":{"@type":"ImageObject","inLanguage":"es","@id":"https:\/\/laprensacristiana.com\/#\/schema\/person\/image\/","url":"https:\/\/secure.gravatar.com\/avatar\/72069dfb6c13772d9e8381e3638666d2?s=96&d=mm&r=g","contentUrl":"https:\/\/secure.gravatar.com\/avatar\/72069dfb6c13772d9e8381e3638666d2?s=96&d=mm&r=g","caption":"EDITOR"},"url":"https:\/\/laprensacristiana.com\/?author=3"}]}},"_links":{"self":[{"href":"https:\/\/laprensacristiana.com\/index.php?rest_route=\/wp\/v2\/posts\/5982"}],"collection":[{"href":"https:\/\/laprensacristiana.com\/index.php?rest_route=\/wp\/v2\/posts"}],"about":[{"href":"https:\/\/laprensacristiana.com\/index.php?rest_route=\/wp\/v2\/types\/post"}],"author":[{"embeddable":true,"href":"https:\/\/laprensacristiana.com\/index.php?rest_route=\/wp\/v2\/users\/3"}],"replies":[{"embeddable":true,"href":"https:\/\/laprensacristiana.com\/index.php?rest_route=%2Fwp%2Fv2%2Fcomments&post=5982"}],"version-history":[{"count":1,"href":"https:\/\/laprensacristiana.com\/index.php?rest_route=\/wp\/v2\/posts\/5982\/revisions"}],"predecessor-version":[{"id":5985,"href":"https:\/\/laprensacristiana.com\/index.php?rest_route=\/wp\/v2\/posts\/5982\/revisions\/5985"}],"wp:featuredmedia":[{"embeddable":true,"href":"https:\/\/laprensacristiana.com\/index.php?rest_route=\/wp\/v2\/media\/5983"}],"wp:attachment":[{"href":"https:\/\/laprensacristiana.com\/index.php?rest_route=%2Fwp%2Fv2%2Fmedia&parent=5982"}],"wp:term":[{"taxonomy":"category","embeddable":true,"href":"https:\/\/laprensacristiana.com\/index.php?rest_route=%2Fwp%2Fv2%2Fcategories&post=5982"},{"taxonomy":"post_tag","embeddable":true,"href":"https:\/\/laprensacristiana.com\/index.php?rest_route=%2Fwp%2Fv2%2Ftags&post=5982"}],"curies":[{"name":"wp","href":"https:\/\/api.w.org\/{rel}","templated":true}]}}