{"id":5990,"date":"2019-06-10T12:38:22","date_gmt":"2019-06-10T12:38:22","guid":{"rendered":"https:\/\/laprensacristiana.com\/?p=5990"},"modified":"2019-06-10T12:39:33","modified_gmt":"2019-06-10T12:39:33","slug":"pastor-toby-jr-hablo-en-su-predica-sobre-discurso-presidencial","status":"publish","type":"post","link":"https:\/\/laprensacristiana.com\/?p=5990","title":{"rendered":"Pastor Toby Jr habl\u00f3 en su pr\u00e9dica sobre discurso presidencial"},"content":{"rendered":"\n<p>El pasado 01 de junio se llev\u00f3 a cabo el traspaso de mando\nde la Presidencia de la Rep\u00fablica de El Salvador, el acto se llev\u00f3 a cabo en\nuna plaza en el centro de la capital de San Salvador, El nuevo presidente Nayib\nBukele tuvo un invitado especial y fue todo el pueblo salvadore\u00f1o,\nhist\u00f3ricamente es la primera vez que el pa\u00eds pudo presenciar tan solemne acto.<\/p>\n\n\n\n<p>La oraci\u00f3n por esta nueva temporada que durar\u00e1 5 a\u00f1os estuvo\na cargo por el carism\u00e1tico Pastor de j\u00f3venes Dante Gebel. A la ceremonia se\nhicieron presentes diferentes pastores de distintas denominaciones.<\/p>\n\n\n\n<p>El 2 de junio en un servicio dominical en la Iglesia Tabern\u00e1culo B\u00edblico Bautista Amigos de Israel Central, el pastor Edgar L\u00f3pez Bertrand Jr en uno de sus predicaciones dio su opini\u00f3n acerca del discurso que el presidente realiz\u00f3 por primera vez ante el pueblo salvadore\u00f1o. En su predicaci\u00f3n titulada \u201cEl problema de siempre\u201d comenz\u00f3 hablando sobre el traspaso de mando,\u00a0 el video se encuentra en la plataforma de YouTube de su canal TaberTV, el pastor dijo que antes de que la ceremonia se llevara a cabo un periodista se comunic\u00f3 con \u00e9l para que le diera su opini\u00f3n sobre el discurso del presidente, las preguntas fueron enviadas a su correo para darles respuesta luego de la actividad.<\/p>\n\n\n\n<figure class=\"wp-block-image\"><img decoding=\"async\" loading=\"lazy\" width=\"1024\" height=\"1024\" src=\"https:\/\/laprensacristiana.com\/wp-content\/uploads\/2019\/06\/PUBLICACI\u00d3N-FB-PROMOCI\u00d3N-NUEVO-INGRESO-1024x1024.jpg\" alt=\"\" class=\"wp-image-5988\" srcset=\"https:\/\/laprensacristiana.com\/wp-content\/uploads\/2019\/06\/PUBLICACI\u00d3N-FB-PROMOCI\u00d3N-NUEVO-INGRESO-1024x1024.jpg 1024w, https:\/\/laprensacristiana.com\/wp-content\/uploads\/2019\/06\/PUBLICACI\u00d3N-FB-PROMOCI\u00d3N-NUEVO-INGRESO-300x300.jpg 300w, https:\/\/laprensacristiana.com\/wp-content\/uploads\/2019\/06\/PUBLICACI\u00d3N-FB-PROMOCI\u00d3N-NUEVO-INGRESO-100x100.jpg 100w, https:\/\/laprensacristiana.com\/wp-content\/uploads\/2019\/06\/PUBLICACI\u00d3N-FB-PROMOCI\u00d3N-NUEVO-INGRESO-600x600.jpg 600w, https:\/\/laprensacristiana.com\/wp-content\/uploads\/2019\/06\/PUBLICACI\u00d3N-FB-PROMOCI\u00d3N-NUEVO-INGRESO-150x150.jpg 150w, https:\/\/laprensacristiana.com\/wp-content\/uploads\/2019\/06\/PUBLICACI\u00d3N-FB-PROMOCI\u00d3N-NUEVO-INGRESO-768x768.jpg 768w, https:\/\/laprensacristiana.com\/wp-content\/uploads\/2019\/06\/PUBLICACI\u00d3N-FB-PROMOCI\u00d3N-NUEVO-INGRESO-696x696.jpg 696w, https:\/\/laprensacristiana.com\/wp-content\/uploads\/2019\/06\/PUBLICACI\u00d3N-FB-PROMOCI\u00d3N-NUEVO-INGRESO-1068x1068.jpg 1068w, https:\/\/laprensacristiana.com\/wp-content\/uploads\/2019\/06\/PUBLICACI\u00d3N-FB-PROMOCI\u00d3N-NUEVO-INGRESO-420x420.jpg 420w\" sizes=\"(max-width: 1024px) 100vw, 1024px\" \/><\/figure>\n\n\n\n<p>El Pastor Toby Jr. Expres\u00f3 lo siguiente:<\/p>\n\n\n\n<p>\u201cLo primero que me pregunta el caballero es: \u00bfCu\u00e1les fueron\nlos tres puntos principales que el se\u00f1or pudo decir en su discurso? Bueno habl\u00f3\nde trabajar en equipo, nos jurament\u00f3 a todos los que est\u00e1bamos en la plaza para\nque le ayudemos y nos dijo que juntos si podemos, luego me dijo: \u00bfCu\u00e1les fueron\nlas cosas que le faltan al discurso? Mire en mi opini\u00f3n a mis 50 a\u00f1os despu\u00e9s\nde haber escuchado a muchos presidentes, me encant\u00f3 que el discurso fuera para\ntodos nosotros, no para apantallar a otra gente. Una cosa incre\u00edble que todo\nmundo entendi\u00f3 porque el evento fue para el pueblo\u201d.<\/p>\n\n\n\n<p>Le &nbsp;pregunt\u00f3 su\nopini\u00f3n acerca de seguridad, educaci\u00f3n y econom\u00eda a lo que contest\u00f3: <\/p>\n\n\n\n<p>\u201cQuiero comenzar diciendo que los problemas de educaci\u00f3n de\nsu hijo los va a resolver usted en su casa, no se los va a resolver el presidente\nde la rep\u00fablica, el problema de la educaci\u00f3n en el pa\u00eds no se va resolver con\nun presupuesto, se va a resolver cuando usted tenga los pantalones de hacer que\nsus hijos vayan a clases cuando tienen que estar en clases, cuando se siente\ncon sus hijos a hacer las tareas y entender lo que est\u00e1 escribiendo, cuando\ntenga los pantalones de hablar con los maestros que acosan a sus hijos o que\nlos maltratan para entender que es lo que est\u00e1 fallando, el problema de la\neducaci\u00f3n no es un problema de gobierno es un problema de cada uno de nosotros\u201d.<\/p>\n\n\n\n<p>Del problema de seguridad: \u201ces bien f\u00e1cil tata que gobierna\nsu casa no tiene mareros, aqu\u00ed el problema no se trata de que la polic\u00eda venga,\nque alguien nuevo venga a renovar y decir: Miren se\u00f1ores vamos a poner una\nnueva ley. No pongan leyes, ordenen su casa, pongan horario, d\u00edganle al cipote\nsi no ven\u00eds a esta hora a mi casa no vas a entrar. Pero que tenemos, gente que\nest\u00e1 siguiendo leyes que est\u00e1n a favor de los criminales, gente que est\u00e1 a\nfavor de la juventud porque no quieren ordenarlos, gente que dice no podes\ncastigar a tu hijo porque eso va en contra de sus derechos, la palabra dice\ncorrige al ni\u00f1o con vara, pero no se apresure tu alma a destruirlo, dice la\npalabra a quien Dios ama el corrige y enmienda, eso dice la palabra, pero como\nnos hemos alejado del Se\u00f1or tenemos los problemas de siempre\u201d. <\/p>\n\n\n\n<p>En la econom\u00eda dijo que la soluci\u00f3n era ser siempre fiel.<\/p>\n\n\n\n<p>El pastor hizo \u00e9nfasis en que \u201csi se hacen las cosas conforme al coraz\u00f3n de Dios el pa\u00eds ser\u00e1 de bendici\u00f3n para muchos que est\u00e1n alrededor. Y tambi\u00e9n exhort\u00f3 a la iglesia a tomar el papel que corresponde para guiar a su familia\u201d. concluy\u00f3<\/p>\n\n\n\n<figure class=\"wp-block-embed-youtube wp-block-embed is-type-video is-provider-youtube wp-embed-aspect-16-9 wp-has-aspect-ratio\"><div class=\"wp-block-embed__wrapper\">\n<div class=\"youtube-embed\" data-video_id=\"NyKYyyhnJck\"><iframe loading=\"lazy\" title=\"\u00a1El problema de siempre! | Dr. Edgar L\u00f3pez Bertrand Jr.\" width=\"696\" height=\"392\" src=\"https:\/\/www.youtube.com\/embed\/NyKYyyhnJck?feature=oembed&#038;enablejsapi=1&#038;enablejsapi=1\" frameborder=\"0\" allow=\"accelerometer; autoplay; encrypted-media; gyroscope; picture-in-picture\" allowfullscreen><\/iframe><\/div>\n<\/div><\/figure>\n","protected":false},"excerpt":{"rendered":"<p>El pasado 01 de junio se llev\u00f3 a cabo el traspaso de mando de la Presidencia de la Rep\u00fablica de El Salvador, el acto se llev\u00f3 a cabo en una plaza en el centro de la capital de San Salvador, El nuevo presidente Nayib Bukele tuvo un invitado especial y fue todo el pueblo salvadore\u00f1o, [&hellip;]<\/p>\n","protected":false},"author":3,"featured_media":5991,"comment_status":"open","ping_status":"open","sticky":false,"template":"","format":"standard","meta":[],"categories":[56],"tags":[],"yoast_head":"<!-- This site is optimized with the Yoast SEO plugin v20.8 - https:\/\/yoast.com\/wordpress\/plugins\/seo\/ -->\n<title>Pastor Toby Jr habl\u00f3 en su pr\u00e9dica sobre discurso presidencial - La Prensa Cristiana<\/title>\n<meta name=\"robots\" content=\"index, follow, max-snippet:-1, max-image-preview:large, max-video-preview:-1\" \/>\n<link rel=\"canonical\" href=\"https:\/\/laprensacristiana.com\/?p=5990\" \/>\n<meta property=\"og:locale\" content=\"es_ES\" \/>\n<meta property=\"og:type\" content=\"article\" \/>\n<meta property=\"og:title\" content=\"Pastor Toby Jr habl\u00f3 en su pr\u00e9dica sobre discurso presidencial - La Prensa Cristiana\" \/>\n<meta property=\"og:description\" content=\"El pasado 01 de junio se llev\u00f3 a cabo el traspaso de mando de la Presidencia de la Rep\u00fablica de El Salvador, el acto se llev\u00f3 a cabo en una plaza en el centro de la capital de San Salvador, El nuevo presidente Nayib Bukele tuvo un invitado especial y fue todo el pueblo salvadore\u00f1o, [&hellip;]\" \/>\n<meta property=\"og:url\" content=\"https:\/\/laprensacristiana.com\/?p=5990\" \/>\n<meta property=\"og:site_name\" content=\"La Prensa Cristiana\" \/>\n<meta property=\"article:published_time\" content=\"2019-06-10T12:38:22+00:00\" \/>\n<meta property=\"article:modified_time\" content=\"2019-06-10T12:39:33+00:00\" \/>\n<meta property=\"og:image\" content=\"https:\/\/laprensacristiana.com\/wp-content\/uploads\/2019\/06\/62354342_644399812652579_4766213959575404544_n.jpg\" \/>\n\t<meta property=\"og:image:width\" content=\"681\" \/>\n\t<meta property=\"og:image:height\" content=\"681\" \/>\n\t<meta property=\"og:image:type\" content=\"image\/jpeg\" \/>\n<meta name=\"author\" content=\"EDITOR\" \/>\n<meta name=\"twitter:card\" content=\"summary_large_image\" \/>\n<meta name=\"twitter:label1\" content=\"Escrito por\" \/>\n\t<meta name=\"twitter:data1\" content=\"EDITOR\" \/>\n\t<meta name=\"twitter:label2\" content=\"Tiempo de lectura\" \/>\n\t<meta name=\"twitter:data2\" content=\"4 minutos\" \/>\n<script type=\"application\/ld+json\" class=\"yoast-schema-graph\">{\"@context\":\"https:\/\/schema.org\",\"@graph\":[{\"@type\":\"WebPage\",\"@id\":\"https:\/\/laprensacristiana.com\/?p=5990\",\"url\":\"https:\/\/laprensacristiana.com\/?p=5990\",\"name\":\"Pastor Toby Jr habl\u00f3 en su pr\u00e9dica sobre discurso presidencial - La Prensa Cristiana\",\"isPartOf\":{\"@id\":\"https:\/\/laprensacristiana.com\/#website\"},\"datePublished\":\"2019-06-10T12:38:22+00:00\",\"dateModified\":\"2019-06-10T12:39:33+00:00\",\"author\":{\"@id\":\"https:\/\/laprensacristiana.com\/#\/schema\/person\/3e7d82c6bfd6b1fa67010f8f7cd5256e\"},\"breadcrumb\":{\"@id\":\"https:\/\/laprensacristiana.com\/?p=5990#breadcrumb\"},\"inLanguage\":\"es\",\"potentialAction\":[{\"@type\":\"ReadAction\",\"target\":[\"https:\/\/laprensacristiana.com\/?p=5990\"]}]},{\"@type\":\"BreadcrumbList\",\"@id\":\"https:\/\/laprensacristiana.com\/?p=5990#breadcrumb\",\"itemListElement\":[{\"@type\":\"ListItem\",\"position\":1,\"name\":\"Portada\",\"item\":\"https:\/\/laprensacristiana.com\/\"},{\"@type\":\"ListItem\",\"position\":2,\"name\":\"Pastor Toby Jr habl\u00f3 en su pr\u00e9dica sobre discurso presidencial\"}]},{\"@type\":\"WebSite\",\"@id\":\"https:\/\/laprensacristiana.com\/#website\",\"url\":\"https:\/\/laprensacristiana.com\/\",\"name\":\"La Prensa Cristiana\",\"description\":\"Anunciando Las Buenas Nuevas\",\"potentialAction\":[{\"@type\":\"SearchAction\",\"target\":{\"@type\":\"EntryPoint\",\"urlTemplate\":\"https:\/\/laprensacristiana.com\/?s={search_term_string}\"},\"query-input\":\"required name=search_term_string\"}],\"inLanguage\":\"es\"},{\"@type\":\"Person\",\"@id\":\"https:\/\/laprensacristiana.com\/#\/schema\/person\/3e7d82c6bfd6b1fa67010f8f7cd5256e\",\"name\":\"EDITOR\",\"image\":{\"@type\":\"ImageObject\",\"inLanguage\":\"es\",\"@id\":\"https:\/\/laprensacristiana.com\/#\/schema\/person\/image\/\",\"url\":\"https:\/\/secure.gravatar.com\/avatar\/72069dfb6c13772d9e8381e3638666d2?s=96&d=mm&r=g\",\"contentUrl\":\"https:\/\/secure.gravatar.com\/avatar\/72069dfb6c13772d9e8381e3638666d2?s=96&d=mm&r=g\",\"caption\":\"EDITOR\"},\"url\":\"https:\/\/laprensacristiana.com\/?author=3\"}]}<\/script>\n<!-- \/ Yoast SEO plugin. -->","yoast_head_json":{"title":"Pastor Toby Jr habl\u00f3 en su pr\u00e9dica sobre discurso presidencial - La Prensa Cristiana","robots":{"index":"index","follow":"follow","max-snippet":"max-snippet:-1","max-image-preview":"max-image-preview:large","max-video-preview":"max-video-preview:-1"},"canonical":"https:\/\/laprensacristiana.com\/?p=5990","og_locale":"es_ES","og_type":"article","og_title":"Pastor Toby Jr habl\u00f3 en su pr\u00e9dica sobre discurso presidencial - La Prensa Cristiana","og_description":"El pasado 01 de junio se llev\u00f3 a cabo el traspaso de mando de la Presidencia de la Rep\u00fablica de El Salvador, el acto se llev\u00f3 a cabo en una plaza en el centro de la capital de San Salvador, El nuevo presidente Nayib Bukele tuvo un invitado especial y fue todo el pueblo salvadore\u00f1o, [&hellip;]","og_url":"https:\/\/laprensacristiana.com\/?p=5990","og_site_name":"La Prensa Cristiana","article_published_time":"2019-06-10T12:38:22+00:00","article_modified_time":"2019-06-10T12:39:33+00:00","og_image":[{"width":681,"height":681,"url":"https:\/\/laprensacristiana.com\/wp-content\/uploads\/2019\/06\/62354342_644399812652579_4766213959575404544_n.jpg","type":"image\/jpeg"}],"author":"EDITOR","twitter_card":"summary_large_image","twitter_misc":{"Escrito por":"EDITOR","Tiempo de lectura":"4 minutos"},"schema":{"@context":"https:\/\/schema.org","@graph":[{"@type":"WebPage","@id":"https:\/\/laprensacristiana.com\/?p=5990","url":"https:\/\/laprensacristiana.com\/?p=5990","name":"Pastor Toby Jr habl\u00f3 en su pr\u00e9dica sobre discurso presidencial - La Prensa Cristiana","isPartOf":{"@id":"https:\/\/laprensacristiana.com\/#website"},"datePublished":"2019-06-10T12:38:22+00:00","dateModified":"2019-06-10T12:39:33+00:00","author":{"@id":"https:\/\/laprensacristiana.com\/#\/schema\/person\/3e7d82c6bfd6b1fa67010f8f7cd5256e"},"breadcrumb":{"@id":"https:\/\/laprensacristiana.com\/?p=5990#breadcrumb"},"inLanguage":"es","potentialAction":[{"@type":"ReadAction","target":["https:\/\/laprensacristiana.com\/?p=5990"]}]},{"@type":"BreadcrumbList","@id":"https:\/\/laprensacristiana.com\/?p=5990#breadcrumb","itemListElement":[{"@type":"ListItem","position":1,"name":"Portada","item":"https:\/\/laprensacristiana.com\/"},{"@type":"ListItem","position":2,"name":"Pastor Toby Jr habl\u00f3 en su pr\u00e9dica sobre discurso presidencial"}]},{"@type":"WebSite","@id":"https:\/\/laprensacristiana.com\/#website","url":"https:\/\/laprensacristiana.com\/","name":"La Prensa Cristiana","description":"Anunciando Las Buenas Nuevas","potentialAction":[{"@type":"SearchAction","target":{"@type":"EntryPoint","urlTemplate":"https:\/\/laprensacristiana.com\/?s={search_term_string}"},"query-input":"required name=search_term_string"}],"inLanguage":"es"},{"@type":"Person","@id":"https:\/\/laprensacristiana.com\/#\/schema\/person\/3e7d82c6bfd6b1fa67010f8f7cd5256e","name":"EDITOR","image":{"@type":"ImageObject","inLanguage":"es","@id":"https:\/\/laprensacristiana.com\/#\/schema\/person\/image\/","url":"https:\/\/secure.gravatar.com\/avatar\/72069dfb6c13772d9e8381e3638666d2?s=96&d=mm&r=g","contentUrl":"https:\/\/secure.gravatar.com\/avatar\/72069dfb6c13772d9e8381e3638666d2?s=96&d=mm&r=g","caption":"EDITOR"},"url":"https:\/\/laprensacristiana.com\/?author=3"}]}},"_links":{"self":[{"href":"https:\/\/laprensacristiana.com\/index.php?rest_route=\/wp\/v2\/posts\/5990"}],"collection":[{"href":"https:\/\/laprensacristiana.com\/index.php?rest_route=\/wp\/v2\/posts"}],"about":[{"href":"https:\/\/laprensacristiana.com\/index.php?rest_route=\/wp\/v2\/types\/post"}],"author":[{"embeddable":true,"href":"https:\/\/laprensacristiana.com\/index.php?rest_route=\/wp\/v2\/users\/3"}],"replies":[{"embeddable":true,"href":"https:\/\/laprensacristiana.com\/index.php?rest_route=%2Fwp%2Fv2%2Fcomments&post=5990"}],"version-history":[{"count":2,"href":"https:\/\/laprensacristiana.com\/index.php?rest_route=\/wp\/v2\/posts\/5990\/revisions"}],"predecessor-version":[{"id":5993,"href":"https:\/\/laprensacristiana.com\/index.php?rest_route=\/wp\/v2\/posts\/5990\/revisions\/5993"}],"wp:featuredmedia":[{"embeddable":true,"href":"https:\/\/laprensacristiana.com\/index.php?rest_route=\/wp\/v2\/media\/5991"}],"wp:attachment":[{"href":"https:\/\/laprensacristiana.com\/index.php?rest_route=%2Fwp%2Fv2%2Fmedia&parent=5990"}],"wp:term":[{"taxonomy":"category","embeddable":true,"href":"https:\/\/laprensacristiana.com\/index.php?rest_route=%2Fwp%2Fv2%2Fcategories&post=5990"},{"taxonomy":"post_tag","embeddable":true,"href":"https:\/\/laprensacristiana.com\/index.php?rest_route=%2Fwp%2Fv2%2Ftags&post=5990"}],"curies":[{"name":"wp","href":"https:\/\/api.w.org\/{rel}","templated":true}]}}