{"id":5999,"date":"2019-06-10T21:33:17","date_gmt":"2019-06-10T21:33:17","guid":{"rendered":"https:\/\/laprensacristiana.com\/?p=5999"},"modified":"2019-06-10T21:33:20","modified_gmt":"2019-06-10T21:33:20","slug":"se-han-acabado-los-profetas","status":"publish","type":"post","link":"https:\/\/laprensacristiana.com\/?p=5999","title":{"rendered":"\u00bfSe han acabado los profetas?"},"content":{"rendered":"\n<p><strong>Por: Guillermo Serrano<\/strong><\/p>\n\n\n\n<p>Cuando se trat\u00f3 del \u201cacabo de mundo\u201d anunciado por el calendario Maya (2012), todo el mundo se puso de cabeza a escudri\u00f1ar todo tipo de anuncio \u201capocal\u00edptico\u201d acerca del tema. Hasta Nostradamus tuvo algo que decir, seg\u00fan los seguidores del extra\u00f1o personaje.<\/p>\n\n\n\n<p>\u201cMichel de N\u00f4tre-Dame (Saint-Rem\u00fd-de-Provence, Francia, 14 de diciembre de 1503 \u2013 Sal\u00f3n de Provenza, Francia, 2 de julio de 1566), tambi\u00e9n llamado Michel Nostradame, usualmente latinizado como Nostradamus, fue un m\u00e9dico franc\u00e9s y adivino, mejor conocido por su libro Les Propheties (en espa\u00f1ol, Las Profec\u00edas), una colecci\u00f3n de 942 cuartetas po\u00e9ticas que supuestamente predicen eventos futuros. El libro se public\u00f3 por primera vez en 1555\u201d.<\/p>\n\n\n\n<p>Y claro, los creyentes cristianos se ufanaron en tratar de hacer coincidir a los Mayas con lo que conocemos como la profec\u00eda b\u00edblica. Hasta ah\u00ed, la cosa, aunque un poco estrafalaria, parec\u00eda m\u00e1s o menos normal.<\/p>\n\n\n\n<p>Pero de pronto, en distintos lugares del mundo, pastores y ministros protestantes comienzan a mostrar con su conducta que entran en conflicto y hasta en \u201cpecado\u201d con lo que se supone la cuesti\u00f3n \u00e9tica, cuando meten las manos a la bolsa del dinero (aquella que parec\u00eda custodiar Judas, en la antig\u00fcedad) y no solo eso, sino que el sexto mandamiento no parece ser uno que le obligue a algo cuando la tentaci\u00f3n de la carne doblega el temple del esp\u00edritu.<\/p>\n\n\n\n<p>Y nosotros preguntamos: \u00bfd\u00f3nde est\u00e1n los profetas? Porque hay una multitud de congregaciones que se ufanan de tener todos los dones del Esp\u00edritu (llamados los dones carism\u00e1ticos), y sin embargo, los profetas permanecen mudos o, quiz\u00e1, ausentes de su llamado vocacional.<\/p>\n\n\n\n<p>Aqu\u00ed le hemos dado con toda la cr\u00edtica a la Iglesia Cat\u00f3lica Romana por sus faltas y cr\u00edmenes contra la ni\u00f1ez, en abusos documentados y que ha llevado al catolicismo a un descr\u00e9dito impresionante en los tiempos que vivimos.<\/p>\n\n\n\n<p>Pero no podemos cerrar los ojos ante tanto desvar\u00edo y pecados \u2013s\u00ed, pecados- que se cometen al interior del evangelicalismo que se viste con sus mejores ropajes los domingos en servicios religiosos y cultos \u201cllenos del Esp\u00edritu\u201d, pero ausentes de la palabra prof\u00e9tica que denuncie las inmoralidades de pastores, l\u00edderes y ministros que han sido llamados a ser ejemplos de vida para una sociedad que no tiene referentes o modelos de vida.<\/p>\n\n\n\n<p>El problema es universal y no tiene que ver con nacionalidades, idiosincrasias, raza o lenguajes. Se da, todo esto, en todos los pa\u00edses del planeta. Y los que hasta ayer posaban como ejemplo a seguir, hoy no son m\u00e1s una caricatura o historia que ha quedado plasmada en alg\u00fan libro que se va a los estanques de reciclaje.<\/p>\n\n\n\n<p>No somos c\u00ednicos y queremos reconocer a aquellos creyentes sinceros que se niegan a muchos placeres permitidos para ayudar a otros y seguir con devoci\u00f3n su fe. Y quisi\u00e9ramos animarles para que contin\u00faen siendo un testimonio viviente de lo que es y significa tener valores \u00e9ticos. Pero no podemos cerrar los ojos ante la crisis que enfrentamos como comunidades de fe ante una sociedad que nos mira esperando algo m\u00e1s que palabras.<\/p>\n\n\n\n<p>Con raz\u00f3n se pregunt\u00f3 Jesucristo, el fundador del cristianismo: Cuando venga el Hijo del Hombre, \u00bfhallar\u00e1 fe en la tierra?.<\/p>\n\n\n\n<figure class=\"wp-block-image\"><img decoding=\"async\" loading=\"lazy\" width=\"1024\" height=\"1024\" src=\"https:\/\/laprensacristiana.com\/wp-content\/uploads\/2019\/06\/PUBLICACI\u00d3N-FB-PROMOCI\u00d3N-NUEVO-INGRESO-1024x1024.jpg\" alt=\"\" class=\"wp-image-5988\" srcset=\"https:\/\/laprensacristiana.com\/wp-content\/uploads\/2019\/06\/PUBLICACI\u00d3N-FB-PROMOCI\u00d3N-NUEVO-INGRESO-1024x1024.jpg 1024w, https:\/\/laprensacristiana.com\/wp-content\/uploads\/2019\/06\/PUBLICACI\u00d3N-FB-PROMOCI\u00d3N-NUEVO-INGRESO-300x300.jpg 300w, https:\/\/laprensacristiana.com\/wp-content\/uploads\/2019\/06\/PUBLICACI\u00d3N-FB-PROMOCI\u00d3N-NUEVO-INGRESO-100x100.jpg 100w, https:\/\/laprensacristiana.com\/wp-content\/uploads\/2019\/06\/PUBLICACI\u00d3N-FB-PROMOCI\u00d3N-NUEVO-INGRESO-600x600.jpg 600w, https:\/\/laprensacristiana.com\/wp-content\/uploads\/2019\/06\/PUBLICACI\u00d3N-FB-PROMOCI\u00d3N-NUEVO-INGRESO-150x150.jpg 150w, https:\/\/laprensacristiana.com\/wp-content\/uploads\/2019\/06\/PUBLICACI\u00d3N-FB-PROMOCI\u00d3N-NUEVO-INGRESO-768x768.jpg 768w, https:\/\/laprensacristiana.com\/wp-content\/uploads\/2019\/06\/PUBLICACI\u00d3N-FB-PROMOCI\u00d3N-NUEVO-INGRESO-696x696.jpg 696w, https:\/\/laprensacristiana.com\/wp-content\/uploads\/2019\/06\/PUBLICACI\u00d3N-FB-PROMOCI\u00d3N-NUEVO-INGRESO-1068x1068.jpg 1068w, https:\/\/laprensacristiana.com\/wp-content\/uploads\/2019\/06\/PUBLICACI\u00d3N-FB-PROMOCI\u00d3N-NUEVO-INGRESO-420x420.jpg 420w\" sizes=\"(max-width: 1024px) 100vw, 1024px\" \/><\/figure>\n","protected":false},"excerpt":{"rendered":"<p>Por: Guillermo Serrano Cuando se trat\u00f3 del \u201cacabo de mundo\u201d anunciado por el calendario Maya (2012), todo el mundo se puso de cabeza a escudri\u00f1ar todo tipo de anuncio \u201capocal\u00edptico\u201d acerca del tema. Hasta Nostradamus tuvo algo que decir, seg\u00fan los seguidores del extra\u00f1o personaje. \u201cMichel de N\u00f4tre-Dame (Saint-Rem\u00fd-de-Provence, Francia, 14 de diciembre de 1503 [&hellip;]<\/p>\n","protected":false},"author":3,"featured_media":6000,"comment_status":"open","ping_status":"open","sticky":false,"template":"","format":"standard","meta":[],"categories":[23],"tags":[],"yoast_head":"<!-- This site is optimized with the Yoast SEO plugin v20.8 - https:\/\/yoast.com\/wordpress\/plugins\/seo\/ -->\n<title>\u00bfSe han acabado los profetas? - La Prensa Cristiana<\/title>\n<meta name=\"robots\" content=\"index, follow, max-snippet:-1, max-image-preview:large, max-video-preview:-1\" \/>\n<link rel=\"canonical\" href=\"https:\/\/laprensacristiana.com\/?p=5999\" \/>\n<meta property=\"og:locale\" content=\"es_ES\" \/>\n<meta property=\"og:type\" content=\"article\" \/>\n<meta property=\"og:title\" content=\"\u00bfSe han acabado los profetas? - La Prensa Cristiana\" \/>\n<meta property=\"og:description\" content=\"Por: Guillermo Serrano Cuando se trat\u00f3 del \u201cacabo de mundo\u201d anunciado por el calendario Maya (2012), todo el mundo se puso de cabeza a escudri\u00f1ar todo tipo de anuncio \u201capocal\u00edptico\u201d acerca del tema. Hasta Nostradamus tuvo algo que decir, seg\u00fan los seguidores del extra\u00f1o personaje. \u201cMichel de N\u00f4tre-Dame (Saint-Rem\u00fd-de-Provence, Francia, 14 de diciembre de 1503 [&hellip;]\" \/>\n<meta property=\"og:url\" content=\"https:\/\/laprensacristiana.com\/?p=5999\" \/>\n<meta property=\"og:site_name\" content=\"La Prensa Cristiana\" \/>\n<meta property=\"article:published_time\" content=\"2019-06-10T21:33:17+00:00\" \/>\n<meta property=\"article:modified_time\" content=\"2019-06-10T21:33:20+00:00\" \/>\n<meta property=\"og:image\" content=\"https:\/\/laprensacristiana.com\/wp-content\/uploads\/2019\/06\/78fd912f-adf7-4bac-ad23-15f3d9c2712a.jpg\" \/>\n\t<meta property=\"og:image:width\" content=\"1280\" \/>\n\t<meta property=\"og:image:height\" content=\"714\" \/>\n\t<meta property=\"og:image:type\" content=\"image\/jpeg\" \/>\n<meta name=\"author\" content=\"EDITOR\" \/>\n<meta name=\"twitter:card\" content=\"summary_large_image\" \/>\n<meta name=\"twitter:label1\" content=\"Escrito por\" \/>\n\t<meta name=\"twitter:data1\" content=\"EDITOR\" \/>\n\t<meta name=\"twitter:label2\" content=\"Tiempo de lectura\" \/>\n\t<meta name=\"twitter:data2\" content=\"3 minutos\" \/>\n<script type=\"application\/ld+json\" class=\"yoast-schema-graph\">{\"@context\":\"https:\/\/schema.org\",\"@graph\":[{\"@type\":\"WebPage\",\"@id\":\"https:\/\/laprensacristiana.com\/?p=5999\",\"url\":\"https:\/\/laprensacristiana.com\/?p=5999\",\"name\":\"\u00bfSe han acabado los profetas? - La Prensa Cristiana\",\"isPartOf\":{\"@id\":\"https:\/\/laprensacristiana.com\/#website\"},\"datePublished\":\"2019-06-10T21:33:17+00:00\",\"dateModified\":\"2019-06-10T21:33:20+00:00\",\"author\":{\"@id\":\"https:\/\/laprensacristiana.com\/#\/schema\/person\/3e7d82c6bfd6b1fa67010f8f7cd5256e\"},\"breadcrumb\":{\"@id\":\"https:\/\/laprensacristiana.com\/?p=5999#breadcrumb\"},\"inLanguage\":\"es\",\"potentialAction\":[{\"@type\":\"ReadAction\",\"target\":[\"https:\/\/laprensacristiana.com\/?p=5999\"]}]},{\"@type\":\"BreadcrumbList\",\"@id\":\"https:\/\/laprensacristiana.com\/?p=5999#breadcrumb\",\"itemListElement\":[{\"@type\":\"ListItem\",\"position\":1,\"name\":\"Portada\",\"item\":\"https:\/\/laprensacristiana.com\/\"},{\"@type\":\"ListItem\",\"position\":2,\"name\":\"\u00bfSe han acabado los profetas?\"}]},{\"@type\":\"WebSite\",\"@id\":\"https:\/\/laprensacristiana.com\/#website\",\"url\":\"https:\/\/laprensacristiana.com\/\",\"name\":\"La Prensa Cristiana\",\"description\":\"Anunciando Las Buenas Nuevas\",\"potentialAction\":[{\"@type\":\"SearchAction\",\"target\":{\"@type\":\"EntryPoint\",\"urlTemplate\":\"https:\/\/laprensacristiana.com\/?s={search_term_string}\"},\"query-input\":\"required name=search_term_string\"}],\"inLanguage\":\"es\"},{\"@type\":\"Person\",\"@id\":\"https:\/\/laprensacristiana.com\/#\/schema\/person\/3e7d82c6bfd6b1fa67010f8f7cd5256e\",\"name\":\"EDITOR\",\"image\":{\"@type\":\"ImageObject\",\"inLanguage\":\"es\",\"@id\":\"https:\/\/laprensacristiana.com\/#\/schema\/person\/image\/\",\"url\":\"https:\/\/secure.gravatar.com\/avatar\/72069dfb6c13772d9e8381e3638666d2?s=96&d=mm&r=g\",\"contentUrl\":\"https:\/\/secure.gravatar.com\/avatar\/72069dfb6c13772d9e8381e3638666d2?s=96&d=mm&r=g\",\"caption\":\"EDITOR\"},\"url\":\"https:\/\/laprensacristiana.com\/?author=3\"}]}<\/script>\n<!-- \/ Yoast SEO plugin. -->","yoast_head_json":{"title":"\u00bfSe han acabado los profetas? - La Prensa Cristiana","robots":{"index":"index","follow":"follow","max-snippet":"max-snippet:-1","max-image-preview":"max-image-preview:large","max-video-preview":"max-video-preview:-1"},"canonical":"https:\/\/laprensacristiana.com\/?p=5999","og_locale":"es_ES","og_type":"article","og_title":"\u00bfSe han acabado los profetas? - La Prensa Cristiana","og_description":"Por: Guillermo Serrano Cuando se trat\u00f3 del \u201cacabo de mundo\u201d anunciado por el calendario Maya (2012), todo el mundo se puso de cabeza a escudri\u00f1ar todo tipo de anuncio \u201capocal\u00edptico\u201d acerca del tema. Hasta Nostradamus tuvo algo que decir, seg\u00fan los seguidores del extra\u00f1o personaje. \u201cMichel de N\u00f4tre-Dame (Saint-Rem\u00fd-de-Provence, Francia, 14 de diciembre de 1503 [&hellip;]","og_url":"https:\/\/laprensacristiana.com\/?p=5999","og_site_name":"La Prensa Cristiana","article_published_time":"2019-06-10T21:33:17+00:00","article_modified_time":"2019-06-10T21:33:20+00:00","og_image":[{"width":1280,"height":714,"url":"https:\/\/laprensacristiana.com\/wp-content\/uploads\/2019\/06\/78fd912f-adf7-4bac-ad23-15f3d9c2712a.jpg","type":"image\/jpeg"}],"author":"EDITOR","twitter_card":"summary_large_image","twitter_misc":{"Escrito por":"EDITOR","Tiempo de lectura":"3 minutos"},"schema":{"@context":"https:\/\/schema.org","@graph":[{"@type":"WebPage","@id":"https:\/\/laprensacristiana.com\/?p=5999","url":"https:\/\/laprensacristiana.com\/?p=5999","name":"\u00bfSe han acabado los profetas? - La Prensa Cristiana","isPartOf":{"@id":"https:\/\/laprensacristiana.com\/#website"},"datePublished":"2019-06-10T21:33:17+00:00","dateModified":"2019-06-10T21:33:20+00:00","author":{"@id":"https:\/\/laprensacristiana.com\/#\/schema\/person\/3e7d82c6bfd6b1fa67010f8f7cd5256e"},"breadcrumb":{"@id":"https:\/\/laprensacristiana.com\/?p=5999#breadcrumb"},"inLanguage":"es","potentialAction":[{"@type":"ReadAction","target":["https:\/\/laprensacristiana.com\/?p=5999"]}]},{"@type":"BreadcrumbList","@id":"https:\/\/laprensacristiana.com\/?p=5999#breadcrumb","itemListElement":[{"@type":"ListItem","position":1,"name":"Portada","item":"https:\/\/laprensacristiana.com\/"},{"@type":"ListItem","position":2,"name":"\u00bfSe han acabado los profetas?"}]},{"@type":"WebSite","@id":"https:\/\/laprensacristiana.com\/#website","url":"https:\/\/laprensacristiana.com\/","name":"La Prensa Cristiana","description":"Anunciando Las Buenas Nuevas","potentialAction":[{"@type":"SearchAction","target":{"@type":"EntryPoint","urlTemplate":"https:\/\/laprensacristiana.com\/?s={search_term_string}"},"query-input":"required name=search_term_string"}],"inLanguage":"es"},{"@type":"Person","@id":"https:\/\/laprensacristiana.com\/#\/schema\/person\/3e7d82c6bfd6b1fa67010f8f7cd5256e","name":"EDITOR","image":{"@type":"ImageObject","inLanguage":"es","@id":"https:\/\/laprensacristiana.com\/#\/schema\/person\/image\/","url":"https:\/\/secure.gravatar.com\/avatar\/72069dfb6c13772d9e8381e3638666d2?s=96&d=mm&r=g","contentUrl":"https:\/\/secure.gravatar.com\/avatar\/72069dfb6c13772d9e8381e3638666d2?s=96&d=mm&r=g","caption":"EDITOR"},"url":"https:\/\/laprensacristiana.com\/?author=3"}]}},"_links":{"self":[{"href":"https:\/\/laprensacristiana.com\/index.php?rest_route=\/wp\/v2\/posts\/5999"}],"collection":[{"href":"https:\/\/laprensacristiana.com\/index.php?rest_route=\/wp\/v2\/posts"}],"about":[{"href":"https:\/\/laprensacristiana.com\/index.php?rest_route=\/wp\/v2\/types\/post"}],"author":[{"embeddable":true,"href":"https:\/\/laprensacristiana.com\/index.php?rest_route=\/wp\/v2\/users\/3"}],"replies":[{"embeddable":true,"href":"https:\/\/laprensacristiana.com\/index.php?rest_route=%2Fwp%2Fv2%2Fcomments&post=5999"}],"version-history":[{"count":1,"href":"https:\/\/laprensacristiana.com\/index.php?rest_route=\/wp\/v2\/posts\/5999\/revisions"}],"predecessor-version":[{"id":6001,"href":"https:\/\/laprensacristiana.com\/index.php?rest_route=\/wp\/v2\/posts\/5999\/revisions\/6001"}],"wp:featuredmedia":[{"embeddable":true,"href":"https:\/\/laprensacristiana.com\/index.php?rest_route=\/wp\/v2\/media\/6000"}],"wp:attachment":[{"href":"https:\/\/laprensacristiana.com\/index.php?rest_route=%2Fwp%2Fv2%2Fmedia&parent=5999"}],"wp:term":[{"taxonomy":"category","embeddable":true,"href":"https:\/\/laprensacristiana.com\/index.php?rest_route=%2Fwp%2Fv2%2Fcategories&post=5999"},{"taxonomy":"post_tag","embeddable":true,"href":"https:\/\/laprensacristiana.com\/index.php?rest_route=%2Fwp%2Fv2%2Ftags&post=5999"}],"curies":[{"name":"wp","href":"https:\/\/api.w.org\/{rel}","templated":true}]}}