{"id":6015,"date":"2019-06-12T12:26:41","date_gmt":"2019-06-12T12:26:41","guid":{"rendered":"https:\/\/laprensacristiana.com\/?p=6015"},"modified":"2019-06-12T12:34:51","modified_gmt":"2019-06-12T12:34:51","slug":"quien-es-tu-fuente-de-bendicion","status":"publish","type":"post","link":"https:\/\/laprensacristiana.com\/?p=6015","title":{"rendered":"\u00bfQui\u00e9n es tu fuente de bendici\u00f3n?"},"content":{"rendered":"\n<p>Pastor Jos\u00e9 Luis Blanco y D \/ Iglesia Edificadores del Reino<\/p>\n\n\n\n<p>Deut 8:7 \u201cPorque Jehov\u00e1 tu Dios te introduce en la buena tierra, tierra de arroyos, de aguas, de fuentes y de manantiales, que brotan en vegas y montes\u201d<\/p>\n\n\n\n<p>Todos queremos bendici\u00f3n, algunos no la tienen, otros la\ntenemos, pero muy pocos la retienen. \u00bfPor qu\u00e9 ser\u00e1 que tenemos perdidas o\nempates en la vida y muy pocas victorias? Es decir, todo en lo que empezamos se\npierde o tenemos bendici\u00f3n por un tiempo, pero no es permanente. \u00bfQu\u00e9 hace que\nsolo unos cuantos siempre est\u00e9n bendecidos y otros no? Me parece que la clave\nest\u00e1 en la \u201cfuente\u201d de donde extraemos esa bendici\u00f3n para que sea\nautosostenible en el tiempo y que tan conscientes estamos que la gratitud a\nDios har\u00e1 que esa \u201cfuente\u201d siempre est\u00e9 disponible. Deut 8: 10\ufeff \u201cY comer\u00e1s y te\nsaciar\u00e1s, y bendecir\u00e1s a Jehov\u00e1 tu Dios por la buena tierra que te habr\u00e1 dado\u201d.<\/p>\n\n\n\n<figure class=\"wp-block-image\"><img decoding=\"async\" loading=\"lazy\" width=\"1024\" height=\"1024\" src=\"https:\/\/laprensacristiana.com\/wp-content\/uploads\/2019\/06\/PUBLICACI\u00d3N-FB-PROMOCI\u00d3N-NUEVO-INGRESO-1024x1024.jpg\" alt=\"\" class=\"wp-image-5988\" srcset=\"https:\/\/laprensacristiana.com\/wp-content\/uploads\/2019\/06\/PUBLICACI\u00d3N-FB-PROMOCI\u00d3N-NUEVO-INGRESO-1024x1024.jpg 1024w, https:\/\/laprensacristiana.com\/wp-content\/uploads\/2019\/06\/PUBLICACI\u00d3N-FB-PROMOCI\u00d3N-NUEVO-INGRESO-300x300.jpg 300w, https:\/\/laprensacristiana.com\/wp-content\/uploads\/2019\/06\/PUBLICACI\u00d3N-FB-PROMOCI\u00d3N-NUEVO-INGRESO-100x100.jpg 100w, https:\/\/laprensacristiana.com\/wp-content\/uploads\/2019\/06\/PUBLICACI\u00d3N-FB-PROMOCI\u00d3N-NUEVO-INGRESO-600x600.jpg 600w, https:\/\/laprensacristiana.com\/wp-content\/uploads\/2019\/06\/PUBLICACI\u00d3N-FB-PROMOCI\u00d3N-NUEVO-INGRESO-150x150.jpg 150w, https:\/\/laprensacristiana.com\/wp-content\/uploads\/2019\/06\/PUBLICACI\u00d3N-FB-PROMOCI\u00d3N-NUEVO-INGRESO-768x768.jpg 768w, https:\/\/laprensacristiana.com\/wp-content\/uploads\/2019\/06\/PUBLICACI\u00d3N-FB-PROMOCI\u00d3N-NUEVO-INGRESO-696x696.jpg 696w, https:\/\/laprensacristiana.com\/wp-content\/uploads\/2019\/06\/PUBLICACI\u00d3N-FB-PROMOCI\u00d3N-NUEVO-INGRESO-1068x1068.jpg 1068w, https:\/\/laprensacristiana.com\/wp-content\/uploads\/2019\/06\/PUBLICACI\u00d3N-FB-PROMOCI\u00d3N-NUEVO-INGRESO-420x420.jpg 420w\" sizes=\"(max-width: 1024px) 100vw, 1024px\" \/><\/figure>\n\n\n\n<p>Cuando el Se\u00f1or prepar\u00f3 el plan por cuarenta a\u00f1os para su\npueblo en el desierto, nunca fue para que murieran en el camino, sino que\ntuvieran alimento, bebida, comida, ropa, calzado y que sus pies no se hincharan\nde tanto caminar. As\u00ed tambi\u00e9n de igual manera para nosotros, cuando Dios\nprepar\u00f3 nuestro plan de vida sobre la tierra, no fue para que tuvi\u00e9ramos\nescases o abandonarnos a nuestra suerte, sino a darnos vida, y en abundancia.\nJn 10:10\ufeff \u201cEl ladr\u00f3n no viene sino para hurtar y matar y destruir; yo he venido\npara que tengan vida, y para que la tengan en abundancia\u201d<\/p>\n\n\n\n<p>Nos resulta f\u00e1cil dar por sentado que nuestra \u201cfuente\u201d Dios,\nsiempre nos dar\u00e1 su protecci\u00f3n y casi nunca notamos, ni le agradecemos, por\nejemplo: cuando nuestro veh\u00edculo no lo chocamos, cuando nuestras ropas se\nmantienen buenas, ni se da\u00f1a nuestro cuerpo, es decir no nos enfermamos. Y si\nobservamos la Escritura, su pueblo tampoco agradec\u00eda a Dios. Imag\u00ednese que se\nlevantaban todos los d\u00edas com\u00edan, beb\u00edan y no aparece que ellos le agradec\u00edan\nal levantarse, ni al acostarse. Neh 9:20\ufeff \u201cY enviaste tu buen Esp\u00edritu para\nense\u00f1arles, y no retiraste tu man\u00e1 de su boca, y agua les diste para su sed\u201d. \ufeff<\/p>\n\n\n\n<p>Amado amigo y hermano, \u00a1no notaban que sus cuerpos crec\u00edan y\ntambi\u00e9n sus ropas! al mismo tiempo, su calzado se manten\u00eda creciendo junto con\nsus pies y no se gastaba, y su pie no se hinch\u00f3 durante cuarenta a\u00f1os de\nperegrinaci\u00f3n por el desierto. \u00bfLe parece a usted normal que le duren sus ropas\no calzado mucho tiempo? \u00bfNo es verdad que hay cosas que las regala porque le\naburren de tenerlas guardadas? \u00a1Aleluya! Deut 8:4 \ufeff \u201cTu vestido nunca se\nenvejeci\u00f3 sobre ti, ni el pie se te ha hinchado en estos cuarenta a\u00f1os\u201d.<\/p>\n\n\n\n<p>\u00bfY t\u00fa que cosas agradeces, o das por sentado que Dios tiene\nque darte todos los d\u00edas que comer? \u00bfAgradeces a Dios por las cosas que est\u00e1n\nfuncionando bien en su vida? \u00bfTienes lo necesario para sostener tu familia y\nhas declarado tu agradecimiento a los cielos? \u00bfTe has olvidado de dar gracias a\nDios por todas esas bendiciones? Neh 9:23\ufeff \u201cMultiplicaste sus hijos como las\nestrellas del cielo, y los llevaste a la tierra de la cual hab\u00edas dicho a sus\npadres que hab\u00edan de entrar a poseerla\u201d<\/p>\n\n\n\n<p>Recu\u00e9rdate que agradecer por todo lo que viene del coraz\u00f3n\nde Dios, har\u00e1 que las promesas se mantengan fluyendo, porque el secreto est\u00e1 en\nbuscar en el lugar correcto. Preg\u00fantate ahora mismo.\u2026<\/p>\n","protected":false},"excerpt":{"rendered":"<p>Pastor Jos\u00e9 Luis Blanco y D \/ Iglesia Edificadores del Reino Deut 8:7 \u201cPorque Jehov\u00e1 tu Dios te introduce en la buena tierra, tierra de arroyos, de aguas, de fuentes y de manantiales, que brotan en vegas y montes\u201d Todos queremos bendici\u00f3n, algunos no la tienen, otros la tenemos, pero muy pocos la retienen. \u00bfPor [&hellip;]<\/p>\n","protected":false},"author":3,"featured_media":5807,"comment_status":"open","ping_status":"open","sticky":false,"template":"","format":"standard","meta":[],"categories":[36],"tags":[],"yoast_head":"<!-- This site is optimized with the Yoast SEO plugin v20.8 - https:\/\/yoast.com\/wordpress\/plugins\/seo\/ -->\n<title>\u00bfQui\u00e9n es tu fuente de bendici\u00f3n? - La Prensa Cristiana<\/title>\n<meta name=\"robots\" content=\"index, follow, max-snippet:-1, max-image-preview:large, max-video-preview:-1\" \/>\n<link rel=\"canonical\" href=\"https:\/\/laprensacristiana.com\/?p=6015\" \/>\n<meta property=\"og:locale\" content=\"es_ES\" \/>\n<meta property=\"og:type\" content=\"article\" \/>\n<meta property=\"og:title\" content=\"\u00bfQui\u00e9n es tu fuente de bendici\u00f3n? - La Prensa Cristiana\" \/>\n<meta property=\"og:description\" content=\"Pastor Jos\u00e9 Luis Blanco y D \/ Iglesia Edificadores del Reino Deut 8:7 \u201cPorque Jehov\u00e1 tu Dios te introduce en la buena tierra, tierra de arroyos, de aguas, de fuentes y de manantiales, que brotan en vegas y montes\u201d Todos queremos bendici\u00f3n, algunos no la tienen, otros la tenemos, pero muy pocos la retienen. \u00bfPor [&hellip;]\" \/>\n<meta property=\"og:url\" content=\"https:\/\/laprensacristiana.com\/?p=6015\" \/>\n<meta property=\"og:site_name\" content=\"La Prensa Cristiana\" \/>\n<meta property=\"article:published_time\" content=\"2019-06-12T12:26:41+00:00\" \/>\n<meta property=\"article:modified_time\" content=\"2019-06-12T12:34:51+00:00\" \/>\n<meta property=\"og:image\" content=\"https:\/\/laprensacristiana.com\/wp-content\/uploads\/2019\/05\/reflexiones-1.jpeg\" \/>\n\t<meta property=\"og:image:width\" content=\"1280\" \/>\n\t<meta property=\"og:image:height\" content=\"714\" \/>\n\t<meta property=\"og:image:type\" content=\"image\/jpeg\" \/>\n<meta name=\"author\" content=\"EDITOR\" \/>\n<meta name=\"twitter:card\" content=\"summary_large_image\" \/>\n<meta name=\"twitter:label1\" content=\"Escrito por\" \/>\n\t<meta name=\"twitter:data1\" content=\"EDITOR\" \/>\n\t<meta name=\"twitter:label2\" content=\"Tiempo de lectura\" \/>\n\t<meta name=\"twitter:data2\" content=\"3 minutos\" \/>\n<script type=\"application\/ld+json\" class=\"yoast-schema-graph\">{\"@context\":\"https:\/\/schema.org\",\"@graph\":[{\"@type\":\"WebPage\",\"@id\":\"https:\/\/laprensacristiana.com\/?p=6015\",\"url\":\"https:\/\/laprensacristiana.com\/?p=6015\",\"name\":\"\u00bfQui\u00e9n es tu fuente de bendici\u00f3n? - La Prensa Cristiana\",\"isPartOf\":{\"@id\":\"https:\/\/laprensacristiana.com\/#website\"},\"datePublished\":\"2019-06-12T12:26:41+00:00\",\"dateModified\":\"2019-06-12T12:34:51+00:00\",\"author\":{\"@id\":\"https:\/\/laprensacristiana.com\/#\/schema\/person\/3e7d82c6bfd6b1fa67010f8f7cd5256e\"},\"breadcrumb\":{\"@id\":\"https:\/\/laprensacristiana.com\/?p=6015#breadcrumb\"},\"inLanguage\":\"es\",\"potentialAction\":[{\"@type\":\"ReadAction\",\"target\":[\"https:\/\/laprensacristiana.com\/?p=6015\"]}]},{\"@type\":\"BreadcrumbList\",\"@id\":\"https:\/\/laprensacristiana.com\/?p=6015#breadcrumb\",\"itemListElement\":[{\"@type\":\"ListItem\",\"position\":1,\"name\":\"Portada\",\"item\":\"https:\/\/laprensacristiana.com\/\"},{\"@type\":\"ListItem\",\"position\":2,\"name\":\"\u00bfQui\u00e9n es tu fuente de bendici\u00f3n?\"}]},{\"@type\":\"WebSite\",\"@id\":\"https:\/\/laprensacristiana.com\/#website\",\"url\":\"https:\/\/laprensacristiana.com\/\",\"name\":\"La Prensa Cristiana\",\"description\":\"Anunciando Las Buenas Nuevas\",\"potentialAction\":[{\"@type\":\"SearchAction\",\"target\":{\"@type\":\"EntryPoint\",\"urlTemplate\":\"https:\/\/laprensacristiana.com\/?s={search_term_string}\"},\"query-input\":\"required name=search_term_string\"}],\"inLanguage\":\"es\"},{\"@type\":\"Person\",\"@id\":\"https:\/\/laprensacristiana.com\/#\/schema\/person\/3e7d82c6bfd6b1fa67010f8f7cd5256e\",\"name\":\"EDITOR\",\"image\":{\"@type\":\"ImageObject\",\"inLanguage\":\"es\",\"@id\":\"https:\/\/laprensacristiana.com\/#\/schema\/person\/image\/\",\"url\":\"https:\/\/secure.gravatar.com\/avatar\/72069dfb6c13772d9e8381e3638666d2?s=96&d=mm&r=g\",\"contentUrl\":\"https:\/\/secure.gravatar.com\/avatar\/72069dfb6c13772d9e8381e3638666d2?s=96&d=mm&r=g\",\"caption\":\"EDITOR\"},\"url\":\"https:\/\/laprensacristiana.com\/?author=3\"}]}<\/script>\n<!-- \/ Yoast SEO plugin. -->","yoast_head_json":{"title":"\u00bfQui\u00e9n es tu fuente de bendici\u00f3n? - La Prensa Cristiana","robots":{"index":"index","follow":"follow","max-snippet":"max-snippet:-1","max-image-preview":"max-image-preview:large","max-video-preview":"max-video-preview:-1"},"canonical":"https:\/\/laprensacristiana.com\/?p=6015","og_locale":"es_ES","og_type":"article","og_title":"\u00bfQui\u00e9n es tu fuente de bendici\u00f3n? - La Prensa Cristiana","og_description":"Pastor Jos\u00e9 Luis Blanco y D \/ Iglesia Edificadores del Reino Deut 8:7 \u201cPorque Jehov\u00e1 tu Dios te introduce en la buena tierra, tierra de arroyos, de aguas, de fuentes y de manantiales, que brotan en vegas y montes\u201d Todos queremos bendici\u00f3n, algunos no la tienen, otros la tenemos, pero muy pocos la retienen. \u00bfPor [&hellip;]","og_url":"https:\/\/laprensacristiana.com\/?p=6015","og_site_name":"La Prensa Cristiana","article_published_time":"2019-06-12T12:26:41+00:00","article_modified_time":"2019-06-12T12:34:51+00:00","og_image":[{"width":1280,"height":714,"url":"https:\/\/laprensacristiana.com\/wp-content\/uploads\/2019\/05\/reflexiones-1.jpeg","type":"image\/jpeg"}],"author":"EDITOR","twitter_card":"summary_large_image","twitter_misc":{"Escrito por":"EDITOR","Tiempo de lectura":"3 minutos"},"schema":{"@context":"https:\/\/schema.org","@graph":[{"@type":"WebPage","@id":"https:\/\/laprensacristiana.com\/?p=6015","url":"https:\/\/laprensacristiana.com\/?p=6015","name":"\u00bfQui\u00e9n es tu fuente de bendici\u00f3n? - La Prensa Cristiana","isPartOf":{"@id":"https:\/\/laprensacristiana.com\/#website"},"datePublished":"2019-06-12T12:26:41+00:00","dateModified":"2019-06-12T12:34:51+00:00","author":{"@id":"https:\/\/laprensacristiana.com\/#\/schema\/person\/3e7d82c6bfd6b1fa67010f8f7cd5256e"},"breadcrumb":{"@id":"https:\/\/laprensacristiana.com\/?p=6015#breadcrumb"},"inLanguage":"es","potentialAction":[{"@type":"ReadAction","target":["https:\/\/laprensacristiana.com\/?p=6015"]}]},{"@type":"BreadcrumbList","@id":"https:\/\/laprensacristiana.com\/?p=6015#breadcrumb","itemListElement":[{"@type":"ListItem","position":1,"name":"Portada","item":"https:\/\/laprensacristiana.com\/"},{"@type":"ListItem","position":2,"name":"\u00bfQui\u00e9n es tu fuente de bendici\u00f3n?"}]},{"@type":"WebSite","@id":"https:\/\/laprensacristiana.com\/#website","url":"https:\/\/laprensacristiana.com\/","name":"La Prensa Cristiana","description":"Anunciando Las Buenas Nuevas","potentialAction":[{"@type":"SearchAction","target":{"@type":"EntryPoint","urlTemplate":"https:\/\/laprensacristiana.com\/?s={search_term_string}"},"query-input":"required name=search_term_string"}],"inLanguage":"es"},{"@type":"Person","@id":"https:\/\/laprensacristiana.com\/#\/schema\/person\/3e7d82c6bfd6b1fa67010f8f7cd5256e","name":"EDITOR","image":{"@type":"ImageObject","inLanguage":"es","@id":"https:\/\/laprensacristiana.com\/#\/schema\/person\/image\/","url":"https:\/\/secure.gravatar.com\/avatar\/72069dfb6c13772d9e8381e3638666d2?s=96&d=mm&r=g","contentUrl":"https:\/\/secure.gravatar.com\/avatar\/72069dfb6c13772d9e8381e3638666d2?s=96&d=mm&r=g","caption":"EDITOR"},"url":"https:\/\/laprensacristiana.com\/?author=3"}]}},"_links":{"self":[{"href":"https:\/\/laprensacristiana.com\/index.php?rest_route=\/wp\/v2\/posts\/6015"}],"collection":[{"href":"https:\/\/laprensacristiana.com\/index.php?rest_route=\/wp\/v2\/posts"}],"about":[{"href":"https:\/\/laprensacristiana.com\/index.php?rest_route=\/wp\/v2\/types\/post"}],"author":[{"embeddable":true,"href":"https:\/\/laprensacristiana.com\/index.php?rest_route=\/wp\/v2\/users\/3"}],"replies":[{"embeddable":true,"href":"https:\/\/laprensacristiana.com\/index.php?rest_route=%2Fwp%2Fv2%2Fcomments&post=6015"}],"version-history":[{"count":2,"href":"https:\/\/laprensacristiana.com\/index.php?rest_route=\/wp\/v2\/posts\/6015\/revisions"}],"predecessor-version":[{"id":6017,"href":"https:\/\/laprensacristiana.com\/index.php?rest_route=\/wp\/v2\/posts\/6015\/revisions\/6017"}],"wp:featuredmedia":[{"embeddable":true,"href":"https:\/\/laprensacristiana.com\/index.php?rest_route=\/wp\/v2\/media\/5807"}],"wp:attachment":[{"href":"https:\/\/laprensacristiana.com\/index.php?rest_route=%2Fwp%2Fv2%2Fmedia&parent=6015"}],"wp:term":[{"taxonomy":"category","embeddable":true,"href":"https:\/\/laprensacristiana.com\/index.php?rest_route=%2Fwp%2Fv2%2Fcategories&post=6015"},{"taxonomy":"post_tag","embeddable":true,"href":"https:\/\/laprensacristiana.com\/index.php?rest_route=%2Fwp%2Fv2%2Ftags&post=6015"}],"curies":[{"name":"wp","href":"https:\/\/api.w.org\/{rel}","templated":true}]}}