{"id":6028,"date":"2019-06-13T21:56:28","date_gmt":"2019-06-13T21:56:28","guid":{"rendered":"https:\/\/laprensacristiana.com\/?p=6028"},"modified":"2019-06-13T22:21:44","modified_gmt":"2019-06-13T22:21:44","slug":"retiro-anual-de-pastores-asambleas-de-dios","status":"publish","type":"post","link":"https:\/\/laprensacristiana.com\/?p=6028","title":{"rendered":"Retiro anual de pastores- Asambleas de Dios"},"content":{"rendered":"\n<figure class=\"wp-block-image\"><img decoding=\"async\" loading=\"lazy\" width=\"1024\" height=\"1024\" src=\"https:\/\/laprensacristiana.com\/wp-content\/uploads\/2019\/06\/PUBLICACI\u00d3N-FB-PROMOCI\u00d3N-NUEVO-INGRESO-1024x1024.jpg\" alt=\"\" class=\"wp-image-5988\" srcset=\"https:\/\/laprensacristiana.com\/wp-content\/uploads\/2019\/06\/PUBLICACI\u00d3N-FB-PROMOCI\u00d3N-NUEVO-INGRESO-1024x1024.jpg 1024w, https:\/\/laprensacristiana.com\/wp-content\/uploads\/2019\/06\/PUBLICACI\u00d3N-FB-PROMOCI\u00d3N-NUEVO-INGRESO-300x300.jpg 300w, https:\/\/laprensacristiana.com\/wp-content\/uploads\/2019\/06\/PUBLICACI\u00d3N-FB-PROMOCI\u00d3N-NUEVO-INGRESO-100x100.jpg 100w, https:\/\/laprensacristiana.com\/wp-content\/uploads\/2019\/06\/PUBLICACI\u00d3N-FB-PROMOCI\u00d3N-NUEVO-INGRESO-600x600.jpg 600w, https:\/\/laprensacristiana.com\/wp-content\/uploads\/2019\/06\/PUBLICACI\u00d3N-FB-PROMOCI\u00d3N-NUEVO-INGRESO-150x150.jpg 150w, https:\/\/laprensacristiana.com\/wp-content\/uploads\/2019\/06\/PUBLICACI\u00d3N-FB-PROMOCI\u00d3N-NUEVO-INGRESO-768x768.jpg 768w, https:\/\/laprensacristiana.com\/wp-content\/uploads\/2019\/06\/PUBLICACI\u00d3N-FB-PROMOCI\u00d3N-NUEVO-INGRESO-696x696.jpg 696w, https:\/\/laprensacristiana.com\/wp-content\/uploads\/2019\/06\/PUBLICACI\u00d3N-FB-PROMOCI\u00d3N-NUEVO-INGRESO-1068x1068.jpg 1068w, https:\/\/laprensacristiana.com\/wp-content\/uploads\/2019\/06\/PUBLICACI\u00d3N-FB-PROMOCI\u00d3N-NUEVO-INGRESO-420x420.jpg 420w\" sizes=\"(max-width: 1024px) 100vw, 1024px\" \/><\/figure>\n\n\n\n<p>Por: Pep Mart\u00ednez \/  Corresponsal de FRAMAD <\/p>\n\n\n\n<p>El pasado mi\u00e9rcoles 12 de junio, concluy\u00f3 el retiro\nanual de pastores de Asambleas de Dios El Salvador denominado \u201cSalvemos a la\nFamilia\u201d; desde la primera plenaria impartida por Rafael Gonz\u00e1lez se sinti\u00f3 la\nintenci\u00f3n de refrescar el tema de familia en los 1,300 pastores asistentes \u201cSomos pastores de nuestra familia\nen primer lugar, despu\u00e9s pastores de la iglesia\u201d el pleno al escuchar estas palabras reacciono con un silencio de unos\nsegundos; a lo lejos se escuch\u00f3; aleluya, gloria a Dios por m\u00e1s de un minuto. <\/p>\n\n\n\n<p>Sin lugar a duda cada pastor hizo un diagn\u00f3stico de\nsu vida en esas primeras palabras, por su parte el Pastor \u00c1ngel Guardado\nmenciono en su plenaria \u201cDios premia la dedicaci\u00f3n de sus siervos y \u00c9l se\nencarga de bendecir a sus familias\u201d.<\/p>\n\n\n\n<p>La alabanza estuvo a cargo del ministerio \u201cAposento Alto\u201d quienes preparaban el camino y el coraz\u00f3n de cada pastor, con una alabanza sincera y genuina.<\/p>\n\n\n\n<figure class=\"wp-block-image\"><img decoding=\"async\" loading=\"lazy\" width=\"1024\" height=\"668\" src=\"https:\/\/laprensacristiana.com\/wp-content\/uploads\/2019\/06\/IMG_2695-1024x668.jpg\" alt=\"\" class=\"wp-image-6030\" srcset=\"https:\/\/laprensacristiana.com\/wp-content\/uploads\/2019\/06\/IMG_2695-1024x668.jpg 1024w, https:\/\/laprensacristiana.com\/wp-content\/uploads\/2019\/06\/IMG_2695-600x392.jpg 600w, https:\/\/laprensacristiana.com\/wp-content\/uploads\/2019\/06\/IMG_2695-300x196.jpg 300w, https:\/\/laprensacristiana.com\/wp-content\/uploads\/2019\/06\/IMG_2695-768x501.jpg 768w, https:\/\/laprensacristiana.com\/wp-content\/uploads\/2019\/06\/IMG_2695-696x454.jpg 696w, https:\/\/laprensacristiana.com\/wp-content\/uploads\/2019\/06\/IMG_2695-1068x697.jpg 1068w, https:\/\/laprensacristiana.com\/wp-content\/uploads\/2019\/06\/IMG_2695-644x420.jpg 644w, https:\/\/laprensacristiana.com\/wp-content\/uploads\/2019\/06\/IMG_2695.jpg 1177w\" sizes=\"(max-width: 1024px) 100vw, 1024px\" \/><figcaption>Ministerio Aposento Alto<\/figcaption><\/figure>\n\n\n\n<p>Cabe destacar que este a\u00f1o el Comit\u00e9 Ejecutivo. Sorprendi\u00f3 invitando a oradores internacionales, se trat\u00f3 de los esposos Jimmy &amp; Aida Cornejo desde Ecuador, autores del libro \u201cComo ganar el coraz\u00f3n de sus hijos\u201d quienes en cada una de sus tres plenarias enfatizaron que \u201cExiste una profunda necesidad hoy en d\u00eda para los hombres y mujeres j\u00f3venes de \u00abver\u00bb la fe sincera y genuina en la acci\u00f3n\u201d <\/p>\n\n\n\n<figure class=\"wp-block-image\"><img decoding=\"async\" loading=\"lazy\" width=\"1024\" height=\"728\" src=\"https:\/\/laprensacristiana.com\/wp-content\/uploads\/2019\/06\/IMG_4432-1024x728.jpg\" alt=\"\" class=\"wp-image-6031\" srcset=\"https:\/\/laprensacristiana.com\/wp-content\/uploads\/2019\/06\/IMG_4432-1024x728.jpg 1024w, https:\/\/laprensacristiana.com\/wp-content\/uploads\/2019\/06\/IMG_4432-600x426.jpg 600w, https:\/\/laprensacristiana.com\/wp-content\/uploads\/2019\/06\/IMG_4432-300x213.jpg 300w, https:\/\/laprensacristiana.com\/wp-content\/uploads\/2019\/06\/IMG_4432-768x546.jpg 768w, https:\/\/laprensacristiana.com\/wp-content\/uploads\/2019\/06\/IMG_4432-100x70.jpg 100w, https:\/\/laprensacristiana.com\/wp-content\/uploads\/2019\/06\/IMG_4432-696x494.jpg 696w, https:\/\/laprensacristiana.com\/wp-content\/uploads\/2019\/06\/IMG_4432-1068x759.jpg 1068w, https:\/\/laprensacristiana.com\/wp-content\/uploads\/2019\/06\/IMG_4432-591x420.jpg 591w, https:\/\/laprensacristiana.com\/wp-content\/uploads\/2019\/06\/IMG_4432.jpg 1081w\" sizes=\"(max-width: 1024px) 100vw, 1024px\" \/><figcaption>Jimmy y Aida Cornejo <br><br><\/figcaption><\/figure>\n\n\n\n<p>Los congregados fueron desafiados a ganar la\nbatalla con el coraz\u00f3n de quienes m\u00e1s amamos y a jam\u00e1s dejar de orar por la\nsalvaci\u00f3n de nuestra familia. <\/p>\n\n\n\n<p>El Superintendente Jerem\u00edas Bola\u00f1os fue el encargado de hablar sobre\n\u201cEl remedio divino contra las obras de la carne\u201d donde aconsejo con los\nsiguientes puntos:<\/p>\n\n\n\n<p>\u0097 Pasar por alto la ofensa <\/p>\n\n\n\n<p>\u0097 Orar por el c\u00f3nyuge <\/p>\n\n\n\n<p>\u0097 Ayudar a levantar la autoestima <\/p>\n\n\n\n<p>\u0097 No culpar al otro <\/p>\n\n\n\n<p>\u0097 Aceptar la propia responsabilidad <\/p>\n\n\n\n<p>\u0097 Superar las deficiencias <\/p>\n\n\n\n<p>adem\u00e1s, dijo que \u201cLa finalidad de todo esto es\nconvertir las relaciones t\u00f3xicas en relaciones sanas\u201d. Es importante mencionar\nque las familias pastorales tambi\u00e9n tienen: necesidades f\u00edsicas, emocionales y\nespirituales como todas las demas, cada pastor deber\u00e1 trabajar, vivir, amar, aprender, dejar\nun legado, que impacte a su generaci\u00f3n. <\/p>\n\n\n\n<p>Los pastores Cornejo dejaron una pregunta para\ncada uno de los pastores \u00bfTrato a mis hijos con un cari\u00f1o que ser\u00e1 digno que\nellos imiten? <\/p>\n\n\n\n<p>El retiro anual de pastores este a\u00f1o finalizo con la celebraci\u00f3n de la Santa Cena, sin lugar a duda este evento marcara la vida de muchas familias pastorales, donde adem\u00e1s se vivi\u00f3 una atm\u00f3sfera llena del Esp\u00edritu Santo; que Dios bendiga las Asambleas de Dios.<\/p>\n\n\n\n<figure class=\"wp-block-image\"><img decoding=\"async\" loading=\"lazy\" width=\"1024\" height=\"683\" src=\"https:\/\/laprensacristiana.com\/wp-content\/uploads\/2019\/06\/IMG_2827-1024x683.jpg\" alt=\"\" class=\"wp-image-6032\" srcset=\"https:\/\/laprensacristiana.com\/wp-content\/uploads\/2019\/06\/IMG_2827-1024x683.jpg 1024w, https:\/\/laprensacristiana.com\/wp-content\/uploads\/2019\/06\/IMG_2827-600x400.jpg 600w, https:\/\/laprensacristiana.com\/wp-content\/uploads\/2019\/06\/IMG_2827-300x200.jpg 300w, https:\/\/laprensacristiana.com\/wp-content\/uploads\/2019\/06\/IMG_2827-768x512.jpg 768w, https:\/\/laprensacristiana.com\/wp-content\/uploads\/2019\/06\/IMG_2827-696x464.jpg 696w, https:\/\/laprensacristiana.com\/wp-content\/uploads\/2019\/06\/IMG_2827-1068x713.jpg 1068w, https:\/\/laprensacristiana.com\/wp-content\/uploads\/2019\/06\/IMG_2827-629x420.jpg 629w, https:\/\/laprensacristiana.com\/wp-content\/uploads\/2019\/06\/IMG_2827.jpg 1151w\" sizes=\"(max-width: 1024px) 100vw, 1024px\" \/><figcaption>Jerem\u00edas y Patricia Bola\u00f1os<\/figcaption><\/figure>\n","protected":false},"excerpt":{"rendered":"<p>Por: Pep Mart\u00ednez \/ Corresponsal de FRAMAD El pasado mi\u00e9rcoles 12 de junio, concluy\u00f3 el retiro anual de pastores de Asambleas de Dios El Salvador denominado \u201cSalvemos a la Familia\u201d; desde la primera plenaria impartida por Rafael Gonz\u00e1lez se sinti\u00f3 la intenci\u00f3n de refrescar el tema de familia en los 1,300 pastores asistentes \u201cSomos pastores [&hellip;]<\/p>\n","protected":false},"author":3,"featured_media":6029,"comment_status":"open","ping_status":"open","sticky":false,"template":"","format":"standard","meta":[],"categories":[56],"tags":[],"yoast_head":"<!-- This site is optimized with the Yoast SEO plugin v20.8 - https:\/\/yoast.com\/wordpress\/plugins\/seo\/ -->\n<title>Retiro anual de pastores- Asambleas de Dios - La Prensa Cristiana<\/title>\n<meta name=\"robots\" content=\"index, follow, max-snippet:-1, max-image-preview:large, max-video-preview:-1\" \/>\n<link rel=\"canonical\" href=\"https:\/\/laprensacristiana.com\/?p=6028\" \/>\n<meta property=\"og:locale\" content=\"es_ES\" \/>\n<meta property=\"og:type\" content=\"article\" \/>\n<meta property=\"og:title\" content=\"Retiro anual de pastores- Asambleas de Dios - La Prensa Cristiana\" \/>\n<meta property=\"og:description\" content=\"Por: Pep Mart\u00ednez \/ Corresponsal de FRAMAD El pasado mi\u00e9rcoles 12 de junio, concluy\u00f3 el retiro anual de pastores de Asambleas de Dios El Salvador denominado \u201cSalvemos a la Familia\u201d; desde la primera plenaria impartida por Rafael Gonz\u00e1lez se sinti\u00f3 la intenci\u00f3n de refrescar el tema de familia en los 1,300 pastores asistentes \u201cSomos pastores [&hellip;]\" \/>\n<meta property=\"og:url\" content=\"https:\/\/laprensacristiana.com\/?p=6028\" \/>\n<meta property=\"og:site_name\" content=\"La Prensa Cristiana\" \/>\n<meta property=\"article:published_time\" content=\"2019-06-13T21:56:28+00:00\" \/>\n<meta property=\"article:modified_time\" content=\"2019-06-13T22:21:44+00:00\" \/>\n<meta property=\"og:image\" content=\"https:\/\/laprensacristiana.com\/wp-content\/uploads\/2019\/06\/IMG_2796.jpg\" \/>\n\t<meta property=\"og:image:width\" content=\"1280\" \/>\n\t<meta property=\"og:image:height\" content=\"729\" \/>\n\t<meta property=\"og:image:type\" content=\"image\/jpeg\" \/>\n<meta name=\"author\" content=\"EDITOR\" \/>\n<meta name=\"twitter:card\" content=\"summary_large_image\" \/>\n<meta name=\"twitter:label1\" content=\"Escrito por\" \/>\n\t<meta name=\"twitter:data1\" content=\"EDITOR\" \/>\n\t<meta name=\"twitter:label2\" content=\"Tiempo de lectura\" \/>\n\t<meta name=\"twitter:data2\" content=\"2 minutos\" \/>\n<script type=\"application\/ld+json\" class=\"yoast-schema-graph\">{\"@context\":\"https:\/\/schema.org\",\"@graph\":[{\"@type\":\"WebPage\",\"@id\":\"https:\/\/laprensacristiana.com\/?p=6028\",\"url\":\"https:\/\/laprensacristiana.com\/?p=6028\",\"name\":\"Retiro anual de pastores- Asambleas de Dios - La Prensa Cristiana\",\"isPartOf\":{\"@id\":\"https:\/\/laprensacristiana.com\/#website\"},\"datePublished\":\"2019-06-13T21:56:28+00:00\",\"dateModified\":\"2019-06-13T22:21:44+00:00\",\"author\":{\"@id\":\"https:\/\/laprensacristiana.com\/#\/schema\/person\/3e7d82c6bfd6b1fa67010f8f7cd5256e\"},\"breadcrumb\":{\"@id\":\"https:\/\/laprensacristiana.com\/?p=6028#breadcrumb\"},\"inLanguage\":\"es\",\"potentialAction\":[{\"@type\":\"ReadAction\",\"target\":[\"https:\/\/laprensacristiana.com\/?p=6028\"]}]},{\"@type\":\"BreadcrumbList\",\"@id\":\"https:\/\/laprensacristiana.com\/?p=6028#breadcrumb\",\"itemListElement\":[{\"@type\":\"ListItem\",\"position\":1,\"name\":\"Portada\",\"item\":\"https:\/\/laprensacristiana.com\/\"},{\"@type\":\"ListItem\",\"position\":2,\"name\":\"Retiro anual de pastores- Asambleas de Dios\"}]},{\"@type\":\"WebSite\",\"@id\":\"https:\/\/laprensacristiana.com\/#website\",\"url\":\"https:\/\/laprensacristiana.com\/\",\"name\":\"La Prensa Cristiana\",\"description\":\"Anunciando Las Buenas Nuevas\",\"potentialAction\":[{\"@type\":\"SearchAction\",\"target\":{\"@type\":\"EntryPoint\",\"urlTemplate\":\"https:\/\/laprensacristiana.com\/?s={search_term_string}\"},\"query-input\":\"required name=search_term_string\"}],\"inLanguage\":\"es\"},{\"@type\":\"Person\",\"@id\":\"https:\/\/laprensacristiana.com\/#\/schema\/person\/3e7d82c6bfd6b1fa67010f8f7cd5256e\",\"name\":\"EDITOR\",\"image\":{\"@type\":\"ImageObject\",\"inLanguage\":\"es\",\"@id\":\"https:\/\/laprensacristiana.com\/#\/schema\/person\/image\/\",\"url\":\"https:\/\/secure.gravatar.com\/avatar\/72069dfb6c13772d9e8381e3638666d2?s=96&d=mm&r=g\",\"contentUrl\":\"https:\/\/secure.gravatar.com\/avatar\/72069dfb6c13772d9e8381e3638666d2?s=96&d=mm&r=g\",\"caption\":\"EDITOR\"},\"url\":\"https:\/\/laprensacristiana.com\/?author=3\"}]}<\/script>\n<!-- \/ Yoast SEO plugin. -->","yoast_head_json":{"title":"Retiro anual de pastores- Asambleas de Dios - La Prensa Cristiana","robots":{"index":"index","follow":"follow","max-snippet":"max-snippet:-1","max-image-preview":"max-image-preview:large","max-video-preview":"max-video-preview:-1"},"canonical":"https:\/\/laprensacristiana.com\/?p=6028","og_locale":"es_ES","og_type":"article","og_title":"Retiro anual de pastores- Asambleas de Dios - La Prensa Cristiana","og_description":"Por: Pep Mart\u00ednez \/ Corresponsal de FRAMAD El pasado mi\u00e9rcoles 12 de junio, concluy\u00f3 el retiro anual de pastores de Asambleas de Dios El Salvador denominado \u201cSalvemos a la Familia\u201d; desde la primera plenaria impartida por Rafael Gonz\u00e1lez se sinti\u00f3 la intenci\u00f3n de refrescar el tema de familia en los 1,300 pastores asistentes \u201cSomos pastores [&hellip;]","og_url":"https:\/\/laprensacristiana.com\/?p=6028","og_site_name":"La Prensa Cristiana","article_published_time":"2019-06-13T21:56:28+00:00","article_modified_time":"2019-06-13T22:21:44+00:00","og_image":[{"width":1280,"height":729,"url":"https:\/\/laprensacristiana.com\/wp-content\/uploads\/2019\/06\/IMG_2796.jpg","type":"image\/jpeg"}],"author":"EDITOR","twitter_card":"summary_large_image","twitter_misc":{"Escrito por":"EDITOR","Tiempo de lectura":"2 minutos"},"schema":{"@context":"https:\/\/schema.org","@graph":[{"@type":"WebPage","@id":"https:\/\/laprensacristiana.com\/?p=6028","url":"https:\/\/laprensacristiana.com\/?p=6028","name":"Retiro anual de pastores- Asambleas de Dios - La Prensa Cristiana","isPartOf":{"@id":"https:\/\/laprensacristiana.com\/#website"},"datePublished":"2019-06-13T21:56:28+00:00","dateModified":"2019-06-13T22:21:44+00:00","author":{"@id":"https:\/\/laprensacristiana.com\/#\/schema\/person\/3e7d82c6bfd6b1fa67010f8f7cd5256e"},"breadcrumb":{"@id":"https:\/\/laprensacristiana.com\/?p=6028#breadcrumb"},"inLanguage":"es","potentialAction":[{"@type":"ReadAction","target":["https:\/\/laprensacristiana.com\/?p=6028"]}]},{"@type":"BreadcrumbList","@id":"https:\/\/laprensacristiana.com\/?p=6028#breadcrumb","itemListElement":[{"@type":"ListItem","position":1,"name":"Portada","item":"https:\/\/laprensacristiana.com\/"},{"@type":"ListItem","position":2,"name":"Retiro anual de pastores- Asambleas de Dios"}]},{"@type":"WebSite","@id":"https:\/\/laprensacristiana.com\/#website","url":"https:\/\/laprensacristiana.com\/","name":"La Prensa Cristiana","description":"Anunciando Las Buenas Nuevas","potentialAction":[{"@type":"SearchAction","target":{"@type":"EntryPoint","urlTemplate":"https:\/\/laprensacristiana.com\/?s={search_term_string}"},"query-input":"required name=search_term_string"}],"inLanguage":"es"},{"@type":"Person","@id":"https:\/\/laprensacristiana.com\/#\/schema\/person\/3e7d82c6bfd6b1fa67010f8f7cd5256e","name":"EDITOR","image":{"@type":"ImageObject","inLanguage":"es","@id":"https:\/\/laprensacristiana.com\/#\/schema\/person\/image\/","url":"https:\/\/secure.gravatar.com\/avatar\/72069dfb6c13772d9e8381e3638666d2?s=96&d=mm&r=g","contentUrl":"https:\/\/secure.gravatar.com\/avatar\/72069dfb6c13772d9e8381e3638666d2?s=96&d=mm&r=g","caption":"EDITOR"},"url":"https:\/\/laprensacristiana.com\/?author=3"}]}},"_links":{"self":[{"href":"https:\/\/laprensacristiana.com\/index.php?rest_route=\/wp\/v2\/posts\/6028"}],"collection":[{"href":"https:\/\/laprensacristiana.com\/index.php?rest_route=\/wp\/v2\/posts"}],"about":[{"href":"https:\/\/laprensacristiana.com\/index.php?rest_route=\/wp\/v2\/types\/post"}],"author":[{"embeddable":true,"href":"https:\/\/laprensacristiana.com\/index.php?rest_route=\/wp\/v2\/users\/3"}],"replies":[{"embeddable":true,"href":"https:\/\/laprensacristiana.com\/index.php?rest_route=%2Fwp%2Fv2%2Fcomments&post=6028"}],"version-history":[{"count":2,"href":"https:\/\/laprensacristiana.com\/index.php?rest_route=\/wp\/v2\/posts\/6028\/revisions"}],"predecessor-version":[{"id":6034,"href":"https:\/\/laprensacristiana.com\/index.php?rest_route=\/wp\/v2\/posts\/6028\/revisions\/6034"}],"wp:featuredmedia":[{"embeddable":true,"href":"https:\/\/laprensacristiana.com\/index.php?rest_route=\/wp\/v2\/media\/6029"}],"wp:attachment":[{"href":"https:\/\/laprensacristiana.com\/index.php?rest_route=%2Fwp%2Fv2%2Fmedia&parent=6028"}],"wp:term":[{"taxonomy":"category","embeddable":true,"href":"https:\/\/laprensacristiana.com\/index.php?rest_route=%2Fwp%2Fv2%2Fcategories&post=6028"},{"taxonomy":"post_tag","embeddable":true,"href":"https:\/\/laprensacristiana.com\/index.php?rest_route=%2Fwp%2Fv2%2Ftags&post=6028"}],"curies":[{"name":"wp","href":"https:\/\/api.w.org\/{rel}","templated":true}]}}