{"id":6040,"date":"2019-06-15T23:10:46","date_gmt":"2019-06-15T23:10:46","guid":{"rendered":"https:\/\/laprensacristiana.com\/?p=6040"},"modified":"2019-06-15T23:18:37","modified_gmt":"2019-06-15T23:18:37","slug":"dante-gebel-proximamente-en-netflix","status":"publish","type":"post","link":"https:\/\/laprensacristiana.com\/?p=6040","title":{"rendered":"Dante Gebel pr\u00f3ximamente en Netflix"},"content":{"rendered":"\n<p>Esta tarde Dante Gebel anunci\u00f3 que pr\u00f3ximamente estar\u00e1 en la plataforma de Netflix, que \u00a0es una empresa comercial estadounidense que proporciona entretenimiento a trav\u00e9s de un streaming de contenido multimedia bajo demanda por Internet.<\/p>\n\n\n\n<p>En octubre del a\u00f1o 2018 dante firm\u00f3 un contrato con TV Azteca en M\u00e9xico para la trasmisi\u00f3n de su Show, en esa ocasi\u00f3n Dante Gebel coment\u00f3: \u201cEs el sue\u00f1o de tantos a\u00f1os, gracias a la oraci\u00f3n de tantos miles\u201d.<\/p>\n\n\n\n<p>El pastor de j\u00f3venes, escritor y conferencista, anunci\u00f3 a trav\u00e9s de sus redes sociales que durante su estancia esta semana en Bolivia mientras\u00a0 realizaba el tour \u201cDante Gebel aut\u00e9ntico\u201d, recibi\u00f3 una gran noticia. <\/p>\n\n\n\n<p>\u201cMuy pronto, les dar\u00e9 una noticia mundial. Estoy tan\nagradecido de no haberme quedado pescando en la pecera, en lo conocido, en el\nsitio donde todo mundo est\u00e1 c\u00f3modo. <\/p>\n\n\n\n<p>Solo Dios puede hacer un milagro as\u00ed. Siempre lo so\u00f1\u00e9, pero esta vez, \u00c9l super\u00f3 cualquier sue\u00f1o que pudiera tener\u201d expres\u00f3 \u00a0el Pastor Dante Gebel.<\/p>\n\n\n\n<p>Gebel asegur\u00f3 que no se trata de su programa Dante Night Show, el martes la productora con la que trabaja Blue Point Entertainment cerrar\u00e1 el contrato con Netflix. El pastor prometi\u00f3 dar la noticia completa muy pronto.<\/p>\n\n\n\n<figure class=\"wp-block-image\"><img decoding=\"async\" loading=\"lazy\" width=\"1024\" height=\"1024\" src=\"https:\/\/laprensacristiana.com\/wp-content\/uploads\/2019\/06\/PUBLICACI\u00d3N-FB-PROMOCI\u00d3N-NUEVO-INGRESO-1024x1024.jpg\" alt=\"\" class=\"wp-image-5988\" srcset=\"https:\/\/laprensacristiana.com\/wp-content\/uploads\/2019\/06\/PUBLICACI\u00d3N-FB-PROMOCI\u00d3N-NUEVO-INGRESO-1024x1024.jpg 1024w, https:\/\/laprensacristiana.com\/wp-content\/uploads\/2019\/06\/PUBLICACI\u00d3N-FB-PROMOCI\u00d3N-NUEVO-INGRESO-300x300.jpg 300w, https:\/\/laprensacristiana.com\/wp-content\/uploads\/2019\/06\/PUBLICACI\u00d3N-FB-PROMOCI\u00d3N-NUEVO-INGRESO-100x100.jpg 100w, https:\/\/laprensacristiana.com\/wp-content\/uploads\/2019\/06\/PUBLICACI\u00d3N-FB-PROMOCI\u00d3N-NUEVO-INGRESO-600x600.jpg 600w, https:\/\/laprensacristiana.com\/wp-content\/uploads\/2019\/06\/PUBLICACI\u00d3N-FB-PROMOCI\u00d3N-NUEVO-INGRESO-150x150.jpg 150w, https:\/\/laprensacristiana.com\/wp-content\/uploads\/2019\/06\/PUBLICACI\u00d3N-FB-PROMOCI\u00d3N-NUEVO-INGRESO-768x768.jpg 768w, https:\/\/laprensacristiana.com\/wp-content\/uploads\/2019\/06\/PUBLICACI\u00d3N-FB-PROMOCI\u00d3N-NUEVO-INGRESO-696x696.jpg 696w, https:\/\/laprensacristiana.com\/wp-content\/uploads\/2019\/06\/PUBLICACI\u00d3N-FB-PROMOCI\u00d3N-NUEVO-INGRESO-1068x1068.jpg 1068w, https:\/\/laprensacristiana.com\/wp-content\/uploads\/2019\/06\/PUBLICACI\u00d3N-FB-PROMOCI\u00d3N-NUEVO-INGRESO-420x420.jpg 420w\" sizes=\"(max-width: 1024px) 100vw, 1024px\" \/><\/figure>\n","protected":false},"excerpt":{"rendered":"<p>Esta tarde Dante Gebel anunci\u00f3 que pr\u00f3ximamente estar\u00e1 en la plataforma de Netflix, que \u00a0es una empresa comercial estadounidense que proporciona entretenimiento a trav\u00e9s de un streaming de contenido multimedia bajo demanda por Internet. En octubre del a\u00f1o 2018 dante firm\u00f3 un contrato con TV Azteca en M\u00e9xico para la trasmisi\u00f3n de su Show, en [&hellip;]<\/p>\n","protected":false},"author":3,"featured_media":6041,"comment_status":"open","ping_status":"open","sticky":false,"template":"","format":"standard","meta":[],"categories":[56],"tags":[],"yoast_head":"<!-- This site is optimized with the Yoast SEO plugin v20.8 - https:\/\/yoast.com\/wordpress\/plugins\/seo\/ -->\n<title>Dante Gebel pr\u00f3ximamente en Netflix - La Prensa Cristiana<\/title>\n<meta name=\"robots\" content=\"index, follow, max-snippet:-1, max-image-preview:large, max-video-preview:-1\" \/>\n<link rel=\"canonical\" href=\"https:\/\/laprensacristiana.com\/?p=6040\" \/>\n<meta property=\"og:locale\" content=\"es_ES\" \/>\n<meta property=\"og:type\" content=\"article\" \/>\n<meta property=\"og:title\" content=\"Dante Gebel pr\u00f3ximamente en Netflix - La Prensa Cristiana\" \/>\n<meta property=\"og:description\" content=\"Esta tarde Dante Gebel anunci\u00f3 que pr\u00f3ximamente estar\u00e1 en la plataforma de Netflix, que \u00a0es una empresa comercial estadounidense que proporciona entretenimiento a trav\u00e9s de un streaming de contenido multimedia bajo demanda por Internet. En octubre del a\u00f1o 2018 dante firm\u00f3 un contrato con TV Azteca en M\u00e9xico para la trasmisi\u00f3n de su Show, en [&hellip;]\" \/>\n<meta property=\"og:url\" content=\"https:\/\/laprensacristiana.com\/?p=6040\" \/>\n<meta property=\"og:site_name\" content=\"La Prensa Cristiana\" \/>\n<meta property=\"article:published_time\" content=\"2019-06-15T23:10:46+00:00\" \/>\n<meta property=\"article:modified_time\" content=\"2019-06-15T23:18:37+00:00\" \/>\n<meta property=\"og:image\" content=\"https:\/\/laprensacristiana.com\/wp-content\/uploads\/2019\/06\/62400937_10156969905755236_262776617544187904_n.jpg\" \/>\n\t<meta property=\"og:image:width\" content=\"960\" \/>\n\t<meta property=\"og:image:height\" content=\"640\" \/>\n\t<meta property=\"og:image:type\" content=\"image\/jpeg\" \/>\n<meta name=\"author\" content=\"EDITOR\" \/>\n<meta name=\"twitter:card\" content=\"summary_large_image\" \/>\n<meta name=\"twitter:label1\" content=\"Escrito por\" \/>\n\t<meta name=\"twitter:data1\" content=\"EDITOR\" \/>\n\t<meta name=\"twitter:label2\" content=\"Tiempo de lectura\" \/>\n\t<meta name=\"twitter:data2\" content=\"1 minuto\" \/>\n<script type=\"application\/ld+json\" class=\"yoast-schema-graph\">{\"@context\":\"https:\/\/schema.org\",\"@graph\":[{\"@type\":\"WebPage\",\"@id\":\"https:\/\/laprensacristiana.com\/?p=6040\",\"url\":\"https:\/\/laprensacristiana.com\/?p=6040\",\"name\":\"Dante Gebel pr\u00f3ximamente en Netflix - La Prensa Cristiana\",\"isPartOf\":{\"@id\":\"https:\/\/laprensacristiana.com\/#website\"},\"datePublished\":\"2019-06-15T23:10:46+00:00\",\"dateModified\":\"2019-06-15T23:18:37+00:00\",\"author\":{\"@id\":\"https:\/\/laprensacristiana.com\/#\/schema\/person\/3e7d82c6bfd6b1fa67010f8f7cd5256e\"},\"breadcrumb\":{\"@id\":\"https:\/\/laprensacristiana.com\/?p=6040#breadcrumb\"},\"inLanguage\":\"es\",\"potentialAction\":[{\"@type\":\"ReadAction\",\"target\":[\"https:\/\/laprensacristiana.com\/?p=6040\"]}]},{\"@type\":\"BreadcrumbList\",\"@id\":\"https:\/\/laprensacristiana.com\/?p=6040#breadcrumb\",\"itemListElement\":[{\"@type\":\"ListItem\",\"position\":1,\"name\":\"Portada\",\"item\":\"https:\/\/laprensacristiana.com\/\"},{\"@type\":\"ListItem\",\"position\":2,\"name\":\"Dante Gebel pr\u00f3ximamente en Netflix\"}]},{\"@type\":\"WebSite\",\"@id\":\"https:\/\/laprensacristiana.com\/#website\",\"url\":\"https:\/\/laprensacristiana.com\/\",\"name\":\"La Prensa Cristiana\",\"description\":\"Anunciando Las Buenas Nuevas\",\"potentialAction\":[{\"@type\":\"SearchAction\",\"target\":{\"@type\":\"EntryPoint\",\"urlTemplate\":\"https:\/\/laprensacristiana.com\/?s={search_term_string}\"},\"query-input\":\"required name=search_term_string\"}],\"inLanguage\":\"es\"},{\"@type\":\"Person\",\"@id\":\"https:\/\/laprensacristiana.com\/#\/schema\/person\/3e7d82c6bfd6b1fa67010f8f7cd5256e\",\"name\":\"EDITOR\",\"image\":{\"@type\":\"ImageObject\",\"inLanguage\":\"es\",\"@id\":\"https:\/\/laprensacristiana.com\/#\/schema\/person\/image\/\",\"url\":\"https:\/\/secure.gravatar.com\/avatar\/72069dfb6c13772d9e8381e3638666d2?s=96&d=mm&r=g\",\"contentUrl\":\"https:\/\/secure.gravatar.com\/avatar\/72069dfb6c13772d9e8381e3638666d2?s=96&d=mm&r=g\",\"caption\":\"EDITOR\"},\"url\":\"https:\/\/laprensacristiana.com\/?author=3\"}]}<\/script>\n<!-- \/ Yoast SEO plugin. -->","yoast_head_json":{"title":"Dante Gebel pr\u00f3ximamente en Netflix - La Prensa Cristiana","robots":{"index":"index","follow":"follow","max-snippet":"max-snippet:-1","max-image-preview":"max-image-preview:large","max-video-preview":"max-video-preview:-1"},"canonical":"https:\/\/laprensacristiana.com\/?p=6040","og_locale":"es_ES","og_type":"article","og_title":"Dante Gebel pr\u00f3ximamente en Netflix - La Prensa Cristiana","og_description":"Esta tarde Dante Gebel anunci\u00f3 que pr\u00f3ximamente estar\u00e1 en la plataforma de Netflix, que \u00a0es una empresa comercial estadounidense que proporciona entretenimiento a trav\u00e9s de un streaming de contenido multimedia bajo demanda por Internet. En octubre del a\u00f1o 2018 dante firm\u00f3 un contrato con TV Azteca en M\u00e9xico para la trasmisi\u00f3n de su Show, en [&hellip;]","og_url":"https:\/\/laprensacristiana.com\/?p=6040","og_site_name":"La Prensa Cristiana","article_published_time":"2019-06-15T23:10:46+00:00","article_modified_time":"2019-06-15T23:18:37+00:00","og_image":[{"width":960,"height":640,"url":"https:\/\/laprensacristiana.com\/wp-content\/uploads\/2019\/06\/62400937_10156969905755236_262776617544187904_n.jpg","type":"image\/jpeg"}],"author":"EDITOR","twitter_card":"summary_large_image","twitter_misc":{"Escrito por":"EDITOR","Tiempo de lectura":"1 minuto"},"schema":{"@context":"https:\/\/schema.org","@graph":[{"@type":"WebPage","@id":"https:\/\/laprensacristiana.com\/?p=6040","url":"https:\/\/laprensacristiana.com\/?p=6040","name":"Dante Gebel pr\u00f3ximamente en Netflix - La Prensa Cristiana","isPartOf":{"@id":"https:\/\/laprensacristiana.com\/#website"},"datePublished":"2019-06-15T23:10:46+00:00","dateModified":"2019-06-15T23:18:37+00:00","author":{"@id":"https:\/\/laprensacristiana.com\/#\/schema\/person\/3e7d82c6bfd6b1fa67010f8f7cd5256e"},"breadcrumb":{"@id":"https:\/\/laprensacristiana.com\/?p=6040#breadcrumb"},"inLanguage":"es","potentialAction":[{"@type":"ReadAction","target":["https:\/\/laprensacristiana.com\/?p=6040"]}]},{"@type":"BreadcrumbList","@id":"https:\/\/laprensacristiana.com\/?p=6040#breadcrumb","itemListElement":[{"@type":"ListItem","position":1,"name":"Portada","item":"https:\/\/laprensacristiana.com\/"},{"@type":"ListItem","position":2,"name":"Dante Gebel pr\u00f3ximamente en Netflix"}]},{"@type":"WebSite","@id":"https:\/\/laprensacristiana.com\/#website","url":"https:\/\/laprensacristiana.com\/","name":"La Prensa Cristiana","description":"Anunciando Las Buenas Nuevas","potentialAction":[{"@type":"SearchAction","target":{"@type":"EntryPoint","urlTemplate":"https:\/\/laprensacristiana.com\/?s={search_term_string}"},"query-input":"required name=search_term_string"}],"inLanguage":"es"},{"@type":"Person","@id":"https:\/\/laprensacristiana.com\/#\/schema\/person\/3e7d82c6bfd6b1fa67010f8f7cd5256e","name":"EDITOR","image":{"@type":"ImageObject","inLanguage":"es","@id":"https:\/\/laprensacristiana.com\/#\/schema\/person\/image\/","url":"https:\/\/secure.gravatar.com\/avatar\/72069dfb6c13772d9e8381e3638666d2?s=96&d=mm&r=g","contentUrl":"https:\/\/secure.gravatar.com\/avatar\/72069dfb6c13772d9e8381e3638666d2?s=96&d=mm&r=g","caption":"EDITOR"},"url":"https:\/\/laprensacristiana.com\/?author=3"}]}},"_links":{"self":[{"href":"https:\/\/laprensacristiana.com\/index.php?rest_route=\/wp\/v2\/posts\/6040"}],"collection":[{"href":"https:\/\/laprensacristiana.com\/index.php?rest_route=\/wp\/v2\/posts"}],"about":[{"href":"https:\/\/laprensacristiana.com\/index.php?rest_route=\/wp\/v2\/types\/post"}],"author":[{"embeddable":true,"href":"https:\/\/laprensacristiana.com\/index.php?rest_route=\/wp\/v2\/users\/3"}],"replies":[{"embeddable":true,"href":"https:\/\/laprensacristiana.com\/index.php?rest_route=%2Fwp%2Fv2%2Fcomments&post=6040"}],"version-history":[{"count":7,"href":"https:\/\/laprensacristiana.com\/index.php?rest_route=\/wp\/v2\/posts\/6040\/revisions"}],"predecessor-version":[{"id":6048,"href":"https:\/\/laprensacristiana.com\/index.php?rest_route=\/wp\/v2\/posts\/6040\/revisions\/6048"}],"wp:featuredmedia":[{"embeddable":true,"href":"https:\/\/laprensacristiana.com\/index.php?rest_route=\/wp\/v2\/media\/6041"}],"wp:attachment":[{"href":"https:\/\/laprensacristiana.com\/index.php?rest_route=%2Fwp%2Fv2%2Fmedia&parent=6040"}],"wp:term":[{"taxonomy":"category","embeddable":true,"href":"https:\/\/laprensacristiana.com\/index.php?rest_route=%2Fwp%2Fv2%2Fcategories&post=6040"},{"taxonomy":"post_tag","embeddable":true,"href":"https:\/\/laprensacristiana.com\/index.php?rest_route=%2Fwp%2Fv2%2Ftags&post=6040"}],"curies":[{"name":"wp","href":"https:\/\/api.w.org\/{rel}","templated":true}]}}