{"id":6052,"date":"2019-06-18T16:03:50","date_gmt":"2019-06-18T16:03:50","guid":{"rendered":"https:\/\/laprensacristiana.com\/?p=6052"},"modified":"2019-06-18T16:04:00","modified_gmt":"2019-06-18T16:04:00","slug":"ensenar-o-educar","status":"publish","type":"post","link":"https:\/\/laprensacristiana.com\/?p=6052","title":{"rendered":"Ense\u00f1ar o Educar"},"content":{"rendered":"\n<p>Lev\u00edtico 19:32 \u201cDelante de las canas te levantar\u00e1s, y honrar\u00e1s el\nrostro del anciano, y de tu Dios tendr\u00e1s temor. Yo Jehov\u00e1.\u201d<\/p>\n\n\n\n<p>Advertencia: \u201cLeer este art\u00edculo puede lastimar susceptibilidades.\nSe recomienda encomendarse al Se\u00f1or\u201d<\/p>\n\n\n\n<p>Estamos creando una generaci\u00f3n de gentes mal educadas. Malos\npadres, malas madres, malos hijos. Malos ciudadanos. Mal\u00edsimos cristianos. Y en\nesto todos hemos fallado. Porque hemos dejado la educaci\u00f3n de los hijos en\nmanos de personas que no tienen nada de educaci\u00f3n. Por lo tanto no saben c\u00f3mo\neducar.<\/p>\n\n\n\n<p>Para aclarar las cosas, debo decir que no es lo mismo ense\u00f1ar que\neducar. Ense\u00f1ar es transmitir conocimiento. Y eso lo hace la escuela. Educar es\nformar valores, inculcar principios, moral y \u00e9tica para la vida. La escuela no\neduca, solo ense\u00f1a. Se educa en el hogar. Desde la cuna. Mejor dicho, nueve\nmeses antes de que nazca el ni\u00f1o hay que educar a la madre. <\/p>\n\n\n\n<p>Pero el traj\u00edn del siglo ha hecho que las madres abandonen la\neducaci\u00f3n de sus hijos. Al salir a trabajar fuera de casa los est\u00e1n dejando a\ncargo de guarder\u00edas, kindergarten y colegios especializados para el cuidado de\ninfantes. Y lo ir\u00f3nico del caso es que buena parte del sueldo que ganan se va\nen pagar esas guarder\u00edas. He visto que desde las cinco y media o seis de la\nma\u00f1ana las madres o padres van con sus carruajes a dejar en manos de a saber\nqui\u00e9n a sus reto\u00f1os y los recogen a las cinco o seis de la tarde. Y luego\nquieren que ese ni\u00f1o les diga \u201cmam\u00e1\u201d cuando han pasado doce horas viendo a otra\nmujer que lo cuida, lo alimenta y le cambia pa\u00f1ales.&nbsp; El colmo de la iron\u00eda, \u00bfno les parece?<\/p>\n\n\n\n<p>Y claro, la se\u00f1orita que cobra por cuidar ni\u00f1os ajenos no tiene ni\nla menor idea de c\u00f3mo ser madre. Ella es nodriza. Cobra un sueldo para aguantar\nsus llantos todo el d\u00eda sin preocuparse si es que llora por dolor, fr\u00edo o\nansiedad. Lo importante es entregarlo completo al final de la jornada. <\/p>\n\n\n\n<p>P\u00f3ngale a ese ni\u00f1o veinte a\u00f1os y env\u00edelo a la universidad:\naprender\u00e1n como trabajar duro. Como ganar dinero. Como hacerse notar en un\nmundo cada vez m\u00e1s anodino. Aprender\u00e1n a ser los tiburones de los negocios. A\nser gerentes de alto perfil. A pelear con dientes y u\u00f1as a un potencial cliente\npara aumentar su cartera profesional\u2026pero nunca le dir\u00e1n a su secretaria o al\nportero que cuida su elegante oficina un \u201cbuenos d\u00edas\u201d. Nunca le pedir\u00e1n \u201cpor\nfavor\u201d un caf\u00e9 a su asistente. Nunca sabr\u00e1n decir \u201cgracias\u201d por ayudarle a\nsacar adelante sus negocios. Nunca tendr\u00e1n empat\u00eda cuando un empleado se\nenferma y nunca ser\u00e1n tolerantes con el d\u00e9bil y pobre de su entorno.&nbsp; En esto incluyo a las queridas damas de hoy.\n\u00bfPor qu\u00e9?<\/p>\n\n\n\n<p>Porque eso no se aprende en la universidad. Eso se aprende en el\nregazo de una madre. Se aprende en la mesa del comedor cuando en el hogar todos\nnos sentamos a disfrutar nuestros alimentos hechos por mam\u00e1 y ganados por pap\u00e1.\nEso no se aprende en el kindergarten ni en la escuela. Si quiere hacer la\nprueba, pase cerca de una escuela a la hora de entrada o salida y vea cuantos alumnos\nle saludan con un \u201cbuenos d\u00edas, se\u00f1or o se\u00f1ora\u201d. Suba a un bus y vea cuantos\nalumnos se ponen de pie para que un adulto se siente. O sencillamente entre al\nsal\u00f3n de clases de su hijo y vea quienes y cuantos se ponen de pie cuando usted\nentre a hablar con el profesor. Incluyendo a su reto\u00f1o, por supuesto. <\/p>\n\n\n\n<p>Es una pena que aun en la Iglesia de Cristo esto suceda. Los\nj\u00f3venes pasan frente al pastor o los ancianos y ni siquiera les voltean a ver.\nNo saludan. No respetan a los mayores. No ayudan a los ancianos. No recogen la\nbiblia de la se\u00f1ora a quien se le cay\u00f3 en la acera. Mucho menos saludar\u00e1n en el\ncentro comercial. Si es que lo reconocen. <\/p>\n\n\n\n<p>Entonces, queridos lectores: \u00bfEn d\u00f3nde est\u00e1 el problema de hoy?\nSencillamente que ya no se lee en la Biblia las instrucciones que Dios da a los\npadres para que se lo ense\u00f1en a sus hijos: Honra padre y madre. Ante las canas\nponte de pie. No har\u00e1s tatuajes en tu cuerpo. No desprecies la direcci\u00f3n de tu\nmadre y la instrucci\u00f3n de tu padre. No seas contumaz y rebelde. <\/p>\n\n\n\n<p>En mi ni\u00f1ez fue mi mam\u00e1 quien le dec\u00eda a mis hermanas y por ende a\ntodos nosotros: \u201c\u00a1si\u00e9ntese bien. Cierre las piernas. B\u00e1jese esa falda. \u00a1No\nense\u00f1e el tirante de su brassier! \u00a1Abr\u00f3chese ese bot\u00f3n! \u00a1Salude a su pap\u00e1!\n\u00a1Diga muy bien! \u00a1Diga que manda! \u00a1Diga por favor!<\/p>\n\n\n\n<p>Recordemos lectores: La escuela tiene sus libros de texto para ense\u00f1ar. El hogar tiene la Palabra de Dios para educar. <\/p>\n\n\n\n<figure class=\"wp-block-image\"><img decoding=\"async\" loading=\"lazy\" width=\"1024\" height=\"1024\" src=\"https:\/\/laprensacristiana.com\/wp-content\/uploads\/2019\/06\/PUBLICACI\u00d3N-FB-PROMOCI\u00d3N-NUEVO-INGRESO-1024x1024.jpg\" alt=\"\" class=\"wp-image-5988\" srcset=\"https:\/\/laprensacristiana.com\/wp-content\/uploads\/2019\/06\/PUBLICACI\u00d3N-FB-PROMOCI\u00d3N-NUEVO-INGRESO-1024x1024.jpg 1024w, https:\/\/laprensacristiana.com\/wp-content\/uploads\/2019\/06\/PUBLICACI\u00d3N-FB-PROMOCI\u00d3N-NUEVO-INGRESO-300x300.jpg 300w, https:\/\/laprensacristiana.com\/wp-content\/uploads\/2019\/06\/PUBLICACI\u00d3N-FB-PROMOCI\u00d3N-NUEVO-INGRESO-100x100.jpg 100w, https:\/\/laprensacristiana.com\/wp-content\/uploads\/2019\/06\/PUBLICACI\u00d3N-FB-PROMOCI\u00d3N-NUEVO-INGRESO-600x600.jpg 600w, https:\/\/laprensacristiana.com\/wp-content\/uploads\/2019\/06\/PUBLICACI\u00d3N-FB-PROMOCI\u00d3N-NUEVO-INGRESO-150x150.jpg 150w, https:\/\/laprensacristiana.com\/wp-content\/uploads\/2019\/06\/PUBLICACI\u00d3N-FB-PROMOCI\u00d3N-NUEVO-INGRESO-768x768.jpg 768w, https:\/\/laprensacristiana.com\/wp-content\/uploads\/2019\/06\/PUBLICACI\u00d3N-FB-PROMOCI\u00d3N-NUEVO-INGRESO-696x696.jpg 696w, https:\/\/laprensacristiana.com\/wp-content\/uploads\/2019\/06\/PUBLICACI\u00d3N-FB-PROMOCI\u00d3N-NUEVO-INGRESO-1068x1068.jpg 1068w, https:\/\/laprensacristiana.com\/wp-content\/uploads\/2019\/06\/PUBLICACI\u00d3N-FB-PROMOCI\u00d3N-NUEVO-INGRESO-420x420.jpg 420w\" sizes=\"(max-width: 1024px) 100vw, 1024px\" \/><\/figure>\n","protected":false},"excerpt":{"rendered":"<p>Lev\u00edtico 19:32 \u201cDelante de las canas te levantar\u00e1s, y honrar\u00e1s el rostro del anciano, y de tu Dios tendr\u00e1s temor. Yo Jehov\u00e1.\u201d Advertencia: \u201cLeer este art\u00edculo puede lastimar susceptibilidades. Se recomienda encomendarse al Se\u00f1or\u201d Estamos creando una generaci\u00f3n de gentes mal educadas. Malos padres, malas madres, malos hijos. Malos ciudadanos. Mal\u00edsimos cristianos. Y en esto [&hellip;]<\/p>\n","protected":false},"author":3,"featured_media":5592,"comment_status":"open","ping_status":"open","sticky":false,"template":"","format":"standard","meta":[],"categories":[36],"tags":[],"yoast_head":"<!-- This site is optimized with the Yoast SEO plugin v20.8 - https:\/\/yoast.com\/wordpress\/plugins\/seo\/ -->\n<title>Ense\u00f1ar o Educar - La Prensa Cristiana<\/title>\n<meta name=\"robots\" content=\"index, follow, max-snippet:-1, max-image-preview:large, max-video-preview:-1\" \/>\n<link rel=\"canonical\" href=\"https:\/\/laprensacristiana.com\/?p=6052\" \/>\n<meta property=\"og:locale\" content=\"es_ES\" \/>\n<meta property=\"og:type\" content=\"article\" \/>\n<meta property=\"og:title\" content=\"Ense\u00f1ar o Educar - La Prensa Cristiana\" \/>\n<meta property=\"og:description\" content=\"Lev\u00edtico 19:32 \u201cDelante de las canas te levantar\u00e1s, y honrar\u00e1s el rostro del anciano, y de tu Dios tendr\u00e1s temor. Yo Jehov\u00e1.\u201d Advertencia: \u201cLeer este art\u00edculo puede lastimar susceptibilidades. Se recomienda encomendarse al Se\u00f1or\u201d Estamos creando una generaci\u00f3n de gentes mal educadas. Malos padres, malas madres, malos hijos. Malos ciudadanos. Mal\u00edsimos cristianos. Y en esto [&hellip;]\" \/>\n<meta property=\"og:url\" content=\"https:\/\/laprensacristiana.com\/?p=6052\" \/>\n<meta property=\"og:site_name\" content=\"La Prensa Cristiana\" \/>\n<meta property=\"article:published_time\" content=\"2019-06-18T16:03:50+00:00\" \/>\n<meta property=\"article:modified_time\" content=\"2019-06-18T16:04:00+00:00\" \/>\n<meta property=\"og:image\" content=\"https:\/\/laprensacristiana.com\/wp-content\/uploads\/2019\/04\/pastor-carlos.jpg\" \/>\n\t<meta property=\"og:image:width\" content=\"696\" \/>\n\t<meta property=\"og:image:height\" content=\"388\" \/>\n\t<meta property=\"og:image:type\" content=\"image\/jpeg\" \/>\n<meta name=\"author\" content=\"EDITOR\" \/>\n<meta name=\"twitter:card\" content=\"summary_large_image\" \/>\n<meta name=\"twitter:label1\" content=\"Escrito por\" \/>\n\t<meta name=\"twitter:data1\" content=\"EDITOR\" \/>\n\t<meta name=\"twitter:label2\" content=\"Tiempo de lectura\" \/>\n\t<meta name=\"twitter:data2\" content=\"4 minutos\" \/>\n<script type=\"application\/ld+json\" class=\"yoast-schema-graph\">{\"@context\":\"https:\/\/schema.org\",\"@graph\":[{\"@type\":\"WebPage\",\"@id\":\"https:\/\/laprensacristiana.com\/?p=6052\",\"url\":\"https:\/\/laprensacristiana.com\/?p=6052\",\"name\":\"Ense\u00f1ar o Educar - La Prensa Cristiana\",\"isPartOf\":{\"@id\":\"https:\/\/laprensacristiana.com\/#website\"},\"datePublished\":\"2019-06-18T16:03:50+00:00\",\"dateModified\":\"2019-06-18T16:04:00+00:00\",\"author\":{\"@id\":\"https:\/\/laprensacristiana.com\/#\/schema\/person\/3e7d82c6bfd6b1fa67010f8f7cd5256e\"},\"breadcrumb\":{\"@id\":\"https:\/\/laprensacristiana.com\/?p=6052#breadcrumb\"},\"inLanguage\":\"es\",\"potentialAction\":[{\"@type\":\"ReadAction\",\"target\":[\"https:\/\/laprensacristiana.com\/?p=6052\"]}]},{\"@type\":\"BreadcrumbList\",\"@id\":\"https:\/\/laprensacristiana.com\/?p=6052#breadcrumb\",\"itemListElement\":[{\"@type\":\"ListItem\",\"position\":1,\"name\":\"Portada\",\"item\":\"https:\/\/laprensacristiana.com\/\"},{\"@type\":\"ListItem\",\"position\":2,\"name\":\"Ense\u00f1ar o Educar\"}]},{\"@type\":\"WebSite\",\"@id\":\"https:\/\/laprensacristiana.com\/#website\",\"url\":\"https:\/\/laprensacristiana.com\/\",\"name\":\"La Prensa Cristiana\",\"description\":\"Anunciando Las Buenas Nuevas\",\"potentialAction\":[{\"@type\":\"SearchAction\",\"target\":{\"@type\":\"EntryPoint\",\"urlTemplate\":\"https:\/\/laprensacristiana.com\/?s={search_term_string}\"},\"query-input\":\"required name=search_term_string\"}],\"inLanguage\":\"es\"},{\"@type\":\"Person\",\"@id\":\"https:\/\/laprensacristiana.com\/#\/schema\/person\/3e7d82c6bfd6b1fa67010f8f7cd5256e\",\"name\":\"EDITOR\",\"image\":{\"@type\":\"ImageObject\",\"inLanguage\":\"es\",\"@id\":\"https:\/\/laprensacristiana.com\/#\/schema\/person\/image\/\",\"url\":\"https:\/\/secure.gravatar.com\/avatar\/72069dfb6c13772d9e8381e3638666d2?s=96&d=mm&r=g\",\"contentUrl\":\"https:\/\/secure.gravatar.com\/avatar\/72069dfb6c13772d9e8381e3638666d2?s=96&d=mm&r=g\",\"caption\":\"EDITOR\"},\"url\":\"https:\/\/laprensacristiana.com\/?author=3\"}]}<\/script>\n<!-- \/ Yoast SEO plugin. -->","yoast_head_json":{"title":"Ense\u00f1ar o Educar - La Prensa Cristiana","robots":{"index":"index","follow":"follow","max-snippet":"max-snippet:-1","max-image-preview":"max-image-preview:large","max-video-preview":"max-video-preview:-1"},"canonical":"https:\/\/laprensacristiana.com\/?p=6052","og_locale":"es_ES","og_type":"article","og_title":"Ense\u00f1ar o Educar - La Prensa Cristiana","og_description":"Lev\u00edtico 19:32 \u201cDelante de las canas te levantar\u00e1s, y honrar\u00e1s el rostro del anciano, y de tu Dios tendr\u00e1s temor. Yo Jehov\u00e1.\u201d Advertencia: \u201cLeer este art\u00edculo puede lastimar susceptibilidades. Se recomienda encomendarse al Se\u00f1or\u201d Estamos creando una generaci\u00f3n de gentes mal educadas. Malos padres, malas madres, malos hijos. Malos ciudadanos. Mal\u00edsimos cristianos. Y en esto [&hellip;]","og_url":"https:\/\/laprensacristiana.com\/?p=6052","og_site_name":"La Prensa Cristiana","article_published_time":"2019-06-18T16:03:50+00:00","article_modified_time":"2019-06-18T16:04:00+00:00","og_image":[{"width":696,"height":388,"url":"https:\/\/laprensacristiana.com\/wp-content\/uploads\/2019\/04\/pastor-carlos.jpg","type":"image\/jpeg"}],"author":"EDITOR","twitter_card":"summary_large_image","twitter_misc":{"Escrito por":"EDITOR","Tiempo de lectura":"4 minutos"},"schema":{"@context":"https:\/\/schema.org","@graph":[{"@type":"WebPage","@id":"https:\/\/laprensacristiana.com\/?p=6052","url":"https:\/\/laprensacristiana.com\/?p=6052","name":"Ense\u00f1ar o Educar - La Prensa Cristiana","isPartOf":{"@id":"https:\/\/laprensacristiana.com\/#website"},"datePublished":"2019-06-18T16:03:50+00:00","dateModified":"2019-06-18T16:04:00+00:00","author":{"@id":"https:\/\/laprensacristiana.com\/#\/schema\/person\/3e7d82c6bfd6b1fa67010f8f7cd5256e"},"breadcrumb":{"@id":"https:\/\/laprensacristiana.com\/?p=6052#breadcrumb"},"inLanguage":"es","potentialAction":[{"@type":"ReadAction","target":["https:\/\/laprensacristiana.com\/?p=6052"]}]},{"@type":"BreadcrumbList","@id":"https:\/\/laprensacristiana.com\/?p=6052#breadcrumb","itemListElement":[{"@type":"ListItem","position":1,"name":"Portada","item":"https:\/\/laprensacristiana.com\/"},{"@type":"ListItem","position":2,"name":"Ense\u00f1ar o Educar"}]},{"@type":"WebSite","@id":"https:\/\/laprensacristiana.com\/#website","url":"https:\/\/laprensacristiana.com\/","name":"La Prensa Cristiana","description":"Anunciando Las Buenas Nuevas","potentialAction":[{"@type":"SearchAction","target":{"@type":"EntryPoint","urlTemplate":"https:\/\/laprensacristiana.com\/?s={search_term_string}"},"query-input":"required name=search_term_string"}],"inLanguage":"es"},{"@type":"Person","@id":"https:\/\/laprensacristiana.com\/#\/schema\/person\/3e7d82c6bfd6b1fa67010f8f7cd5256e","name":"EDITOR","image":{"@type":"ImageObject","inLanguage":"es","@id":"https:\/\/laprensacristiana.com\/#\/schema\/person\/image\/","url":"https:\/\/secure.gravatar.com\/avatar\/72069dfb6c13772d9e8381e3638666d2?s=96&d=mm&r=g","contentUrl":"https:\/\/secure.gravatar.com\/avatar\/72069dfb6c13772d9e8381e3638666d2?s=96&d=mm&r=g","caption":"EDITOR"},"url":"https:\/\/laprensacristiana.com\/?author=3"}]}},"_links":{"self":[{"href":"https:\/\/laprensacristiana.com\/index.php?rest_route=\/wp\/v2\/posts\/6052"}],"collection":[{"href":"https:\/\/laprensacristiana.com\/index.php?rest_route=\/wp\/v2\/posts"}],"about":[{"href":"https:\/\/laprensacristiana.com\/index.php?rest_route=\/wp\/v2\/types\/post"}],"author":[{"embeddable":true,"href":"https:\/\/laprensacristiana.com\/index.php?rest_route=\/wp\/v2\/users\/3"}],"replies":[{"embeddable":true,"href":"https:\/\/laprensacristiana.com\/index.php?rest_route=%2Fwp%2Fv2%2Fcomments&post=6052"}],"version-history":[{"count":1,"href":"https:\/\/laprensacristiana.com\/index.php?rest_route=\/wp\/v2\/posts\/6052\/revisions"}],"predecessor-version":[{"id":6053,"href":"https:\/\/laprensacristiana.com\/index.php?rest_route=\/wp\/v2\/posts\/6052\/revisions\/6053"}],"wp:featuredmedia":[{"embeddable":true,"href":"https:\/\/laprensacristiana.com\/index.php?rest_route=\/wp\/v2\/media\/5592"}],"wp:attachment":[{"href":"https:\/\/laprensacristiana.com\/index.php?rest_route=%2Fwp%2Fv2%2Fmedia&parent=6052"}],"wp:term":[{"taxonomy":"category","embeddable":true,"href":"https:\/\/laprensacristiana.com\/index.php?rest_route=%2Fwp%2Fv2%2Fcategories&post=6052"},{"taxonomy":"post_tag","embeddable":true,"href":"https:\/\/laprensacristiana.com\/index.php?rest_route=%2Fwp%2Fv2%2Ftags&post=6052"}],"curies":[{"name":"wp","href":"https:\/\/api.w.org\/{rel}","templated":true}]}}