{"id":6057,"date":"2019-06-18T17:49:03","date_gmt":"2019-06-18T17:49:03","guid":{"rendered":"https:\/\/laprensacristiana.com\/?p=6057"},"modified":"2019-06-18T17:49:06","modified_gmt":"2019-06-18T17:49:06","slug":"una-nota-de-fe-lecciones-de-mi-padre","status":"publish","type":"post","link":"https:\/\/laprensacristiana.com\/?p=6057","title":{"rendered":"Una nota de fe: Lecciones de mi padre"},"content":{"rendered":"\n<p>Por: Pastor Edgar L\u00f3pez Bertrand Jr\/ Tabern\u00e1culo B\u00edblico Amigos de Israel Central <\/p>\n\n\n\n<p>En estos textos b\u00edblicos encontr\u00e9 el favor De Dios en mis momentos m\u00e1s dif\u00edciles, en mi vida diaria; los comparto contigo para motivar tu vida en estos malos momentos que puedas estar atravesando en tu diario vivir.<\/p>\n\n\n\n<p>Hebreos 11:1<\/p>\n\n\n\n<p><em>\u201cAhora bien, tener fe es estar seguro de lo que se espera; es estar convencido de lo que no se ve.\u201d<\/em>(RVC)<\/p>\n\n\n\n<p>Mateo 17:20<\/p>\n\n\n\n<p><em>\u201cJes\u00fas les dijo: Por vuestra poca fe. De cierto os digo que, si ten\u00e9is fe como un grano de mostaza, dir\u00e1s a este monte: \u201cp\u00e1sate de aqu\u00ed all\u00e1\u201d, y se pasar\u00e1; y nada os ser\u00e1 imposible.\u201d<\/em>&nbsp;(RVR1995)<\/p>\n\n\n\n<p>Romanos 1:17<\/p>\n\n\n\n<p><em>\u201cPorque en el evangelio la justicia de Dios se revela por fe y para fe; como est\u00e1 escrito: Mas el justo por la fe vivir\u00e1.\u201d<\/em>&nbsp;(LBLA)<\/p>\n\n\n\n<p>Juan 5:24<\/p>\n\n\n\n<p><em>\u201cDe cierto, de cierto les digo: El que oye mi palabra, y cree al que me envi\u00f3, tiene vida eterna; y no ser\u00e1 condenado, sino que ha pasado de muerte a vida.\u201d<\/em>&nbsp;(RVC)<\/p>\n\n\n\n<p>Romanos 10:17<\/p>\n\n\n\n<p><em>\u201cAs\u00ed que la fe es el resultado de o\u00edr el mensaje. La gente oye el mensaje cuando alguien le habla de Cristo.\u201d<\/em>&nbsp;(PDT)<\/p>\n\n\n\n<p>Juan 1:12<\/p>\n\n\n\n<p><em>\u201cPero a todos los que le recibieron, les dio el derecho de llegar a ser hijos de Dios, es decir, a los que creen en su nombre\u201d<\/em>&nbsp;(LBLA)<\/p>\n\n\n\n<p>Efesios 2:8<\/p>\n\n\n\n<p><em>\u201cUstedes fueron salvos gracias a la generosidad de Dios porque tuvieron fe. No se salvaron a s\u00ed mismos, su salvaci\u00f3n fue un regalo de Dios.\u201d<\/em>&nbsp;(PDT)<\/p>\n\n\n\n<p>Romanos 10:9<\/p>\n\n\n\n<p><em>\u201cQue si confesares con tu boca al Se\u00f1or Jes\u00fas, y creyeres en tu coraz\u00f3n que Dios le levant\u00f3 de los muertos, ser\u00e1s salvo.\u201d<\/em>&nbsp;(RVA)<\/p>\n\n\n\n<p>Juan 20:29<\/p>\n\n\n\n<p><em>\u201cJes\u00fas le dijo: Porque me has visto, Tom\u00e1s, cre\u00edste; bienaventurados los que no vieron y creyeron.\u201d<\/em>(RVR1995)<\/p>\n\n\n\n<p>Santiago 1:2-4<\/p>\n\n\n\n<p><em>\u201cTened por sumo gozo, hermanos m\u00edos, el que os hall\u00e9is en diversas pruebas, sabiendo que la prueba de vuestra fe produce paciencia, y que la paciencia tenga su perfecto resultado, para que se\u00e1is perfectos y completos, sin que os falte nada.\u201d<\/em>\u00a0(RVA)<\/p>\n\n\n\n<p><strong>NO TEMAS, DIOS ESTA CONTIGO.<\/strong><\/p>\n\n\n\n<figure class=\"wp-block-image\"><img decoding=\"async\" loading=\"lazy\" width=\"1024\" height=\"1024\" src=\"https:\/\/laprensacristiana.com\/wp-content\/uploads\/2019\/06\/PUBLICACI\u00d3N-FB-PROMOCI\u00d3N-NUEVO-INGRESO-1024x1024.jpg\" alt=\"\" class=\"wp-image-5988\" srcset=\"https:\/\/laprensacristiana.com\/wp-content\/uploads\/2019\/06\/PUBLICACI\u00d3N-FB-PROMOCI\u00d3N-NUEVO-INGRESO-1024x1024.jpg 1024w, https:\/\/laprensacristiana.com\/wp-content\/uploads\/2019\/06\/PUBLICACI\u00d3N-FB-PROMOCI\u00d3N-NUEVO-INGRESO-300x300.jpg 300w, https:\/\/laprensacristiana.com\/wp-content\/uploads\/2019\/06\/PUBLICACI\u00d3N-FB-PROMOCI\u00d3N-NUEVO-INGRESO-100x100.jpg 100w, https:\/\/laprensacristiana.com\/wp-content\/uploads\/2019\/06\/PUBLICACI\u00d3N-FB-PROMOCI\u00d3N-NUEVO-INGRESO-600x600.jpg 600w, https:\/\/laprensacristiana.com\/wp-content\/uploads\/2019\/06\/PUBLICACI\u00d3N-FB-PROMOCI\u00d3N-NUEVO-INGRESO-150x150.jpg 150w, https:\/\/laprensacristiana.com\/wp-content\/uploads\/2019\/06\/PUBLICACI\u00d3N-FB-PROMOCI\u00d3N-NUEVO-INGRESO-768x768.jpg 768w, https:\/\/laprensacristiana.com\/wp-content\/uploads\/2019\/06\/PUBLICACI\u00d3N-FB-PROMOCI\u00d3N-NUEVO-INGRESO-696x696.jpg 696w, https:\/\/laprensacristiana.com\/wp-content\/uploads\/2019\/06\/PUBLICACI\u00d3N-FB-PROMOCI\u00d3N-NUEVO-INGRESO-1068x1068.jpg 1068w, https:\/\/laprensacristiana.com\/wp-content\/uploads\/2019\/06\/PUBLICACI\u00d3N-FB-PROMOCI\u00d3N-NUEVO-INGRESO-420x420.jpg 420w\" sizes=\"(max-width: 1024px) 100vw, 1024px\" \/><\/figure>\n\n\n\n<p><br><\/p>\n","protected":false},"excerpt":{"rendered":"<p>Por: Pastor Edgar L\u00f3pez Bertrand Jr\/ Tabern\u00e1culo B\u00edblico Amigos de Israel Central En estos textos b\u00edblicos encontr\u00e9 el favor De Dios en mis momentos m\u00e1s dif\u00edciles, en mi vida diaria; los comparto contigo para motivar tu vida en estos malos momentos que puedas estar atravesando en tu diario vivir. Hebreos 11:1 \u201cAhora bien, tener fe [&hellip;]<\/p>\n","protected":false},"author":3,"featured_media":5227,"comment_status":"open","ping_status":"open","sticky":false,"template":"","format":"standard","meta":[],"categories":[23],"tags":[],"yoast_head":"<!-- This site is optimized with the Yoast SEO plugin v20.8 - https:\/\/yoast.com\/wordpress\/plugins\/seo\/ -->\n<title>Una nota de fe: Lecciones de mi padre - La Prensa Cristiana<\/title>\n<meta name=\"robots\" content=\"index, follow, max-snippet:-1, max-image-preview:large, max-video-preview:-1\" \/>\n<link rel=\"canonical\" href=\"https:\/\/laprensacristiana.com\/?p=6057\" \/>\n<meta property=\"og:locale\" content=\"es_ES\" \/>\n<meta property=\"og:type\" content=\"article\" \/>\n<meta property=\"og:title\" content=\"Una nota de fe: Lecciones de mi padre - La Prensa Cristiana\" \/>\n<meta property=\"og:description\" content=\"Por: Pastor Edgar L\u00f3pez Bertrand Jr\/ Tabern\u00e1culo B\u00edblico Amigos de Israel Central En estos textos b\u00edblicos encontr\u00e9 el favor De Dios en mis momentos m\u00e1s dif\u00edciles, en mi vida diaria; los comparto contigo para motivar tu vida en estos malos momentos que puedas estar atravesando en tu diario vivir. Hebreos 11:1 \u201cAhora bien, tener fe [&hellip;]\" \/>\n<meta property=\"og:url\" content=\"https:\/\/laprensacristiana.com\/?p=6057\" \/>\n<meta property=\"og:site_name\" content=\"La Prensa Cristiana\" \/>\n<meta property=\"article:published_time\" content=\"2019-06-18T17:49:03+00:00\" \/>\n<meta property=\"article:modified_time\" content=\"2019-06-18T17:49:06+00:00\" \/>\n<meta property=\"og:image\" content=\"https:\/\/laprensacristiana.com\/wp-content\/uploads\/2019\/02\/OPINION-PASTOR-TOBY-JR-01-scaled.jpg\" \/>\n\t<meta property=\"og:image:width\" content=\"2560\" \/>\n\t<meta property=\"og:image:height\" content=\"1429\" \/>\n\t<meta property=\"og:image:type\" content=\"image\/jpeg\" \/>\n<meta name=\"author\" content=\"EDITOR\" \/>\n<meta name=\"twitter:card\" content=\"summary_large_image\" \/>\n<meta name=\"twitter:label1\" content=\"Escrito por\" \/>\n\t<meta name=\"twitter:data1\" content=\"EDITOR\" \/>\n\t<meta name=\"twitter:label2\" content=\"Tiempo de lectura\" \/>\n\t<meta name=\"twitter:data2\" content=\"2 minutos\" \/>\n<script type=\"application\/ld+json\" class=\"yoast-schema-graph\">{\"@context\":\"https:\/\/schema.org\",\"@graph\":[{\"@type\":\"WebPage\",\"@id\":\"https:\/\/laprensacristiana.com\/?p=6057\",\"url\":\"https:\/\/laprensacristiana.com\/?p=6057\",\"name\":\"Una nota de fe: Lecciones de mi padre - La Prensa Cristiana\",\"isPartOf\":{\"@id\":\"https:\/\/laprensacristiana.com\/#website\"},\"datePublished\":\"2019-06-18T17:49:03+00:00\",\"dateModified\":\"2019-06-18T17:49:06+00:00\",\"author\":{\"@id\":\"https:\/\/laprensacristiana.com\/#\/schema\/person\/3e7d82c6bfd6b1fa67010f8f7cd5256e\"},\"breadcrumb\":{\"@id\":\"https:\/\/laprensacristiana.com\/?p=6057#breadcrumb\"},\"inLanguage\":\"es\",\"potentialAction\":[{\"@type\":\"ReadAction\",\"target\":[\"https:\/\/laprensacristiana.com\/?p=6057\"]}]},{\"@type\":\"BreadcrumbList\",\"@id\":\"https:\/\/laprensacristiana.com\/?p=6057#breadcrumb\",\"itemListElement\":[{\"@type\":\"ListItem\",\"position\":1,\"name\":\"Portada\",\"item\":\"https:\/\/laprensacristiana.com\/\"},{\"@type\":\"ListItem\",\"position\":2,\"name\":\"Una nota de fe: Lecciones de mi padre\"}]},{\"@type\":\"WebSite\",\"@id\":\"https:\/\/laprensacristiana.com\/#website\",\"url\":\"https:\/\/laprensacristiana.com\/\",\"name\":\"La Prensa Cristiana\",\"description\":\"Anunciando Las Buenas Nuevas\",\"potentialAction\":[{\"@type\":\"SearchAction\",\"target\":{\"@type\":\"EntryPoint\",\"urlTemplate\":\"https:\/\/laprensacristiana.com\/?s={search_term_string}\"},\"query-input\":\"required name=search_term_string\"}],\"inLanguage\":\"es\"},{\"@type\":\"Person\",\"@id\":\"https:\/\/laprensacristiana.com\/#\/schema\/person\/3e7d82c6bfd6b1fa67010f8f7cd5256e\",\"name\":\"EDITOR\",\"image\":{\"@type\":\"ImageObject\",\"inLanguage\":\"es\",\"@id\":\"https:\/\/laprensacristiana.com\/#\/schema\/person\/image\/\",\"url\":\"https:\/\/secure.gravatar.com\/avatar\/72069dfb6c13772d9e8381e3638666d2?s=96&d=mm&r=g\",\"contentUrl\":\"https:\/\/secure.gravatar.com\/avatar\/72069dfb6c13772d9e8381e3638666d2?s=96&d=mm&r=g\",\"caption\":\"EDITOR\"},\"url\":\"https:\/\/laprensacristiana.com\/?author=3\"}]}<\/script>\n<!-- \/ Yoast SEO plugin. -->","yoast_head_json":{"title":"Una nota de fe: Lecciones de mi padre - La Prensa Cristiana","robots":{"index":"index","follow":"follow","max-snippet":"max-snippet:-1","max-image-preview":"max-image-preview:large","max-video-preview":"max-video-preview:-1"},"canonical":"https:\/\/laprensacristiana.com\/?p=6057","og_locale":"es_ES","og_type":"article","og_title":"Una nota de fe: Lecciones de mi padre - La Prensa Cristiana","og_description":"Por: Pastor Edgar L\u00f3pez Bertrand Jr\/ Tabern\u00e1culo B\u00edblico Amigos de Israel Central En estos textos b\u00edblicos encontr\u00e9 el favor De Dios en mis momentos m\u00e1s dif\u00edciles, en mi vida diaria; los comparto contigo para motivar tu vida en estos malos momentos que puedas estar atravesando en tu diario vivir. Hebreos 11:1 \u201cAhora bien, tener fe [&hellip;]","og_url":"https:\/\/laprensacristiana.com\/?p=6057","og_site_name":"La Prensa Cristiana","article_published_time":"2019-06-18T17:49:03+00:00","article_modified_time":"2019-06-18T17:49:06+00:00","og_image":[{"width":2560,"height":1429,"url":"https:\/\/laprensacristiana.com\/wp-content\/uploads\/2019\/02\/OPINION-PASTOR-TOBY-JR-01-scaled.jpg","type":"image\/jpeg"}],"author":"EDITOR","twitter_card":"summary_large_image","twitter_misc":{"Escrito por":"EDITOR","Tiempo de lectura":"2 minutos"},"schema":{"@context":"https:\/\/schema.org","@graph":[{"@type":"WebPage","@id":"https:\/\/laprensacristiana.com\/?p=6057","url":"https:\/\/laprensacristiana.com\/?p=6057","name":"Una nota de fe: Lecciones de mi padre - La Prensa Cristiana","isPartOf":{"@id":"https:\/\/laprensacristiana.com\/#website"},"datePublished":"2019-06-18T17:49:03+00:00","dateModified":"2019-06-18T17:49:06+00:00","author":{"@id":"https:\/\/laprensacristiana.com\/#\/schema\/person\/3e7d82c6bfd6b1fa67010f8f7cd5256e"},"breadcrumb":{"@id":"https:\/\/laprensacristiana.com\/?p=6057#breadcrumb"},"inLanguage":"es","potentialAction":[{"@type":"ReadAction","target":["https:\/\/laprensacristiana.com\/?p=6057"]}]},{"@type":"BreadcrumbList","@id":"https:\/\/laprensacristiana.com\/?p=6057#breadcrumb","itemListElement":[{"@type":"ListItem","position":1,"name":"Portada","item":"https:\/\/laprensacristiana.com\/"},{"@type":"ListItem","position":2,"name":"Una nota de fe: Lecciones de mi padre"}]},{"@type":"WebSite","@id":"https:\/\/laprensacristiana.com\/#website","url":"https:\/\/laprensacristiana.com\/","name":"La Prensa Cristiana","description":"Anunciando Las Buenas Nuevas","potentialAction":[{"@type":"SearchAction","target":{"@type":"EntryPoint","urlTemplate":"https:\/\/laprensacristiana.com\/?s={search_term_string}"},"query-input":"required name=search_term_string"}],"inLanguage":"es"},{"@type":"Person","@id":"https:\/\/laprensacristiana.com\/#\/schema\/person\/3e7d82c6bfd6b1fa67010f8f7cd5256e","name":"EDITOR","image":{"@type":"ImageObject","inLanguage":"es","@id":"https:\/\/laprensacristiana.com\/#\/schema\/person\/image\/","url":"https:\/\/secure.gravatar.com\/avatar\/72069dfb6c13772d9e8381e3638666d2?s=96&d=mm&r=g","contentUrl":"https:\/\/secure.gravatar.com\/avatar\/72069dfb6c13772d9e8381e3638666d2?s=96&d=mm&r=g","caption":"EDITOR"},"url":"https:\/\/laprensacristiana.com\/?author=3"}]}},"_links":{"self":[{"href":"https:\/\/laprensacristiana.com\/index.php?rest_route=\/wp\/v2\/posts\/6057"}],"collection":[{"href":"https:\/\/laprensacristiana.com\/index.php?rest_route=\/wp\/v2\/posts"}],"about":[{"href":"https:\/\/laprensacristiana.com\/index.php?rest_route=\/wp\/v2\/types\/post"}],"author":[{"embeddable":true,"href":"https:\/\/laprensacristiana.com\/index.php?rest_route=\/wp\/v2\/users\/3"}],"replies":[{"embeddable":true,"href":"https:\/\/laprensacristiana.com\/index.php?rest_route=%2Fwp%2Fv2%2Fcomments&post=6057"}],"version-history":[{"count":1,"href":"https:\/\/laprensacristiana.com\/index.php?rest_route=\/wp\/v2\/posts\/6057\/revisions"}],"predecessor-version":[{"id":6058,"href":"https:\/\/laprensacristiana.com\/index.php?rest_route=\/wp\/v2\/posts\/6057\/revisions\/6058"}],"wp:featuredmedia":[{"embeddable":true,"href":"https:\/\/laprensacristiana.com\/index.php?rest_route=\/wp\/v2\/media\/5227"}],"wp:attachment":[{"href":"https:\/\/laprensacristiana.com\/index.php?rest_route=%2Fwp%2Fv2%2Fmedia&parent=6057"}],"wp:term":[{"taxonomy":"category","embeddable":true,"href":"https:\/\/laprensacristiana.com\/index.php?rest_route=%2Fwp%2Fv2%2Fcategories&post=6057"},{"taxonomy":"post_tag","embeddable":true,"href":"https:\/\/laprensacristiana.com\/index.php?rest_route=%2Fwp%2Fv2%2Ftags&post=6057"}],"curies":[{"name":"wp","href":"https:\/\/api.w.org\/{rel}","templated":true}]}}