{"id":6071,"date":"2019-06-24T19:17:02","date_gmt":"2019-06-24T19:17:02","guid":{"rendered":"https:\/\/laprensacristiana.com\/?p=6071"},"modified":"2019-06-24T19:27:21","modified_gmt":"2019-06-24T19:27:21","slug":"reflexiones-sobre-el-crecimiento-de-la-iglesia-evangelica-y-iii","status":"publish","type":"post","link":"https:\/\/laprensacristiana.com\/?p=6071","title":{"rendered":"Reflexiones sobre el crecimiento de la Iglesia evang\u00e9lica (y III)"},"content":{"rendered":"\n<p>La Iglesia evang\u00e9lica tiende a ser m\u00e1s numerosa entre los j\u00f3venes de bajos recursos y que poseen menos acceso a educaci\u00f3n superior, eso de acuerdo con centros de investigaci\u00f3n como el IUDOP, CID Gallup y otros estudios privados. Pero, en la medida en que los a\u00f1os han pasado esa tendencia ha ido en disminuci\u00f3n haciendo a los evang\u00e9licos m\u00e1s similares econ\u00f3mica y acad\u00e9micamente a los cat\u00f3licos. Las iglesias que comenzaron siendo principalmente de campesinos, obreros y subproletariado fueron, poco a poco, alcanzando capas medias y luego altas ubicando sus edificios de culto incluso en las zonas m\u00e1s privilegiadas de las ciudades. A\u00fan con ello, la Iglesia evang\u00e9lica contin\u00faa un paso atr\u00e1s de la Iglesia cat\u00f3lica en el alcance de los sectores m\u00e1s pudientes. <\/p>\n\n\n\n<p>El que los evang\u00e9licos se hayan nutrido en su gran expansi\u00f3n de los a\u00f1os ochenta de sectores marginados y desplazados por la guerra civil, ubic\u00f3 a los edificios de las iglesias en los cinturones de pobreza en donde, mayoritariamente, perviven hasta el d\u00eda de hoy. Alcanzados por la globalizaci\u00f3n de la informaci\u00f3n, se pueden encontrar paradojas producto de la transculturizaci\u00f3n religiosa: ense\u00f1anzas de prosperidad econ\u00f3mica para creyentes desempleados, conferencias matrimoniales para familias separadas por la migraci\u00f3n, \u00e9nfasis en la sujeci\u00f3n de la mujer en entornos de maltrato y abuso, etc. No es lo mismo una iglesia <em>de<\/em>marginados que una iglesia <em>con<\/em>los marginados. Se puede ser un marginado y no obstante no acoger la causa de los marginados. Para ser una iglesia como Jes\u00fas, que acompa\u00f1\u00f3 a las personas en su cotidianeidad sufrida, se requiere el posicionarse frente a la realidad de una manera cristiana consistente. Para ello, los evang\u00e9licos deben elaborar una reflexi\u00f3n teol\u00f3gica que parta de su vivencia diaria. Identificar y desarrollar los lugares teol\u00f3gicos de su entorno: violencia, migraci\u00f3n, ni\u00f1ez, ecolog\u00eda. En estos campos existe ya la importante contribuci\u00f3n de te\u00f3logos latinoamericanos que, lastimosamente, no son muy conocidos por no poseer un mercadeo arrollador que compita con el del primer mundo. <\/p>\n\n\n\n<p> Por ejemplo, en el tema de seguridad los evang\u00e9licos poseen condiciones privilegiadas. Por encontrarse ubicados en las comunidades marginales, por gozar del respeto de las pandillas, por constituir el \u00fanico camino de salida seguro de la pandilla, por su trabajo constante con la ni\u00f1ez y por su excepcional voluntariedad. Pero estos elementos, que se encuentran dispersos, deben ser unidos con el fin de elaborar un esfuerzo consistente de prevenci\u00f3n de la violencia. La experiencia deber\u00eda ser replicada en m\u00e1s comunidades, barrios, pueblos y ciudades para incrementar el impacto. Si eso no se ha hecho es solamente por la falta de una teolog\u00eda encarnada que demuestre que esa tarea es parte de la misi\u00f3n evangelizadora de la iglesia. Mientras los evang\u00e9licos contin\u00faen con sus ense\u00f1anzas escapistas y s\u00faper espiritualizadas, fallar\u00e1n en lo que en verdad significa ser luz y sal en los lugares donde la providencia les coloc\u00f3: los m\u00e1s necesitados de paz. La iglesia puede desarrollar una tarea de reconciliaci\u00f3n importante para sanar las heridas dentro de las comunidades y entre comunidades. Todo eso sin mayor inter\u00e9s que la bienaventuranza de trabajar por la paz a\u00fan cuando suponga riesgos y peligros. Pero, ese es el camino que har\u00e1 a la iglesia m\u00e1s pertinente y m\u00e1s identificada con los mismos con quienes Jes\u00fas se identific\u00f3 mayormente: los marginados y los pobres de siempre. <\/p>\n\n\n\n<figure class=\"wp-block-image\"><img decoding=\"async\" loading=\"lazy\" width=\"1024\" height=\"1024\" src=\"https:\/\/laprensacristiana.com\/wp-content\/uploads\/2019\/06\/PUBLICACI\u00d3N-FB-PROMOCI\u00d3N-MATR\u00cdCULA-ABIERTA-1024x1024.jpg\" alt=\"\" class=\"wp-image-6063\" srcset=\"https:\/\/laprensacristiana.com\/wp-content\/uploads\/2019\/06\/PUBLICACI\u00d3N-FB-PROMOCI\u00d3N-MATR\u00cdCULA-ABIERTA-1024x1024.jpg 1024w, https:\/\/laprensacristiana.com\/wp-content\/uploads\/2019\/06\/PUBLICACI\u00d3N-FB-PROMOCI\u00d3N-MATR\u00cdCULA-ABIERTA-300x300.jpg 300w, https:\/\/laprensacristiana.com\/wp-content\/uploads\/2019\/06\/PUBLICACI\u00d3N-FB-PROMOCI\u00d3N-MATR\u00cdCULA-ABIERTA-100x100.jpg 100w, https:\/\/laprensacristiana.com\/wp-content\/uploads\/2019\/06\/PUBLICACI\u00d3N-FB-PROMOCI\u00d3N-MATR\u00cdCULA-ABIERTA-600x600.jpg 600w, https:\/\/laprensacristiana.com\/wp-content\/uploads\/2019\/06\/PUBLICACI\u00d3N-FB-PROMOCI\u00d3N-MATR\u00cdCULA-ABIERTA-150x150.jpg 150w, https:\/\/laprensacristiana.com\/wp-content\/uploads\/2019\/06\/PUBLICACI\u00d3N-FB-PROMOCI\u00d3N-MATR\u00cdCULA-ABIERTA-768x768.jpg 768w, https:\/\/laprensacristiana.com\/wp-content\/uploads\/2019\/06\/PUBLICACI\u00d3N-FB-PROMOCI\u00d3N-MATR\u00cdCULA-ABIERTA-696x696.jpg 696w, https:\/\/laprensacristiana.com\/wp-content\/uploads\/2019\/06\/PUBLICACI\u00d3N-FB-PROMOCI\u00d3N-MATR\u00cdCULA-ABIERTA-1068x1068.jpg 1068w, https:\/\/laprensacristiana.com\/wp-content\/uploads\/2019\/06\/PUBLICACI\u00d3N-FB-PROMOCI\u00d3N-MATR\u00cdCULA-ABIERTA-420x420.jpg 420w\" sizes=\"(max-width: 1024px) 100vw, 1024px\" \/><\/figure>\n","protected":false},"excerpt":{"rendered":"<p>La Iglesia evang\u00e9lica tiende a ser m\u00e1s numerosa entre los j\u00f3venes de bajos recursos y que poseen menos acceso a educaci\u00f3n superior, eso de acuerdo con centros de investigaci\u00f3n como el IUDOP, CID Gallup y otros estudios privados. Pero, en la medida en que los a\u00f1os han pasado esa tendencia ha ido en disminuci\u00f3n haciendo [&hellip;]<\/p>\n","protected":false},"author":3,"featured_media":6072,"comment_status":"open","ping_status":"open","sticky":false,"template":"","format":"standard","meta":[],"categories":[23],"tags":[],"yoast_head":"<!-- This site is optimized with the Yoast SEO plugin v20.8 - https:\/\/yoast.com\/wordpress\/plugins\/seo\/ -->\n<title>Reflexiones sobre el crecimiento de la Iglesia evang\u00e9lica (y III) - La Prensa Cristiana<\/title>\n<meta name=\"robots\" content=\"index, follow, max-snippet:-1, max-image-preview:large, max-video-preview:-1\" \/>\n<link rel=\"canonical\" href=\"https:\/\/laprensacristiana.com\/?p=6071\" \/>\n<meta property=\"og:locale\" content=\"es_ES\" \/>\n<meta property=\"og:type\" content=\"article\" \/>\n<meta property=\"og:title\" content=\"Reflexiones sobre el crecimiento de la Iglesia evang\u00e9lica (y III) - La Prensa Cristiana\" \/>\n<meta property=\"og:description\" content=\"La Iglesia evang\u00e9lica tiende a ser m\u00e1s numerosa entre los j\u00f3venes de bajos recursos y que poseen menos acceso a educaci\u00f3n superior, eso de acuerdo con centros de investigaci\u00f3n como el IUDOP, CID Gallup y otros estudios privados. Pero, en la medida en que los a\u00f1os han pasado esa tendencia ha ido en disminuci\u00f3n haciendo [&hellip;]\" \/>\n<meta property=\"og:url\" content=\"https:\/\/laprensacristiana.com\/?p=6071\" \/>\n<meta property=\"og:site_name\" content=\"La Prensa Cristiana\" \/>\n<meta property=\"article:published_time\" content=\"2019-06-24T19:17:02+00:00\" \/>\n<meta property=\"article:modified_time\" content=\"2019-06-24T19:27:21+00:00\" \/>\n<meta property=\"og:image\" content=\"https:\/\/laprensacristiana.com\/wp-content\/uploads\/2019\/06\/OPINION-01-scaled.jpg\" \/>\n\t<meta property=\"og:image:width\" content=\"2560\" \/>\n\t<meta property=\"og:image:height\" content=\"1429\" \/>\n\t<meta property=\"og:image:type\" content=\"image\/jpeg\" \/>\n<meta name=\"author\" content=\"EDITOR\" \/>\n<meta name=\"twitter:card\" content=\"summary_large_image\" \/>\n<meta name=\"twitter:label1\" content=\"Escrito por\" \/>\n\t<meta name=\"twitter:data1\" content=\"EDITOR\" \/>\n\t<meta name=\"twitter:label2\" content=\"Tiempo de lectura\" \/>\n\t<meta name=\"twitter:data2\" content=\"3 minutos\" \/>\n<script type=\"application\/ld+json\" class=\"yoast-schema-graph\">{\"@context\":\"https:\/\/schema.org\",\"@graph\":[{\"@type\":\"WebPage\",\"@id\":\"https:\/\/laprensacristiana.com\/?p=6071\",\"url\":\"https:\/\/laprensacristiana.com\/?p=6071\",\"name\":\"Reflexiones sobre el crecimiento de la Iglesia evang\u00e9lica (y III) - La Prensa Cristiana\",\"isPartOf\":{\"@id\":\"https:\/\/laprensacristiana.com\/#website\"},\"datePublished\":\"2019-06-24T19:17:02+00:00\",\"dateModified\":\"2019-06-24T19:27:21+00:00\",\"author\":{\"@id\":\"https:\/\/laprensacristiana.com\/#\/schema\/person\/3e7d82c6bfd6b1fa67010f8f7cd5256e\"},\"breadcrumb\":{\"@id\":\"https:\/\/laprensacristiana.com\/?p=6071#breadcrumb\"},\"inLanguage\":\"es\",\"potentialAction\":[{\"@type\":\"ReadAction\",\"target\":[\"https:\/\/laprensacristiana.com\/?p=6071\"]}]},{\"@type\":\"BreadcrumbList\",\"@id\":\"https:\/\/laprensacristiana.com\/?p=6071#breadcrumb\",\"itemListElement\":[{\"@type\":\"ListItem\",\"position\":1,\"name\":\"Portada\",\"item\":\"https:\/\/laprensacristiana.com\/\"},{\"@type\":\"ListItem\",\"position\":2,\"name\":\"Reflexiones sobre el crecimiento de la Iglesia evang\u00e9lica (y III)\"}]},{\"@type\":\"WebSite\",\"@id\":\"https:\/\/laprensacristiana.com\/#website\",\"url\":\"https:\/\/laprensacristiana.com\/\",\"name\":\"La Prensa Cristiana\",\"description\":\"Anunciando Las Buenas Nuevas\",\"potentialAction\":[{\"@type\":\"SearchAction\",\"target\":{\"@type\":\"EntryPoint\",\"urlTemplate\":\"https:\/\/laprensacristiana.com\/?s={search_term_string}\"},\"query-input\":\"required name=search_term_string\"}],\"inLanguage\":\"es\"},{\"@type\":\"Person\",\"@id\":\"https:\/\/laprensacristiana.com\/#\/schema\/person\/3e7d82c6bfd6b1fa67010f8f7cd5256e\",\"name\":\"EDITOR\",\"image\":{\"@type\":\"ImageObject\",\"inLanguage\":\"es\",\"@id\":\"https:\/\/laprensacristiana.com\/#\/schema\/person\/image\/\",\"url\":\"https:\/\/secure.gravatar.com\/avatar\/72069dfb6c13772d9e8381e3638666d2?s=96&d=mm&r=g\",\"contentUrl\":\"https:\/\/secure.gravatar.com\/avatar\/72069dfb6c13772d9e8381e3638666d2?s=96&d=mm&r=g\",\"caption\":\"EDITOR\"},\"url\":\"https:\/\/laprensacristiana.com\/?author=3\"}]}<\/script>\n<!-- \/ Yoast SEO plugin. -->","yoast_head_json":{"title":"Reflexiones sobre el crecimiento de la Iglesia evang\u00e9lica (y III) - La Prensa Cristiana","robots":{"index":"index","follow":"follow","max-snippet":"max-snippet:-1","max-image-preview":"max-image-preview:large","max-video-preview":"max-video-preview:-1"},"canonical":"https:\/\/laprensacristiana.com\/?p=6071","og_locale":"es_ES","og_type":"article","og_title":"Reflexiones sobre el crecimiento de la Iglesia evang\u00e9lica (y III) - La Prensa Cristiana","og_description":"La Iglesia evang\u00e9lica tiende a ser m\u00e1s numerosa entre los j\u00f3venes de bajos recursos y que poseen menos acceso a educaci\u00f3n superior, eso de acuerdo con centros de investigaci\u00f3n como el IUDOP, CID Gallup y otros estudios privados. Pero, en la medida en que los a\u00f1os han pasado esa tendencia ha ido en disminuci\u00f3n haciendo [&hellip;]","og_url":"https:\/\/laprensacristiana.com\/?p=6071","og_site_name":"La Prensa Cristiana","article_published_time":"2019-06-24T19:17:02+00:00","article_modified_time":"2019-06-24T19:27:21+00:00","og_image":[{"width":2560,"height":1429,"url":"https:\/\/laprensacristiana.com\/wp-content\/uploads\/2019\/06\/OPINION-01-scaled.jpg","type":"image\/jpeg"}],"author":"EDITOR","twitter_card":"summary_large_image","twitter_misc":{"Escrito por":"EDITOR","Tiempo de lectura":"3 minutos"},"schema":{"@context":"https:\/\/schema.org","@graph":[{"@type":"WebPage","@id":"https:\/\/laprensacristiana.com\/?p=6071","url":"https:\/\/laprensacristiana.com\/?p=6071","name":"Reflexiones sobre el crecimiento de la Iglesia evang\u00e9lica (y III) - La Prensa Cristiana","isPartOf":{"@id":"https:\/\/laprensacristiana.com\/#website"},"datePublished":"2019-06-24T19:17:02+00:00","dateModified":"2019-06-24T19:27:21+00:00","author":{"@id":"https:\/\/laprensacristiana.com\/#\/schema\/person\/3e7d82c6bfd6b1fa67010f8f7cd5256e"},"breadcrumb":{"@id":"https:\/\/laprensacristiana.com\/?p=6071#breadcrumb"},"inLanguage":"es","potentialAction":[{"@type":"ReadAction","target":["https:\/\/laprensacristiana.com\/?p=6071"]}]},{"@type":"BreadcrumbList","@id":"https:\/\/laprensacristiana.com\/?p=6071#breadcrumb","itemListElement":[{"@type":"ListItem","position":1,"name":"Portada","item":"https:\/\/laprensacristiana.com\/"},{"@type":"ListItem","position":2,"name":"Reflexiones sobre el crecimiento de la Iglesia evang\u00e9lica (y III)"}]},{"@type":"WebSite","@id":"https:\/\/laprensacristiana.com\/#website","url":"https:\/\/laprensacristiana.com\/","name":"La Prensa Cristiana","description":"Anunciando Las Buenas Nuevas","potentialAction":[{"@type":"SearchAction","target":{"@type":"EntryPoint","urlTemplate":"https:\/\/laprensacristiana.com\/?s={search_term_string}"},"query-input":"required name=search_term_string"}],"inLanguage":"es"},{"@type":"Person","@id":"https:\/\/laprensacristiana.com\/#\/schema\/person\/3e7d82c6bfd6b1fa67010f8f7cd5256e","name":"EDITOR","image":{"@type":"ImageObject","inLanguage":"es","@id":"https:\/\/laprensacristiana.com\/#\/schema\/person\/image\/","url":"https:\/\/secure.gravatar.com\/avatar\/72069dfb6c13772d9e8381e3638666d2?s=96&d=mm&r=g","contentUrl":"https:\/\/secure.gravatar.com\/avatar\/72069dfb6c13772d9e8381e3638666d2?s=96&d=mm&r=g","caption":"EDITOR"},"url":"https:\/\/laprensacristiana.com\/?author=3"}]}},"_links":{"self":[{"href":"https:\/\/laprensacristiana.com\/index.php?rest_route=\/wp\/v2\/posts\/6071"}],"collection":[{"href":"https:\/\/laprensacristiana.com\/index.php?rest_route=\/wp\/v2\/posts"}],"about":[{"href":"https:\/\/laprensacristiana.com\/index.php?rest_route=\/wp\/v2\/types\/post"}],"author":[{"embeddable":true,"href":"https:\/\/laprensacristiana.com\/index.php?rest_route=\/wp\/v2\/users\/3"}],"replies":[{"embeddable":true,"href":"https:\/\/laprensacristiana.com\/index.php?rest_route=%2Fwp%2Fv2%2Fcomments&post=6071"}],"version-history":[{"count":3,"href":"https:\/\/laprensacristiana.com\/index.php?rest_route=\/wp\/v2\/posts\/6071\/revisions"}],"predecessor-version":[{"id":6075,"href":"https:\/\/laprensacristiana.com\/index.php?rest_route=\/wp\/v2\/posts\/6071\/revisions\/6075"}],"wp:featuredmedia":[{"embeddable":true,"href":"https:\/\/laprensacristiana.com\/index.php?rest_route=\/wp\/v2\/media\/6072"}],"wp:attachment":[{"href":"https:\/\/laprensacristiana.com\/index.php?rest_route=%2Fwp%2Fv2%2Fmedia&parent=6071"}],"wp:term":[{"taxonomy":"category","embeddable":true,"href":"https:\/\/laprensacristiana.com\/index.php?rest_route=%2Fwp%2Fv2%2Fcategories&post=6071"},{"taxonomy":"post_tag","embeddable":true,"href":"https:\/\/laprensacristiana.com\/index.php?rest_route=%2Fwp%2Fv2%2Ftags&post=6071"}],"curies":[{"name":"wp","href":"https:\/\/api.w.org\/{rel}","templated":true}]}}