{"id":6078,"date":"2019-06-26T00:10:39","date_gmt":"2019-06-26T00:10:39","guid":{"rendered":"https:\/\/laprensacristiana.com\/?p=6078"},"modified":"2019-06-26T00:21:26","modified_gmt":"2019-06-26T00:21:26","slug":"el-dia-malo","status":"publish","type":"post","link":"https:\/\/laprensacristiana.com\/?p=6078","title":{"rendered":"\u00a1El d\u00eda malo!"},"content":{"rendered":"\n<p>Por: Pastor Edgar L\u00f3pez Bertrand Jr. \/ Iglesia Bautista Amigos de Israel Central. <\/p>\n\n\n\n<p>Escucha, Ejecuta, Obedece.<\/p>\n\n\n\n<p>Esta semana fue muy dura para muchos en general, las cosas est\u00e1n muy complicadas por todos lados; Venezolanos muriendo de hambre, Palestinos sufriendo las consecuencias de sus acciones, inmigrantes siendo expulsados de sus hogares sin derecho a apelar dichas desiciones, en fin todo est\u00e1 muy revolucionado en estos d\u00edas del 2019.<\/p>\n\n\n\n<p>En mi pa\u00eds El Salvador no es la excepci\u00f3n, estamos entrando a un nuevo gobierno que estar\u00e1 conformado por personas muy capaces y con muy buenas intenciones para todos; pero la costumbre de siempre ser mal gobernados y permanecer callados nos hace que tengamos muchas dudas.<\/p>\n\n\n\n<p>Muchas personas est\u00e1n desaparecidas y otras fueron asesinadas s\u00f3lo en esta semana en muchos municipios de nuestro pa\u00eds, j\u00f3venes que por las limitantes financieras no pudieron seguir o tan siquiera emprender sus estudios, esto nos ha llevado a la p\u00e9rdida de confianza del sistema pol\u00edtico y financiero de El Salvador en general, una gran mayor\u00eda ya est\u00e1n dejando nuestro pa\u00eds de manera ilegal y se exponen a malos tratos y en ocaciones hasta la misma muerte.<\/p>\n\n\n\n<p>Hoy les recuerdo que como seres humanos debemos estar preparados para el d\u00eda malo, ser\u00e1 necesario dejar de leer la Biblia de manera rom\u00e1ntica y aplicar la correcta herm\u00e9tica para entender que Dios nos advirti\u00f3 que en esta vida tendr\u00edamos tribulaci\u00f3n; debemos entender que fue el quien nos dijo \u201c No temas, yo he vencido al mundo \u201c. Esto nos dice dos cosas: La primera es que Dios puede y pelear\u00e1 por nosotros y la segunda es que tarde o temprano tendremos un acercamiento en el d\u00eda malo.<\/p>\n\n\n\n<p>El d\u00eda malo lo definiremos como el d\u00eda que todo nos sale mal, el d\u00eda que nos corrieron del trabajo, el d\u00eda que nuestros hijos enfermaron, el d\u00eda en que nos robaron el salario, el d\u00eda en que se nos comunic\u00f3 que nuestro familiar est\u00e1 en el valle de sombra o de muerte; Ahora pregunto, \u00bfEst\u00e1s preparado para el d\u00eda malo?, \u00bfTienes un plan de contingencia para este tipo de situaciones?. &nbsp;\u00bfSabes que pasos seguir para salir de esto con vida o exitoso?; Te invito a reflexionar en estos temas.<\/p>\n\n\n\n<p>Estar preparado requiere de anticipaci\u00f3n, o sea no esperes a que llegue el d\u00eda y luego hacer planes; debes anticipar las posibles causas o causales y atender de ante mano, debes tener conocimiento, es necesario que busques ayuda profesional y acciones conforme a todo lo que ellos te sugieran. Dios hoy esta dispuesto, \u00c9l pude ayudarte en el d\u00eda malo, \u00c9l puede guiarte para salir de esta situaci\u00f3n tan incomoda que hoy atraviesas; hoy te ofrece una mano amiga y dispuesta pata ayudar en cualquier situaci\u00f3n.<\/p>\n\n\n\n<p>Primer paso: Permite que \u00c9l pelee tus batallas, Segundo paso: Dale espacio para maniobrar en tu vida, Tercero: Dale tiempo par que puedas conocer su voluntad,&nbsp;Cuarto: Obedece todas las instrucciones que \u00c9l t\u00e9 da a lo largo de la situaci\u00f3n que est\u00e1s viviendo hoy, Quinto: No desampares su ley por dura que esta sea, o sea no hagas conforme a tus caprichos, obedece, ejecuta y espera que Dios ya esta obrando en ti.<\/p>\n\n\n\n<p>Para estar preparado para el d\u00eda malo todo lo que necesitas es confiar plenamente en Dios y ver c\u00f3mo el obra a tu favor.<\/p>\n\n\n\n<p>Escucha, Ejecuta, Obedece.<\/p>\n\n\n\n<figure class=\"wp-block-image\"><img decoding=\"async\" loading=\"lazy\" width=\"1024\" height=\"1024\" src=\"https:\/\/laprensacristiana.com\/wp-content\/uploads\/2019\/06\/PUBLICACI\u00d3N-FB-PROMOCI\u00d3N-MATR\u00cdCULA-ABIERTA-1024x1024.jpg\" alt=\"\" class=\"wp-image-6063\" srcset=\"https:\/\/laprensacristiana.com\/wp-content\/uploads\/2019\/06\/PUBLICACI\u00d3N-FB-PROMOCI\u00d3N-MATR\u00cdCULA-ABIERTA-1024x1024.jpg 1024w, https:\/\/laprensacristiana.com\/wp-content\/uploads\/2019\/06\/PUBLICACI\u00d3N-FB-PROMOCI\u00d3N-MATR\u00cdCULA-ABIERTA-300x300.jpg 300w, https:\/\/laprensacristiana.com\/wp-content\/uploads\/2019\/06\/PUBLICACI\u00d3N-FB-PROMOCI\u00d3N-MATR\u00cdCULA-ABIERTA-100x100.jpg 100w, https:\/\/laprensacristiana.com\/wp-content\/uploads\/2019\/06\/PUBLICACI\u00d3N-FB-PROMOCI\u00d3N-MATR\u00cdCULA-ABIERTA-600x600.jpg 600w, https:\/\/laprensacristiana.com\/wp-content\/uploads\/2019\/06\/PUBLICACI\u00d3N-FB-PROMOCI\u00d3N-MATR\u00cdCULA-ABIERTA-150x150.jpg 150w, https:\/\/laprensacristiana.com\/wp-content\/uploads\/2019\/06\/PUBLICACI\u00d3N-FB-PROMOCI\u00d3N-MATR\u00cdCULA-ABIERTA-768x768.jpg 768w, https:\/\/laprensacristiana.com\/wp-content\/uploads\/2019\/06\/PUBLICACI\u00d3N-FB-PROMOCI\u00d3N-MATR\u00cdCULA-ABIERTA-696x696.jpg 696w, https:\/\/laprensacristiana.com\/wp-content\/uploads\/2019\/06\/PUBLICACI\u00d3N-FB-PROMOCI\u00d3N-MATR\u00cdCULA-ABIERTA-1068x1068.jpg 1068w, https:\/\/laprensacristiana.com\/wp-content\/uploads\/2019\/06\/PUBLICACI\u00d3N-FB-PROMOCI\u00d3N-MATR\u00cdCULA-ABIERTA-420x420.jpg 420w\" sizes=\"(max-width: 1024px) 100vw, 1024px\" \/><\/figure>\n","protected":false},"excerpt":{"rendered":"<p>Por: Pastor Edgar L\u00f3pez Bertrand Jr. \/ Iglesia Bautista Amigos de Israel Central. Escucha, Ejecuta, Obedece. Esta semana fue muy dura para muchos en general, las cosas est\u00e1n muy complicadas por todos lados; Venezolanos muriendo de hambre, Palestinos sufriendo las consecuencias de sus acciones, inmigrantes siendo expulsados de sus hogares sin derecho a apelar dichas [&hellip;]<\/p>\n","protected":false},"author":3,"featured_media":6079,"comment_status":"open","ping_status":"open","sticky":false,"template":"","format":"standard","meta":[],"categories":[23],"tags":[],"yoast_head":"<!-- This site is optimized with the Yoast SEO plugin v20.8 - https:\/\/yoast.com\/wordpress\/plugins\/seo\/ -->\n<title>\u00a1El d\u00eda malo! - La Prensa Cristiana<\/title>\n<meta name=\"robots\" content=\"index, follow, max-snippet:-1, max-image-preview:large, max-video-preview:-1\" \/>\n<link rel=\"canonical\" href=\"https:\/\/laprensacristiana.com\/?p=6078\" \/>\n<meta property=\"og:locale\" content=\"es_ES\" \/>\n<meta property=\"og:type\" content=\"article\" \/>\n<meta property=\"og:title\" content=\"\u00a1El d\u00eda malo! - La Prensa Cristiana\" \/>\n<meta property=\"og:description\" content=\"Por: Pastor Edgar L\u00f3pez Bertrand Jr. \/ Iglesia Bautista Amigos de Israel Central. Escucha, Ejecuta, Obedece. Esta semana fue muy dura para muchos en general, las cosas est\u00e1n muy complicadas por todos lados; Venezolanos muriendo de hambre, Palestinos sufriendo las consecuencias de sus acciones, inmigrantes siendo expulsados de sus hogares sin derecho a apelar dichas [&hellip;]\" \/>\n<meta property=\"og:url\" content=\"https:\/\/laprensacristiana.com\/?p=6078\" \/>\n<meta property=\"og:site_name\" content=\"La Prensa Cristiana\" \/>\n<meta property=\"article:published_time\" content=\"2019-06-26T00:10:39+00:00\" \/>\n<meta property=\"article:modified_time\" content=\"2019-06-26T00:21:26+00:00\" \/>\n<meta property=\"og:image\" content=\"https:\/\/laprensacristiana.com\/wp-content\/uploads\/2019\/06\/OPINION-PASTOR-TOBY-JR-01-scaled.jpg\" \/>\n\t<meta property=\"og:image:width\" content=\"2560\" \/>\n\t<meta property=\"og:image:height\" content=\"1429\" \/>\n\t<meta property=\"og:image:type\" content=\"image\/jpeg\" \/>\n<meta name=\"author\" content=\"EDITOR\" \/>\n<meta name=\"twitter:card\" content=\"summary_large_image\" \/>\n<meta name=\"twitter:label1\" content=\"Escrito por\" \/>\n\t<meta name=\"twitter:data1\" content=\"EDITOR\" \/>\n\t<meta name=\"twitter:label2\" content=\"Tiempo de lectura\" \/>\n\t<meta name=\"twitter:data2\" content=\"3 minutos\" \/>\n<script type=\"application\/ld+json\" class=\"yoast-schema-graph\">{\"@context\":\"https:\/\/schema.org\",\"@graph\":[{\"@type\":\"WebPage\",\"@id\":\"https:\/\/laprensacristiana.com\/?p=6078\",\"url\":\"https:\/\/laprensacristiana.com\/?p=6078\",\"name\":\"\u00a1El d\u00eda malo! - La Prensa Cristiana\",\"isPartOf\":{\"@id\":\"https:\/\/laprensacristiana.com\/#website\"},\"datePublished\":\"2019-06-26T00:10:39+00:00\",\"dateModified\":\"2019-06-26T00:21:26+00:00\",\"author\":{\"@id\":\"https:\/\/laprensacristiana.com\/#\/schema\/person\/3e7d82c6bfd6b1fa67010f8f7cd5256e\"},\"breadcrumb\":{\"@id\":\"https:\/\/laprensacristiana.com\/?p=6078#breadcrumb\"},\"inLanguage\":\"es\",\"potentialAction\":[{\"@type\":\"ReadAction\",\"target\":[\"https:\/\/laprensacristiana.com\/?p=6078\"]}]},{\"@type\":\"BreadcrumbList\",\"@id\":\"https:\/\/laprensacristiana.com\/?p=6078#breadcrumb\",\"itemListElement\":[{\"@type\":\"ListItem\",\"position\":1,\"name\":\"Portada\",\"item\":\"https:\/\/laprensacristiana.com\/\"},{\"@type\":\"ListItem\",\"position\":2,\"name\":\"\u00a1El d\u00eda malo!\"}]},{\"@type\":\"WebSite\",\"@id\":\"https:\/\/laprensacristiana.com\/#website\",\"url\":\"https:\/\/laprensacristiana.com\/\",\"name\":\"La Prensa Cristiana\",\"description\":\"Anunciando Las Buenas Nuevas\",\"potentialAction\":[{\"@type\":\"SearchAction\",\"target\":{\"@type\":\"EntryPoint\",\"urlTemplate\":\"https:\/\/laprensacristiana.com\/?s={search_term_string}\"},\"query-input\":\"required name=search_term_string\"}],\"inLanguage\":\"es\"},{\"@type\":\"Person\",\"@id\":\"https:\/\/laprensacristiana.com\/#\/schema\/person\/3e7d82c6bfd6b1fa67010f8f7cd5256e\",\"name\":\"EDITOR\",\"image\":{\"@type\":\"ImageObject\",\"inLanguage\":\"es\",\"@id\":\"https:\/\/laprensacristiana.com\/#\/schema\/person\/image\/\",\"url\":\"https:\/\/secure.gravatar.com\/avatar\/72069dfb6c13772d9e8381e3638666d2?s=96&d=mm&r=g\",\"contentUrl\":\"https:\/\/secure.gravatar.com\/avatar\/72069dfb6c13772d9e8381e3638666d2?s=96&d=mm&r=g\",\"caption\":\"EDITOR\"},\"url\":\"https:\/\/laprensacristiana.com\/?author=3\"}]}<\/script>\n<!-- \/ Yoast SEO plugin. -->","yoast_head_json":{"title":"\u00a1El d\u00eda malo! - La Prensa Cristiana","robots":{"index":"index","follow":"follow","max-snippet":"max-snippet:-1","max-image-preview":"max-image-preview:large","max-video-preview":"max-video-preview:-1"},"canonical":"https:\/\/laprensacristiana.com\/?p=6078","og_locale":"es_ES","og_type":"article","og_title":"\u00a1El d\u00eda malo! - La Prensa Cristiana","og_description":"Por: Pastor Edgar L\u00f3pez Bertrand Jr. \/ Iglesia Bautista Amigos de Israel Central. Escucha, Ejecuta, Obedece. Esta semana fue muy dura para muchos en general, las cosas est\u00e1n muy complicadas por todos lados; Venezolanos muriendo de hambre, Palestinos sufriendo las consecuencias de sus acciones, inmigrantes siendo expulsados de sus hogares sin derecho a apelar dichas [&hellip;]","og_url":"https:\/\/laprensacristiana.com\/?p=6078","og_site_name":"La Prensa Cristiana","article_published_time":"2019-06-26T00:10:39+00:00","article_modified_time":"2019-06-26T00:21:26+00:00","og_image":[{"width":2560,"height":1429,"url":"https:\/\/laprensacristiana.com\/wp-content\/uploads\/2019\/06\/OPINION-PASTOR-TOBY-JR-01-scaled.jpg","type":"image\/jpeg"}],"author":"EDITOR","twitter_card":"summary_large_image","twitter_misc":{"Escrito por":"EDITOR","Tiempo de lectura":"3 minutos"},"schema":{"@context":"https:\/\/schema.org","@graph":[{"@type":"WebPage","@id":"https:\/\/laprensacristiana.com\/?p=6078","url":"https:\/\/laprensacristiana.com\/?p=6078","name":"\u00a1El d\u00eda malo! - La Prensa Cristiana","isPartOf":{"@id":"https:\/\/laprensacristiana.com\/#website"},"datePublished":"2019-06-26T00:10:39+00:00","dateModified":"2019-06-26T00:21:26+00:00","author":{"@id":"https:\/\/laprensacristiana.com\/#\/schema\/person\/3e7d82c6bfd6b1fa67010f8f7cd5256e"},"breadcrumb":{"@id":"https:\/\/laprensacristiana.com\/?p=6078#breadcrumb"},"inLanguage":"es","potentialAction":[{"@type":"ReadAction","target":["https:\/\/laprensacristiana.com\/?p=6078"]}]},{"@type":"BreadcrumbList","@id":"https:\/\/laprensacristiana.com\/?p=6078#breadcrumb","itemListElement":[{"@type":"ListItem","position":1,"name":"Portada","item":"https:\/\/laprensacristiana.com\/"},{"@type":"ListItem","position":2,"name":"\u00a1El d\u00eda malo!"}]},{"@type":"WebSite","@id":"https:\/\/laprensacristiana.com\/#website","url":"https:\/\/laprensacristiana.com\/","name":"La Prensa Cristiana","description":"Anunciando Las Buenas Nuevas","potentialAction":[{"@type":"SearchAction","target":{"@type":"EntryPoint","urlTemplate":"https:\/\/laprensacristiana.com\/?s={search_term_string}"},"query-input":"required name=search_term_string"}],"inLanguage":"es"},{"@type":"Person","@id":"https:\/\/laprensacristiana.com\/#\/schema\/person\/3e7d82c6bfd6b1fa67010f8f7cd5256e","name":"EDITOR","image":{"@type":"ImageObject","inLanguage":"es","@id":"https:\/\/laprensacristiana.com\/#\/schema\/person\/image\/","url":"https:\/\/secure.gravatar.com\/avatar\/72069dfb6c13772d9e8381e3638666d2?s=96&d=mm&r=g","contentUrl":"https:\/\/secure.gravatar.com\/avatar\/72069dfb6c13772d9e8381e3638666d2?s=96&d=mm&r=g","caption":"EDITOR"},"url":"https:\/\/laprensacristiana.com\/?author=3"}]}},"_links":{"self":[{"href":"https:\/\/laprensacristiana.com\/index.php?rest_route=\/wp\/v2\/posts\/6078"}],"collection":[{"href":"https:\/\/laprensacristiana.com\/index.php?rest_route=\/wp\/v2\/posts"}],"about":[{"href":"https:\/\/laprensacristiana.com\/index.php?rest_route=\/wp\/v2\/types\/post"}],"author":[{"embeddable":true,"href":"https:\/\/laprensacristiana.com\/index.php?rest_route=\/wp\/v2\/users\/3"}],"replies":[{"embeddable":true,"href":"https:\/\/laprensacristiana.com\/index.php?rest_route=%2Fwp%2Fv2%2Fcomments&post=6078"}],"version-history":[{"count":2,"href":"https:\/\/laprensacristiana.com\/index.php?rest_route=\/wp\/v2\/posts\/6078\/revisions"}],"predecessor-version":[{"id":6081,"href":"https:\/\/laprensacristiana.com\/index.php?rest_route=\/wp\/v2\/posts\/6078\/revisions\/6081"}],"wp:featuredmedia":[{"embeddable":true,"href":"https:\/\/laprensacristiana.com\/index.php?rest_route=\/wp\/v2\/media\/6079"}],"wp:attachment":[{"href":"https:\/\/laprensacristiana.com\/index.php?rest_route=%2Fwp%2Fv2%2Fmedia&parent=6078"}],"wp:term":[{"taxonomy":"category","embeddable":true,"href":"https:\/\/laprensacristiana.com\/index.php?rest_route=%2Fwp%2Fv2%2Fcategories&post=6078"},{"taxonomy":"post_tag","embeddable":true,"href":"https:\/\/laprensacristiana.com\/index.php?rest_route=%2Fwp%2Fv2%2Ftags&post=6078"}],"curies":[{"name":"wp","href":"https:\/\/api.w.org\/{rel}","templated":true}]}}