{"id":6094,"date":"2019-07-01T14:29:23","date_gmt":"2019-07-01T14:29:23","guid":{"rendered":"https:\/\/laprensacristiana.com\/?p=6094"},"modified":"2019-07-01T14:36:58","modified_gmt":"2019-07-01T14:36:58","slug":"el-silencio-de-oscar-y-valeria","status":"publish","type":"post","link":"https:\/\/laprensacristiana.com\/?p=6094","title":{"rendered":"El silencio de \u00d3scar y Valeria"},"content":{"rendered":"\n<p>Pastor Mario Vega \/ Misi\u00f3n Cristiana Elim <\/p>\n\n\n\n<p>No dicen nada, no hay palabra alguna. El padre en su intento desesperado de sostener y proteger a su peque\u00f1a hija; ella, aferrada con infantil fuerza al cuello de su padre, segura de su amor y resguardo. Unidos en un solo abrazo, en una sola muerte. No necesitan articular palabras, su sacrificio habla alto y fuerte. Perturba a los que s\u00ed guardan silencio o evaden su cuota de responsabilidad. Condenan el silencio obsecuente que se instala bochornosamente en los espacios de incidencia. Condenan rotundamente a los que convierten la tragedia humana en recurso electoral. Condenan el oportunismo que pretende salir ganancioso de una derrota moral profunda que desnuda el car\u00e1cter aut\u00e9ntico de quienes desean pasar la p\u00e1gina, limpiar la mesa y evitar aranceles.<\/p>\n\n\n\n<p>Un abrazo perpetuo que habla en nombre de\naquella persona que muere cada d\u00eda siguiendo la esperanza. Que habla por la\notra persona que cada mes muere en las mismas aguas. Que habla en nombre de los\nque con sus cuerpos sembraron los desiertos, los caminos, la l\u00ednea f\u00e9rrea, los\nlupanares, las cantinas de mala muerte, los campos de concentraci\u00f3n de la\nprimera democracia mundial. Ellos no tienen tiempo para esperar. Ya no abrigan\nesperanzas ni creen en promesas. Su calvario es ahora y saben que deben andar\npor los caminos, por los desiertos, por los r\u00edos. Aunque les prolonguen la\nmarcha, empuj\u00e1ndolos a caminos m\u00e1s largos, m\u00e1s sacrificados, m\u00e1s peligrosos.\nPero la carest\u00eda y las amenazas son tan fuertes que no dejar\u00e1n de caminar. Las\ntragedias se multiplicar\u00e1n y habr\u00e1 otros que con los ojos cerrados continuar\u00e1n\nhablando fuerte. Continuar\u00e1n peregrinando por una oportunidad de trabajo. Eso\nes todo, trabajo. Al otro lado del r\u00edo, donde nadie regala nada. Donde habr\u00e1\nnuevos desprecios y amenazas. Pero trabajo, al fin. <\/p>\n\n\n\n<figure class=\"wp-block-image\"><img decoding=\"async\" loading=\"lazy\" width=\"720\" height=\"405\" src=\"https:\/\/laprensacristiana.com\/wp-content\/uploads\/2019\/07\/WhatsApp-Image-2019-06-06-at-1.44.13-PM.jpeg\" alt=\"\" class=\"wp-image-6095\" srcset=\"https:\/\/laprensacristiana.com\/wp-content\/uploads\/2019\/07\/WhatsApp-Image-2019-06-06-at-1.44.13-PM.jpeg 720w, https:\/\/laprensacristiana.com\/wp-content\/uploads\/2019\/07\/WhatsApp-Image-2019-06-06-at-1.44.13-PM-600x338.jpeg 600w, https:\/\/laprensacristiana.com\/wp-content\/uploads\/2019\/07\/WhatsApp-Image-2019-06-06-at-1.44.13-PM-300x169.jpeg 300w, https:\/\/laprensacristiana.com\/wp-content\/uploads\/2019\/07\/WhatsApp-Image-2019-06-06-at-1.44.13-PM-696x392.jpeg 696w\" sizes=\"(max-width: 720px) 100vw, 720px\" \/><\/figure>\n\n\n\n<p>En su \u00faltimo abrazo desesperado, en su\ngesto de amor perpetuo, trasluce su fe en el Cristo que est\u00e1 con ellos, con el\npueblo crucificado, con aquellos que le ponen rostro al 75% del presupuesto\nnacional, al 18% del PIB, al 40% de los salvadore\u00f1os que aguardan su\noportunidad para largarse por el camino del G\u00f3lgota, esperando resucitar a la\nesperanza, al trabajo digno, a la vivienda y a la salud humanas. Saben que la\nmuerte es una posibilidad del camino, pero en casa es una certeza. No desean\nmarcharse, tampoco separarse. Por eso mam\u00e1 espera, observa, se alarma, entra en\np\u00e1nico, grita, desespera, se parte de dolor. Impotencia, impotencia desoladora,\nabrumadora. Pero nada rompe el amor, la unidad, el abrazo. Ni siquiera las\naguas de la muerte. Y all\u00ed, en su gesto de amor y de fe nos hablan a todos. Sin\nque medie una palabra, un sonido. Su abrazo interminable nos interpela a todos,\nnos desaf\u00eda, nos sacude y nos cuestiona sobre nuestra postura, nuestra voz,\nnuestra palabra. No quieren nuestra l\u00e1stima, tampoco nuestro lamento. Quieren\nnuestras manos, nuestra fuerza, nuestra indignaci\u00f3n. Por aquellos que aguardan\nenjaulados, por los que planean probar la corriente del r\u00edo, por los que entran\nal desierto, por los que huyen de los carteles, por los que se esconden de la Guardia\nen las orillas del Suchiate, por los ni\u00f1os, por las mujeres, por el bono\ndemogr\u00e1fico que gota a gota se filtra por las fronteras. Con el grito del\nsilencio y con la fuerza de sus espaldas expuestas al amanecer nos preguntan:\n\u00bfQu\u00e9 har\u00e1s t\u00fa por este pueblo sufriente?<\/p>\n","protected":false},"excerpt":{"rendered":"<p>Pastor Mario Vega \/ Misi\u00f3n Cristiana Elim No dicen nada, no hay palabra alguna. El padre en su intento desesperado de sostener y proteger a su peque\u00f1a hija; ella, aferrada con infantil fuerza al cuello de su padre, segura de su amor y resguardo. Unidos en un solo abrazo, en una sola muerte. No necesitan [&hellip;]<\/p>\n","protected":false},"author":3,"featured_media":4600,"comment_status":"open","ping_status":"open","sticky":false,"template":"","format":"standard","meta":[],"categories":[23],"tags":[],"yoast_head":"<!-- This site is optimized with the Yoast SEO plugin v20.8 - https:\/\/yoast.com\/wordpress\/plugins\/seo\/ -->\n<title>El silencio de \u00d3scar y Valeria - La Prensa Cristiana<\/title>\n<meta name=\"robots\" content=\"index, follow, max-snippet:-1, max-image-preview:large, max-video-preview:-1\" \/>\n<link rel=\"canonical\" href=\"https:\/\/laprensacristiana.com\/?p=6094\" \/>\n<meta property=\"og:locale\" content=\"es_ES\" \/>\n<meta property=\"og:type\" content=\"article\" \/>\n<meta property=\"og:title\" content=\"El silencio de \u00d3scar y Valeria - La Prensa Cristiana\" \/>\n<meta property=\"og:description\" content=\"Pastor Mario Vega \/ Misi\u00f3n Cristiana Elim No dicen nada, no hay palabra alguna. El padre en su intento desesperado de sostener y proteger a su peque\u00f1a hija; ella, aferrada con infantil fuerza al cuello de su padre, segura de su amor y resguardo. Unidos en un solo abrazo, en una sola muerte. No necesitan [&hellip;]\" \/>\n<meta property=\"og:url\" content=\"https:\/\/laprensacristiana.com\/?p=6094\" \/>\n<meta property=\"og:site_name\" content=\"La Prensa Cristiana\" \/>\n<meta property=\"article:published_time\" content=\"2019-07-01T14:29:23+00:00\" \/>\n<meta property=\"article:modified_time\" content=\"2019-07-01T14:36:58+00:00\" \/>\n<meta property=\"og:image\" content=\"https:\/\/laprensacristiana.com\/wp-content\/uploads\/2018\/10\/OPINION-01-scaled.jpg\" \/>\n\t<meta property=\"og:image:width\" content=\"2560\" \/>\n\t<meta property=\"og:image:height\" content=\"1429\" \/>\n\t<meta property=\"og:image:type\" content=\"image\/jpeg\" \/>\n<meta name=\"author\" content=\"EDITOR\" \/>\n<meta name=\"twitter:card\" content=\"summary_large_image\" \/>\n<meta name=\"twitter:label1\" content=\"Escrito por\" \/>\n\t<meta name=\"twitter:data1\" content=\"EDITOR\" \/>\n\t<meta name=\"twitter:label2\" content=\"Tiempo de lectura\" \/>\n\t<meta name=\"twitter:data2\" content=\"3 minutos\" \/>\n<script type=\"application\/ld+json\" class=\"yoast-schema-graph\">{\"@context\":\"https:\/\/schema.org\",\"@graph\":[{\"@type\":\"WebPage\",\"@id\":\"https:\/\/laprensacristiana.com\/?p=6094\",\"url\":\"https:\/\/laprensacristiana.com\/?p=6094\",\"name\":\"El silencio de \u00d3scar y Valeria - La Prensa Cristiana\",\"isPartOf\":{\"@id\":\"https:\/\/laprensacristiana.com\/#website\"},\"datePublished\":\"2019-07-01T14:29:23+00:00\",\"dateModified\":\"2019-07-01T14:36:58+00:00\",\"author\":{\"@id\":\"https:\/\/laprensacristiana.com\/#\/schema\/person\/3e7d82c6bfd6b1fa67010f8f7cd5256e\"},\"breadcrumb\":{\"@id\":\"https:\/\/laprensacristiana.com\/?p=6094#breadcrumb\"},\"inLanguage\":\"es\",\"potentialAction\":[{\"@type\":\"ReadAction\",\"target\":[\"https:\/\/laprensacristiana.com\/?p=6094\"]}]},{\"@type\":\"BreadcrumbList\",\"@id\":\"https:\/\/laprensacristiana.com\/?p=6094#breadcrumb\",\"itemListElement\":[{\"@type\":\"ListItem\",\"position\":1,\"name\":\"Portada\",\"item\":\"https:\/\/laprensacristiana.com\/\"},{\"@type\":\"ListItem\",\"position\":2,\"name\":\"El silencio de \u00d3scar y Valeria\"}]},{\"@type\":\"WebSite\",\"@id\":\"https:\/\/laprensacristiana.com\/#website\",\"url\":\"https:\/\/laprensacristiana.com\/\",\"name\":\"La Prensa Cristiana\",\"description\":\"Anunciando Las Buenas Nuevas\",\"potentialAction\":[{\"@type\":\"SearchAction\",\"target\":{\"@type\":\"EntryPoint\",\"urlTemplate\":\"https:\/\/laprensacristiana.com\/?s={search_term_string}\"},\"query-input\":\"required name=search_term_string\"}],\"inLanguage\":\"es\"},{\"@type\":\"Person\",\"@id\":\"https:\/\/laprensacristiana.com\/#\/schema\/person\/3e7d82c6bfd6b1fa67010f8f7cd5256e\",\"name\":\"EDITOR\",\"image\":{\"@type\":\"ImageObject\",\"inLanguage\":\"es\",\"@id\":\"https:\/\/laprensacristiana.com\/#\/schema\/person\/image\/\",\"url\":\"https:\/\/secure.gravatar.com\/avatar\/72069dfb6c13772d9e8381e3638666d2?s=96&d=mm&r=g\",\"contentUrl\":\"https:\/\/secure.gravatar.com\/avatar\/72069dfb6c13772d9e8381e3638666d2?s=96&d=mm&r=g\",\"caption\":\"EDITOR\"},\"url\":\"https:\/\/laprensacristiana.com\/?author=3\"}]}<\/script>\n<!-- \/ Yoast SEO plugin. -->","yoast_head_json":{"title":"El silencio de \u00d3scar y Valeria - La Prensa Cristiana","robots":{"index":"index","follow":"follow","max-snippet":"max-snippet:-1","max-image-preview":"max-image-preview:large","max-video-preview":"max-video-preview:-1"},"canonical":"https:\/\/laprensacristiana.com\/?p=6094","og_locale":"es_ES","og_type":"article","og_title":"El silencio de \u00d3scar y Valeria - La Prensa Cristiana","og_description":"Pastor Mario Vega \/ Misi\u00f3n Cristiana Elim No dicen nada, no hay palabra alguna. El padre en su intento desesperado de sostener y proteger a su peque\u00f1a hija; ella, aferrada con infantil fuerza al cuello de su padre, segura de su amor y resguardo. Unidos en un solo abrazo, en una sola muerte. No necesitan [&hellip;]","og_url":"https:\/\/laprensacristiana.com\/?p=6094","og_site_name":"La Prensa Cristiana","article_published_time":"2019-07-01T14:29:23+00:00","article_modified_time":"2019-07-01T14:36:58+00:00","og_image":[{"width":2560,"height":1429,"url":"https:\/\/laprensacristiana.com\/wp-content\/uploads\/2018\/10\/OPINION-01-scaled.jpg","type":"image\/jpeg"}],"author":"EDITOR","twitter_card":"summary_large_image","twitter_misc":{"Escrito por":"EDITOR","Tiempo de lectura":"3 minutos"},"schema":{"@context":"https:\/\/schema.org","@graph":[{"@type":"WebPage","@id":"https:\/\/laprensacristiana.com\/?p=6094","url":"https:\/\/laprensacristiana.com\/?p=6094","name":"El silencio de \u00d3scar y Valeria - La Prensa Cristiana","isPartOf":{"@id":"https:\/\/laprensacristiana.com\/#website"},"datePublished":"2019-07-01T14:29:23+00:00","dateModified":"2019-07-01T14:36:58+00:00","author":{"@id":"https:\/\/laprensacristiana.com\/#\/schema\/person\/3e7d82c6bfd6b1fa67010f8f7cd5256e"},"breadcrumb":{"@id":"https:\/\/laprensacristiana.com\/?p=6094#breadcrumb"},"inLanguage":"es","potentialAction":[{"@type":"ReadAction","target":["https:\/\/laprensacristiana.com\/?p=6094"]}]},{"@type":"BreadcrumbList","@id":"https:\/\/laprensacristiana.com\/?p=6094#breadcrumb","itemListElement":[{"@type":"ListItem","position":1,"name":"Portada","item":"https:\/\/laprensacristiana.com\/"},{"@type":"ListItem","position":2,"name":"El silencio de \u00d3scar y Valeria"}]},{"@type":"WebSite","@id":"https:\/\/laprensacristiana.com\/#website","url":"https:\/\/laprensacristiana.com\/","name":"La Prensa Cristiana","description":"Anunciando Las Buenas Nuevas","potentialAction":[{"@type":"SearchAction","target":{"@type":"EntryPoint","urlTemplate":"https:\/\/laprensacristiana.com\/?s={search_term_string}"},"query-input":"required name=search_term_string"}],"inLanguage":"es"},{"@type":"Person","@id":"https:\/\/laprensacristiana.com\/#\/schema\/person\/3e7d82c6bfd6b1fa67010f8f7cd5256e","name":"EDITOR","image":{"@type":"ImageObject","inLanguage":"es","@id":"https:\/\/laprensacristiana.com\/#\/schema\/person\/image\/","url":"https:\/\/secure.gravatar.com\/avatar\/72069dfb6c13772d9e8381e3638666d2?s=96&d=mm&r=g","contentUrl":"https:\/\/secure.gravatar.com\/avatar\/72069dfb6c13772d9e8381e3638666d2?s=96&d=mm&r=g","caption":"EDITOR"},"url":"https:\/\/laprensacristiana.com\/?author=3"}]}},"_links":{"self":[{"href":"https:\/\/laprensacristiana.com\/index.php?rest_route=\/wp\/v2\/posts\/6094"}],"collection":[{"href":"https:\/\/laprensacristiana.com\/index.php?rest_route=\/wp\/v2\/posts"}],"about":[{"href":"https:\/\/laprensacristiana.com\/index.php?rest_route=\/wp\/v2\/types\/post"}],"author":[{"embeddable":true,"href":"https:\/\/laprensacristiana.com\/index.php?rest_route=\/wp\/v2\/users\/3"}],"replies":[{"embeddable":true,"href":"https:\/\/laprensacristiana.com\/index.php?rest_route=%2Fwp%2Fv2%2Fcomments&post=6094"}],"version-history":[{"count":2,"href":"https:\/\/laprensacristiana.com\/index.php?rest_route=\/wp\/v2\/posts\/6094\/revisions"}],"predecessor-version":[{"id":6097,"href":"https:\/\/laprensacristiana.com\/index.php?rest_route=\/wp\/v2\/posts\/6094\/revisions\/6097"}],"wp:featuredmedia":[{"embeddable":true,"href":"https:\/\/laprensacristiana.com\/index.php?rest_route=\/wp\/v2\/media\/4600"}],"wp:attachment":[{"href":"https:\/\/laprensacristiana.com\/index.php?rest_route=%2Fwp%2Fv2%2Fmedia&parent=6094"}],"wp:term":[{"taxonomy":"category","embeddable":true,"href":"https:\/\/laprensacristiana.com\/index.php?rest_route=%2Fwp%2Fv2%2Fcategories&post=6094"},{"taxonomy":"post_tag","embeddable":true,"href":"https:\/\/laprensacristiana.com\/index.php?rest_route=%2Fwp%2Fv2%2Ftags&post=6094"}],"curies":[{"name":"wp","href":"https:\/\/api.w.org\/{rel}","templated":true}]}}