{"id":6103,"date":"2019-07-02T12:03:28","date_gmt":"2019-07-02T12:03:28","guid":{"rendered":"https:\/\/laprensacristiana.com\/?p=6103"},"modified":"2019-07-02T12:03:30","modified_gmt":"2019-07-02T12:03:30","slug":"las-manos-de-dios","status":"publish","type":"post","link":"https:\/\/laprensacristiana.com\/?p=6103","title":{"rendered":"Las manos de Dios"},"content":{"rendered":"\n<p>Cuando veo las secuelas que deja una guerra absurda, cuerpos sin vida, madres que han sido despojadas de sus hijos o hijos que se han quedado sin padres, ni\u00f1os sufriendo las terribles consecuencias de una guerra sin sentido, gente sufriendo por hambre y al fondo se ve el campo sin arar, las herramientas de labranza olvidados, la tierra quebrada y abandonada, al igual que las esperanzas de nuestros hermanos que sufren y al mirar sus &nbsp;lagrimas, mis l\u00e1grimas se unen al dolor, a la baja estima, a la tristeza, a los odios, a el inconformismo, TAN S\u00d3LO de pensar que yo estuviese pasando lo mismo, pienso en mis hijos y las manos se me crispan de impotencia, en mi inconsciencia de tener una respuesta a un porque siempre me preguntaba:- \u00bfY D\u00f3nde est\u00e1n las manos de Dios?.<\/p>\n\n\n\n<p>Y cuando el terror me sacude al ver que la injusticia, la corrupci\u00f3n, la prepotencia, la crueldad se ha encondado en lo m\u00e1s profundo de lo que antes sol\u00eda SER un ser humano y que ahora se enriquece de su misma especie, tal vez m\u00e1s ignorante o m\u00e1s pobre, trabajador por querer salir adelante ya sea obrero o campesino carente de recursoso no, para defender sus derechos, al que le han quitado su libertad, las ganas de salir a la calle sin temor a ser asaltado, privado, secuestrado o asesinado&nbsp;pero a final de cuentas sigue siendo HERMANO, y veo que en sus rostros ya sin alma, no existe en ellos la misericordia, siempre me hacia la misma pregunta:&nbsp;-\u00bfY D\u00f3nde est\u00e1n las manos de Dios?.<\/p>\n\n\n\n<figure class=\"wp-block-image\"><img decoding=\"async\" loading=\"lazy\" width=\"720\" height=\"405\" src=\"https:\/\/laprensacristiana.com\/wp-content\/uploads\/2019\/07\/WhatsApp-Image-2019-06-06-at-1.44.13-PM.jpeg\" alt=\"\" class=\"wp-image-6095\" srcset=\"https:\/\/laprensacristiana.com\/wp-content\/uploads\/2019\/07\/WhatsApp-Image-2019-06-06-at-1.44.13-PM.jpeg 720w, https:\/\/laprensacristiana.com\/wp-content\/uploads\/2019\/07\/WhatsApp-Image-2019-06-06-at-1.44.13-PM-600x338.jpeg 600w, https:\/\/laprensacristiana.com\/wp-content\/uploads\/2019\/07\/WhatsApp-Image-2019-06-06-at-1.44.13-PM-300x169.jpeg 300w, https:\/\/laprensacristiana.com\/wp-content\/uploads\/2019\/07\/WhatsApp-Image-2019-06-06-at-1.44.13-PM-696x392.jpeg 696w\" sizes=\"(max-width: 720px) 100vw, 720px\" \/><\/figure>\n\n\n\n<p>Y mirando con ojos de incredulidad a ese joven, antes fuerte y decidido con toda la vida por delante, ahora embrutecido y sin ganas de seguir otro camino m\u00e1s que el de la droga y el alcohol, cuando lo veo caminar hacia mi titubeante sin reconocerme siquera, &nbsp;para pedirme unos cuantos pesos y verlo de cerca as\u00ed de manera amenazante para obligarme a darle lo que pide y por miedo propio le extiendo unas cuantas monedas solo para que el siga en ese vicio maldito, verlo frente a mi de esa manera, &nbsp;me entristece, ver como aquella inteligencia brillante, ahora convertida en &nbsp;harapos, se pierde ahora sin rumbo y sin ning\u00fan destino. La misma pregunta sal\u00eda a relucir:-\u00bfY D\u00f3nde est\u00e1n las manos de Dios?.<\/p>\n\n\n\n<p>Manejando en el coche por calles oscuras y de repente observar de cerca a lo que me parecia que era una mujer y darme cuenta que tan s\u00f3lo es una ni\u00f1a que deber\u00eda estar a esas horas so\u00f1ando con princesas de cuento y castillos de color y la veo en esa esquina comi\u00e9ndose &nbsp;la existencia sin rastros de inocencia y en su rostro reflejado la dura realidad de vivir para salir buscando por sus propios medios la manera de sobrevivir y al no encontrar otra cosa m\u00e1s que lo que el mundo le a dibujado a sus pocos a\u00f1os, decida un buen d\u00eda a pintarse la boca, ce\u00f1irse un vestido y salir a vender su cuerpo. L\u00f3gico que siempre preguntaba lo mismo:-\u00bfY D\u00f3nde est\u00e1n las manos de Dios?.<\/p>\n\n\n\n<p>Mi coraz\u00f3n se rompe cuando veo a ese ni\u00f1o mucho menor que mi hijo y que con ojos suplicantes &nbsp;me ofrece su peri\u00f3dico o un dulce de su cajita de golosinas sin vender y le compro algo y por puro mero amor hacia a \u00e9l, le acarici\u00f3 su mejilla y le sonr\u00edo, su mirada me reclama cuando de \u00e9l me retiro, no puedo evitar voltear hacia atr\u00e1s para mirarlo como queriendo protegerlo m\u00e1s nada puedo hacer por \u00e9l y lo veo sin caminar con la \u00fanica compa\u00f1\u00eda de un perro callejero o verlo&nbsp;dormir en la calle titiritando de fr\u00edo y como cobija, retazos de per\u00f3dico viejo sin vender\u2026 Siempre me hacia la misma pregunta una y otra vez:-\u00bf Y&nbsp;D\u00f3nde est\u00e1n las manos de Dios?.<\/p>\n\n\n\n<p>Un buen dia hastiada, cansada, decepcionada de ver los horrores a mi alrededor, mi impotencia no pudo m\u00e1s y por mera valent\u00eda segun yo&nbsp;me enfrent\u00e9 a \u00e9l y sin pausas ni titubeos le pregunt\u00e9:- \u00bfY D\u00f3nde est\u00e1n tus manos Se\u00f1or? \u00bfPor qu\u00e9 no las usas y &nbsp;luchas por la justicia? \u00bfPor qu\u00e9 no las usas para aliviar el dolor quien sufre y le das &nbsp;una caricia? \u00bfPor qu\u00e9 no las usas para&nbsp;rescatar a la juventud de las drogas? y le das &nbsp;amor y ternura a los olvidados\u2026<\/p>\n\n\n\n<p>No hubo respuesta inmediata a mis preguntas, senti el peso de la desilusi\u00f3n caer sobre mis hombros y ca\u00ed de rodillas como esperando sin saber a ciencia cierta QUE. Y ah\u00ed me qued\u00e9 en absoluto silencio y fue escuch\u00e9 una voz en mi interior, justo aqui dentro de mi coraz\u00f3n dici\u00e9ndome: \u2013 \u00bfNo te has dado cuenta que T\u00da eres mis manos? \u00bfQu\u00e9 tu eres mi instrumentoen esta vida para hacer de este mundo la diferencia ? \u00a1El libre albedr\u00edo corre por tus venas llevandolo a todo tu cuerpo, en ti est\u00e1 el cambio! \u00a1Atr\u00e9vete a usarlas para lo que fueron hechas, para dar amor y alcanzar las estrellas!\u2026..<\/p>\n\n\n\n<p>&nbsp;Qu\u00e9 duro es comprender que las manos de Dios somos T\u00da y YO. Somos nosotros los que poseemos la voluntad, el amor el conocimiento y por ende, &nbsp;al saber usarlo obtenemos como recompensa la SABIDURIA, que nos ense\u00f1a que en nosotros mismos esta el coraje para luchar por un mundo m\u00e1s humano y m\u00e1s justo, y que en nosostros esta la desicion de que podermos ir por aquellos ideales as\u00ed sean los m\u00e1s altos, desafiando el dolor, a la cr\u00edtica,a la blasfemia, inclusive al abandono de nuestros seres mas queridos, de ese modo ret\u00e1ndonos &nbsp;a s\u00ed mismos y viviendo cada d\u00eda con m\u00e1s amor y optimismo, sin tener miedo a lo desconocido y ayudando de cualquier manera al que te necesita, es as\u00ed como te conviertes en las manos de Dios. .<\/p>\n\n\n\n<p>&nbsp;S\u00e9 que mis manos a\u00fan est\u00e1n por llenar, que a\u00fan les faltan por seguir dando lo que deber\u00edan de dar. Es por eso que mi visi\u00f3n a cambiado y mis perspectivas tambien, cada d\u00eda pido perd\u00f3n por el amor que Dios me ha dado y el cual no he sabido compartir. S\u00e9 que mis manos har\u00e1n la diferencia y que &nbsp;las debo usar para amar y conquistar la grandeza de la creaci\u00f3n. El mundo necesita de nuestras manos, manos repletas, &nbsp;llenas, de sue\u00f1os, &nbsp;de ideales y de estrellas.Manos que busquen y que entreguen valores para poder compartir lo que generosamente Dios nos ha obsequiado,&nbsp;para que al final de nuestra vida y frente a nuestro m\u00e1ximo creador, las podamos mostar vac\u00edas, &nbsp;porque entregaron todo el amor en vida, porque para eso fueron creadas\u2026&nbsp;Dios seguramente sonreir\u00e1 porque al final de todo comprendimos que sus manos son nuestras propias manos\u2026.<\/p>\n\n\n\n<p>Fue \u00c9l quien nos ha dado el privilegio de ayudar al que lo necesite, motivar al cansado; desarrollar al de pocas posibilidades. Nosotros podemos ser las manos De Dios para miles de personas hoy mismo, no desperdicies la oportunidad de representar entre los hombres a un Dios que tiene maravillas para los que le aman y aman al pr\u00f3jimo.&nbsp;No esperes a que otra haga cuando tu tienes el potencial y el llamado para hacerlo hoy<\/p>\n\n\n\n<p>\u00a1Nosotros podemos ser las manos De Dios !<\/p>\n\n\n\n<p>Escrito Por:&nbsp;Leti M. Fabi\u00e1n.<\/p>\n\n\n\n<p>Fuente:&nbsp;https:\/\/eldesvandelpoeta.ning.com\/m\/blogpost?id=3044490%3ABlogPost%3A1753443<\/p>\n","protected":false},"excerpt":{"rendered":"<p>Cuando veo las secuelas que deja una guerra absurda, cuerpos sin vida, madres que han sido despojadas de sus hijos o hijos que se han quedado sin padres, ni\u00f1os sufriendo las terribles consecuencias de una guerra sin sentido, gente sufriendo por hambre y al fondo se ve el campo sin arar, las herramientas de labranza [&hellip;]<\/p>\n","protected":false},"author":3,"featured_media":6079,"comment_status":"open","ping_status":"open","sticky":false,"template":"","format":"standard","meta":[],"categories":[23],"tags":[],"yoast_head":"<!-- This site is optimized with the Yoast SEO plugin v20.8 - https:\/\/yoast.com\/wordpress\/plugins\/seo\/ -->\n<title>Las manos de Dios - La Prensa Cristiana<\/title>\n<meta name=\"robots\" content=\"index, follow, max-snippet:-1, max-image-preview:large, max-video-preview:-1\" \/>\n<link rel=\"canonical\" href=\"https:\/\/laprensacristiana.com\/?p=6103\" \/>\n<meta property=\"og:locale\" content=\"es_ES\" \/>\n<meta property=\"og:type\" content=\"article\" \/>\n<meta property=\"og:title\" content=\"Las manos de Dios - La Prensa Cristiana\" \/>\n<meta property=\"og:description\" content=\"Cuando veo las secuelas que deja una guerra absurda, cuerpos sin vida, madres que han sido despojadas de sus hijos o hijos que se han quedado sin padres, ni\u00f1os sufriendo las terribles consecuencias de una guerra sin sentido, gente sufriendo por hambre y al fondo se ve el campo sin arar, las herramientas de labranza [&hellip;]\" \/>\n<meta property=\"og:url\" content=\"https:\/\/laprensacristiana.com\/?p=6103\" \/>\n<meta property=\"og:site_name\" content=\"La Prensa Cristiana\" \/>\n<meta property=\"article:published_time\" content=\"2019-07-02T12:03:28+00:00\" \/>\n<meta property=\"article:modified_time\" content=\"2019-07-02T12:03:30+00:00\" \/>\n<meta property=\"og:image\" content=\"https:\/\/laprensacristiana.com\/wp-content\/uploads\/2019\/06\/OPINION-PASTOR-TOBY-JR-01-scaled.jpg\" \/>\n\t<meta property=\"og:image:width\" content=\"2560\" \/>\n\t<meta property=\"og:image:height\" content=\"1429\" \/>\n\t<meta property=\"og:image:type\" content=\"image\/jpeg\" \/>\n<meta name=\"author\" content=\"EDITOR\" \/>\n<meta name=\"twitter:card\" content=\"summary_large_image\" \/>\n<meta name=\"twitter:label1\" content=\"Escrito por\" \/>\n\t<meta name=\"twitter:data1\" content=\"EDITOR\" \/>\n\t<meta name=\"twitter:label2\" content=\"Tiempo de lectura\" \/>\n\t<meta name=\"twitter:data2\" content=\"7 minutos\" \/>\n<script type=\"application\/ld+json\" class=\"yoast-schema-graph\">{\"@context\":\"https:\/\/schema.org\",\"@graph\":[{\"@type\":\"WebPage\",\"@id\":\"https:\/\/laprensacristiana.com\/?p=6103\",\"url\":\"https:\/\/laprensacristiana.com\/?p=6103\",\"name\":\"Las manos de Dios - La Prensa Cristiana\",\"isPartOf\":{\"@id\":\"https:\/\/laprensacristiana.com\/#website\"},\"datePublished\":\"2019-07-02T12:03:28+00:00\",\"dateModified\":\"2019-07-02T12:03:30+00:00\",\"author\":{\"@id\":\"https:\/\/laprensacristiana.com\/#\/schema\/person\/3e7d82c6bfd6b1fa67010f8f7cd5256e\"},\"breadcrumb\":{\"@id\":\"https:\/\/laprensacristiana.com\/?p=6103#breadcrumb\"},\"inLanguage\":\"es\",\"potentialAction\":[{\"@type\":\"ReadAction\",\"target\":[\"https:\/\/laprensacristiana.com\/?p=6103\"]}]},{\"@type\":\"BreadcrumbList\",\"@id\":\"https:\/\/laprensacristiana.com\/?p=6103#breadcrumb\",\"itemListElement\":[{\"@type\":\"ListItem\",\"position\":1,\"name\":\"Portada\",\"item\":\"https:\/\/laprensacristiana.com\/\"},{\"@type\":\"ListItem\",\"position\":2,\"name\":\"Las manos de Dios\"}]},{\"@type\":\"WebSite\",\"@id\":\"https:\/\/laprensacristiana.com\/#website\",\"url\":\"https:\/\/laprensacristiana.com\/\",\"name\":\"La Prensa Cristiana\",\"description\":\"Anunciando Las Buenas Nuevas\",\"potentialAction\":[{\"@type\":\"SearchAction\",\"target\":{\"@type\":\"EntryPoint\",\"urlTemplate\":\"https:\/\/laprensacristiana.com\/?s={search_term_string}\"},\"query-input\":\"required name=search_term_string\"}],\"inLanguage\":\"es\"},{\"@type\":\"Person\",\"@id\":\"https:\/\/laprensacristiana.com\/#\/schema\/person\/3e7d82c6bfd6b1fa67010f8f7cd5256e\",\"name\":\"EDITOR\",\"image\":{\"@type\":\"ImageObject\",\"inLanguage\":\"es\",\"@id\":\"https:\/\/laprensacristiana.com\/#\/schema\/person\/image\/\",\"url\":\"https:\/\/secure.gravatar.com\/avatar\/72069dfb6c13772d9e8381e3638666d2?s=96&d=mm&r=g\",\"contentUrl\":\"https:\/\/secure.gravatar.com\/avatar\/72069dfb6c13772d9e8381e3638666d2?s=96&d=mm&r=g\",\"caption\":\"EDITOR\"},\"url\":\"https:\/\/laprensacristiana.com\/?author=3\"}]}<\/script>\n<!-- \/ Yoast SEO plugin. -->","yoast_head_json":{"title":"Las manos de Dios - La Prensa Cristiana","robots":{"index":"index","follow":"follow","max-snippet":"max-snippet:-1","max-image-preview":"max-image-preview:large","max-video-preview":"max-video-preview:-1"},"canonical":"https:\/\/laprensacristiana.com\/?p=6103","og_locale":"es_ES","og_type":"article","og_title":"Las manos de Dios - La Prensa Cristiana","og_description":"Cuando veo las secuelas que deja una guerra absurda, cuerpos sin vida, madres que han sido despojadas de sus hijos o hijos que se han quedado sin padres, ni\u00f1os sufriendo las terribles consecuencias de una guerra sin sentido, gente sufriendo por hambre y al fondo se ve el campo sin arar, las herramientas de labranza [&hellip;]","og_url":"https:\/\/laprensacristiana.com\/?p=6103","og_site_name":"La Prensa Cristiana","article_published_time":"2019-07-02T12:03:28+00:00","article_modified_time":"2019-07-02T12:03:30+00:00","og_image":[{"width":2560,"height":1429,"url":"https:\/\/laprensacristiana.com\/wp-content\/uploads\/2019\/06\/OPINION-PASTOR-TOBY-JR-01-scaled.jpg","type":"image\/jpeg"}],"author":"EDITOR","twitter_card":"summary_large_image","twitter_misc":{"Escrito por":"EDITOR","Tiempo de lectura":"7 minutos"},"schema":{"@context":"https:\/\/schema.org","@graph":[{"@type":"WebPage","@id":"https:\/\/laprensacristiana.com\/?p=6103","url":"https:\/\/laprensacristiana.com\/?p=6103","name":"Las manos de Dios - La Prensa Cristiana","isPartOf":{"@id":"https:\/\/laprensacristiana.com\/#website"},"datePublished":"2019-07-02T12:03:28+00:00","dateModified":"2019-07-02T12:03:30+00:00","author":{"@id":"https:\/\/laprensacristiana.com\/#\/schema\/person\/3e7d82c6bfd6b1fa67010f8f7cd5256e"},"breadcrumb":{"@id":"https:\/\/laprensacristiana.com\/?p=6103#breadcrumb"},"inLanguage":"es","potentialAction":[{"@type":"ReadAction","target":["https:\/\/laprensacristiana.com\/?p=6103"]}]},{"@type":"BreadcrumbList","@id":"https:\/\/laprensacristiana.com\/?p=6103#breadcrumb","itemListElement":[{"@type":"ListItem","position":1,"name":"Portada","item":"https:\/\/laprensacristiana.com\/"},{"@type":"ListItem","position":2,"name":"Las manos de Dios"}]},{"@type":"WebSite","@id":"https:\/\/laprensacristiana.com\/#website","url":"https:\/\/laprensacristiana.com\/","name":"La Prensa Cristiana","description":"Anunciando Las Buenas Nuevas","potentialAction":[{"@type":"SearchAction","target":{"@type":"EntryPoint","urlTemplate":"https:\/\/laprensacristiana.com\/?s={search_term_string}"},"query-input":"required name=search_term_string"}],"inLanguage":"es"},{"@type":"Person","@id":"https:\/\/laprensacristiana.com\/#\/schema\/person\/3e7d82c6bfd6b1fa67010f8f7cd5256e","name":"EDITOR","image":{"@type":"ImageObject","inLanguage":"es","@id":"https:\/\/laprensacristiana.com\/#\/schema\/person\/image\/","url":"https:\/\/secure.gravatar.com\/avatar\/72069dfb6c13772d9e8381e3638666d2?s=96&d=mm&r=g","contentUrl":"https:\/\/secure.gravatar.com\/avatar\/72069dfb6c13772d9e8381e3638666d2?s=96&d=mm&r=g","caption":"EDITOR"},"url":"https:\/\/laprensacristiana.com\/?author=3"}]}},"_links":{"self":[{"href":"https:\/\/laprensacristiana.com\/index.php?rest_route=\/wp\/v2\/posts\/6103"}],"collection":[{"href":"https:\/\/laprensacristiana.com\/index.php?rest_route=\/wp\/v2\/posts"}],"about":[{"href":"https:\/\/laprensacristiana.com\/index.php?rest_route=\/wp\/v2\/types\/post"}],"author":[{"embeddable":true,"href":"https:\/\/laprensacristiana.com\/index.php?rest_route=\/wp\/v2\/users\/3"}],"replies":[{"embeddable":true,"href":"https:\/\/laprensacristiana.com\/index.php?rest_route=%2Fwp%2Fv2%2Fcomments&post=6103"}],"version-history":[{"count":1,"href":"https:\/\/laprensacristiana.com\/index.php?rest_route=\/wp\/v2\/posts\/6103\/revisions"}],"predecessor-version":[{"id":6104,"href":"https:\/\/laprensacristiana.com\/index.php?rest_route=\/wp\/v2\/posts\/6103\/revisions\/6104"}],"wp:featuredmedia":[{"embeddable":true,"href":"https:\/\/laprensacristiana.com\/index.php?rest_route=\/wp\/v2\/media\/6079"}],"wp:attachment":[{"href":"https:\/\/laprensacristiana.com\/index.php?rest_route=%2Fwp%2Fv2%2Fmedia&parent=6103"}],"wp:term":[{"taxonomy":"category","embeddable":true,"href":"https:\/\/laprensacristiana.com\/index.php?rest_route=%2Fwp%2Fv2%2Fcategories&post=6103"},{"taxonomy":"post_tag","embeddable":true,"href":"https:\/\/laprensacristiana.com\/index.php?rest_route=%2Fwp%2Fv2%2Ftags&post=6103"}],"curies":[{"name":"wp","href":"https:\/\/api.w.org\/{rel}","templated":true}]}}