{"id":6118,"date":"2019-07-02T19:00:32","date_gmt":"2019-07-02T19:00:32","guid":{"rendered":"https:\/\/laprensacristiana.com\/?p=6118"},"modified":"2019-07-02T19:00:35","modified_gmt":"2019-07-02T19:00:35","slug":"asi-se-llama-mi-pais","status":"publish","type":"post","link":"https:\/\/laprensacristiana.com\/?p=6118","title":{"rendered":"As\u00ed Se Llama Mi Pa\u00eds"},"content":{"rendered":"\n<figure class=\"wp-block-image\"><img decoding=\"async\" loading=\"lazy\" width=\"720\" height=\"405\" src=\"https:\/\/laprensacristiana.com\/wp-content\/uploads\/2019\/07\/65893222_2837878306283414_6446601020574269440_n.jpg\" alt=\"\" class=\"wp-image-6112\" srcset=\"https:\/\/laprensacristiana.com\/wp-content\/uploads\/2019\/07\/65893222_2837878306283414_6446601020574269440_n.jpg 720w, https:\/\/laprensacristiana.com\/wp-content\/uploads\/2019\/07\/65893222_2837878306283414_6446601020574269440_n-600x338.jpg 600w, https:\/\/laprensacristiana.com\/wp-content\/uploads\/2019\/07\/65893222_2837878306283414_6446601020574269440_n-300x169.jpg 300w, https:\/\/laprensacristiana.com\/wp-content\/uploads\/2019\/07\/65893222_2837878306283414_6446601020574269440_n-696x392.jpg 696w\" sizes=\"(max-width: 720px) 100vw, 720px\" \/><\/figure>\n\n\n\n<p>\u201cy hare de ti una naci\u00f3n grande, y te bendecir\u00e9, y engrandecer\u00e9 tu nombre,\ny ser\u00e1s bendici\u00f3n\u2026y ser\u00e1n benditas en ti todas las familias de la tierra\u201d Gn\n12:2,3. <\/p>\n\n\n\n<p><strong><em>Cuna de so\u00f1adores <\/em><\/strong><\/p>\n\n\n\n<p>No dejamos de so\u00f1ar.&nbsp;\n&nbsp;Las adversidades, los conflictos\ne incluso las crisis no han podido apagar las estrellas en donde hemos puesto\nnuestros ojos desde ni\u00f1os. Creemos en los imposibles, y en el hacedor de\nmaravillas. <\/p>\n\n\n\n<p><strong><em>La Naci\u00f3n de los Valientes <\/em><\/strong><\/p>\n\n\n\n<p>La valent\u00eda es nuestra consigna, hacemos cosas por\nprimera vez, sin temor a fracasar, y si fallamos, simplemente lo volvemos a\nintentar.&nbsp; Nos secamos las lagrimas una y\notra vez, y levantamos nuestras cabezas para seguir luchando por nuestras\nfamilias. <\/p>\n\n\n\n<p><strong><em>El lugar de los nuevos comienzos <\/em><\/strong><\/p>\n\n\n\n<p>Somos como el ave f\u00e9nix, que de entre los escombros y\ncenizas nos levantamos una y otra vez para volver a comenzar.&nbsp; No lloramos por el pasado, ni nos quejamos\ndel presente.&nbsp; Nos anclamos al futuro y\ncaminamos rumbo a nuestro destino deseado. <\/p>\n\n\n\n<p><strong><em>El pa\u00eds de los Gigantes <\/em><\/strong><\/p>\n\n\n\n<p>En el pa\u00eds m\u00e1s peque\u00f1o de Am\u00e9rica se cr\u00edan las personas\nmas grandes.&nbsp; Grandes en valent\u00eda, fe,\ntrabajo, perd\u00f3n, felicidad, agradeciendo, y coraje. <\/p>\n\n\n\n<p><strong><em>Tierra deseable<\/em><\/strong><\/p>\n\n\n\n<p>Los inversionistas extranjeros de todas las partes del\nmundo, quieren sus empresas en nuestro pa\u00eds. Ellos saben que aqu\u00ed tendr\u00e1n\n\u00e9xito.&nbsp; Que es un trozo de tierra buena,\ny que todo lo que se siembra aqu\u00ed, prospera abundantemente. <\/p>\n\n\n\n<p><strong><em>Habitaci\u00f3n de Dios <\/em><\/strong><\/p>\n\n\n\n<p>Somos uno de los territorios mas poblado de cristianos,\nhay miles de iglesias y millones de hombres y mujeres de Dios. No cabe duda que\ntoda nuestra tierra esta llena de la gloria de Dios. <\/p>\n\n\n\n<p><strong><em>El coraz\u00f3n de Am\u00e9rica <\/em><\/strong><\/p>\n\n\n\n<p>Nuestro pa\u00eds esta en el centro de todo el continente.&nbsp; Somos el coraz\u00f3n de Am\u00e9rica.&nbsp; Y desde aqu\u00ed bendecimos a Israel y a todas\nlas naciones de la tierra.<\/p>\n\n\n\n<p><strong><em>El territorio de los conquistadores <\/em><\/strong><\/p>\n\n\n\n<p>Despu\u00e9s de ser conquistados, pasamos ha ser\nconquistadores.&nbsp; No hay ninguna parte del\nmundo donde no viva un salvadore\u00f1o.&nbsp;\nHemos llenado las naciones, y somos conocidos como las personas mas\nluchonas del mundo. Grandes negocios y empresas ahora son de salvadore\u00f1os. <\/p>\n\n\n\n<p><strong><em>La ciudad de la alegr\u00eda <\/em><\/strong><\/p>\n\n\n\n<p>Hemos aprendido a sonre\u00edr, en medio de balas, terremotos,\ny huracanes. Las mas grandes tristezas y ausencias no han podido silenciar\nnuestras carcajadas. Lloramos un momento, pero al instante nos re\u00edmos de la\ncalamidad. <\/p>\n\n\n\n<p><strong><em>El pueblo mas afortunado <\/em><\/strong><\/p>\n\n\n\n<p>No creo que halla en el mundo un pa\u00eds donde no falte nada\nen un mismo terru\u00f1o.&nbsp; Monta\u00f1as, volcanes,\nr\u00edos, lagos, playas, centros comerciales, pueblos, ciudades y todo a pocos\nkil\u00f3metros de distancia.&nbsp; Nuestra mas\ngrande fortuna es Dios.&nbsp; A tal grado que\nescrito est\u00e1 en nuestra bandera las frases: Dios, uni\u00f3n y libertad. <\/p>\n\n\n\n<p>No maldigas tu pa\u00eds.&nbsp;\nSi te cuesta creer todo lo anterior eres extranjero y no salvadore\u00f1o. La\niglesia cristiana debe ser la que m\u00e1s debe de bendecir y orar por nuestra\nnaci\u00f3n.&nbsp; Proclamemos el nombre de Dios en\nnuestra naci\u00f3n. Si\u00e9ntete gozoso de tu tierra y orgullosamente declara \u201c<em>as\u00ed se llama mi pa\u00eds\u2026&nbsp; igual que el Dios en quien creemos: &nbsp;El salvador\u201d&nbsp;&nbsp;\n<\/em><\/p>\n","protected":false},"excerpt":{"rendered":"<p>\u201cy hare de ti una naci\u00f3n grande, y te bendecir\u00e9, y engrandecer\u00e9 tu nombre, y ser\u00e1s bendici\u00f3n\u2026y ser\u00e1n benditas en ti todas las familias de la tierra\u201d Gn 12:2,3. Cuna de so\u00f1adores No dejamos de so\u00f1ar.&nbsp; &nbsp;Las adversidades, los conflictos e incluso las crisis no han podido apagar las estrellas en donde hemos puesto nuestros [&hellip;]<\/p>\n","protected":false},"author":3,"featured_media":6119,"comment_status":"open","ping_status":"open","sticky":false,"template":"","format":"standard","meta":[],"categories":[36],"tags":[],"yoast_head":"<!-- This site is optimized with the Yoast SEO plugin v20.8 - https:\/\/yoast.com\/wordpress\/plugins\/seo\/ -->\n<title>As\u00ed Se Llama Mi Pa\u00eds - La Prensa Cristiana<\/title>\n<meta name=\"robots\" content=\"index, follow, max-snippet:-1, max-image-preview:large, max-video-preview:-1\" \/>\n<link rel=\"canonical\" href=\"https:\/\/laprensacristiana.com\/?p=6118\" \/>\n<meta property=\"og:locale\" content=\"es_ES\" \/>\n<meta property=\"og:type\" content=\"article\" \/>\n<meta property=\"og:title\" content=\"As\u00ed Se Llama Mi Pa\u00eds - La Prensa Cristiana\" \/>\n<meta property=\"og:description\" content=\"\u201cy hare de ti una naci\u00f3n grande, y te bendecir\u00e9, y engrandecer\u00e9 tu nombre, y ser\u00e1s bendici\u00f3n\u2026y ser\u00e1n benditas en ti todas las familias de la tierra\u201d Gn 12:2,3. Cuna de so\u00f1adores No dejamos de so\u00f1ar.&nbsp; &nbsp;Las adversidades, los conflictos e incluso las crisis no han podido apagar las estrellas en donde hemos puesto nuestros [&hellip;]\" \/>\n<meta property=\"og:url\" content=\"https:\/\/laprensacristiana.com\/?p=6118\" \/>\n<meta property=\"og:site_name\" content=\"La Prensa Cristiana\" \/>\n<meta property=\"article:published_time\" content=\"2019-07-02T19:00:32+00:00\" \/>\n<meta property=\"article:modified_time\" content=\"2019-07-02T19:00:35+00:00\" \/>\n<meta property=\"og:image\" content=\"https:\/\/laprensacristiana.com\/wp-content\/uploads\/2019\/07\/reflex-4.jpg\" \/>\n\t<meta property=\"og:image:width\" content=\"776\" \/>\n\t<meta property=\"og:image:height\" content=\"393\" \/>\n\t<meta property=\"og:image:type\" content=\"image\/jpeg\" \/>\n<meta name=\"author\" content=\"EDITOR\" \/>\n<meta name=\"twitter:card\" content=\"summary_large_image\" \/>\n<meta name=\"twitter:label1\" content=\"Escrito por\" \/>\n\t<meta name=\"twitter:data1\" content=\"EDITOR\" \/>\n\t<meta name=\"twitter:label2\" content=\"Tiempo de lectura\" \/>\n\t<meta name=\"twitter:data2\" content=\"3 minutos\" \/>\n<script type=\"application\/ld+json\" class=\"yoast-schema-graph\">{\"@context\":\"https:\/\/schema.org\",\"@graph\":[{\"@type\":\"WebPage\",\"@id\":\"https:\/\/laprensacristiana.com\/?p=6118\",\"url\":\"https:\/\/laprensacristiana.com\/?p=6118\",\"name\":\"As\u00ed Se Llama Mi Pa\u00eds - La Prensa Cristiana\",\"isPartOf\":{\"@id\":\"https:\/\/laprensacristiana.com\/#website\"},\"datePublished\":\"2019-07-02T19:00:32+00:00\",\"dateModified\":\"2019-07-02T19:00:35+00:00\",\"author\":{\"@id\":\"https:\/\/laprensacristiana.com\/#\/schema\/person\/3e7d82c6bfd6b1fa67010f8f7cd5256e\"},\"breadcrumb\":{\"@id\":\"https:\/\/laprensacristiana.com\/?p=6118#breadcrumb\"},\"inLanguage\":\"es\",\"potentialAction\":[{\"@type\":\"ReadAction\",\"target\":[\"https:\/\/laprensacristiana.com\/?p=6118\"]}]},{\"@type\":\"BreadcrumbList\",\"@id\":\"https:\/\/laprensacristiana.com\/?p=6118#breadcrumb\",\"itemListElement\":[{\"@type\":\"ListItem\",\"position\":1,\"name\":\"Portada\",\"item\":\"https:\/\/laprensacristiana.com\/\"},{\"@type\":\"ListItem\",\"position\":2,\"name\":\"As\u00ed Se Llama Mi Pa\u00eds\"}]},{\"@type\":\"WebSite\",\"@id\":\"https:\/\/laprensacristiana.com\/#website\",\"url\":\"https:\/\/laprensacristiana.com\/\",\"name\":\"La Prensa Cristiana\",\"description\":\"Anunciando Las Buenas Nuevas\",\"potentialAction\":[{\"@type\":\"SearchAction\",\"target\":{\"@type\":\"EntryPoint\",\"urlTemplate\":\"https:\/\/laprensacristiana.com\/?s={search_term_string}\"},\"query-input\":\"required name=search_term_string\"}],\"inLanguage\":\"es\"},{\"@type\":\"Person\",\"@id\":\"https:\/\/laprensacristiana.com\/#\/schema\/person\/3e7d82c6bfd6b1fa67010f8f7cd5256e\",\"name\":\"EDITOR\",\"image\":{\"@type\":\"ImageObject\",\"inLanguage\":\"es\",\"@id\":\"https:\/\/laprensacristiana.com\/#\/schema\/person\/image\/\",\"url\":\"https:\/\/secure.gravatar.com\/avatar\/72069dfb6c13772d9e8381e3638666d2?s=96&d=mm&r=g\",\"contentUrl\":\"https:\/\/secure.gravatar.com\/avatar\/72069dfb6c13772d9e8381e3638666d2?s=96&d=mm&r=g\",\"caption\":\"EDITOR\"},\"url\":\"https:\/\/laprensacristiana.com\/?author=3\"}]}<\/script>\n<!-- \/ Yoast SEO plugin. -->","yoast_head_json":{"title":"As\u00ed Se Llama Mi Pa\u00eds - La Prensa Cristiana","robots":{"index":"index","follow":"follow","max-snippet":"max-snippet:-1","max-image-preview":"max-image-preview:large","max-video-preview":"max-video-preview:-1"},"canonical":"https:\/\/laprensacristiana.com\/?p=6118","og_locale":"es_ES","og_type":"article","og_title":"As\u00ed Se Llama Mi Pa\u00eds - La Prensa Cristiana","og_description":"\u201cy hare de ti una naci\u00f3n grande, y te bendecir\u00e9, y engrandecer\u00e9 tu nombre, y ser\u00e1s bendici\u00f3n\u2026y ser\u00e1n benditas en ti todas las familias de la tierra\u201d Gn 12:2,3. Cuna de so\u00f1adores No dejamos de so\u00f1ar.&nbsp; &nbsp;Las adversidades, los conflictos e incluso las crisis no han podido apagar las estrellas en donde hemos puesto nuestros [&hellip;]","og_url":"https:\/\/laprensacristiana.com\/?p=6118","og_site_name":"La Prensa Cristiana","article_published_time":"2019-07-02T19:00:32+00:00","article_modified_time":"2019-07-02T19:00:35+00:00","og_image":[{"width":776,"height":393,"url":"https:\/\/laprensacristiana.com\/wp-content\/uploads\/2019\/07\/reflex-4.jpg","type":"image\/jpeg"}],"author":"EDITOR","twitter_card":"summary_large_image","twitter_misc":{"Escrito por":"EDITOR","Tiempo de lectura":"3 minutos"},"schema":{"@context":"https:\/\/schema.org","@graph":[{"@type":"WebPage","@id":"https:\/\/laprensacristiana.com\/?p=6118","url":"https:\/\/laprensacristiana.com\/?p=6118","name":"As\u00ed Se Llama Mi Pa\u00eds - La Prensa Cristiana","isPartOf":{"@id":"https:\/\/laprensacristiana.com\/#website"},"datePublished":"2019-07-02T19:00:32+00:00","dateModified":"2019-07-02T19:00:35+00:00","author":{"@id":"https:\/\/laprensacristiana.com\/#\/schema\/person\/3e7d82c6bfd6b1fa67010f8f7cd5256e"},"breadcrumb":{"@id":"https:\/\/laprensacristiana.com\/?p=6118#breadcrumb"},"inLanguage":"es","potentialAction":[{"@type":"ReadAction","target":["https:\/\/laprensacristiana.com\/?p=6118"]}]},{"@type":"BreadcrumbList","@id":"https:\/\/laprensacristiana.com\/?p=6118#breadcrumb","itemListElement":[{"@type":"ListItem","position":1,"name":"Portada","item":"https:\/\/laprensacristiana.com\/"},{"@type":"ListItem","position":2,"name":"As\u00ed Se Llama Mi Pa\u00eds"}]},{"@type":"WebSite","@id":"https:\/\/laprensacristiana.com\/#website","url":"https:\/\/laprensacristiana.com\/","name":"La Prensa Cristiana","description":"Anunciando Las Buenas Nuevas","potentialAction":[{"@type":"SearchAction","target":{"@type":"EntryPoint","urlTemplate":"https:\/\/laprensacristiana.com\/?s={search_term_string}"},"query-input":"required name=search_term_string"}],"inLanguage":"es"},{"@type":"Person","@id":"https:\/\/laprensacristiana.com\/#\/schema\/person\/3e7d82c6bfd6b1fa67010f8f7cd5256e","name":"EDITOR","image":{"@type":"ImageObject","inLanguage":"es","@id":"https:\/\/laprensacristiana.com\/#\/schema\/person\/image\/","url":"https:\/\/secure.gravatar.com\/avatar\/72069dfb6c13772d9e8381e3638666d2?s=96&d=mm&r=g","contentUrl":"https:\/\/secure.gravatar.com\/avatar\/72069dfb6c13772d9e8381e3638666d2?s=96&d=mm&r=g","caption":"EDITOR"},"url":"https:\/\/laprensacristiana.com\/?author=3"}]}},"_links":{"self":[{"href":"https:\/\/laprensacristiana.com\/index.php?rest_route=\/wp\/v2\/posts\/6118"}],"collection":[{"href":"https:\/\/laprensacristiana.com\/index.php?rest_route=\/wp\/v2\/posts"}],"about":[{"href":"https:\/\/laprensacristiana.com\/index.php?rest_route=\/wp\/v2\/types\/post"}],"author":[{"embeddable":true,"href":"https:\/\/laprensacristiana.com\/index.php?rest_route=\/wp\/v2\/users\/3"}],"replies":[{"embeddable":true,"href":"https:\/\/laprensacristiana.com\/index.php?rest_route=%2Fwp%2Fv2%2Fcomments&post=6118"}],"version-history":[{"count":1,"href":"https:\/\/laprensacristiana.com\/index.php?rest_route=\/wp\/v2\/posts\/6118\/revisions"}],"predecessor-version":[{"id":6120,"href":"https:\/\/laprensacristiana.com\/index.php?rest_route=\/wp\/v2\/posts\/6118\/revisions\/6120"}],"wp:featuredmedia":[{"embeddable":true,"href":"https:\/\/laprensacristiana.com\/index.php?rest_route=\/wp\/v2\/media\/6119"}],"wp:attachment":[{"href":"https:\/\/laprensacristiana.com\/index.php?rest_route=%2Fwp%2Fv2%2Fmedia&parent=6118"}],"wp:term":[{"taxonomy":"category","embeddable":true,"href":"https:\/\/laprensacristiana.com\/index.php?rest_route=%2Fwp%2Fv2%2Fcategories&post=6118"},{"taxonomy":"post_tag","embeddable":true,"href":"https:\/\/laprensacristiana.com\/index.php?rest_route=%2Fwp%2Fv2%2Ftags&post=6118"}],"curies":[{"name":"wp","href":"https:\/\/api.w.org\/{rel}","templated":true}]}}